{"id":140949,"date":"2023-03-01T09:45:49","date_gmt":"2023-03-01T14:45:49","guid":{"rendered":"https:\/\/news.canadamotorjobs.com\/?p=140949"},"modified":"2023-03-01T09:59:19","modified_gmt":"2023-03-01T14:59:19","slug":"dodge-rappelle-les-durango-pour-un-becquet-arriere-qui-peut-partir-au-vent","status":"publish","type":"post","link":"https:\/\/news.canadamotorjobs.com\/fr\/dodge-rappelle-les-durango-pour-un-becquet-arriere-qui-peut-partir-au-vent\/","title":{"rendered":"Dodge rappelle les Durango pour un becquet arri\u00e8re qui peut partir au vent"},"content":{"rendered":"<\/p>\n<p>Dodge a d\u00e9couvert que l&#8217;aileron arri\u00e8re de certains Durango 2021-23 pourrait ne pas \u00eatre align\u00e9 correctement avec le toit du v\u00e9hicule, ce qui pourrait entra\u00eener un d\u00e9tachement de l&#8217;aileron lors de l&#8217;ouverture et de la fermeture du hayon arri\u00e8re. Dans le pire des cas, l&#8217;aileron pourrait se d\u00e9tacher, ce qui peut devenir dangereux sur la route<\/p>\n<h3>Pr\u00e8s de 140\u00a0000 mod\u00e8les rappel\u00e9s<\/h3>\n<p>\nUn total de 139 019 Durango construits entre octobre 2020 et f\u00e9vrier 2023 sont potentiellement concern\u00e9s et font l&#8217;objet d&#8217;un rappel aupr\u00e8s des concessionnaires. Les propri\u00e9taires seront contact\u00e9s \u00e0 partir du 14 avril et invit\u00e9s \u00e0 planifier une visite \u00e0 leur service local pour faire v\u00e9rifier l&#8217;aileron. Dodge affirme que le probl\u00e8me est li\u00e9 \u00e0 un probl\u00e8me d&#8217;assemblage, plut\u00f4t qu&#8217;\u00e0 une pi\u00e8ce d\u00e9fectueuse, et n&#8217;est actuellement au courant d&#8217;aucun accident ni d&#8217;aucune blessure r\u00e9sultant d&#8217;une fuite de l&#8217;aileron.<\/p>\n<h3>Quelques cas connus<\/h3>\n<p>\nDodge a recens\u00e9 huit dossiers d&#8217;assistance \u00e0 la client\u00e8le, 56 demandes de garantie et un rapport de terrain concernant ce probl\u00e8me. Il semble qu&#8217;avant que l&#8217;aileron ne se d\u00e9tache effectivement, les propri\u00e9taires de Durango puissent l&#8217;entendre heurter la carrosserie lorsqu&#8217;ils ouvrent le hayon ou entendre un cliquetis en conduisant.<\/p>\n<p>Avec des renseignements de Carscoops<\/p>\n<p>Le texte <a rel=\"nofollow\" href=\"https:\/\/annuelauto.ca\/dodge-rappelle-les-durango-pour-un-becquet-arriere-qui-peut-partir-au-vent\/\">Dodge rappelle les Durango pour un becquet arri\u00e8re qui peut partir au vent<\/a> provient de <a rel=\"nofollow\" href=\"https:\/\/annuelauto.ca\">L&#8217;annuel de l&#8217;automobile &#8211; Actualit\u00e9 automobile<\/a><\/p>\n<p><\/p>\n","protected":false},"excerpt":{"rendered":"<p>Dodge a d\u00e9couvert que l&#8217;aileron arri\u00e8re de certains Durango 2021-23 pourrait ne pas \u00eatre align\u00e9 correctement avec le toit du v\u00e9hicule, ce qui pourrait entra\u00eener un d\u00e9tachement de l&#8217;aileron lors de l&#8217;ouverture et de la fermeture du hayon arri\u00e8re. Dans le pire des cas, l&#8217;aileron pourrait se d\u00e9tacher, ce qui peut devenir dangereux sur la [&hellip;]<\/p>\n","protected":false},"author":8,"featured_media":140951,"comment_status":"close","ping_status":"closed","sticky":false,"template":"","format":"standard","meta":{"_monsterinsights_skip_tracking":false,"_monsterinsights_sitenote_active":false,"_monsterinsights_sitenote_note":"","_monsterinsights_sitenote_category":0,"footnotes":""},"categories":[101],"tags":[],"yoast_head":"<!-- This site is optimized with the Yoast SEO plugin v23.2 - https:\/\/yoast.com\/wordpress\/plugins\/seo\/ -->\n<title>Dodge rappelle les Durango pour un becquet arri\u00e8re qui peut partir au vent - CanadaMotorJobs.com<\/title>\n<meta name=\"description\" content=\"Dodge rappelle les Durango pour un becquet arri\u00e8re qui peut partir au vent - Benoit Charette - Annuel automobile - CanadaMotorJobs.com.\" \/>\n<meta name=\"robots\" content=\"index, follow, max-snippet:-1, max-image-preview:large, max-video-preview:-1\" \/>\n<meta property=\"og:locale\" content=\"fr_CA\" \/>\n<meta property=\"og:type\" content=\"article\" \/>\n<meta property=\"og:title\" content=\"Dodge rappelle les Durango pour un becquet arri\u00e8re qui peut partir au vent - CanadaMotorJobs.com\" \/>\n<meta property=\"og:description\" content=\"Dodge rappelle les Durango pour un becquet arri\u00e8re qui peut partir au vent - Benoit Charette - Annuel automobile - CanadaMotorJobs.com.\" \/>\n<meta property=\"og:url\" content=\"https:\/\/news.canadamotorjobs.com\/fr\/dodge-rappelle-les-durango-pour-un-becquet-arriere-qui-peut-partir-au-vent\/\" \/>\n<meta property=\"og:site_name\" content=\"CanadaMotorJobs.com\" \/>\n<meta property=\"article:publisher\" content=\"https:\/\/www.facebook.com\/canadamotorjobs\/\" \/>\n<meta property=\"article:published_time\" content=\"2023-03-01T14:45:49+00:00\" \/>\n<meta property=\"article:modified_time\" content=\"2023-03-01T14:59:19+00:00\" \/>\n<meta property=\"og:image\" content=\"https:\/\/news.canadamotorjobs.com\/wp-content\/uploads\/2023\/03\/Dodge-Durango-2022.jpg\" \/>\n\t<meta property=\"og:image:width\" content=\"1024\" \/>\n\t<meta property=\"og:image:height\" content=\"768\" \/>\n\t<meta property=\"og:image:type\" content=\"image\/jpeg\" \/>\n<meta name=\"author\" content=\"Benoit Charette\" \/>\n<meta name=\"twitter:card\" content=\"summary_large_image\" \/>\n<meta name=\"twitter:creator\" content=\"@canadamotorjobs\" \/>\n<meta name=\"twitter:site\" content=\"@canadamotorjobs\" \/>\n<meta name=\"twitter:label1\" content=\"\u00c9crit par\" \/>\n\t<meta name=\"twitter:data1\" content=\"Benoit Charette\" \/>\n\t<meta name=\"twitter:label2\" content=\"Estimation du temps de lecture\" \/>\n\t<meta name=\"twitter:data2\" content=\"1 minute\" \/>\n<!-- \/ Yoast SEO plugin. -->","yoast_head_json":{"title":"Dodge rappelle les Durango pour un becquet arri\u00e8re qui peut partir au vent - CanadaMotorJobs.com","description":"Dodge rappelle les Durango pour un becquet arri\u00e8re qui peut partir au vent - Benoit Charette - Annuel automobile - CanadaMotorJobs.com.","robots":{"index":"index","follow":"follow","max-snippet":"max-snippet:-1","max-image-preview":"max-image-preview:large","max-video-preview":"max-video-preview:-1"},"og_locale":"fr_CA","og_type":"article","og_title":"Dodge rappelle les Durango pour un becquet arri\u00e8re qui peut partir au vent - CanadaMotorJobs.com","og_description":"Dodge rappelle les Durango pour un becquet arri\u00e8re qui peut partir au vent - Benoit Charette - Annuel automobile - CanadaMotorJobs.com.","og_url":"https:\/\/news.canadamotorjobs.com\/fr\/dodge-rappelle-les-durango-pour-un-becquet-arriere-qui-peut-partir-au-vent\/","og_site_name":"CanadaMotorJobs.com","article_publisher":"https:\/\/www.facebook.com\/canadamotorjobs\/","article_published_time":"2023-03-01T14:45:49+00:00","article_modified_time":"2023-03-01T14:59:19+00:00","og_image":[{"width":1024,"height":768,"url":"https:\/\/news.canadamotorjobs.com\/wp-content\/uploads\/2023\/03\/Dodge-Durango-2022.jpg","type":"image\/jpeg"}],"author":"Benoit Charette","twitter_card":"summary_large_image","twitter_creator":"@canadamotorjobs","twitter_site":"@canadamotorjobs","twitter_misc":{"\u00c9crit par":"Benoit Charette","Estimation du temps de lecture":"1 minute"},"schema":{"@context":"https:\/\/schema.org","@graph":[{"@type":"Article","@id":"https:\/\/news.canadamotorjobs.com\/fr\/dodge-rappelle-les-durango-pour-un-becquet-arriere-qui-peut-partir-au-vent\/#article","isPartOf":{"@id":"https:\/\/news.canadamotorjobs.com\/fr\/dodge-rappelle-les-durango-pour-un-becquet-arriere-qui-peut-partir-au-vent\/"},"author":{"name":"Benoit Charette","@id":"https:\/\/news.canadamotorjobs.com\/#\/schema\/person\/51793d1f87d44011d7bcc2ed99269a90"},"headline":"Dodge rappelle les Durango pour un becquet arri\u00e8re qui peut partir au vent","datePublished":"2023-03-01T14:45:49+00:00","dateModified":"2023-03-01T14:59:19+00:00","mainEntityOfPage":{"@id":"https:\/\/news.canadamotorjobs.com\/fr\/dodge-rappelle-les-durango-pour-un-becquet-arriere-qui-peut-partir-au-vent\/"},"wordCount":268,"publisher":{"@id":"https:\/\/news.canadamotorjobs.com\/#organization"},"image":{"@id":"https:\/\/news.canadamotorjobs.com\/fr\/dodge-rappelle-les-durango-pour-un-becquet-arriere-qui-peut-partir-au-vent\/#primaryimage"},"thumbnailUrl":"https:\/\/news.canadamotorjobs.com\/wp-content\/uploads\/2023\/03\/Dodge-Durango-2022.jpg","articleSection":["Annuel automobile"],"inLanguage":"fr-CA"},{"@type":"WebPage","@id":"https:\/\/news.canadamotorjobs.com\/fr\/dodge-rappelle-les-durango-pour-un-becquet-arriere-qui-peut-partir-au-vent\/","url":"https:\/\/news.canadamotorjobs.com\/fr\/dodge-rappelle-les-durango-pour-un-becquet-arriere-qui-peut-partir-au-vent\/","name":"Dodge rappelle les Durango pour un becquet arri\u00e8re qui peut partir au vent - CanadaMotorJobs.com","isPartOf":{"@id":"https:\/\/news.canadamotorjobs.com\/#website"},"primaryImageOfPage":{"@id":"https:\/\/news.canadamotorjobs.com\/fr\/dodge-rappelle-les-durango-pour-un-becquet-arriere-qui-peut-partir-au-vent\/#primaryimage"},"image":{"@id":"https:\/\/news.canadamotorjobs.com\/fr\/dodge-rappelle-les-durango-pour-un-becquet-arriere-qui-peut-partir-au-vent\/#primaryimage"},"thumbnailUrl":"https:\/\/news.canadamotorjobs.com\/wp-content\/uploads\/2023\/03\/Dodge-Durango-2022.jpg","datePublished":"2023-03-01T14:45:49+00:00","dateModified":"2023-03-01T14:59:19+00:00","description":"Dodge rappelle les Durango pour un becquet arri\u00e8re qui peut partir au vent - Benoit Charette - Annuel automobile - CanadaMotorJobs.com.","breadcrumb":{"@id":"https:\/\/news.canadamotorjobs.com\/fr\/dodge-rappelle-les-durango-pour-un-becquet-arriere-qui-peut-partir-au-vent\/#breadcrumb"},"inLanguage":"fr-CA","potentialAction":[{"@type":"ReadAction","target":["https:\/\/news.canadamotorjobs.com\/fr\/dodge-rappelle-les-durango-pour-un-becquet-arriere-qui-peut-partir-au-vent\/"]}]},{"@type":"ImageObject","inLanguage":"fr-CA","@id":"https:\/\/news.canadamotorjobs.com\/fr\/dodge-rappelle-les-durango-pour-un-becquet-arriere-qui-peut-partir-au-vent\/#primaryimage","url":"https:\/\/news.canadamotorjobs.com\/wp-content\/uploads\/2023\/03\/Dodge-Durango-2022.jpg","contentUrl":"https:\/\/news.canadamotorjobs.com\/wp-content\/uploads\/2023\/03\/Dodge-Durango-2022.jpg","width":1024,"height":768},{"@type":"BreadcrumbList","@id":"https:\/\/news.canadamotorjobs.com\/fr\/dodge-rappelle-les-durango-pour-un-becquet-arriere-qui-peut-partir-au-vent\/#breadcrumb","itemListElement":[{"@type":"ListItem","position":1,"name":"Home","item":"https:\/\/news.canadamotorjobs.com\/fr\/blog\/"},{"@type":"ListItem","position":2,"name":"Dodge rappelle les Durango pour un becquet arri\u00e8re qui peut partir au vent"}]},{"@type":"WebSite","@id":"https:\/\/news.canadamotorjobs.com\/#website","url":"https:\/\/news.canadamotorjobs.com\/","name":"CanadaMotorJobs.com","description":"Automotive Jobs","publisher":{"@id":"https:\/\/news.canadamotorjobs.com\/#organization"},"potentialAction":[{"@type":"SearchAction","target":{"@type":"EntryPoint","urlTemplate":"https:\/\/news.canadamotorjobs.com\/?s={search_term_string}"},"query-input":"required name=search_term_string"}],"inLanguage":"fr-CA"},{"@type":"Organization","@id":"https:\/\/news.canadamotorjobs.com\/#organization","name":"Canada Motor Jobs","url":"https:\/\/news.canadamotorjobs.com\/","logo":{"@type":"ImageObject","inLanguage":"fr-CA","@id":"https:\/\/news.canadamotorjobs.com\/#\/schema\/logo\/image\/","url":"https:\/\/news.canadamotorjobs.com\/wp-content\/uploads\/2022\/10\/logo-canada-motor-jobs-1.png","contentUrl":"https:\/\/news.canadamotorjobs.com\/wp-content\/uploads\/2022\/10\/logo-canada-motor-jobs-1.png","width":800,"height":400,"caption":"Canada Motor Jobs"},"image":{"@id":"https:\/\/news.canadamotorjobs.com\/#\/schema\/logo\/image\/"},"sameAs":["https:\/\/www.facebook.com\/canadamotorjobs\/","https:\/\/x.com\/canadamotorjobs","https:\/\/www.instagram.com\/canadamotorjobs\/","https:\/\/www.linkedin.com\/company\/canadamotorjobs"]},{"@type":"Person","@id":"https:\/\/news.canadamotorjobs.com\/#\/schema\/person\/51793d1f87d44011d7bcc2ed99269a90","name":"Benoit Charette","image":{"@type":"ImageObject","inLanguage":"fr-CA","@id":"https:\/\/news.canadamotorjobs.com\/#\/schema\/person\/image\/","url":"https:\/\/secure.gravatar.com\/avatar\/45f3d2eebcccd909668d7ce7ea7267b6?s=96&d=mm&r=g","contentUrl":"https:\/\/secure.gravatar.com\/avatar\/45f3d2eebcccd909668d7ce7ea7267b6?s=96&d=mm&r=g","caption":"Benoit Charette"},"description":"Benoit Charette \/ Propri\u00e9taire et r\u00e9dacteur en chef Benoit Charette pratique le journalisme automobile depuis bient\u00f4t 30 ans. Il a fait ses classes au c\u00f4t\u00e9 de Daniel H\u00e9raud et au Carnet de route de 1992 \u00e0 2001. Il est fondateur, copropri\u00e9taire et r\u00e9dacteur en chef de L\u2019Annuel de l\u2019automobile, qu\u2019il publie depuis 2001. Il a anim\u00e9 les \u00e9missions RPM et RPM+ sur V et les L\u00e9gendes de la route sur Historia. \u00c0 la radio depuis 1986, il reprend l\u2019antenne cette ann\u00e9e sur les ondes de Cogeco et participe pour la deuxi\u00e8me ann\u00e9e \u00e0 l\u2019\u00e9mission Passion Auto sur RDS en plus de mettre en ligne le site Web officiel de L\u2019Annuel de l\u2019automobile sur annuelauto.ca.","sameAs":["https:\/\/annuelauto.ca\/"],"url":"https:\/\/news.canadamotorjobs.com\/fr\/author\/benoit-charette\/"}]}},"_links":{"self":[{"href":"https:\/\/news.canadamotorjobs.com\/fr\/wp-json\/wp\/v2\/posts\/140949"}],"collection":[{"href":"https:\/\/news.canadamotorjobs.com\/fr\/wp-json\/wp\/v2\/posts"}],"about":[{"href":"https:\/\/news.canadamotorjobs.com\/fr\/wp-json\/wp\/v2\/types\/post"}],"author":[{"embeddable":true,"href":"https:\/\/news.canadamotorjobs.com\/fr\/wp-json\/wp\/v2\/users\/8"}],"replies":[{"embeddable":true,"href":"https:\/\/news.canadamotorjobs.com\/fr\/wp-json\/wp\/v2\/comments?post=140949"}],"version-history":[{"count":2,"href":"https:\/\/news.canadamotorjobs.com\/fr\/wp-json\/wp\/v2\/posts\/140949\/revisions"}],"predecessor-version":[{"id":140953,"href":"https:\/\/news.canadamotorjobs.com\/fr\/wp-json\/wp\/v2\/posts\/140949\/revisions\/140953"}],"wp:featuredmedia":[{"embeddable":true,"href":"https:\/\/news.canadamotorjobs.com\/fr\/wp-json\/wp\/v2\/media\/140951"}],"wp:attachment":[{"href":"https:\/\/news.canadamotorjobs.com\/fr\/wp-json\/wp\/v2\/media?parent=140949"}],"wp:term":[{"taxonomy":"category","embeddable":true,"href":"https:\/\/news.canadamotorjobs.com\/fr\/wp-json\/wp\/v2\/categories?post=140949"},{"taxonomy":"post_tag","embeddable":true,"href":"https:\/\/news.canadamotorjobs.com\/fr\/wp-json\/wp\/v2\/tags?post=140949"}],"curies":[{"name":"wp","href":"https:\/\/api.w.org\/{rel}","templated":true}]}}