{"id":140872,"date":"2023-02-27T12:12:44","date_gmt":"2023-02-27T17:12:44","guid":{"rendered":"https:\/\/news.canadamotorjobs.com\/?p=140872"},"modified":"2023-02-27T12:15:02","modified_gmt":"2023-02-27T17:15:02","slug":"hyundai-devoile-la-nouvelle-elantra-2024-en-coree-du-sud","status":"publish","type":"post","link":"https:\/\/news.canadamotorjobs.com\/fr\/hyundai-devoile-la-nouvelle-elantra-2024-en-coree-du-sud\/","title":{"rendered":"Hyundai d\u00e9voile la nouvelle Elantra 2024 en Cor\u00e9e du Sud"},"content":{"rendered":"<\/p>\n<p>Hyundai a r\u00e9v\u00e9l\u00e9 aujourd\u2019hui des images de la prochaine Elantra. Tous les groupes motopropulseurs devraient \u00eatre de retour et le premier mod\u00e8le sera r\u00e9v\u00e9l\u00e9 \u00e0 l\u2019Am\u00e9rique du Nord au Salon de l\u2019auto de New York an avril.<\/p>\n<h3>Seulement trois ans plus tard<\/h3>\n<p>\nApr\u00e8s trois ans sur le march\u00e9, la berline Elantra montre d\u00e9j\u00e0 quelques changements de mi-cycle. Hyundai a discr\u00e8tement publi\u00e9 les premi\u00e8res photos de sa berline Avante 2024 (c\u2019est le nom qu\u2019elle porte en Cor\u00e9e du Sud). \u00a0Le m\u00eame v\u00e9hicule arrivera chez nous dans quelques mois.<\/p>\n<h3>On poursuit avec les berlines<\/h3>\n<p>\nHyundai ne semble pas vouloir abandonner la cat\u00e9gorie des berlines compactes, du moins pour le moment, tant qu&#8217;il y a encore suffisamment de conducteurs int\u00e9ress\u00e9s par ce format. Comme pr\u00e9vu, les modifications ext\u00e9rieures sont concentr\u00e9es \u00e0 l&#8217;avant, alors que le bouclier revient \u00e0 une formule un peu plus conventionnelle avec une s\u00e9paration nette entre la calandre &#8211; toujours habill\u00e9e de ce motif triangulaire &#8211; et la partie d\u00e9di\u00e9e au pare-chocs inf\u00e9rieur. Les blocs optiques, dont la signature est l\u00e9g\u00e8rement diff\u00e9rente, semblent mieux int\u00e9gr\u00e9s \u00e0 ce module, tandis que les ouvertures de part et d&#8217;autre de la calandre centrale inf\u00e9rieure rappellent certains motifs vus sur des mod\u00e8les allemands.<\/p>\n<h3>Un profil effil\u00e9<\/h3>\n<p>\nSur ses flancs, les ar\u00eates dramatiques de la carrosserie sont conserv\u00e9es, mais de nouvelles roues viennent s&#8217;ajouter \u00e0 la gamme de la berline. La ceinture de caisse chrom\u00e9e est \u00e9galement l\u00e9g\u00e8rement redessin\u00e9e, tout comme le panneau triangulaire du pilier C. Le m\u00eame sc\u00e9nario s&#8217;applique \u00e0 l&#8217;arri\u00e8re, o\u00f9 le coffre et l&#8217;unique feu de position sont toujours en place. En revanche, le pare-chocs re\u00e7oit une disposition plus sportive que par le pass\u00e9 avec un diffuseur int\u00e9gr\u00e9.<\/p>\n<h3>Nouvelle couleur int\u00e9rieure<\/h3>\n<p>\nQuant \u00e0 l&#8217;int\u00e9rieur, seul un nouveau th\u00e8me vert sauge s&#8217;ajoute \u00e0 la liste des nouveaut\u00e9s pour 2024. Il faut dire que le tableau de bord tr\u00e8s sportif du mod\u00e8le pr\u00e9sent\u00e9 en 2020 fait toujours son effet. Pour l&#8217;instant, ce sont les seuls d\u00e9tails concernant l&#8217;Avante 2024. Reste seulement \u00e0 confirmer si tous les changements qui s\u2019appliquent \u00e0 l\u2019Avante seront aussi pr\u00e9sents dans l\u2019Elantra.<\/p>\n<h3>Pas de changement sous le capot<\/h3>\n<p>\nEn ce qui concerne les moteurs, on peut s&#8217;attendre \u00e0 ce que toutes les options actuelles reviennent : le 4-cylindres de base, le 4-cylindres turbo pour la N-Line, l&#8217;option hybride, ainsi que l&#8217;option \u00e9pic\u00e9e turbocompress\u00e9e pour l&#8217;Elantra N. Il sera int\u00e9ressant de voir ce que le constructeur a en r\u00e9serve pour les autres variantes de la berline.<\/p>\n<p>\u00a0<\/p>\n<p>Avec des renseignements de Motor Illustrated<\/p>\n<p>Le texte <a rel=\"nofollow\" href=\"https:\/\/annuelauto.ca\/hyundai-devoile-la-nouvelle-elantra-2024-en-coree-du-sud\/\">Hyundai d\u00e9voile la nouvelle Elantra 2024 en Cor\u00e9e du Sud<\/a> provient de <a rel=\"nofollow\" href=\"https:\/\/annuelauto.ca\">L&#8217;annuel de l&#8217;automobile &#8211; Actualit\u00e9 automobile<\/a><\/p>\n<p><\/p>\n","protected":false},"excerpt":{"rendered":"<p>Hyundai a r\u00e9v\u00e9l\u00e9 aujourd\u2019hui des images de la prochaine Elantra. Tous les groupes motopropulseurs devraient \u00eatre de retour et le premier mod\u00e8le sera r\u00e9v\u00e9l\u00e9 \u00e0 l\u2019Am\u00e9rique du Nord au Salon de l\u2019auto de New York an avril. Seulement trois ans plus tard Apr\u00e8s trois ans sur le march\u00e9, la berline Elantra montre d\u00e9j\u00e0 quelques changements [&hellip;]<\/p>\n","protected":false},"author":8,"featured_media":140874,"comment_status":"close","ping_status":"closed","sticky":false,"template":"","format":"standard","meta":{"_monsterinsights_skip_tracking":false,"_monsterinsights_sitenote_active":false,"_monsterinsights_sitenote_note":"","_monsterinsights_sitenote_category":0,"footnotes":""},"categories":[101],"tags":[],"yoast_head":"<!-- This site is optimized with the Yoast SEO plugin v23.2 - https:\/\/yoast.com\/wordpress\/plugins\/seo\/ -->\n<title>Hyundai d\u00e9voile la nouvelle Elantra 2024 en Cor\u00e9e du Sud - CanadaMotorJobs.com<\/title>\n<meta name=\"description\" content=\"Hyundai d\u00e9voile la nouvelle Elantra 2024 en Cor\u00e9e du Sud - Benoit Charette - Annuel automobile - CanadaMotorJobs.com.\" \/>\n<meta name=\"robots\" content=\"index, follow, max-snippet:-1, max-image-preview:large, max-video-preview:-1\" \/>\n<meta property=\"og:locale\" content=\"fr_CA\" \/>\n<meta property=\"og:type\" content=\"article\" \/>\n<meta property=\"og:title\" content=\"Hyundai d\u00e9voile la nouvelle Elantra 2024 en Cor\u00e9e du Sud - CanadaMotorJobs.com\" \/>\n<meta property=\"og:description\" content=\"Hyundai d\u00e9voile la nouvelle Elantra 2024 en Cor\u00e9e du Sud - Benoit Charette - Annuel automobile - CanadaMotorJobs.com.\" \/>\n<meta property=\"og:url\" content=\"https:\/\/news.canadamotorjobs.com\/fr\/hyundai-devoile-la-nouvelle-elantra-2024-en-coree-du-sud\/\" \/>\n<meta property=\"og:site_name\" content=\"CanadaMotorJobs.com\" \/>\n<meta property=\"article:publisher\" content=\"https:\/\/www.facebook.com\/canadamotorjobs\/\" \/>\n<meta property=\"article:published_time\" content=\"2023-02-27T17:12:44+00:00\" \/>\n<meta property=\"article:modified_time\" content=\"2023-02-27T17:15:02+00:00\" \/>\n<meta property=\"og:image\" content=\"https:\/\/news.canadamotorjobs.com\/wp-content\/uploads\/2023\/02\/2024-hyundai-avante-south-korea.jpg\" \/>\n\t<meta property=\"og:image:width\" content=\"1280\" \/>\n\t<meta property=\"og:image:height\" content=\"720\" \/>\n\t<meta property=\"og:image:type\" content=\"image\/jpeg\" \/>\n<meta name=\"author\" content=\"Benoit Charette\" \/>\n<meta name=\"twitter:card\" content=\"summary_large_image\" \/>\n<meta name=\"twitter:creator\" content=\"@canadamotorjobs\" \/>\n<meta name=\"twitter:site\" content=\"@canadamotorjobs\" \/>\n<meta name=\"twitter:label1\" content=\"\u00c9crit par\" \/>\n\t<meta name=\"twitter:data1\" content=\"Benoit Charette\" \/>\n\t<meta name=\"twitter:label2\" content=\"Estimation du temps de lecture\" \/>\n\t<meta name=\"twitter:data2\" content=\"2 minutes\" \/>\n<!-- \/ Yoast SEO plugin. -->","yoast_head_json":{"title":"Hyundai d\u00e9voile la nouvelle Elantra 2024 en Cor\u00e9e du Sud - CanadaMotorJobs.com","description":"Hyundai d\u00e9voile la nouvelle Elantra 2024 en Cor\u00e9e du Sud - Benoit Charette - Annuel automobile - CanadaMotorJobs.com.","robots":{"index":"index","follow":"follow","max-snippet":"max-snippet:-1","max-image-preview":"max-image-preview:large","max-video-preview":"max-video-preview:-1"},"og_locale":"fr_CA","og_type":"article","og_title":"Hyundai d\u00e9voile la nouvelle Elantra 2024 en Cor\u00e9e du Sud - CanadaMotorJobs.com","og_description":"Hyundai d\u00e9voile la nouvelle Elantra 2024 en Cor\u00e9e du Sud - Benoit Charette - Annuel automobile - CanadaMotorJobs.com.","og_url":"https:\/\/news.canadamotorjobs.com\/fr\/hyundai-devoile-la-nouvelle-elantra-2024-en-coree-du-sud\/","og_site_name":"CanadaMotorJobs.com","article_publisher":"https:\/\/www.facebook.com\/canadamotorjobs\/","article_published_time":"2023-02-27T17:12:44+00:00","article_modified_time":"2023-02-27T17:15:02+00:00","og_image":[{"width":1280,"height":720,"url":"https:\/\/news.canadamotorjobs.com\/wp-content\/uploads\/2023\/02\/2024-hyundai-avante-south-korea.jpg","type":"image\/jpeg"}],"author":"Benoit Charette","twitter_card":"summary_large_image","twitter_creator":"@canadamotorjobs","twitter_site":"@canadamotorjobs","twitter_misc":{"\u00c9crit par":"Benoit Charette","Estimation du temps de lecture":"2 minutes"},"schema":{"@context":"https:\/\/schema.org","@graph":[{"@type":"Article","@id":"https:\/\/news.canadamotorjobs.com\/fr\/hyundai-devoile-la-nouvelle-elantra-2024-en-coree-du-sud\/#article","isPartOf":{"@id":"https:\/\/news.canadamotorjobs.com\/fr\/hyundai-devoile-la-nouvelle-elantra-2024-en-coree-du-sud\/"},"author":{"name":"Benoit Charette","@id":"https:\/\/news.canadamotorjobs.com\/#\/schema\/person\/51793d1f87d44011d7bcc2ed99269a90"},"headline":"Hyundai d\u00e9voile la nouvelle Elantra 2024 en Cor\u00e9e du Sud","datePublished":"2023-02-27T17:12:44+00:00","dateModified":"2023-02-27T17:15:02+00:00","mainEntityOfPage":{"@id":"https:\/\/news.canadamotorjobs.com\/fr\/hyundai-devoile-la-nouvelle-elantra-2024-en-coree-du-sud\/"},"wordCount":507,"publisher":{"@id":"https:\/\/news.canadamotorjobs.com\/#organization"},"image":{"@id":"https:\/\/news.canadamotorjobs.com\/fr\/hyundai-devoile-la-nouvelle-elantra-2024-en-coree-du-sud\/#primaryimage"},"thumbnailUrl":"https:\/\/news.canadamotorjobs.com\/wp-content\/uploads\/2023\/02\/2024-hyundai-avante-south-korea.jpg","articleSection":["Annuel automobile"],"inLanguage":"fr-CA"},{"@type":"WebPage","@id":"https:\/\/news.canadamotorjobs.com\/fr\/hyundai-devoile-la-nouvelle-elantra-2024-en-coree-du-sud\/","url":"https:\/\/news.canadamotorjobs.com\/fr\/hyundai-devoile-la-nouvelle-elantra-2024-en-coree-du-sud\/","name":"Hyundai d\u00e9voile la nouvelle Elantra 2024 en Cor\u00e9e du Sud - CanadaMotorJobs.com","isPartOf":{"@id":"https:\/\/news.canadamotorjobs.com\/#website"},"primaryImageOfPage":{"@id":"https:\/\/news.canadamotorjobs.com\/fr\/hyundai-devoile-la-nouvelle-elantra-2024-en-coree-du-sud\/#primaryimage"},"image":{"@id":"https:\/\/news.canadamotorjobs.com\/fr\/hyundai-devoile-la-nouvelle-elantra-2024-en-coree-du-sud\/#primaryimage"},"thumbnailUrl":"https:\/\/news.canadamotorjobs.com\/wp-content\/uploads\/2023\/02\/2024-hyundai-avante-south-korea.jpg","datePublished":"2023-02-27T17:12:44+00:00","dateModified":"2023-02-27T17:15:02+00:00","description":"Hyundai d\u00e9voile la nouvelle Elantra 2024 en Cor\u00e9e du Sud - Benoit Charette - Annuel automobile - CanadaMotorJobs.com.","breadcrumb":{"@id":"https:\/\/news.canadamotorjobs.com\/fr\/hyundai-devoile-la-nouvelle-elantra-2024-en-coree-du-sud\/#breadcrumb"},"inLanguage":"fr-CA","potentialAction":[{"@type":"ReadAction","target":["https:\/\/news.canadamotorjobs.com\/fr\/hyundai-devoile-la-nouvelle-elantra-2024-en-coree-du-sud\/"]}]},{"@type":"ImageObject","inLanguage":"fr-CA","@id":"https:\/\/news.canadamotorjobs.com\/fr\/hyundai-devoile-la-nouvelle-elantra-2024-en-coree-du-sud\/#primaryimage","url":"https:\/\/news.canadamotorjobs.com\/wp-content\/uploads\/2023\/02\/2024-hyundai-avante-south-korea.jpg","contentUrl":"https:\/\/news.canadamotorjobs.com\/wp-content\/uploads\/2023\/02\/2024-hyundai-avante-south-korea.jpg","width":1280,"height":720},{"@type":"BreadcrumbList","@id":"https:\/\/news.canadamotorjobs.com\/fr\/hyundai-devoile-la-nouvelle-elantra-2024-en-coree-du-sud\/#breadcrumb","itemListElement":[{"@type":"ListItem","position":1,"name":"Home","item":"https:\/\/news.canadamotorjobs.com\/fr\/blog\/"},{"@type":"ListItem","position":2,"name":"Hyundai d\u00e9voile la nouvelle Elantra 2024 en Cor\u00e9e du Sud"}]},{"@type":"WebSite","@id":"https:\/\/news.canadamotorjobs.com\/#website","url":"https:\/\/news.canadamotorjobs.com\/","name":"CanadaMotorJobs.com","description":"Automotive Jobs","publisher":{"@id":"https:\/\/news.canadamotorjobs.com\/#organization"},"potentialAction":[{"@type":"SearchAction","target":{"@type":"EntryPoint","urlTemplate":"https:\/\/news.canadamotorjobs.com\/?s={search_term_string}"},"query-input":"required name=search_term_string"}],"inLanguage":"fr-CA"},{"@type":"Organization","@id":"https:\/\/news.canadamotorjobs.com\/#organization","name":"Canada Motor Jobs","url":"https:\/\/news.canadamotorjobs.com\/","logo":{"@type":"ImageObject","inLanguage":"fr-CA","@id":"https:\/\/news.canadamotorjobs.com\/#\/schema\/logo\/image\/","url":"https:\/\/news.canadamotorjobs.com\/wp-content\/uploads\/2022\/10\/logo-canada-motor-jobs-1.png","contentUrl":"https:\/\/news.canadamotorjobs.com\/wp-content\/uploads\/2022\/10\/logo-canada-motor-jobs-1.png","width":800,"height":400,"caption":"Canada Motor Jobs"},"image":{"@id":"https:\/\/news.canadamotorjobs.com\/#\/schema\/logo\/image\/"},"sameAs":["https:\/\/www.facebook.com\/canadamotorjobs\/","https:\/\/x.com\/canadamotorjobs","https:\/\/www.instagram.com\/canadamotorjobs\/","https:\/\/www.linkedin.com\/company\/canadamotorjobs"]},{"@type":"Person","@id":"https:\/\/news.canadamotorjobs.com\/#\/schema\/person\/51793d1f87d44011d7bcc2ed99269a90","name":"Benoit Charette","image":{"@type":"ImageObject","inLanguage":"fr-CA","@id":"https:\/\/news.canadamotorjobs.com\/#\/schema\/person\/image\/","url":"https:\/\/secure.gravatar.com\/avatar\/45f3d2eebcccd909668d7ce7ea7267b6?s=96&d=mm&r=g","contentUrl":"https:\/\/secure.gravatar.com\/avatar\/45f3d2eebcccd909668d7ce7ea7267b6?s=96&d=mm&r=g","caption":"Benoit Charette"},"description":"Benoit Charette \/ Propri\u00e9taire et r\u00e9dacteur en chef Benoit Charette pratique le journalisme automobile depuis bient\u00f4t 30 ans. Il a fait ses classes au c\u00f4t\u00e9 de Daniel H\u00e9raud et au Carnet de route de 1992 \u00e0 2001. Il est fondateur, copropri\u00e9taire et r\u00e9dacteur en chef de L\u2019Annuel de l\u2019automobile, qu\u2019il publie depuis 2001. Il a anim\u00e9 les \u00e9missions RPM et RPM+ sur V et les L\u00e9gendes de la route sur Historia. \u00c0 la radio depuis 1986, il reprend l\u2019antenne cette ann\u00e9e sur les ondes de Cogeco et participe pour la deuxi\u00e8me ann\u00e9e \u00e0 l\u2019\u00e9mission Passion Auto sur RDS en plus de mettre en ligne le site Web officiel de L\u2019Annuel de l\u2019automobile sur annuelauto.ca.","sameAs":["https:\/\/annuelauto.ca\/"],"url":"https:\/\/news.canadamotorjobs.com\/fr\/author\/benoit-charette\/"}]}},"_links":{"self":[{"href":"https:\/\/news.canadamotorjobs.com\/fr\/wp-json\/wp\/v2\/posts\/140872"}],"collection":[{"href":"https:\/\/news.canadamotorjobs.com\/fr\/wp-json\/wp\/v2\/posts"}],"about":[{"href":"https:\/\/news.canadamotorjobs.com\/fr\/wp-json\/wp\/v2\/types\/post"}],"author":[{"embeddable":true,"href":"https:\/\/news.canadamotorjobs.com\/fr\/wp-json\/wp\/v2\/users\/8"}],"replies":[{"embeddable":true,"href":"https:\/\/news.canadamotorjobs.com\/fr\/wp-json\/wp\/v2\/comments?post=140872"}],"version-history":[{"count":2,"href":"https:\/\/news.canadamotorjobs.com\/fr\/wp-json\/wp\/v2\/posts\/140872\/revisions"}],"predecessor-version":[{"id":140876,"href":"https:\/\/news.canadamotorjobs.com\/fr\/wp-json\/wp\/v2\/posts\/140872\/revisions\/140876"}],"wp:featuredmedia":[{"embeddable":true,"href":"https:\/\/news.canadamotorjobs.com\/fr\/wp-json\/wp\/v2\/media\/140874"}],"wp:attachment":[{"href":"https:\/\/news.canadamotorjobs.com\/fr\/wp-json\/wp\/v2\/media?parent=140872"}],"wp:term":[{"taxonomy":"category","embeddable":true,"href":"https:\/\/news.canadamotorjobs.com\/fr\/wp-json\/wp\/v2\/categories?post=140872"},{"taxonomy":"post_tag","embeddable":true,"href":"https:\/\/news.canadamotorjobs.com\/fr\/wp-json\/wp\/v2\/tags?post=140872"}],"curies":[{"name":"wp","href":"https:\/\/api.w.org\/{rel}","templated":true}]}}