{"id":140775,"date":"2023-02-25T12:03:37","date_gmt":"2023-02-25T17:03:37","guid":{"rendered":"https:\/\/news.canadamotorjobs.com\/?p=140775"},"modified":"2023-02-25T12:15:29","modified_gmt":"2023-02-25T17:15:29","slug":"un-ram-promaster-electrique-en-2023","status":"publish","type":"post","link":"https:\/\/news.canadamotorjobs.com\/fr\/un-ram-promaster-electrique-en-2023\/","title":{"rendered":"Un Ram ProMaster \u00e9lectrique en 2023"},"content":{"rendered":"<\/p>\n<p>Une version \u00e9lectrique de la fourgonnette commerciale pleine grandeur de Ram arrivera aux \u00c9tats-Unis et au Canada plus tard cette ann\u00e9e. \u00a0Stellantis a confirm\u00e9 que la version \u00e9lectrique du ProMaster sera d\u00e9voil\u00e9e au cours du premier semestre de 2023, et que les livraisons commenceront dans la seconde moiti\u00e9 de l&#8217;ann\u00e9e.<\/p>\n<h3>Un concurrent au Ford e-Transit<\/h3>\n<p>\nRam rejoint Ford dans le monde du fourgon \u00e9lectrique et tient sa promesse d&#8217;introduire un fourgon ProMaster \u00e9lectrique d&#8217;ici la fin de 2023. Nous savons que la fourgonnette commerciale sera d\u00e9voil\u00e9e au cours du premier semestre de 2023, et que les livraisons commenceront dans la seconde moiti\u00e9 de l&#8217;ann\u00e9e. Un porte-parole de Stellantis a confirm\u00e9 au site Car and Driver que le ProMaster EV arrivera sur le march\u00e9 nord-am\u00e9ricain.<\/p>\n<h3>Peu d\u2019information \u00e0 ce jour<\/h3>\n<p>\nEn dehors de ce calendrier approximatif et d&#8217;une seule image, il y a peu d\u2019information sur le ProMaster EV. Ce que nous avons, ce sont les images et les sp\u00e9cifications de l&#8217;E-Ducato de Fiat, qui sert de base au ProMaster. Il est donc raisonnable de glaner quelques informations sur l&#8217;E-Ducato, qui est d\u00e9j\u00e0 propos\u00e9 en Europe, pour alimenter nos sp\u00e9culations sur le prochain ProMaster EV. \u00a0L&#8217;E-Ducato est propos\u00e9 avec deux options de batterie, groupe de 47,0 kWh et un plus grand en option de 79,0 kWh. Sur le cycle WLTP, moins rigoureux, Fiat annonce une autonomie de 250 km pour la petite batterie et de 368 km pour la plus grande batterie. La capacit\u00e9 de charge utile annonc\u00e9e par Fiat, jusqu&#8217;\u00e0 4189 livres, est inf\u00e9rieure \u00e0 la charge utile maximale de 4680 livres offerte par l&#8217;actuel ProMaster \u00e0 essence, mais elle est sup\u00e9rieure \u00e0 celle de 3880 livres de l&#8217;E-Transit.<\/p>\n<p>\u00a0<\/p>\n<p>Avec des renseignements de Car and Driver<\/p>\n<p>Le texte <a rel=\"nofollow\" href=\"https:\/\/annuelauto.ca\/un-ram-promaster-electrique-en-2023\/\">Un Ram ProMaster \u00e9lectrique en 2023<\/a> provient de <a rel=\"nofollow\" href=\"https:\/\/annuelauto.ca\">L&#8217;annuel de l&#8217;automobile &#8211; Actualit\u00e9 automobile<\/a><\/p>\n<p><\/p>\n","protected":false},"excerpt":{"rendered":"<p>Une version \u00e9lectrique de la fourgonnette commerciale pleine grandeur de Ram arrivera aux \u00c9tats-Unis et au Canada plus tard cette ann\u00e9e. \u00a0Stellantis a confirm\u00e9 que la version \u00e9lectrique du ProMaster sera d\u00e9voil\u00e9e au cours du premier semestre de 2023, et que les livraisons commenceront dans la seconde moiti\u00e9 de l&#8217;ann\u00e9e. Un concurrent au Ford e-Transit [&hellip;]<\/p>\n","protected":false},"author":8,"featured_media":140777,"comment_status":"close","ping_status":"closed","sticky":false,"template":"","format":"standard","meta":{"_monsterinsights_skip_tracking":false,"_monsterinsights_sitenote_active":false,"_monsterinsights_sitenote_note":"","_monsterinsights_sitenote_category":0,"footnotes":""},"categories":[101],"tags":[],"yoast_head":"<!-- This site is optimized with the Yoast SEO plugin v23.2 - https:\/\/yoast.com\/wordpress\/plugins\/seo\/ -->\n<title>Un Ram ProMaster \u00e9lectrique en 2023 - CanadaMotorJobs.com<\/title>\n<meta name=\"description\" content=\"Un Ram ProMaster \u00e9lectrique en 2023 - Benoit Charette - Annuel automobile - CanadaMotorJobs.com.\" \/>\n<meta name=\"robots\" content=\"index, follow, max-snippet:-1, max-image-preview:large, max-video-preview:-1\" \/>\n<meta property=\"og:locale\" content=\"fr_CA\" \/>\n<meta property=\"og:type\" content=\"article\" \/>\n<meta property=\"og:title\" content=\"Un Ram ProMaster \u00e9lectrique en 2023 - CanadaMotorJobs.com\" \/>\n<meta property=\"og:description\" content=\"Un Ram ProMaster \u00e9lectrique en 2023 - Benoit Charette - Annuel automobile - CanadaMotorJobs.com.\" \/>\n<meta property=\"og:url\" content=\"https:\/\/news.canadamotorjobs.com\/fr\/un-ram-promaster-electrique-en-2023\/\" \/>\n<meta property=\"og:site_name\" content=\"CanadaMotorJobs.com\" \/>\n<meta property=\"article:publisher\" content=\"https:\/\/www.facebook.com\/canadamotorjobs\/\" \/>\n<meta property=\"article:published_time\" content=\"2023-02-25T17:03:37+00:00\" \/>\n<meta property=\"article:modified_time\" content=\"2023-02-25T17:15:29+00:00\" \/>\n<meta property=\"og:image\" content=\"https:\/\/news.canadamotorjobs.com\/wp-content\/uploads\/2023\/02\/AAUORqC.jpg\" \/>\n\t<meta property=\"og:image:width\" content=\"750\" \/>\n\t<meta property=\"og:image:height\" content=\"422\" \/>\n\t<meta property=\"og:image:type\" content=\"image\/jpeg\" \/>\n<meta name=\"author\" content=\"Benoit Charette\" \/>\n<meta name=\"twitter:card\" content=\"summary_large_image\" \/>\n<meta name=\"twitter:creator\" content=\"@canadamotorjobs\" \/>\n<meta name=\"twitter:site\" content=\"@canadamotorjobs\" \/>\n<meta name=\"twitter:label1\" content=\"\u00c9crit par\" \/>\n\t<meta name=\"twitter:data1\" content=\"Benoit Charette\" \/>\n\t<meta name=\"twitter:label2\" content=\"Estimation du temps de lecture\" \/>\n\t<meta name=\"twitter:data2\" content=\"2 minutes\" \/>\n<!-- \/ Yoast SEO plugin. -->","yoast_head_json":{"title":"Un Ram ProMaster \u00e9lectrique en 2023 - CanadaMotorJobs.com","description":"Un Ram ProMaster \u00e9lectrique en 2023 - Benoit Charette - Annuel automobile - CanadaMotorJobs.com.","robots":{"index":"index","follow":"follow","max-snippet":"max-snippet:-1","max-image-preview":"max-image-preview:large","max-video-preview":"max-video-preview:-1"},"og_locale":"fr_CA","og_type":"article","og_title":"Un Ram ProMaster \u00e9lectrique en 2023 - CanadaMotorJobs.com","og_description":"Un Ram ProMaster \u00e9lectrique en 2023 - Benoit Charette - Annuel automobile - CanadaMotorJobs.com.","og_url":"https:\/\/news.canadamotorjobs.com\/fr\/un-ram-promaster-electrique-en-2023\/","og_site_name":"CanadaMotorJobs.com","article_publisher":"https:\/\/www.facebook.com\/canadamotorjobs\/","article_published_time":"2023-02-25T17:03:37+00:00","article_modified_time":"2023-02-25T17:15:29+00:00","og_image":[{"width":750,"height":422,"url":"https:\/\/news.canadamotorjobs.com\/wp-content\/uploads\/2023\/02\/AAUORqC.jpg","type":"image\/jpeg"}],"author":"Benoit Charette","twitter_card":"summary_large_image","twitter_creator":"@canadamotorjobs","twitter_site":"@canadamotorjobs","twitter_misc":{"\u00c9crit par":"Benoit Charette","Estimation du temps de lecture":"2 minutes"},"schema":{"@context":"https:\/\/schema.org","@graph":[{"@type":"Article","@id":"https:\/\/news.canadamotorjobs.com\/fr\/un-ram-promaster-electrique-en-2023\/#article","isPartOf":{"@id":"https:\/\/news.canadamotorjobs.com\/fr\/un-ram-promaster-electrique-en-2023\/"},"author":{"name":"Benoit Charette","@id":"https:\/\/news.canadamotorjobs.com\/#\/schema\/person\/51793d1f87d44011d7bcc2ed99269a90"},"headline":"Un Ram ProMaster \u00e9lectrique en 2023","datePublished":"2023-02-25T17:03:37+00:00","dateModified":"2023-02-25T17:15:29+00:00","mainEntityOfPage":{"@id":"https:\/\/news.canadamotorjobs.com\/fr\/un-ram-promaster-electrique-en-2023\/"},"wordCount":319,"publisher":{"@id":"https:\/\/news.canadamotorjobs.com\/#organization"},"image":{"@id":"https:\/\/news.canadamotorjobs.com\/fr\/un-ram-promaster-electrique-en-2023\/#primaryimage"},"thumbnailUrl":"https:\/\/news.canadamotorjobs.com\/wp-content\/uploads\/2023\/02\/AAUORqC.jpg","articleSection":["Annuel automobile"],"inLanguage":"fr-CA"},{"@type":"WebPage","@id":"https:\/\/news.canadamotorjobs.com\/fr\/un-ram-promaster-electrique-en-2023\/","url":"https:\/\/news.canadamotorjobs.com\/fr\/un-ram-promaster-electrique-en-2023\/","name":"Un Ram ProMaster \u00e9lectrique en 2023 - CanadaMotorJobs.com","isPartOf":{"@id":"https:\/\/news.canadamotorjobs.com\/#website"},"primaryImageOfPage":{"@id":"https:\/\/news.canadamotorjobs.com\/fr\/un-ram-promaster-electrique-en-2023\/#primaryimage"},"image":{"@id":"https:\/\/news.canadamotorjobs.com\/fr\/un-ram-promaster-electrique-en-2023\/#primaryimage"},"thumbnailUrl":"https:\/\/news.canadamotorjobs.com\/wp-content\/uploads\/2023\/02\/AAUORqC.jpg","datePublished":"2023-02-25T17:03:37+00:00","dateModified":"2023-02-25T17:15:29+00:00","description":"Un Ram ProMaster \u00e9lectrique en 2023 - Benoit Charette - Annuel automobile - CanadaMotorJobs.com.","breadcrumb":{"@id":"https:\/\/news.canadamotorjobs.com\/fr\/un-ram-promaster-electrique-en-2023\/#breadcrumb"},"inLanguage":"fr-CA","potentialAction":[{"@type":"ReadAction","target":["https:\/\/news.canadamotorjobs.com\/fr\/un-ram-promaster-electrique-en-2023\/"]}]},{"@type":"ImageObject","inLanguage":"fr-CA","@id":"https:\/\/news.canadamotorjobs.com\/fr\/un-ram-promaster-electrique-en-2023\/#primaryimage","url":"https:\/\/news.canadamotorjobs.com\/wp-content\/uploads\/2023\/02\/AAUORqC.jpg","contentUrl":"https:\/\/news.canadamotorjobs.com\/wp-content\/uploads\/2023\/02\/AAUORqC.jpg","width":750,"height":422},{"@type":"BreadcrumbList","@id":"https:\/\/news.canadamotorjobs.com\/fr\/un-ram-promaster-electrique-en-2023\/#breadcrumb","itemListElement":[{"@type":"ListItem","position":1,"name":"Home","item":"https:\/\/news.canadamotorjobs.com\/fr\/blog\/"},{"@type":"ListItem","position":2,"name":"Un Ram ProMaster \u00e9lectrique en 2023"}]},{"@type":"WebSite","@id":"https:\/\/news.canadamotorjobs.com\/#website","url":"https:\/\/news.canadamotorjobs.com\/","name":"CanadaMotorJobs.com","description":"Automotive Jobs","publisher":{"@id":"https:\/\/news.canadamotorjobs.com\/#organization"},"potentialAction":[{"@type":"SearchAction","target":{"@type":"EntryPoint","urlTemplate":"https:\/\/news.canadamotorjobs.com\/?s={search_term_string}"},"query-input":"required name=search_term_string"}],"inLanguage":"fr-CA"},{"@type":"Organization","@id":"https:\/\/news.canadamotorjobs.com\/#organization","name":"Canada Motor Jobs","url":"https:\/\/news.canadamotorjobs.com\/","logo":{"@type":"ImageObject","inLanguage":"fr-CA","@id":"https:\/\/news.canadamotorjobs.com\/#\/schema\/logo\/image\/","url":"https:\/\/news.canadamotorjobs.com\/wp-content\/uploads\/2022\/10\/logo-canada-motor-jobs-1.png","contentUrl":"https:\/\/news.canadamotorjobs.com\/wp-content\/uploads\/2022\/10\/logo-canada-motor-jobs-1.png","width":800,"height":400,"caption":"Canada Motor Jobs"},"image":{"@id":"https:\/\/news.canadamotorjobs.com\/#\/schema\/logo\/image\/"},"sameAs":["https:\/\/www.facebook.com\/canadamotorjobs\/","https:\/\/x.com\/canadamotorjobs","https:\/\/www.instagram.com\/canadamotorjobs\/","https:\/\/www.linkedin.com\/company\/canadamotorjobs"]},{"@type":"Person","@id":"https:\/\/news.canadamotorjobs.com\/#\/schema\/person\/51793d1f87d44011d7bcc2ed99269a90","name":"Benoit Charette","image":{"@type":"ImageObject","inLanguage":"fr-CA","@id":"https:\/\/news.canadamotorjobs.com\/#\/schema\/person\/image\/","url":"https:\/\/secure.gravatar.com\/avatar\/45f3d2eebcccd909668d7ce7ea7267b6?s=96&d=mm&r=g","contentUrl":"https:\/\/secure.gravatar.com\/avatar\/45f3d2eebcccd909668d7ce7ea7267b6?s=96&d=mm&r=g","caption":"Benoit Charette"},"description":"Benoit Charette \/ Propri\u00e9taire et r\u00e9dacteur en chef Benoit Charette pratique le journalisme automobile depuis bient\u00f4t 30 ans. Il a fait ses classes au c\u00f4t\u00e9 de Daniel H\u00e9raud et au Carnet de route de 1992 \u00e0 2001. Il est fondateur, copropri\u00e9taire et r\u00e9dacteur en chef de L\u2019Annuel de l\u2019automobile, qu\u2019il publie depuis 2001. Il a anim\u00e9 les \u00e9missions RPM et RPM+ sur V et les L\u00e9gendes de la route sur Historia. \u00c0 la radio depuis 1986, il reprend l\u2019antenne cette ann\u00e9e sur les ondes de Cogeco et participe pour la deuxi\u00e8me ann\u00e9e \u00e0 l\u2019\u00e9mission Passion Auto sur RDS en plus de mettre en ligne le site Web officiel de L\u2019Annuel de l\u2019automobile sur annuelauto.ca.","sameAs":["https:\/\/annuelauto.ca\/"],"url":"https:\/\/news.canadamotorjobs.com\/fr\/author\/benoit-charette\/"}]}},"_links":{"self":[{"href":"https:\/\/news.canadamotorjobs.com\/fr\/wp-json\/wp\/v2\/posts\/140775"}],"collection":[{"href":"https:\/\/news.canadamotorjobs.com\/fr\/wp-json\/wp\/v2\/posts"}],"about":[{"href":"https:\/\/news.canadamotorjobs.com\/fr\/wp-json\/wp\/v2\/types\/post"}],"author":[{"embeddable":true,"href":"https:\/\/news.canadamotorjobs.com\/fr\/wp-json\/wp\/v2\/users\/8"}],"replies":[{"embeddable":true,"href":"https:\/\/news.canadamotorjobs.com\/fr\/wp-json\/wp\/v2\/comments?post=140775"}],"version-history":[{"count":2,"href":"https:\/\/news.canadamotorjobs.com\/fr\/wp-json\/wp\/v2\/posts\/140775\/revisions"}],"predecessor-version":[{"id":140779,"href":"https:\/\/news.canadamotorjobs.com\/fr\/wp-json\/wp\/v2\/posts\/140775\/revisions\/140779"}],"wp:featuredmedia":[{"embeddable":true,"href":"https:\/\/news.canadamotorjobs.com\/fr\/wp-json\/wp\/v2\/media\/140777"}],"wp:attachment":[{"href":"https:\/\/news.canadamotorjobs.com\/fr\/wp-json\/wp\/v2\/media?parent=140775"}],"wp:term":[{"taxonomy":"category","embeddable":true,"href":"https:\/\/news.canadamotorjobs.com\/fr\/wp-json\/wp\/v2\/categories?post=140775"},{"taxonomy":"post_tag","embeddable":true,"href":"https:\/\/news.canadamotorjobs.com\/fr\/wp-json\/wp\/v2\/tags?post=140775"}],"curies":[{"name":"wp","href":"https:\/\/api.w.org\/{rel}","templated":true}]}}