{"id":140714,"date":"2023-02-24T09:21:32","date_gmt":"2023-02-24T14:21:32","guid":{"rendered":"https:\/\/news.canadamotorjobs.com\/?p=140714"},"modified":"2023-02-24T09:30:15","modified_gmt":"2023-02-24T14:30:15","slug":"toyota-va-construite-plus-de-gr-corolla-pour-repondre-a-la-demande","status":"publish","type":"post","link":"https:\/\/news.canadamotorjobs.com\/fr\/toyota-va-construite-plus-de-gr-corolla-pour-repondre-a-la-demande\/","title":{"rendered":"Toyota va construite plus de GR Corolla pour r\u00e9pondre \u00e0 la demande"},"content":{"rendered":"<\/p>\n<p>Voil\u00e0 une bonne nouvelle pour les amateurs de petites voitures performantes. Toyota a annonc\u00e9 qu\u2019elle va augmenter la production de sa sportive GR Corolla pour r\u00e9pondre \u00e0 la demande. On annonce du m\u00eame coup le retour de la version circuit pour 2024.<\/p>\n<h3>Du pur plaisir au volant<\/h3>\n<p>\nLa GR Corolla est une race en voie de disparition. Une petite sportive qui mise avant tout sur le pur plaisir de conduire. Nos r\u00e9cents essais en Colombie-Britannique nous ont convaincus de la pertinence de ce mod\u00e8le sur le march\u00e9. C\u2019est en raison de ce grand plaisir de conduire que la demande est aussi forte et la demande d\u00e9passait largement l\u2019offre. La version Morizo, la plus rare et la plus ch\u00e8re ne reviendra pas, mais la version interm\u00e9diaire circuit fera un retour en 2024. Le meilleur rapport qualit\u00e9-prix revient \u00e0 la version de base Core.<\/p>\n<h3>Toyota va en fabriquer plus<\/h3>\n<p>\nToyota a annonc\u00e9 qu&#8217;ils allaient faire plaisir aux amateurs et en fabriquer d&#8217;autres : Toyota termine son communiqu\u00e9 de presse en pr\u00e9cisant que la GR Corolla Circuit Edition 2024 conservera certaines caract\u00e9ristiques de s\u00e9rie du mod\u00e8le 2023, et que des informations suppl\u00e9mentaires seront divulgu\u00e9es plus tard dans l&#8217;ann\u00e9e. La possibilit\u00e9 de produire des mod\u00e8les Circuit Edition pour 2025 et au-del\u00e0 est toujours en cours d&#8217;\u00e9valuation.<\/p>\n<p>Avec des renseignements de Motor Illustrated<\/p>\n<p>Le texte <a rel=\"nofollow\" href=\"https:\/\/annuelauto.ca\/toyota-va-construite-plus-de-gr-corolla-pour-repondre-a-la-demande\/\">Toyota va construite plus de GR Corolla pour r\u00e9pondre \u00e0 la demande<\/a> provient de <a rel=\"nofollow\" href=\"https:\/\/annuelauto.ca\">L&#8217;annuel de l&#8217;automobile &#8211; Actualit\u00e9 automobile<\/a><\/p>\n<p><\/p>\n","protected":false},"excerpt":{"rendered":"<p>Voil\u00e0 une bonne nouvelle pour les amateurs de petites voitures performantes. Toyota a annonc\u00e9 qu\u2019elle va augmenter la production de sa sportive GR Corolla pour r\u00e9pondre \u00e0 la demande. On annonce du m\u00eame coup le retour de la version circuit pour 2024. Du pur plaisir au volant La GR Corolla est une race en voie [&hellip;]<\/p>\n","protected":false},"author":8,"featured_media":140716,"comment_status":"close","ping_status":"closed","sticky":false,"template":"","format":"standard","meta":{"_monsterinsights_skip_tracking":false,"_monsterinsights_sitenote_active":false,"_monsterinsights_sitenote_note":"","_monsterinsights_sitenote_category":0,"footnotes":""},"categories":[101],"tags":[],"yoast_head":"<!-- This site is optimized with the Yoast SEO plugin v23.2 - https:\/\/yoast.com\/wordpress\/plugins\/seo\/ -->\n<title>Toyota va construite plus de GR Corolla pour r\u00e9pondre \u00e0 la demande - CanadaMotorJobs.com<\/title>\n<meta name=\"description\" content=\"Toyota va construite plus de GR Corolla pour r\u00e9pondre \u00e0 la demande - Benoit Charette - Annuel automobile - CanadaMotorJobs.com.\" \/>\n<meta name=\"robots\" content=\"index, follow, max-snippet:-1, max-image-preview:large, max-video-preview:-1\" \/>\n<meta property=\"og:locale\" content=\"fr_CA\" \/>\n<meta property=\"og:type\" content=\"article\" \/>\n<meta property=\"og:title\" content=\"Toyota va construite plus de GR Corolla pour r\u00e9pondre \u00e0 la demande - CanadaMotorJobs.com\" \/>\n<meta property=\"og:description\" content=\"Toyota va construite plus de GR Corolla pour r\u00e9pondre \u00e0 la demande - Benoit Charette - Annuel automobile - CanadaMotorJobs.com.\" \/>\n<meta property=\"og:url\" content=\"https:\/\/news.canadamotorjobs.com\/fr\/toyota-va-construite-plus-de-gr-corolla-pour-repondre-a-la-demande\/\" \/>\n<meta property=\"og:site_name\" content=\"CanadaMotorJobs.com\" \/>\n<meta property=\"article:publisher\" content=\"https:\/\/www.facebook.com\/canadamotorjobs\/\" \/>\n<meta property=\"article:published_time\" content=\"2023-02-24T14:21:32+00:00\" \/>\n<meta property=\"article:modified_time\" content=\"2023-02-24T14:30:15+00:00\" \/>\n<meta property=\"og:image\" content=\"https:\/\/news.canadamotorjobs.com\/wp-content\/uploads\/2023\/02\/TCI-GR-Corolla-Core-Benoit_9.jpg\" \/>\n\t<meta property=\"og:image:width\" content=\"1500\" \/>\n\t<meta property=\"og:image:height\" content=\"1000\" \/>\n\t<meta property=\"og:image:type\" content=\"image\/jpeg\" \/>\n<meta name=\"author\" content=\"Benoit Charette\" \/>\n<meta name=\"twitter:card\" content=\"summary_large_image\" \/>\n<meta name=\"twitter:creator\" content=\"@canadamotorjobs\" \/>\n<meta name=\"twitter:site\" content=\"@canadamotorjobs\" \/>\n<meta name=\"twitter:label1\" content=\"\u00c9crit par\" \/>\n\t<meta name=\"twitter:data1\" content=\"Benoit Charette\" \/>\n\t<meta name=\"twitter:label2\" content=\"Estimation du temps de lecture\" \/>\n\t<meta name=\"twitter:data2\" content=\"1 minute\" \/>\n<!-- \/ Yoast SEO plugin. -->","yoast_head_json":{"title":"Toyota va construite plus de GR Corolla pour r\u00e9pondre \u00e0 la demande - CanadaMotorJobs.com","description":"Toyota va construite plus de GR Corolla pour r\u00e9pondre \u00e0 la demande - Benoit Charette - Annuel automobile - CanadaMotorJobs.com.","robots":{"index":"index","follow":"follow","max-snippet":"max-snippet:-1","max-image-preview":"max-image-preview:large","max-video-preview":"max-video-preview:-1"},"og_locale":"fr_CA","og_type":"article","og_title":"Toyota va construite plus de GR Corolla pour r\u00e9pondre \u00e0 la demande - CanadaMotorJobs.com","og_description":"Toyota va construite plus de GR Corolla pour r\u00e9pondre \u00e0 la demande - Benoit Charette - Annuel automobile - CanadaMotorJobs.com.","og_url":"https:\/\/news.canadamotorjobs.com\/fr\/toyota-va-construite-plus-de-gr-corolla-pour-repondre-a-la-demande\/","og_site_name":"CanadaMotorJobs.com","article_publisher":"https:\/\/www.facebook.com\/canadamotorjobs\/","article_published_time":"2023-02-24T14:21:32+00:00","article_modified_time":"2023-02-24T14:30:15+00:00","og_image":[{"width":1500,"height":1000,"url":"https:\/\/news.canadamotorjobs.com\/wp-content\/uploads\/2023\/02\/TCI-GR-Corolla-Core-Benoit_9.jpg","type":"image\/jpeg"}],"author":"Benoit Charette","twitter_card":"summary_large_image","twitter_creator":"@canadamotorjobs","twitter_site":"@canadamotorjobs","twitter_misc":{"\u00c9crit par":"Benoit Charette","Estimation du temps de lecture":"1 minute"},"schema":{"@context":"https:\/\/schema.org","@graph":[{"@type":"Article","@id":"https:\/\/news.canadamotorjobs.com\/fr\/toyota-va-construite-plus-de-gr-corolla-pour-repondre-a-la-demande\/#article","isPartOf":{"@id":"https:\/\/news.canadamotorjobs.com\/fr\/toyota-va-construite-plus-de-gr-corolla-pour-repondre-a-la-demande\/"},"author":{"name":"Benoit Charette","@id":"https:\/\/news.canadamotorjobs.com\/#\/schema\/person\/51793d1f87d44011d7bcc2ed99269a90"},"headline":"Toyota va construite plus de GR Corolla pour r\u00e9pondre \u00e0 la demande","datePublished":"2023-02-24T14:21:32+00:00","dateModified":"2023-02-24T14:30:15+00:00","mainEntityOfPage":{"@id":"https:\/\/news.canadamotorjobs.com\/fr\/toyota-va-construite-plus-de-gr-corolla-pour-repondre-a-la-demande\/"},"wordCount":268,"publisher":{"@id":"https:\/\/news.canadamotorjobs.com\/#organization"},"image":{"@id":"https:\/\/news.canadamotorjobs.com\/fr\/toyota-va-construite-plus-de-gr-corolla-pour-repondre-a-la-demande\/#primaryimage"},"thumbnailUrl":"https:\/\/news.canadamotorjobs.com\/wp-content\/uploads\/2023\/02\/TCI-GR-Corolla-Core-Benoit_9.jpg","articleSection":["Annuel automobile"],"inLanguage":"fr-CA"},{"@type":"WebPage","@id":"https:\/\/news.canadamotorjobs.com\/fr\/toyota-va-construite-plus-de-gr-corolla-pour-repondre-a-la-demande\/","url":"https:\/\/news.canadamotorjobs.com\/fr\/toyota-va-construite-plus-de-gr-corolla-pour-repondre-a-la-demande\/","name":"Toyota va construite plus de GR Corolla pour r\u00e9pondre \u00e0 la demande - CanadaMotorJobs.com","isPartOf":{"@id":"https:\/\/news.canadamotorjobs.com\/#website"},"primaryImageOfPage":{"@id":"https:\/\/news.canadamotorjobs.com\/fr\/toyota-va-construite-plus-de-gr-corolla-pour-repondre-a-la-demande\/#primaryimage"},"image":{"@id":"https:\/\/news.canadamotorjobs.com\/fr\/toyota-va-construite-plus-de-gr-corolla-pour-repondre-a-la-demande\/#primaryimage"},"thumbnailUrl":"https:\/\/news.canadamotorjobs.com\/wp-content\/uploads\/2023\/02\/TCI-GR-Corolla-Core-Benoit_9.jpg","datePublished":"2023-02-24T14:21:32+00:00","dateModified":"2023-02-24T14:30:15+00:00","description":"Toyota va construite plus de GR Corolla pour r\u00e9pondre \u00e0 la demande - Benoit Charette - Annuel automobile - CanadaMotorJobs.com.","breadcrumb":{"@id":"https:\/\/news.canadamotorjobs.com\/fr\/toyota-va-construite-plus-de-gr-corolla-pour-repondre-a-la-demande\/#breadcrumb"},"inLanguage":"fr-CA","potentialAction":[{"@type":"ReadAction","target":["https:\/\/news.canadamotorjobs.com\/fr\/toyota-va-construite-plus-de-gr-corolla-pour-repondre-a-la-demande\/"]}]},{"@type":"ImageObject","inLanguage":"fr-CA","@id":"https:\/\/news.canadamotorjobs.com\/fr\/toyota-va-construite-plus-de-gr-corolla-pour-repondre-a-la-demande\/#primaryimage","url":"https:\/\/news.canadamotorjobs.com\/wp-content\/uploads\/2023\/02\/TCI-GR-Corolla-Core-Benoit_9.jpg","contentUrl":"https:\/\/news.canadamotorjobs.com\/wp-content\/uploads\/2023\/02\/TCI-GR-Corolla-Core-Benoit_9.jpg","width":1500,"height":1000},{"@type":"BreadcrumbList","@id":"https:\/\/news.canadamotorjobs.com\/fr\/toyota-va-construite-plus-de-gr-corolla-pour-repondre-a-la-demande\/#breadcrumb","itemListElement":[{"@type":"ListItem","position":1,"name":"Home","item":"https:\/\/news.canadamotorjobs.com\/fr\/blog\/"},{"@type":"ListItem","position":2,"name":"Toyota va construite plus de GR Corolla pour r\u00e9pondre \u00e0 la demande"}]},{"@type":"WebSite","@id":"https:\/\/news.canadamotorjobs.com\/#website","url":"https:\/\/news.canadamotorjobs.com\/","name":"CanadaMotorJobs.com","description":"Automotive Jobs","publisher":{"@id":"https:\/\/news.canadamotorjobs.com\/#organization"},"potentialAction":[{"@type":"SearchAction","target":{"@type":"EntryPoint","urlTemplate":"https:\/\/news.canadamotorjobs.com\/?s={search_term_string}"},"query-input":"required name=search_term_string"}],"inLanguage":"fr-CA"},{"@type":"Organization","@id":"https:\/\/news.canadamotorjobs.com\/#organization","name":"Canada Motor Jobs","url":"https:\/\/news.canadamotorjobs.com\/","logo":{"@type":"ImageObject","inLanguage":"fr-CA","@id":"https:\/\/news.canadamotorjobs.com\/#\/schema\/logo\/image\/","url":"https:\/\/news.canadamotorjobs.com\/wp-content\/uploads\/2022\/10\/logo-canada-motor-jobs-1.png","contentUrl":"https:\/\/news.canadamotorjobs.com\/wp-content\/uploads\/2022\/10\/logo-canada-motor-jobs-1.png","width":800,"height":400,"caption":"Canada Motor Jobs"},"image":{"@id":"https:\/\/news.canadamotorjobs.com\/#\/schema\/logo\/image\/"},"sameAs":["https:\/\/www.facebook.com\/canadamotorjobs\/","https:\/\/x.com\/canadamotorjobs","https:\/\/www.instagram.com\/canadamotorjobs\/","https:\/\/www.linkedin.com\/company\/canadamotorjobs"]},{"@type":"Person","@id":"https:\/\/news.canadamotorjobs.com\/#\/schema\/person\/51793d1f87d44011d7bcc2ed99269a90","name":"Benoit Charette","image":{"@type":"ImageObject","inLanguage":"fr-CA","@id":"https:\/\/news.canadamotorjobs.com\/#\/schema\/person\/image\/","url":"https:\/\/secure.gravatar.com\/avatar\/45f3d2eebcccd909668d7ce7ea7267b6?s=96&d=mm&r=g","contentUrl":"https:\/\/secure.gravatar.com\/avatar\/45f3d2eebcccd909668d7ce7ea7267b6?s=96&d=mm&r=g","caption":"Benoit Charette"},"description":"Benoit Charette \/ Propri\u00e9taire et r\u00e9dacteur en chef Benoit Charette pratique le journalisme automobile depuis bient\u00f4t 30 ans. Il a fait ses classes au c\u00f4t\u00e9 de Daniel H\u00e9raud et au Carnet de route de 1992 \u00e0 2001. Il est fondateur, copropri\u00e9taire et r\u00e9dacteur en chef de L\u2019Annuel de l\u2019automobile, qu\u2019il publie depuis 2001. Il a anim\u00e9 les \u00e9missions RPM et RPM+ sur V et les L\u00e9gendes de la route sur Historia. \u00c0 la radio depuis 1986, il reprend l\u2019antenne cette ann\u00e9e sur les ondes de Cogeco et participe pour la deuxi\u00e8me ann\u00e9e \u00e0 l\u2019\u00e9mission Passion Auto sur RDS en plus de mettre en ligne le site Web officiel de L\u2019Annuel de l\u2019automobile sur annuelauto.ca.","sameAs":["https:\/\/annuelauto.ca\/"],"url":"https:\/\/news.canadamotorjobs.com\/fr\/author\/benoit-charette\/"}]}},"_links":{"self":[{"href":"https:\/\/news.canadamotorjobs.com\/fr\/wp-json\/wp\/v2\/posts\/140714"}],"collection":[{"href":"https:\/\/news.canadamotorjobs.com\/fr\/wp-json\/wp\/v2\/posts"}],"about":[{"href":"https:\/\/news.canadamotorjobs.com\/fr\/wp-json\/wp\/v2\/types\/post"}],"author":[{"embeddable":true,"href":"https:\/\/news.canadamotorjobs.com\/fr\/wp-json\/wp\/v2\/users\/8"}],"replies":[{"embeddable":true,"href":"https:\/\/news.canadamotorjobs.com\/fr\/wp-json\/wp\/v2\/comments?post=140714"}],"version-history":[{"count":2,"href":"https:\/\/news.canadamotorjobs.com\/fr\/wp-json\/wp\/v2\/posts\/140714\/revisions"}],"predecessor-version":[{"id":140718,"href":"https:\/\/news.canadamotorjobs.com\/fr\/wp-json\/wp\/v2\/posts\/140714\/revisions\/140718"}],"wp:featuredmedia":[{"embeddable":true,"href":"https:\/\/news.canadamotorjobs.com\/fr\/wp-json\/wp\/v2\/media\/140716"}],"wp:attachment":[{"href":"https:\/\/news.canadamotorjobs.com\/fr\/wp-json\/wp\/v2\/media?parent=140714"}],"wp:term":[{"taxonomy":"category","embeddable":true,"href":"https:\/\/news.canadamotorjobs.com\/fr\/wp-json\/wp\/v2\/categories?post=140714"},{"taxonomy":"post_tag","embeddable":true,"href":"https:\/\/news.canadamotorjobs.com\/fr\/wp-json\/wp\/v2\/tags?post=140714"}],"curies":[{"name":"wp","href":"https:\/\/api.w.org\/{rel}","templated":true}]}}