{"id":140687,"date":"2023-02-24T08:38:43","date_gmt":"2023-02-24T13:38:43","guid":{"rendered":"https:\/\/news.canadamotorjobs.com\/?p=140687"},"modified":"2023-02-24T08:45:57","modified_gmt":"2023-02-24T13:45:57","slug":"volkswagen-va-construire-une-usine-scout-aux-etats-unis","status":"publish","type":"post","link":"https:\/\/news.canadamotorjobs.com\/fr\/volkswagen-va-construire-une-usine-scout-aux-etats-unis\/","title":{"rendered":"Volkswagen va construire une usine Scout aux \u00c9tats-Unis"},"content":{"rendered":"<\/p>\n<p>On en apprend finalement un peu plus sur le retour de la marque Scout sur le march\u00e9. Le groupe Volkswagen va construire sa propre usine de production aux \u00c9tats-Unis pour sa nouvelle marque Scout plut\u00f4t que de collaborer avec un partenaire, a rapport\u00e9 vendredi la publication industrielle Automobilwoche, citant des sources de l&#8217;entreprise.<\/p>\n<h3>Un retour pr\u00e9vu pour 2026<\/h3>\n<p>\nVolkswagen a d\u00e9clar\u00e9 en mai 2022 qu&#8217;elle pr\u00e9voyait r\u00e9introduire la marque tout-terrain Scout, en cr\u00e9ant une entreprise distincte et ind\u00e9pendante pour construire des camions et des VUS Scout \u00e0 partir de 2026, qui seront con\u00e7us, \u00e9labor\u00e9s et fabriqu\u00e9s aux \u00c9tats-Unis pour les clients am\u00e9ricains. Automobilwoche avait rapport\u00e9 en novembre que le constructeur automobile \u00e9tait en pourparlers avec Foxconn, qui s&#8217;est lanc\u00e9 dans la construction de v\u00e9hicules \u00e9lectriques (VE) pour certaines marques automobiles, et Magna Steyr, filiale de Magna International, pour la construction d&#8217;une usine commune.<\/p>\n<h3>Volks y va avec un plan C<\/h3>\n<p>\nLa construction de sa propre usine \u00e9tait l&#8217;option la moins probable, a rapport\u00e9 la publication \u00e0 l&#8217;\u00e9poque, citant \u00e9galement des sources de l&#8217;entreprise. Volkswagen agrandit son usine am\u00e9ricaine existante de Chattanooga, dans le Tennessee, pour produire l&#8217;ID. Buzz. Cependant, la marque Scout construira des camionnettes et des VUS \u00e9lectriques tout-terrain qui n\u00e9cessitent une nouvelle plateforme et l&#8217;usine de Chattanooga n&#8217;a pas assez d&#8217;espace pour tout faire, a d\u00e9clar\u00e9 une source \u00e0 Reuters en mai dernier. Le PDG d&#8217;Audi, propri\u00e9t\u00e9 de Volkswagen, Markus Duesmann, a d\u00e9clar\u00e9 dans une interview vendredi que la marque haut de gamme pourrait construire une usine aux \u00c9tats-Unis, seule ou avec le groupe Volkswagen pour les V\u00c9S, bien qu&#8217;aucune d\u00e9cision n&#8217;ait \u00e9t\u00e9 prise \u00e0 ce sujet non plus. Une usine qui pourrait servir plusieurs divisions dans le groupe Volkswagen<\/p>\n<p>Avec des renseignements de Reuters<\/p>\n<p>Le texte <a rel=\"nofollow\" href=\"https:\/\/annuelauto.ca\/volkswagen-va-construire-une-usine-scout-aux-etats-unis\/\">Volkswagen va construire une usine Scout aux \u00c9tats-Unis<\/a> provient de <a rel=\"nofollow\" href=\"https:\/\/annuelauto.ca\">L&#8217;annuel de l&#8217;automobile &#8211; Actualit\u00e9 automobile<\/a><\/p>\n<p><\/p>\n","protected":false},"excerpt":{"rendered":"<p>On en apprend finalement un peu plus sur le retour de la marque Scout sur le march\u00e9. Le groupe Volkswagen va construire sa propre usine de production aux \u00c9tats-Unis pour sa nouvelle marque Scout plut\u00f4t que de collaborer avec un partenaire, a rapport\u00e9 vendredi la publication industrielle Automobilwoche, citant des sources de l&#8217;entreprise. Un retour [&hellip;]<\/p>\n","protected":false},"author":8,"featured_media":140689,"comment_status":"close","ping_status":"closed","sticky":false,"template":"","format":"standard","meta":{"_monsterinsights_skip_tracking":false,"_monsterinsights_sitenote_active":false,"_monsterinsights_sitenote_note":"","_monsterinsights_sitenote_category":0,"footnotes":""},"categories":[101],"tags":[],"yoast_head":"<!-- This site is optimized with the Yoast SEO plugin v23.2 - https:\/\/yoast.com\/wordpress\/plugins\/seo\/ -->\n<title>Volkswagen va construire une usine Scout aux \u00c9tats-Unis - CanadaMotorJobs.com<\/title>\n<meta name=\"description\" content=\"Volkswagen va construire une usine Scout aux \u00c9tats-Unis - Benoit Charette - Annuel automobile - CanadaMotorJobs.com.\" \/>\n<meta name=\"robots\" content=\"index, follow, max-snippet:-1, max-image-preview:large, max-video-preview:-1\" \/>\n<meta property=\"og:locale\" content=\"fr_CA\" \/>\n<meta property=\"og:type\" content=\"article\" \/>\n<meta property=\"og:title\" content=\"Volkswagen va construire une usine Scout aux \u00c9tats-Unis - CanadaMotorJobs.com\" \/>\n<meta property=\"og:description\" content=\"Volkswagen va construire une usine Scout aux \u00c9tats-Unis - Benoit Charette - Annuel automobile - CanadaMotorJobs.com.\" \/>\n<meta property=\"og:url\" content=\"https:\/\/news.canadamotorjobs.com\/fr\/volkswagen-va-construire-une-usine-scout-aux-etats-unis\/\" \/>\n<meta property=\"og:site_name\" content=\"CanadaMotorJobs.com\" \/>\n<meta property=\"article:publisher\" content=\"https:\/\/www.facebook.com\/canadamotorjobs\/\" \/>\n<meta property=\"article:published_time\" content=\"2023-02-24T13:38:43+00:00\" \/>\n<meta property=\"article:modified_time\" content=\"2023-02-24T13:45:57+00:00\" \/>\n<meta property=\"og:image\" content=\"https:\/\/news.canadamotorjobs.com\/wp-content\/uploads\/2023\/02\/volkswagen-werk-chattanooga-in.jpg\" \/>\n\t<meta property=\"og:image:width\" content=\"1900\" \/>\n\t<meta property=\"og:image:height\" content=\"1136\" \/>\n\t<meta property=\"og:image:type\" content=\"image\/jpeg\" \/>\n<meta name=\"author\" content=\"Benoit Charette\" \/>\n<meta name=\"twitter:card\" content=\"summary_large_image\" \/>\n<meta name=\"twitter:creator\" content=\"@canadamotorjobs\" \/>\n<meta name=\"twitter:site\" content=\"@canadamotorjobs\" \/>\n<meta name=\"twitter:label1\" content=\"\u00c9crit par\" \/>\n\t<meta name=\"twitter:data1\" content=\"Benoit Charette\" \/>\n\t<meta name=\"twitter:label2\" content=\"Estimation du temps de lecture\" \/>\n\t<meta name=\"twitter:data2\" content=\"2 minutes\" \/>\n<!-- \/ Yoast SEO plugin. -->","yoast_head_json":{"title":"Volkswagen va construire une usine Scout aux \u00c9tats-Unis - CanadaMotorJobs.com","description":"Volkswagen va construire une usine Scout aux \u00c9tats-Unis - Benoit Charette - Annuel automobile - CanadaMotorJobs.com.","robots":{"index":"index","follow":"follow","max-snippet":"max-snippet:-1","max-image-preview":"max-image-preview:large","max-video-preview":"max-video-preview:-1"},"og_locale":"fr_CA","og_type":"article","og_title":"Volkswagen va construire une usine Scout aux \u00c9tats-Unis - CanadaMotorJobs.com","og_description":"Volkswagen va construire une usine Scout aux \u00c9tats-Unis - Benoit Charette - Annuel automobile - CanadaMotorJobs.com.","og_url":"https:\/\/news.canadamotorjobs.com\/fr\/volkswagen-va-construire-une-usine-scout-aux-etats-unis\/","og_site_name":"CanadaMotorJobs.com","article_publisher":"https:\/\/www.facebook.com\/canadamotorjobs\/","article_published_time":"2023-02-24T13:38:43+00:00","article_modified_time":"2023-02-24T13:45:57+00:00","og_image":[{"width":1900,"height":1136,"url":"https:\/\/news.canadamotorjobs.com\/wp-content\/uploads\/2023\/02\/volkswagen-werk-chattanooga-in.jpg","type":"image\/jpeg"}],"author":"Benoit Charette","twitter_card":"summary_large_image","twitter_creator":"@canadamotorjobs","twitter_site":"@canadamotorjobs","twitter_misc":{"\u00c9crit par":"Benoit Charette","Estimation du temps de lecture":"2 minutes"},"schema":{"@context":"https:\/\/schema.org","@graph":[{"@type":"Article","@id":"https:\/\/news.canadamotorjobs.com\/fr\/volkswagen-va-construire-une-usine-scout-aux-etats-unis\/#article","isPartOf":{"@id":"https:\/\/news.canadamotorjobs.com\/fr\/volkswagen-va-construire-une-usine-scout-aux-etats-unis\/"},"author":{"name":"Benoit Charette","@id":"https:\/\/news.canadamotorjobs.com\/#\/schema\/person\/51793d1f87d44011d7bcc2ed99269a90"},"headline":"Volkswagen va construire une usine Scout aux \u00c9tats-Unis","datePublished":"2023-02-24T13:38:43+00:00","dateModified":"2023-02-24T13:45:57+00:00","mainEntityOfPage":{"@id":"https:\/\/news.canadamotorjobs.com\/fr\/volkswagen-va-construire-une-usine-scout-aux-etats-unis\/"},"wordCount":340,"publisher":{"@id":"https:\/\/news.canadamotorjobs.com\/#organization"},"image":{"@id":"https:\/\/news.canadamotorjobs.com\/fr\/volkswagen-va-construire-une-usine-scout-aux-etats-unis\/#primaryimage"},"thumbnailUrl":"https:\/\/news.canadamotorjobs.com\/wp-content\/uploads\/2023\/02\/volkswagen-werk-chattanooga-in.jpg","articleSection":["Annuel automobile"],"inLanguage":"fr-CA"},{"@type":"WebPage","@id":"https:\/\/news.canadamotorjobs.com\/fr\/volkswagen-va-construire-une-usine-scout-aux-etats-unis\/","url":"https:\/\/news.canadamotorjobs.com\/fr\/volkswagen-va-construire-une-usine-scout-aux-etats-unis\/","name":"Volkswagen va construire une usine Scout aux \u00c9tats-Unis - CanadaMotorJobs.com","isPartOf":{"@id":"https:\/\/news.canadamotorjobs.com\/#website"},"primaryImageOfPage":{"@id":"https:\/\/news.canadamotorjobs.com\/fr\/volkswagen-va-construire-une-usine-scout-aux-etats-unis\/#primaryimage"},"image":{"@id":"https:\/\/news.canadamotorjobs.com\/fr\/volkswagen-va-construire-une-usine-scout-aux-etats-unis\/#primaryimage"},"thumbnailUrl":"https:\/\/news.canadamotorjobs.com\/wp-content\/uploads\/2023\/02\/volkswagen-werk-chattanooga-in.jpg","datePublished":"2023-02-24T13:38:43+00:00","dateModified":"2023-02-24T13:45:57+00:00","description":"Volkswagen va construire une usine Scout aux \u00c9tats-Unis - Benoit Charette - Annuel automobile - CanadaMotorJobs.com.","breadcrumb":{"@id":"https:\/\/news.canadamotorjobs.com\/fr\/volkswagen-va-construire-une-usine-scout-aux-etats-unis\/#breadcrumb"},"inLanguage":"fr-CA","potentialAction":[{"@type":"ReadAction","target":["https:\/\/news.canadamotorjobs.com\/fr\/volkswagen-va-construire-une-usine-scout-aux-etats-unis\/"]}]},{"@type":"ImageObject","inLanguage":"fr-CA","@id":"https:\/\/news.canadamotorjobs.com\/fr\/volkswagen-va-construire-une-usine-scout-aux-etats-unis\/#primaryimage","url":"https:\/\/news.canadamotorjobs.com\/wp-content\/uploads\/2023\/02\/volkswagen-werk-chattanooga-in.jpg","contentUrl":"https:\/\/news.canadamotorjobs.com\/wp-content\/uploads\/2023\/02\/volkswagen-werk-chattanooga-in.jpg","width":1900,"height":1136},{"@type":"BreadcrumbList","@id":"https:\/\/news.canadamotorjobs.com\/fr\/volkswagen-va-construire-une-usine-scout-aux-etats-unis\/#breadcrumb","itemListElement":[{"@type":"ListItem","position":1,"name":"Home","item":"https:\/\/news.canadamotorjobs.com\/fr\/blog\/"},{"@type":"ListItem","position":2,"name":"Volkswagen va construire une usine Scout aux \u00c9tats-Unis"}]},{"@type":"WebSite","@id":"https:\/\/news.canadamotorjobs.com\/#website","url":"https:\/\/news.canadamotorjobs.com\/","name":"CanadaMotorJobs.com","description":"Automotive Jobs","publisher":{"@id":"https:\/\/news.canadamotorjobs.com\/#organization"},"potentialAction":[{"@type":"SearchAction","target":{"@type":"EntryPoint","urlTemplate":"https:\/\/news.canadamotorjobs.com\/?s={search_term_string}"},"query-input":"required name=search_term_string"}],"inLanguage":"fr-CA"},{"@type":"Organization","@id":"https:\/\/news.canadamotorjobs.com\/#organization","name":"Canada Motor Jobs","url":"https:\/\/news.canadamotorjobs.com\/","logo":{"@type":"ImageObject","inLanguage":"fr-CA","@id":"https:\/\/news.canadamotorjobs.com\/#\/schema\/logo\/image\/","url":"https:\/\/news.canadamotorjobs.com\/wp-content\/uploads\/2022\/10\/logo-canada-motor-jobs-1.png","contentUrl":"https:\/\/news.canadamotorjobs.com\/wp-content\/uploads\/2022\/10\/logo-canada-motor-jobs-1.png","width":800,"height":400,"caption":"Canada Motor Jobs"},"image":{"@id":"https:\/\/news.canadamotorjobs.com\/#\/schema\/logo\/image\/"},"sameAs":["https:\/\/www.facebook.com\/canadamotorjobs\/","https:\/\/x.com\/canadamotorjobs","https:\/\/www.instagram.com\/canadamotorjobs\/","https:\/\/www.linkedin.com\/company\/canadamotorjobs"]},{"@type":"Person","@id":"https:\/\/news.canadamotorjobs.com\/#\/schema\/person\/51793d1f87d44011d7bcc2ed99269a90","name":"Benoit Charette","image":{"@type":"ImageObject","inLanguage":"fr-CA","@id":"https:\/\/news.canadamotorjobs.com\/#\/schema\/person\/image\/","url":"https:\/\/secure.gravatar.com\/avatar\/45f3d2eebcccd909668d7ce7ea7267b6?s=96&d=mm&r=g","contentUrl":"https:\/\/secure.gravatar.com\/avatar\/45f3d2eebcccd909668d7ce7ea7267b6?s=96&d=mm&r=g","caption":"Benoit Charette"},"description":"Benoit Charette \/ Propri\u00e9taire et r\u00e9dacteur en chef Benoit Charette pratique le journalisme automobile depuis bient\u00f4t 30 ans. Il a fait ses classes au c\u00f4t\u00e9 de Daniel H\u00e9raud et au Carnet de route de 1992 \u00e0 2001. Il est fondateur, copropri\u00e9taire et r\u00e9dacteur en chef de L\u2019Annuel de l\u2019automobile, qu\u2019il publie depuis 2001. Il a anim\u00e9 les \u00e9missions RPM et RPM+ sur V et les L\u00e9gendes de la route sur Historia. \u00c0 la radio depuis 1986, il reprend l\u2019antenne cette ann\u00e9e sur les ondes de Cogeco et participe pour la deuxi\u00e8me ann\u00e9e \u00e0 l\u2019\u00e9mission Passion Auto sur RDS en plus de mettre en ligne le site Web officiel de L\u2019Annuel de l\u2019automobile sur annuelauto.ca.","sameAs":["https:\/\/annuelauto.ca\/"],"url":"https:\/\/news.canadamotorjobs.com\/fr\/author\/benoit-charette\/"}]}},"_links":{"self":[{"href":"https:\/\/news.canadamotorjobs.com\/fr\/wp-json\/wp\/v2\/posts\/140687"}],"collection":[{"href":"https:\/\/news.canadamotorjobs.com\/fr\/wp-json\/wp\/v2\/posts"}],"about":[{"href":"https:\/\/news.canadamotorjobs.com\/fr\/wp-json\/wp\/v2\/types\/post"}],"author":[{"embeddable":true,"href":"https:\/\/news.canadamotorjobs.com\/fr\/wp-json\/wp\/v2\/users\/8"}],"replies":[{"embeddable":true,"href":"https:\/\/news.canadamotorjobs.com\/fr\/wp-json\/wp\/v2\/comments?post=140687"}],"version-history":[{"count":2,"href":"https:\/\/news.canadamotorjobs.com\/fr\/wp-json\/wp\/v2\/posts\/140687\/revisions"}],"predecessor-version":[{"id":140691,"href":"https:\/\/news.canadamotorjobs.com\/fr\/wp-json\/wp\/v2\/posts\/140687\/revisions\/140691"}],"wp:featuredmedia":[{"embeddable":true,"href":"https:\/\/news.canadamotorjobs.com\/fr\/wp-json\/wp\/v2\/media\/140689"}],"wp:attachment":[{"href":"https:\/\/news.canadamotorjobs.com\/fr\/wp-json\/wp\/v2\/media?parent=140687"}],"wp:term":[{"taxonomy":"category","embeddable":true,"href":"https:\/\/news.canadamotorjobs.com\/fr\/wp-json\/wp\/v2\/categories?post=140687"},{"taxonomy":"post_tag","embeddable":true,"href":"https:\/\/news.canadamotorjobs.com\/fr\/wp-json\/wp\/v2\/tags?post=140687"}],"curies":[{"name":"wp","href":"https:\/\/api.w.org\/{rel}","templated":true}]}}