{"id":140637,"date":"2023-02-24T07:33:56","date_gmt":"2023-02-24T12:33:56","guid":{"rendered":"https:\/\/news.canadamotorjobs.com\/?p=140637"},"modified":"2023-02-24T07:44:38","modified_gmt":"2023-02-24T12:44:38","slug":"24-fevrier-1968-amc-presente-son-modele-amx","status":"publish","type":"post","link":"https:\/\/news.canadamotorjobs.com\/fr\/24-fevrier-1968-amc-presente-son-modele-amx\/","title":{"rendered":"24 f\u00e9vrier 1968\u00a0: AMC pr\u00e9sente son mod\u00e8le AMX"},"content":{"rendered":"<\/p>\n<p>Le nom AMX provient de &#8220;American Motors eXperimental&#8221; , un nom de code utilis\u00e9 sur un v\u00e9hicule concept, puis sur deux prototypes pr\u00e9sent\u00e9s lors de la tourn\u00e9e d&#8217;exposition automobile &#8220;Project IV&#8221; de la soci\u00e9t\u00e9 en 1966. L&#8217;AMX \u00e9tait \u00e9galement class\u00e9e comme un \u00ab muscle car \u00bb, mais &#8220;unique parmi les autres voitures am\u00e9ricaines de l&#8217;\u00e9poque en raison de son empattement court&#8221;. L&#8217;AMX \u00e9tait \u00e9galement la seule voiture am\u00e9ricaine biplace \u00e0 carrosserie en acier de l&#8217;\u00e9poque, la premi\u00e8re depuis la Ford Thunderbird 1955-1957.<\/p>\n<h3>Petit mod\u00e8le et gros moteur<\/h3>\n<p>\n\u00c9quip\u00e9e du moteur AMC V8 de 390 cu in (6,4 L) \u00e0 haute compression, l&#8217;AMX offrait des performances de premier ordre \u00e0 un prix abordable. Malgr\u00e9 cette valeur et l&#8217;accueil initial enthousiaste des m\u00e9dias et des amateurs d&#8217;automobile, les ventes n&#8217;ont jamais prosp\u00e9r\u00e9. Apr\u00e8s trois ann\u00e9es-mod\u00e8les, la version \u00e0 deux places a \u00e9t\u00e9 abandonn\u00e9e, et le logo d\u00e9sormais caract\u00e9ristique de l&#8217;AMX a \u00e9t\u00e9 transf\u00e9r\u00e9 \u00e0 une version haute performance de sa s\u0153ur \u00e0 quatre places, la Javelin, de 1971 \u00e0 1974. American Motors a capitalis\u00e9 sur la r\u00e9putation respect\u00e9e des AMX originales en faisant revivre la d\u00e9signation du mod\u00e8le pour certaines versions plus performantes du mod\u00e8le Hornet compacte en 1977, de la Concord en 1978 et de la Spirit sous-compacte en 1979 et 1980.<\/p>\n<p>Le texte <a rel=\"nofollow\" href=\"https:\/\/annuelauto.ca\/24-fevrier-1968-amc-presente-son-modele-amx\/\">24 f\u00e9vrier 1968\u00a0: AMC pr\u00e9sente son mod\u00e8le AMX<\/a> provient de <a rel=\"nofollow\" href=\"https:\/\/annuelauto.ca\">L&#8217;annuel de l&#8217;automobile &#8211; Actualit\u00e9 automobile<\/a><\/p>\n<p><\/p>\n","protected":false},"excerpt":{"rendered":"<p>Le nom AMX provient de &#8220;American Motors eXperimental&#8221; , un nom de code utilis\u00e9 sur un v\u00e9hicule concept, puis sur deux prototypes pr\u00e9sent\u00e9s lors de la tourn\u00e9e d&#8217;exposition automobile &#8220;Project IV&#8221; de la soci\u00e9t\u00e9 en 1966. L&#8217;AMX \u00e9tait \u00e9galement class\u00e9e comme un \u00ab muscle car \u00bb, mais &#8220;unique parmi les autres voitures am\u00e9ricaines de l&#8217;\u00e9poque [&hellip;]<\/p>\n","protected":false},"author":8,"featured_media":140639,"comment_status":"close","ping_status":"closed","sticky":false,"template":"","format":"standard","meta":{"_monsterinsights_skip_tracking":false,"_monsterinsights_sitenote_active":false,"_monsterinsights_sitenote_note":"","_monsterinsights_sitenote_category":0,"footnotes":""},"categories":[101],"tags":[],"yoast_head":"<!-- This site is optimized with the Yoast SEO plugin v23.2 - https:\/\/yoast.com\/wordpress\/plugins\/seo\/ -->\n<title>24 f\u00e9vrier 1968\u00a0: AMC pr\u00e9sente son mod\u00e8le AMX - CanadaMotorJobs.com<\/title>\n<meta name=\"description\" content=\"24 f\u00e9vrier 1968\u00a0: AMC pr\u00e9sente son mod\u00e8le AMX - Benoit Charette - Annuel automobile - CanadaMotorJobs.com.\" \/>\n<meta name=\"robots\" content=\"index, follow, max-snippet:-1, max-image-preview:large, max-video-preview:-1\" \/>\n<meta property=\"og:locale\" content=\"fr_CA\" \/>\n<meta property=\"og:type\" content=\"article\" \/>\n<meta property=\"og:title\" content=\"24 f\u00e9vrier 1968\u00a0: AMC pr\u00e9sente son mod\u00e8le AMX - CanadaMotorJobs.com\" \/>\n<meta property=\"og:description\" content=\"24 f\u00e9vrier 1968\u00a0: AMC pr\u00e9sente son mod\u00e8le AMX - Benoit Charette - Annuel automobile - CanadaMotorJobs.com.\" \/>\n<meta property=\"og:url\" content=\"https:\/\/news.canadamotorjobs.com\/fr\/24-fevrier-1968-amc-presente-son-modele-amx\/\" \/>\n<meta property=\"og:site_name\" content=\"CanadaMotorJobs.com\" \/>\n<meta property=\"article:publisher\" content=\"https:\/\/www.facebook.com\/canadamotorjobs\/\" \/>\n<meta property=\"article:published_time\" content=\"2023-02-24T12:33:56+00:00\" \/>\n<meta property=\"article:modified_time\" content=\"2023-02-24T12:44:38+00:00\" \/>\n<meta property=\"og:image\" content=\"https:\/\/news.canadamotorjobs.com\/wp-content\/uploads\/2023\/02\/image-placeholder-title.jpg\" \/>\n\t<meta property=\"og:image:width\" content=\"1200\" \/>\n\t<meta property=\"og:image:height\" content=\"853\" \/>\n\t<meta property=\"og:image:type\" content=\"image\/jpeg\" \/>\n<meta name=\"author\" content=\"Benoit Charette\" \/>\n<meta name=\"twitter:card\" content=\"summary_large_image\" \/>\n<meta name=\"twitter:creator\" content=\"@canadamotorjobs\" \/>\n<meta name=\"twitter:site\" content=\"@canadamotorjobs\" \/>\n<meta name=\"twitter:label1\" content=\"\u00c9crit par\" \/>\n\t<meta name=\"twitter:data1\" content=\"Benoit Charette\" \/>\n\t<meta name=\"twitter:label2\" content=\"Estimation du temps de lecture\" \/>\n\t<meta name=\"twitter:data2\" content=\"1 minute\" \/>\n<!-- \/ Yoast SEO plugin. -->","yoast_head_json":{"title":"24 f\u00e9vrier 1968\u00a0: AMC pr\u00e9sente son mod\u00e8le AMX - CanadaMotorJobs.com","description":"24 f\u00e9vrier 1968\u00a0: AMC pr\u00e9sente son mod\u00e8le AMX - Benoit Charette - Annuel automobile - CanadaMotorJobs.com.","robots":{"index":"index","follow":"follow","max-snippet":"max-snippet:-1","max-image-preview":"max-image-preview:large","max-video-preview":"max-video-preview:-1"},"og_locale":"fr_CA","og_type":"article","og_title":"24 f\u00e9vrier 1968\u00a0: AMC pr\u00e9sente son mod\u00e8le AMX - CanadaMotorJobs.com","og_description":"24 f\u00e9vrier 1968\u00a0: AMC pr\u00e9sente son mod\u00e8le AMX - Benoit Charette - Annuel automobile - CanadaMotorJobs.com.","og_url":"https:\/\/news.canadamotorjobs.com\/fr\/24-fevrier-1968-amc-presente-son-modele-amx\/","og_site_name":"CanadaMotorJobs.com","article_publisher":"https:\/\/www.facebook.com\/canadamotorjobs\/","article_published_time":"2023-02-24T12:33:56+00:00","article_modified_time":"2023-02-24T12:44:38+00:00","og_image":[{"width":1200,"height":853,"url":"https:\/\/news.canadamotorjobs.com\/wp-content\/uploads\/2023\/02\/image-placeholder-title.jpg","type":"image\/jpeg"}],"author":"Benoit Charette","twitter_card":"summary_large_image","twitter_creator":"@canadamotorjobs","twitter_site":"@canadamotorjobs","twitter_misc":{"\u00c9crit par":"Benoit Charette","Estimation du temps de lecture":"1 minute"},"schema":{"@context":"https:\/\/schema.org","@graph":[{"@type":"Article","@id":"https:\/\/news.canadamotorjobs.com\/fr\/24-fevrier-1968-amc-presente-son-modele-amx\/#article","isPartOf":{"@id":"https:\/\/news.canadamotorjobs.com\/fr\/24-fevrier-1968-amc-presente-son-modele-amx\/"},"author":{"name":"Benoit Charette","@id":"https:\/\/news.canadamotorjobs.com\/#\/schema\/person\/51793d1f87d44011d7bcc2ed99269a90"},"headline":"24 f\u00e9vrier 1968\u00a0: AMC pr\u00e9sente son mod\u00e8le AMX","datePublished":"2023-02-24T12:33:56+00:00","dateModified":"2023-02-24T12:44:38+00:00","mainEntityOfPage":{"@id":"https:\/\/news.canadamotorjobs.com\/fr\/24-fevrier-1968-amc-presente-son-modele-amx\/"},"wordCount":258,"publisher":{"@id":"https:\/\/news.canadamotorjobs.com\/#organization"},"image":{"@id":"https:\/\/news.canadamotorjobs.com\/fr\/24-fevrier-1968-amc-presente-son-modele-amx\/#primaryimage"},"thumbnailUrl":"https:\/\/news.canadamotorjobs.com\/wp-content\/uploads\/2023\/02\/image-placeholder-title.jpg","articleSection":["Annuel automobile"],"inLanguage":"fr-CA"},{"@type":"WebPage","@id":"https:\/\/news.canadamotorjobs.com\/fr\/24-fevrier-1968-amc-presente-son-modele-amx\/","url":"https:\/\/news.canadamotorjobs.com\/fr\/24-fevrier-1968-amc-presente-son-modele-amx\/","name":"24 f\u00e9vrier 1968\u00a0: AMC pr\u00e9sente son mod\u00e8le AMX - CanadaMotorJobs.com","isPartOf":{"@id":"https:\/\/news.canadamotorjobs.com\/#website"},"primaryImageOfPage":{"@id":"https:\/\/news.canadamotorjobs.com\/fr\/24-fevrier-1968-amc-presente-son-modele-amx\/#primaryimage"},"image":{"@id":"https:\/\/news.canadamotorjobs.com\/fr\/24-fevrier-1968-amc-presente-son-modele-amx\/#primaryimage"},"thumbnailUrl":"https:\/\/news.canadamotorjobs.com\/wp-content\/uploads\/2023\/02\/image-placeholder-title.jpg","datePublished":"2023-02-24T12:33:56+00:00","dateModified":"2023-02-24T12:44:38+00:00","description":"24 f\u00e9vrier 1968\u00a0: AMC pr\u00e9sente son mod\u00e8le AMX - Benoit Charette - Annuel automobile - CanadaMotorJobs.com.","breadcrumb":{"@id":"https:\/\/news.canadamotorjobs.com\/fr\/24-fevrier-1968-amc-presente-son-modele-amx\/#breadcrumb"},"inLanguage":"fr-CA","potentialAction":[{"@type":"ReadAction","target":["https:\/\/news.canadamotorjobs.com\/fr\/24-fevrier-1968-amc-presente-son-modele-amx\/"]}]},{"@type":"ImageObject","inLanguage":"fr-CA","@id":"https:\/\/news.canadamotorjobs.com\/fr\/24-fevrier-1968-amc-presente-son-modele-amx\/#primaryimage","url":"https:\/\/news.canadamotorjobs.com\/wp-content\/uploads\/2023\/02\/image-placeholder-title.jpg","contentUrl":"https:\/\/news.canadamotorjobs.com\/wp-content\/uploads\/2023\/02\/image-placeholder-title.jpg","width":1200,"height":853},{"@type":"BreadcrumbList","@id":"https:\/\/news.canadamotorjobs.com\/fr\/24-fevrier-1968-amc-presente-son-modele-amx\/#breadcrumb","itemListElement":[{"@type":"ListItem","position":1,"name":"Home","item":"https:\/\/news.canadamotorjobs.com\/fr\/blog\/"},{"@type":"ListItem","position":2,"name":"24 f\u00e9vrier 1968\u00a0: AMC pr\u00e9sente son mod\u00e8le AMX"}]},{"@type":"WebSite","@id":"https:\/\/news.canadamotorjobs.com\/#website","url":"https:\/\/news.canadamotorjobs.com\/","name":"CanadaMotorJobs.com","description":"Automotive Jobs","publisher":{"@id":"https:\/\/news.canadamotorjobs.com\/#organization"},"potentialAction":[{"@type":"SearchAction","target":{"@type":"EntryPoint","urlTemplate":"https:\/\/news.canadamotorjobs.com\/?s={search_term_string}"},"query-input":"required name=search_term_string"}],"inLanguage":"fr-CA"},{"@type":"Organization","@id":"https:\/\/news.canadamotorjobs.com\/#organization","name":"Canada Motor Jobs","url":"https:\/\/news.canadamotorjobs.com\/","logo":{"@type":"ImageObject","inLanguage":"fr-CA","@id":"https:\/\/news.canadamotorjobs.com\/#\/schema\/logo\/image\/","url":"https:\/\/news.canadamotorjobs.com\/wp-content\/uploads\/2022\/10\/logo-canada-motor-jobs-1.png","contentUrl":"https:\/\/news.canadamotorjobs.com\/wp-content\/uploads\/2022\/10\/logo-canada-motor-jobs-1.png","width":800,"height":400,"caption":"Canada Motor Jobs"},"image":{"@id":"https:\/\/news.canadamotorjobs.com\/#\/schema\/logo\/image\/"},"sameAs":["https:\/\/www.facebook.com\/canadamotorjobs\/","https:\/\/x.com\/canadamotorjobs","https:\/\/www.instagram.com\/canadamotorjobs\/","https:\/\/www.linkedin.com\/company\/canadamotorjobs"]},{"@type":"Person","@id":"https:\/\/news.canadamotorjobs.com\/#\/schema\/person\/51793d1f87d44011d7bcc2ed99269a90","name":"Benoit Charette","image":{"@type":"ImageObject","inLanguage":"fr-CA","@id":"https:\/\/news.canadamotorjobs.com\/#\/schema\/person\/image\/","url":"https:\/\/secure.gravatar.com\/avatar\/45f3d2eebcccd909668d7ce7ea7267b6?s=96&d=mm&r=g","contentUrl":"https:\/\/secure.gravatar.com\/avatar\/45f3d2eebcccd909668d7ce7ea7267b6?s=96&d=mm&r=g","caption":"Benoit Charette"},"description":"Benoit Charette \/ Propri\u00e9taire et r\u00e9dacteur en chef Benoit Charette pratique le journalisme automobile depuis bient\u00f4t 30 ans. Il a fait ses classes au c\u00f4t\u00e9 de Daniel H\u00e9raud et au Carnet de route de 1992 \u00e0 2001. Il est fondateur, copropri\u00e9taire et r\u00e9dacteur en chef de L\u2019Annuel de l\u2019automobile, qu\u2019il publie depuis 2001. Il a anim\u00e9 les \u00e9missions RPM et RPM+ sur V et les L\u00e9gendes de la route sur Historia. \u00c0 la radio depuis 1986, il reprend l\u2019antenne cette ann\u00e9e sur les ondes de Cogeco et participe pour la deuxi\u00e8me ann\u00e9e \u00e0 l\u2019\u00e9mission Passion Auto sur RDS en plus de mettre en ligne le site Web officiel de L\u2019Annuel de l\u2019automobile sur annuelauto.ca.","sameAs":["https:\/\/annuelauto.ca\/"],"url":"https:\/\/news.canadamotorjobs.com\/fr\/author\/benoit-charette\/"}]}},"_links":{"self":[{"href":"https:\/\/news.canadamotorjobs.com\/fr\/wp-json\/wp\/v2\/posts\/140637"}],"collection":[{"href":"https:\/\/news.canadamotorjobs.com\/fr\/wp-json\/wp\/v2\/posts"}],"about":[{"href":"https:\/\/news.canadamotorjobs.com\/fr\/wp-json\/wp\/v2\/types\/post"}],"author":[{"embeddable":true,"href":"https:\/\/news.canadamotorjobs.com\/fr\/wp-json\/wp\/v2\/users\/8"}],"replies":[{"embeddable":true,"href":"https:\/\/news.canadamotorjobs.com\/fr\/wp-json\/wp\/v2\/comments?post=140637"}],"version-history":[{"count":2,"href":"https:\/\/news.canadamotorjobs.com\/fr\/wp-json\/wp\/v2\/posts\/140637\/revisions"}],"predecessor-version":[{"id":140641,"href":"https:\/\/news.canadamotorjobs.com\/fr\/wp-json\/wp\/v2\/posts\/140637\/revisions\/140641"}],"wp:featuredmedia":[{"embeddable":true,"href":"https:\/\/news.canadamotorjobs.com\/fr\/wp-json\/wp\/v2\/media\/140639"}],"wp:attachment":[{"href":"https:\/\/news.canadamotorjobs.com\/fr\/wp-json\/wp\/v2\/media?parent=140637"}],"wp:term":[{"taxonomy":"category","embeddable":true,"href":"https:\/\/news.canadamotorjobs.com\/fr\/wp-json\/wp\/v2\/categories?post=140637"},{"taxonomy":"post_tag","embeddable":true,"href":"https:\/\/news.canadamotorjobs.com\/fr\/wp-json\/wp\/v2\/tags?post=140637"}],"curies":[{"name":"wp","href":"https:\/\/api.w.org\/{rel}","templated":true}]}}