{"id":140614,"date":"2023-02-23T10:13:35","date_gmt":"2023-02-23T15:13:35","guid":{"rendered":"https:\/\/news.canadamotorjobs.com\/?p=140614"},"modified":"2023-02-23T10:14:50","modified_gmt":"2023-02-23T15:14:50","slug":"jacques-villeneuve-tentera-a-nouveau-sa-chance-aux-24-heures-du-mans","status":"publish","type":"post","link":"https:\/\/news.canadamotorjobs.com\/fr\/jacques-villeneuve-tentera-a-nouveau-sa-chance-aux-24-heures-du-mans\/","title":{"rendered":"Jacques Villeneuve tentera \u00e0 nouveau sa chance aux 24 heures du Mans"},"content":{"rendered":"<\/p>\n<p>Jacques Villeneuve fait un premier retour au pilotage \u00e0 temps plein depuis 2008, ann\u00e9e o\u00f9 il avait termin\u00e9 au 2e rang des 24 heures de Mans au volant d\u2019une Peugeot 908. Il va se retrouver \u00e0 piloter \u00e0 temps plein dans un championnat mondial d\u2019endurance. pour l\u2019\u00e9quipe Floyd Vanwall Racing. Une \u00e9quipe priv\u00e9e qui fera ses d\u00e9buts dans la cat\u00e9gorie Hypercar et aura \u00e0 lutter face aux grands constructeurs que sont Toyota, Porsche, Cadillac, Ferrari ou encore Peugeot. La voiture est construite par l\u2019\u00e9curie ByKolles, qui a connu autant de succ\u00e8s que d\u2019\u00e9chec<\/p>\n<h3>Une saison bien remplie<\/h3>\n<p>\nOutre les 24 heures du Mans qui c\u00e9l\u00e8bre les 10 et 11 juin prochain le 100e anniversaire de cette mythique \u00e9preuve, Jacques Villeneuve sera aussi au premier rendez-vous de la saison \u00e0 Sebring o\u00f9 le WEC \u00e9voluera \u00e0 nouveau en soutien des 12 Heures de l\u2019IMSA, le vendredi 17 mars. Il \u00e9tait important pour Villeneuve de se remettre \u00e0 la course \u00e0 temps plein et pas seulement faire quelques \u00e9preuves \u00e0 gauche et \u00e0 droite.<\/p>\n<h3>R\u00e9aliser un r\u00eave<\/h3>\n<p>\nJacques Villeneuve aimerait compl\u00e9ter ce qu\u2019il appelle sa triple couronne. La triple couronne de Villeneuve est un peu diff\u00e9rente de celle reconnue par le monde automobile qui consiste \u00e0 avoir gagn\u00e9 le Grand Prix de F1 \u00e0 Monaco, les 500 milles d\u2019Indianapolis et les 24 heures du Mans. Graham Hill est le seul pilote \u00e0 ce jour \u00e0 avoir r\u00e9alis\u00e9 cette Triple Couronne. Fernando Alonso est le pilote le plus r\u00e9cent \u00e0 avoir tent\u00e9 l&#8217;exploit, ajoutant des victoires au Mans en 2018 et 2019 \u00e0 ses deux victoires cons\u00e9cutives au Grand Prix de Monaco en 2006 et 2007. Mais il n&#8217;a pas r\u00e9ussi \u00e0 remporter l&#8217;Indy 500 apr\u00e8s trois tentatives en 2017, 2019 et 2020. Pour sa part6 Jacques Villeneuve n\u2019a jamais remport\u00e9 le Grand Prix de Monaco, mais consid\u00e8re que son championnat du monde de 1997 est plus que repr\u00e9sentatif. Il a remport\u00e9 les 500 milles d\u2019Indianapolis en 1995 et a termin\u00e9 2e au volant d\u2019une Peugeot aux 24 heures du Mans en 2008.<\/p>\n<h3>Deux partenaires dans l\u2019\u00e9quipe Vanwall<\/h3>\n<p>\nVilleneuve partagera le volant de la Vanwall Vandervell 680 Hypercar avec le Fran\u00e7ais Tom Dillmann et l\u2019Argentin Esteban Guerrieri. Villeneuve devrait disputer les 7 manches au calendrier du WEC. Bien \u00e9videmment, l\u2019id\u00e9e de revenir au Mans 15 ans apr\u00e8s sa derni\u00e8re participation enchante le pilote qui aura 52 ans au moment du d\u00e9part.<\/p>\n<p>Avec des renseignements de Pole-Position<\/p>\n<p>Le texte <a rel=\"nofollow\" href=\"https:\/\/annuelauto.ca\/jacques-villeneuve-tentera-a-nouveau-sa-chance-aux-24-heures-du-mans\/\">Jacques Villeneuve tentera \u00e0 nouveau sa chance aux 24 heures du Mans<\/a> provient de <a rel=\"nofollow\" href=\"https:\/\/annuelauto.ca\">L&#8217;annuel de l&#8217;automobile &#8211; Actualit\u00e9 automobile<\/a><\/p>\n<p><\/p>\n","protected":false},"excerpt":{"rendered":"<p>Jacques Villeneuve fait un premier retour au pilotage \u00e0 temps plein depuis 2008, ann\u00e9e o\u00f9 il avait termin\u00e9 au 2e rang des 24 heures de Mans au volant d\u2019une Peugeot 908. Il va se retrouver \u00e0 piloter \u00e0 temps plein dans un championnat mondial d\u2019endurance. pour l\u2019\u00e9quipe Floyd Vanwall Racing. Une \u00e9quipe priv\u00e9e qui fera [&hellip;]<\/p>\n","protected":false},"author":8,"featured_media":140616,"comment_status":"close","ping_status":"closed","sticky":false,"template":"","format":"standard","meta":{"_monsterinsights_skip_tracking":false,"_monsterinsights_sitenote_active":false,"_monsterinsights_sitenote_note":"","_monsterinsights_sitenote_category":0,"footnotes":""},"categories":[101],"tags":[],"yoast_head":"<!-- This site is optimized with the Yoast SEO plugin v23.2 - https:\/\/yoast.com\/wordpress\/plugins\/seo\/ -->\n<title>Jacques Villeneuve tentera \u00e0 nouveau sa chance aux 24 heures du Mans - CanadaMotorJobs.com<\/title>\n<meta name=\"description\" content=\"Jacques Villeneuve tentera \u00e0 nouveau sa chance aux 24 heures du Mans - Benoit Charette - Annuel automobile - CanadaMotorJobs.com.\" \/>\n<meta name=\"robots\" content=\"index, follow, max-snippet:-1, max-image-preview:large, max-video-preview:-1\" \/>\n<meta property=\"og:locale\" content=\"fr_CA\" \/>\n<meta property=\"og:type\" content=\"article\" \/>\n<meta property=\"og:title\" content=\"Jacques Villeneuve tentera \u00e0 nouveau sa chance aux 24 heures du Mans - CanadaMotorJobs.com\" \/>\n<meta property=\"og:description\" content=\"Jacques Villeneuve tentera \u00e0 nouveau sa chance aux 24 heures du Mans - Benoit Charette - Annuel automobile - CanadaMotorJobs.com.\" \/>\n<meta property=\"og:url\" content=\"https:\/\/news.canadamotorjobs.com\/fr\/jacques-villeneuve-tentera-a-nouveau-sa-chance-aux-24-heures-du-mans\/\" \/>\n<meta property=\"og:site_name\" content=\"CanadaMotorJobs.com\" \/>\n<meta property=\"article:publisher\" content=\"https:\/\/www.facebook.com\/canadamotorjobs\/\" \/>\n<meta property=\"article:published_time\" content=\"2023-02-23T15:13:35+00:00\" \/>\n<meta property=\"article:modified_time\" content=\"2023-02-23T15:14:50+00:00\" \/>\n<meta property=\"og:image\" content=\"https:\/\/news.canadamotorjobs.com\/wp-content\/uploads\/2023\/02\/dc4dd21be6a79f4e38f983033b729260648eb00a.jpg\" \/>\n\t<meta property=\"og:image:width\" content=\"1200\" \/>\n\t<meta property=\"og:image:height\" content=\"800\" \/>\n\t<meta property=\"og:image:type\" content=\"image\/jpeg\" \/>\n<meta name=\"author\" content=\"Benoit Charette\" \/>\n<meta name=\"twitter:card\" content=\"summary_large_image\" \/>\n<meta name=\"twitter:creator\" content=\"@canadamotorjobs\" \/>\n<meta name=\"twitter:site\" content=\"@canadamotorjobs\" \/>\n<meta name=\"twitter:label1\" content=\"\u00c9crit par\" \/>\n\t<meta name=\"twitter:data1\" content=\"Benoit Charette\" \/>\n\t<meta name=\"twitter:label2\" content=\"Estimation du temps de lecture\" \/>\n\t<meta name=\"twitter:data2\" content=\"2 minutes\" \/>\n<!-- \/ Yoast SEO plugin. -->","yoast_head_json":{"title":"Jacques Villeneuve tentera \u00e0 nouveau sa chance aux 24 heures du Mans - CanadaMotorJobs.com","description":"Jacques Villeneuve tentera \u00e0 nouveau sa chance aux 24 heures du Mans - Benoit Charette - Annuel automobile - CanadaMotorJobs.com.","robots":{"index":"index","follow":"follow","max-snippet":"max-snippet:-1","max-image-preview":"max-image-preview:large","max-video-preview":"max-video-preview:-1"},"og_locale":"fr_CA","og_type":"article","og_title":"Jacques Villeneuve tentera \u00e0 nouveau sa chance aux 24 heures du Mans - CanadaMotorJobs.com","og_description":"Jacques Villeneuve tentera \u00e0 nouveau sa chance aux 24 heures du Mans - Benoit Charette - Annuel automobile - CanadaMotorJobs.com.","og_url":"https:\/\/news.canadamotorjobs.com\/fr\/jacques-villeneuve-tentera-a-nouveau-sa-chance-aux-24-heures-du-mans\/","og_site_name":"CanadaMotorJobs.com","article_publisher":"https:\/\/www.facebook.com\/canadamotorjobs\/","article_published_time":"2023-02-23T15:13:35+00:00","article_modified_time":"2023-02-23T15:14:50+00:00","og_image":[{"width":1200,"height":800,"url":"https:\/\/news.canadamotorjobs.com\/wp-content\/uploads\/2023\/02\/dc4dd21be6a79f4e38f983033b729260648eb00a.jpg","type":"image\/jpeg"}],"author":"Benoit Charette","twitter_card":"summary_large_image","twitter_creator":"@canadamotorjobs","twitter_site":"@canadamotorjobs","twitter_misc":{"\u00c9crit par":"Benoit Charette","Estimation du temps de lecture":"2 minutes"},"schema":{"@context":"https:\/\/schema.org","@graph":[{"@type":"Article","@id":"https:\/\/news.canadamotorjobs.com\/fr\/jacques-villeneuve-tentera-a-nouveau-sa-chance-aux-24-heures-du-mans\/#article","isPartOf":{"@id":"https:\/\/news.canadamotorjobs.com\/fr\/jacques-villeneuve-tentera-a-nouveau-sa-chance-aux-24-heures-du-mans\/"},"author":{"name":"Benoit Charette","@id":"https:\/\/news.canadamotorjobs.com\/#\/schema\/person\/51793d1f87d44011d7bcc2ed99269a90"},"headline":"Jacques Villeneuve tentera \u00e0 nouveau sa chance aux 24 heures du Mans","datePublished":"2023-02-23T15:13:35+00:00","dateModified":"2023-02-23T15:14:50+00:00","mainEntityOfPage":{"@id":"https:\/\/news.canadamotorjobs.com\/fr\/jacques-villeneuve-tentera-a-nouveau-sa-chance-aux-24-heures-du-mans\/"},"wordCount":430,"publisher":{"@id":"https:\/\/news.canadamotorjobs.com\/#organization"},"image":{"@id":"https:\/\/news.canadamotorjobs.com\/fr\/jacques-villeneuve-tentera-a-nouveau-sa-chance-aux-24-heures-du-mans\/#primaryimage"},"thumbnailUrl":"https:\/\/news.canadamotorjobs.com\/wp-content\/uploads\/2023\/02\/dc4dd21be6a79f4e38f983033b729260648eb00a.jpg","articleSection":["Annuel automobile"],"inLanguage":"fr-CA"},{"@type":"WebPage","@id":"https:\/\/news.canadamotorjobs.com\/fr\/jacques-villeneuve-tentera-a-nouveau-sa-chance-aux-24-heures-du-mans\/","url":"https:\/\/news.canadamotorjobs.com\/fr\/jacques-villeneuve-tentera-a-nouveau-sa-chance-aux-24-heures-du-mans\/","name":"Jacques Villeneuve tentera \u00e0 nouveau sa chance aux 24 heures du Mans - CanadaMotorJobs.com","isPartOf":{"@id":"https:\/\/news.canadamotorjobs.com\/#website"},"primaryImageOfPage":{"@id":"https:\/\/news.canadamotorjobs.com\/fr\/jacques-villeneuve-tentera-a-nouveau-sa-chance-aux-24-heures-du-mans\/#primaryimage"},"image":{"@id":"https:\/\/news.canadamotorjobs.com\/fr\/jacques-villeneuve-tentera-a-nouveau-sa-chance-aux-24-heures-du-mans\/#primaryimage"},"thumbnailUrl":"https:\/\/news.canadamotorjobs.com\/wp-content\/uploads\/2023\/02\/dc4dd21be6a79f4e38f983033b729260648eb00a.jpg","datePublished":"2023-02-23T15:13:35+00:00","dateModified":"2023-02-23T15:14:50+00:00","description":"Jacques Villeneuve tentera \u00e0 nouveau sa chance aux 24 heures du Mans - Benoit Charette - Annuel automobile - CanadaMotorJobs.com.","breadcrumb":{"@id":"https:\/\/news.canadamotorjobs.com\/fr\/jacques-villeneuve-tentera-a-nouveau-sa-chance-aux-24-heures-du-mans\/#breadcrumb"},"inLanguage":"fr-CA","potentialAction":[{"@type":"ReadAction","target":["https:\/\/news.canadamotorjobs.com\/fr\/jacques-villeneuve-tentera-a-nouveau-sa-chance-aux-24-heures-du-mans\/"]}]},{"@type":"ImageObject","inLanguage":"fr-CA","@id":"https:\/\/news.canadamotorjobs.com\/fr\/jacques-villeneuve-tentera-a-nouveau-sa-chance-aux-24-heures-du-mans\/#primaryimage","url":"https:\/\/news.canadamotorjobs.com\/wp-content\/uploads\/2023\/02\/dc4dd21be6a79f4e38f983033b729260648eb00a.jpg","contentUrl":"https:\/\/news.canadamotorjobs.com\/wp-content\/uploads\/2023\/02\/dc4dd21be6a79f4e38f983033b729260648eb00a.jpg","width":1200,"height":800},{"@type":"BreadcrumbList","@id":"https:\/\/news.canadamotorjobs.com\/fr\/jacques-villeneuve-tentera-a-nouveau-sa-chance-aux-24-heures-du-mans\/#breadcrumb","itemListElement":[{"@type":"ListItem","position":1,"name":"Home","item":"https:\/\/news.canadamotorjobs.com\/fr\/blog\/"},{"@type":"ListItem","position":2,"name":"Jacques Villeneuve tentera \u00e0 nouveau sa chance aux 24 heures du Mans"}]},{"@type":"WebSite","@id":"https:\/\/news.canadamotorjobs.com\/#website","url":"https:\/\/news.canadamotorjobs.com\/","name":"CanadaMotorJobs.com","description":"Automotive Jobs","publisher":{"@id":"https:\/\/news.canadamotorjobs.com\/#organization"},"potentialAction":[{"@type":"SearchAction","target":{"@type":"EntryPoint","urlTemplate":"https:\/\/news.canadamotorjobs.com\/?s={search_term_string}"},"query-input":"required name=search_term_string"}],"inLanguage":"fr-CA"},{"@type":"Organization","@id":"https:\/\/news.canadamotorjobs.com\/#organization","name":"Canada Motor Jobs","url":"https:\/\/news.canadamotorjobs.com\/","logo":{"@type":"ImageObject","inLanguage":"fr-CA","@id":"https:\/\/news.canadamotorjobs.com\/#\/schema\/logo\/image\/","url":"https:\/\/news.canadamotorjobs.com\/wp-content\/uploads\/2022\/10\/logo-canada-motor-jobs-1.png","contentUrl":"https:\/\/news.canadamotorjobs.com\/wp-content\/uploads\/2022\/10\/logo-canada-motor-jobs-1.png","width":800,"height":400,"caption":"Canada Motor Jobs"},"image":{"@id":"https:\/\/news.canadamotorjobs.com\/#\/schema\/logo\/image\/"},"sameAs":["https:\/\/www.facebook.com\/canadamotorjobs\/","https:\/\/x.com\/canadamotorjobs","https:\/\/www.instagram.com\/canadamotorjobs\/","https:\/\/www.linkedin.com\/company\/canadamotorjobs"]},{"@type":"Person","@id":"https:\/\/news.canadamotorjobs.com\/#\/schema\/person\/51793d1f87d44011d7bcc2ed99269a90","name":"Benoit Charette","image":{"@type":"ImageObject","inLanguage":"fr-CA","@id":"https:\/\/news.canadamotorjobs.com\/#\/schema\/person\/image\/","url":"https:\/\/secure.gravatar.com\/avatar\/45f3d2eebcccd909668d7ce7ea7267b6?s=96&d=mm&r=g","contentUrl":"https:\/\/secure.gravatar.com\/avatar\/45f3d2eebcccd909668d7ce7ea7267b6?s=96&d=mm&r=g","caption":"Benoit Charette"},"description":"Benoit Charette \/ Propri\u00e9taire et r\u00e9dacteur en chef Benoit Charette pratique le journalisme automobile depuis bient\u00f4t 30 ans. Il a fait ses classes au c\u00f4t\u00e9 de Daniel H\u00e9raud et au Carnet de route de 1992 \u00e0 2001. Il est fondateur, copropri\u00e9taire et r\u00e9dacteur en chef de L\u2019Annuel de l\u2019automobile, qu\u2019il publie depuis 2001. Il a anim\u00e9 les \u00e9missions RPM et RPM+ sur V et les L\u00e9gendes de la route sur Historia. \u00c0 la radio depuis 1986, il reprend l\u2019antenne cette ann\u00e9e sur les ondes de Cogeco et participe pour la deuxi\u00e8me ann\u00e9e \u00e0 l\u2019\u00e9mission Passion Auto sur RDS en plus de mettre en ligne le site Web officiel de L\u2019Annuel de l\u2019automobile sur annuelauto.ca.","sameAs":["https:\/\/annuelauto.ca\/"],"url":"https:\/\/news.canadamotorjobs.com\/fr\/author\/benoit-charette\/"}]}},"_links":{"self":[{"href":"https:\/\/news.canadamotorjobs.com\/fr\/wp-json\/wp\/v2\/posts\/140614"}],"collection":[{"href":"https:\/\/news.canadamotorjobs.com\/fr\/wp-json\/wp\/v2\/posts"}],"about":[{"href":"https:\/\/news.canadamotorjobs.com\/fr\/wp-json\/wp\/v2\/types\/post"}],"author":[{"embeddable":true,"href":"https:\/\/news.canadamotorjobs.com\/fr\/wp-json\/wp\/v2\/users\/8"}],"replies":[{"embeddable":true,"href":"https:\/\/news.canadamotorjobs.com\/fr\/wp-json\/wp\/v2\/comments?post=140614"}],"version-history":[{"count":2,"href":"https:\/\/news.canadamotorjobs.com\/fr\/wp-json\/wp\/v2\/posts\/140614\/revisions"}],"predecessor-version":[{"id":140618,"href":"https:\/\/news.canadamotorjobs.com\/fr\/wp-json\/wp\/v2\/posts\/140614\/revisions\/140618"}],"wp:featuredmedia":[{"embeddable":true,"href":"https:\/\/news.canadamotorjobs.com\/fr\/wp-json\/wp\/v2\/media\/140616"}],"wp:attachment":[{"href":"https:\/\/news.canadamotorjobs.com\/fr\/wp-json\/wp\/v2\/media?parent=140614"}],"wp:term":[{"taxonomy":"category","embeddable":true,"href":"https:\/\/news.canadamotorjobs.com\/fr\/wp-json\/wp\/v2\/categories?post=140614"},{"taxonomy":"post_tag","embeddable":true,"href":"https:\/\/news.canadamotorjobs.com\/fr\/wp-json\/wp\/v2\/tags?post=140614"}],"curies":[{"name":"wp","href":"https:\/\/api.w.org\/{rel}","templated":true}]}}