{"id":140557,"date":"2023-02-22T09:44:28","date_gmt":"2023-02-22T14:44:28","guid":{"rendered":"https:\/\/news.canadamotorjobs.com\/?p=140557"},"modified":"2023-02-22T09:59:16","modified_gmt":"2023-02-22T14:59:16","slug":"ca-ne-va-pas-aussi-bien-que-prevu-pour-lucid-motors","status":"publish","type":"post","link":"https:\/\/news.canadamotorjobs.com\/fr\/ca-ne-va-pas-aussi-bien-que-prevu-pour-lucid-motors\/","title":{"rendered":"\u00c7a ne va pas aussi bien que pr\u00e9vu pour Lucid Motors"},"content":{"rendered":"<\/p>\n<p>La marque californienne de berlines \u00e9lectriques de luxe Lucid Motors a publi\u00e9 des r\u00e9sultats financiers plus t\u00f4t cette semaine et \u00e7a devient de plus en plus int\u00e9ressant, dans la mesure o\u00f9 Lucid est d\u00e9sormais officiellement pr\u00e9sente au Qu\u00e9bec. L\u2019entreprise lourdement financ\u00e9e par le fonds souverain d\u2019Arabie Saoudite a ouvert en d\u00e9but d\u2019ann\u00e9e une salle d\u2019exposition sur la rue Saint-Jacques, dans le sud de Montr\u00e9al.<\/p>\n<p>Commen\u00e7ons par la bonne nouvelle, du point de vue de Lucid \u00e0 tout le moins\u00a0: l\u2019entreprise dit avoir dans ses mains \u00e0 l\u2019heure actuelle une liste de 34\u00a0000 clients qui ont d\u00e9j\u00e0 command\u00e9 une version ou une autre de sa berline Air, le seul mod\u00e8le que comporte son catalogue en ce moment. Pour des voitures dont le prix de d\u00e9tail d\u00e9marre \u00e0 150\u00a0000 $ mais se situe en g\u00e9n\u00e9ral au-del\u00e0 des 200\u00a0000 $, ce n\u2019est pas rien.<\/p>\n<p>L\u2019arriv\u00e9e plus tard cette ann\u00e9e d\u2019une version r\u00e9duite de la Air qui co\u00fbtera 121\u00a0000 $ a aussi d\u00fb attirer son lot d\u2019int\u00e9ress\u00e9s. Reste \u00e0 voir si Lucid pourra satisfaire la demande assez vite. Sa production en 2022 a \u00e9t\u00e9 de moins de 20\u00a0000 exemplaires, ce qui est moins que ce qu\u2019on pr\u00e9voyait au d\u00e9part, et loin sous les volumes n\u00e9cessaires \u00e0 Lucid pour \u00eatre rentable.<\/p>\n<p>Car, voil\u00e0\u00a0: m\u00eame malgr\u00e9 leur prix \u00e9lev\u00e9, les berlines Air de Lucid ne permettent pas \u00e0 la marque de g\u00e9n\u00e9rer des profits. En plus, elle a d\u00fb revoir \u00e0 la baisse ses prix il y a quelques semaines, apr\u00e8s que Tesla ait annonc\u00e9 que ses propres prix allaient baisser.<\/p>\n<p>Aux \u00c9tats-Unis, Lucid a aussi \u00e9t\u00e9 \u00e9cart\u00e9e de la nouvelle aide f\u00e9d\u00e9rale \u00e0 l\u2019achat d\u2019un v\u00e9hicule \u00e9lectrique, qui est de 7500 $US.<\/p>\n<p>Donc, la situation financi\u00e8re est un peu compliqu\u00e9e. Elle inqui\u00e8te aussi de plus en plus les investisseurs et les analystes. En bourse, o\u00f9 Lucid Motors s\u2019appelle en fait Lucid Group, son action a d\u00e9gringol\u00e9 de 60% en un an. Elle a rebondi depuis le d\u00e9but de l\u2019ann\u00e9e pour recommencer \u00e0 baisser ces derniers jours.<\/p>\n<p>Mais il y a de l\u2019espoir\u00a0: les revenus de Lucid sont pass\u00e9s de 26 millions $US durant les trois derniers mois de 2021 \u00e0 302 millions $ durant les trois derniers mois de 2022. Au moins, \u00e7a, \u00e7a va dans le bon sens. En plus, un VUS appel\u00e9 Gravity devrait \u00eatre mis en march\u00e9 l\u2019an prochain et les r\u00e9servations pour ce mod\u00e8le-l\u00e0 devraient d\u00e9buter bient\u00f4t.<\/p>\n<p>Le texte <a rel=\"nofollow\" href=\"https:\/\/annuelauto.ca\/ca-ne-va-pas-aussi-bien-que-prevu-pour-lucid-motors\/\">\u00c7a ne va pas aussi bien que pr\u00e9vu pour Lucid Motors<\/a> provient de <a rel=\"nofollow\" href=\"https:\/\/annuelauto.ca\">L&#8217;annuel de l&#8217;automobile &#8211; Actualit\u00e9 automobile<\/a><\/p>\n<p><\/p>\n","protected":false},"excerpt":{"rendered":"<p>La marque californienne de berlines \u00e9lectriques de luxe Lucid Motors a publi\u00e9 des r\u00e9sultats financiers plus t\u00f4t cette semaine et \u00e7a devient de plus en plus int\u00e9ressant, dans la mesure o\u00f9 Lucid est d\u00e9sormais officiellement pr\u00e9sente au Qu\u00e9bec. L\u2019entreprise lourdement financ\u00e9e par le fonds souverain d\u2019Arabie Saoudite a ouvert en d\u00e9but d\u2019ann\u00e9e une salle d\u2019exposition [&hellip;]<\/p>\n","protected":false},"author":8,"featured_media":140559,"comment_status":"close","ping_status":"closed","sticky":false,"template":"","format":"standard","meta":{"_monsterinsights_skip_tracking":false,"_monsterinsights_sitenote_active":false,"_monsterinsights_sitenote_note":"","_monsterinsights_sitenote_category":0,"footnotes":""},"categories":[101],"tags":[],"yoast_head":"<!-- This site is optimized with the Yoast SEO plugin v23.2 - https:\/\/yoast.com\/wordpress\/plugins\/seo\/ -->\n<title>\u00c7a ne va pas aussi bien que pr\u00e9vu pour Lucid Motors - CanadaMotorJobs.com<\/title>\n<meta name=\"description\" content=\"\u00c7a ne va pas aussi bien que pr\u00e9vu pour Lucid Motors - Benoit Charette - Annuel automobile - CanadaMotorJobs.com.\" \/>\n<meta name=\"robots\" content=\"index, follow, max-snippet:-1, max-image-preview:large, max-video-preview:-1\" \/>\n<meta property=\"og:locale\" content=\"fr_CA\" \/>\n<meta property=\"og:type\" content=\"article\" \/>\n<meta property=\"og:title\" content=\"\u00c7a ne va pas aussi bien que pr\u00e9vu pour Lucid Motors - CanadaMotorJobs.com\" \/>\n<meta property=\"og:description\" content=\"\u00c7a ne va pas aussi bien que pr\u00e9vu pour Lucid Motors - Benoit Charette - Annuel automobile - CanadaMotorJobs.com.\" \/>\n<meta property=\"og:url\" content=\"https:\/\/news.canadamotorjobs.com\/fr\/ca-ne-va-pas-aussi-bien-que-prevu-pour-lucid-motors\/\" \/>\n<meta property=\"og:site_name\" content=\"CanadaMotorJobs.com\" \/>\n<meta property=\"article:publisher\" content=\"https:\/\/www.facebook.com\/canadamotorjobs\/\" \/>\n<meta property=\"article:published_time\" content=\"2023-02-22T14:44:28+00:00\" \/>\n<meta property=\"article:modified_time\" content=\"2023-02-22T14:59:16+00:00\" \/>\n<meta property=\"og:image\" content=\"https:\/\/news.canadamotorjobs.com\/wp-content\/uploads\/2023\/02\/Montreal_Lucid_Studio_01.jpg\" \/>\n\t<meta property=\"og:image:width\" content=\"1013\" \/>\n\t<meta property=\"og:image:height\" content=\"675\" \/>\n\t<meta property=\"og:image:type\" content=\"image\/jpeg\" \/>\n<meta name=\"author\" content=\"Benoit Charette\" \/>\n<meta name=\"twitter:card\" content=\"summary_large_image\" \/>\n<meta name=\"twitter:creator\" content=\"@canadamotorjobs\" \/>\n<meta name=\"twitter:site\" content=\"@canadamotorjobs\" \/>\n<meta name=\"twitter:label1\" content=\"\u00c9crit par\" \/>\n\t<meta name=\"twitter:data1\" content=\"Benoit Charette\" \/>\n\t<meta name=\"twitter:label2\" content=\"Estimation du temps de lecture\" \/>\n\t<meta name=\"twitter:data2\" content=\"2 minutes\" \/>\n<!-- \/ Yoast SEO plugin. -->","yoast_head_json":{"title":"\u00c7a ne va pas aussi bien que pr\u00e9vu pour Lucid Motors - CanadaMotorJobs.com","description":"\u00c7a ne va pas aussi bien que pr\u00e9vu pour Lucid Motors - Benoit Charette - Annuel automobile - CanadaMotorJobs.com.","robots":{"index":"index","follow":"follow","max-snippet":"max-snippet:-1","max-image-preview":"max-image-preview:large","max-video-preview":"max-video-preview:-1"},"og_locale":"fr_CA","og_type":"article","og_title":"\u00c7a ne va pas aussi bien que pr\u00e9vu pour Lucid Motors - CanadaMotorJobs.com","og_description":"\u00c7a ne va pas aussi bien que pr\u00e9vu pour Lucid Motors - Benoit Charette - Annuel automobile - CanadaMotorJobs.com.","og_url":"https:\/\/news.canadamotorjobs.com\/fr\/ca-ne-va-pas-aussi-bien-que-prevu-pour-lucid-motors\/","og_site_name":"CanadaMotorJobs.com","article_publisher":"https:\/\/www.facebook.com\/canadamotorjobs\/","article_published_time":"2023-02-22T14:44:28+00:00","article_modified_time":"2023-02-22T14:59:16+00:00","og_image":[{"width":1013,"height":675,"url":"https:\/\/news.canadamotorjobs.com\/wp-content\/uploads\/2023\/02\/Montreal_Lucid_Studio_01.jpg","type":"image\/jpeg"}],"author":"Benoit Charette","twitter_card":"summary_large_image","twitter_creator":"@canadamotorjobs","twitter_site":"@canadamotorjobs","twitter_misc":{"\u00c9crit par":"Benoit Charette","Estimation du temps de lecture":"2 minutes"},"schema":{"@context":"https:\/\/schema.org","@graph":[{"@type":"Article","@id":"https:\/\/news.canadamotorjobs.com\/fr\/ca-ne-va-pas-aussi-bien-que-prevu-pour-lucid-motors\/#article","isPartOf":{"@id":"https:\/\/news.canadamotorjobs.com\/fr\/ca-ne-va-pas-aussi-bien-que-prevu-pour-lucid-motors\/"},"author":{"name":"Benoit Charette","@id":"https:\/\/news.canadamotorjobs.com\/#\/schema\/person\/51793d1f87d44011d7bcc2ed99269a90"},"headline":"\u00c7a ne va pas aussi bien que pr\u00e9vu pour Lucid Motors","datePublished":"2023-02-22T14:44:28+00:00","dateModified":"2023-02-22T14:59:16+00:00","mainEntityOfPage":{"@id":"https:\/\/news.canadamotorjobs.com\/fr\/ca-ne-va-pas-aussi-bien-que-prevu-pour-lucid-motors\/"},"wordCount":468,"publisher":{"@id":"https:\/\/news.canadamotorjobs.com\/#organization"},"image":{"@id":"https:\/\/news.canadamotorjobs.com\/fr\/ca-ne-va-pas-aussi-bien-que-prevu-pour-lucid-motors\/#primaryimage"},"thumbnailUrl":"https:\/\/news.canadamotorjobs.com\/wp-content\/uploads\/2023\/02\/Montreal_Lucid_Studio_01.jpg","articleSection":["Annuel automobile"],"inLanguage":"fr-CA"},{"@type":"WebPage","@id":"https:\/\/news.canadamotorjobs.com\/fr\/ca-ne-va-pas-aussi-bien-que-prevu-pour-lucid-motors\/","url":"https:\/\/news.canadamotorjobs.com\/fr\/ca-ne-va-pas-aussi-bien-que-prevu-pour-lucid-motors\/","name":"\u00c7a ne va pas aussi bien que pr\u00e9vu pour Lucid Motors - CanadaMotorJobs.com","isPartOf":{"@id":"https:\/\/news.canadamotorjobs.com\/#website"},"primaryImageOfPage":{"@id":"https:\/\/news.canadamotorjobs.com\/fr\/ca-ne-va-pas-aussi-bien-que-prevu-pour-lucid-motors\/#primaryimage"},"image":{"@id":"https:\/\/news.canadamotorjobs.com\/fr\/ca-ne-va-pas-aussi-bien-que-prevu-pour-lucid-motors\/#primaryimage"},"thumbnailUrl":"https:\/\/news.canadamotorjobs.com\/wp-content\/uploads\/2023\/02\/Montreal_Lucid_Studio_01.jpg","datePublished":"2023-02-22T14:44:28+00:00","dateModified":"2023-02-22T14:59:16+00:00","description":"\u00c7a ne va pas aussi bien que pr\u00e9vu pour Lucid Motors - Benoit Charette - Annuel automobile - CanadaMotorJobs.com.","breadcrumb":{"@id":"https:\/\/news.canadamotorjobs.com\/fr\/ca-ne-va-pas-aussi-bien-que-prevu-pour-lucid-motors\/#breadcrumb"},"inLanguage":"fr-CA","potentialAction":[{"@type":"ReadAction","target":["https:\/\/news.canadamotorjobs.com\/fr\/ca-ne-va-pas-aussi-bien-que-prevu-pour-lucid-motors\/"]}]},{"@type":"ImageObject","inLanguage":"fr-CA","@id":"https:\/\/news.canadamotorjobs.com\/fr\/ca-ne-va-pas-aussi-bien-que-prevu-pour-lucid-motors\/#primaryimage","url":"https:\/\/news.canadamotorjobs.com\/wp-content\/uploads\/2023\/02\/Montreal_Lucid_Studio_01.jpg","contentUrl":"https:\/\/news.canadamotorjobs.com\/wp-content\/uploads\/2023\/02\/Montreal_Lucid_Studio_01.jpg","width":1013,"height":675},{"@type":"BreadcrumbList","@id":"https:\/\/news.canadamotorjobs.com\/fr\/ca-ne-va-pas-aussi-bien-que-prevu-pour-lucid-motors\/#breadcrumb","itemListElement":[{"@type":"ListItem","position":1,"name":"Home","item":"https:\/\/news.canadamotorjobs.com\/fr\/blog\/"},{"@type":"ListItem","position":2,"name":"\u00c7a ne va pas aussi bien que pr\u00e9vu pour Lucid Motors"}]},{"@type":"WebSite","@id":"https:\/\/news.canadamotorjobs.com\/#website","url":"https:\/\/news.canadamotorjobs.com\/","name":"CanadaMotorJobs.com","description":"Automotive Jobs","publisher":{"@id":"https:\/\/news.canadamotorjobs.com\/#organization"},"potentialAction":[{"@type":"SearchAction","target":{"@type":"EntryPoint","urlTemplate":"https:\/\/news.canadamotorjobs.com\/?s={search_term_string}"},"query-input":"required name=search_term_string"}],"inLanguage":"fr-CA"},{"@type":"Organization","@id":"https:\/\/news.canadamotorjobs.com\/#organization","name":"Canada Motor Jobs","url":"https:\/\/news.canadamotorjobs.com\/","logo":{"@type":"ImageObject","inLanguage":"fr-CA","@id":"https:\/\/news.canadamotorjobs.com\/#\/schema\/logo\/image\/","url":"https:\/\/news.canadamotorjobs.com\/wp-content\/uploads\/2022\/10\/logo-canada-motor-jobs-1.png","contentUrl":"https:\/\/news.canadamotorjobs.com\/wp-content\/uploads\/2022\/10\/logo-canada-motor-jobs-1.png","width":800,"height":400,"caption":"Canada Motor Jobs"},"image":{"@id":"https:\/\/news.canadamotorjobs.com\/#\/schema\/logo\/image\/"},"sameAs":["https:\/\/www.facebook.com\/canadamotorjobs\/","https:\/\/x.com\/canadamotorjobs","https:\/\/www.instagram.com\/canadamotorjobs\/","https:\/\/www.linkedin.com\/company\/canadamotorjobs"]},{"@type":"Person","@id":"https:\/\/news.canadamotorjobs.com\/#\/schema\/person\/51793d1f87d44011d7bcc2ed99269a90","name":"Benoit Charette","image":{"@type":"ImageObject","inLanguage":"fr-CA","@id":"https:\/\/news.canadamotorjobs.com\/#\/schema\/person\/image\/","url":"https:\/\/secure.gravatar.com\/avatar\/45f3d2eebcccd909668d7ce7ea7267b6?s=96&d=mm&r=g","contentUrl":"https:\/\/secure.gravatar.com\/avatar\/45f3d2eebcccd909668d7ce7ea7267b6?s=96&d=mm&r=g","caption":"Benoit Charette"},"description":"Benoit Charette \/ Propri\u00e9taire et r\u00e9dacteur en chef Benoit Charette pratique le journalisme automobile depuis bient\u00f4t 30 ans. Il a fait ses classes au c\u00f4t\u00e9 de Daniel H\u00e9raud et au Carnet de route de 1992 \u00e0 2001. Il est fondateur, copropri\u00e9taire et r\u00e9dacteur en chef de L\u2019Annuel de l\u2019automobile, qu\u2019il publie depuis 2001. Il a anim\u00e9 les \u00e9missions RPM et RPM+ sur V et les L\u00e9gendes de la route sur Historia. \u00c0 la radio depuis 1986, il reprend l\u2019antenne cette ann\u00e9e sur les ondes de Cogeco et participe pour la deuxi\u00e8me ann\u00e9e \u00e0 l\u2019\u00e9mission Passion Auto sur RDS en plus de mettre en ligne le site Web officiel de L\u2019Annuel de l\u2019automobile sur annuelauto.ca.","sameAs":["https:\/\/annuelauto.ca\/"],"url":"https:\/\/news.canadamotorjobs.com\/fr\/author\/benoit-charette\/"}]}},"_links":{"self":[{"href":"https:\/\/news.canadamotorjobs.com\/fr\/wp-json\/wp\/v2\/posts\/140557"}],"collection":[{"href":"https:\/\/news.canadamotorjobs.com\/fr\/wp-json\/wp\/v2\/posts"}],"about":[{"href":"https:\/\/news.canadamotorjobs.com\/fr\/wp-json\/wp\/v2\/types\/post"}],"author":[{"embeddable":true,"href":"https:\/\/news.canadamotorjobs.com\/fr\/wp-json\/wp\/v2\/users\/8"}],"replies":[{"embeddable":true,"href":"https:\/\/news.canadamotorjobs.com\/fr\/wp-json\/wp\/v2\/comments?post=140557"}],"version-history":[{"count":2,"href":"https:\/\/news.canadamotorjobs.com\/fr\/wp-json\/wp\/v2\/posts\/140557\/revisions"}],"predecessor-version":[{"id":140561,"href":"https:\/\/news.canadamotorjobs.com\/fr\/wp-json\/wp\/v2\/posts\/140557\/revisions\/140561"}],"wp:featuredmedia":[{"embeddable":true,"href":"https:\/\/news.canadamotorjobs.com\/fr\/wp-json\/wp\/v2\/media\/140559"}],"wp:attachment":[{"href":"https:\/\/news.canadamotorjobs.com\/fr\/wp-json\/wp\/v2\/media?parent=140557"}],"wp:term":[{"taxonomy":"category","embeddable":true,"href":"https:\/\/news.canadamotorjobs.com\/fr\/wp-json\/wp\/v2\/categories?post=140557"},{"taxonomy":"post_tag","embeddable":true,"href":"https:\/\/news.canadamotorjobs.com\/fr\/wp-json\/wp\/v2\/tags?post=140557"}],"curies":[{"name":"wp","href":"https:\/\/api.w.org\/{rel}","templated":true}]}}