{"id":140530,"date":"2023-02-22T07:30:56","date_gmt":"2023-02-22T12:30:56","guid":{"rendered":"https:\/\/news.canadamotorjobs.com\/?p=140530"},"modified":"2023-02-22T07:46:38","modified_gmt":"2023-02-22T12:46:38","slug":"ski-doo-et-lynx-presentent-une-premiere-motoneige-electrique","status":"publish","type":"post","link":"https:\/\/news.canadamotorjobs.com\/fr\/ski-doo-et-lynx-presentent-une-premiere-motoneige-electrique\/","title":{"rendered":"Ski Doo et Lynx pr\u00e9sentent une premi\u00e8re motoneige \u00e9lectrique"},"content":{"rendered":"<\/p>\n<p>L\u2019entreprise qu\u00e9b\u00e9coise BRP continue de pousser vers l\u2019\u00e9lectrification de ses produits r\u00e9cr\u00e9atifs. L&#8217;an dernier, l&#8217;entreprise avait d\u00e9voil\u00e9 deux nouveaux mod\u00e8les \u00e9lectriques : l&#8217;Origin et le Pulse. Maintenant, Ski-Doo et Lynx entrent dans la danse en pr\u00e9voyant de lancer leurs premi\u00e8res motoneiges \u00e9lectriques en 2024.<\/p>\n<h3>Peu d\u2019informations en ce moment<\/h3>\n<p>\nLa soci\u00e9t\u00e9 n&#8217;a pas dit grand-chose \u00e0 propos des nouveaux mod\u00e8les, mais la gamme comprendra la Ski-Doo Grand Touring Electric ainsi que la Lynx Adventure Electric, r\u00e9serv\u00e9e aux Europ\u00e9ens. Visuellement, les deux mod\u00e8les sont tr\u00e8s proches de leurs homologues \u00e0 moteur \u00e0 combustion interne et promettent un plaisir propre unique qui invite les d\u00e9butants \u00e0 d\u00e9couvrir le monde de la motoneige.<\/p>\n<h3>Rotax E-Power<\/h3>\n<p>\nBRP a annonc\u00e9 que l\u2019autonomie \u00e9lectrique sera d\u2019environ 50 km et utilise la technologie E-Power. Malheureusement, les clients ne pourront pas en acheter, car les motoneiges ont \u00e9t\u00e9 con\u00e7ues et construites exclusivement pour les pourvoyeurs et les voyagistes d&#8217;Uncharted Society.\u00a0 Ils proposent des excursions guid\u00e9es en Europe et en Am\u00e9rique du Nord, et les prix varient en fonction du lieu, de l&#8217;exp\u00e9rience et de la dur\u00e9e.<\/p>\n<h3>D\u2019autres produits \u00e9lectriques \u00e0 venir<\/h3>\n<p>\nBRP dit qu&#8217;elle s&#8217;engage \u00e0 r\u00e9duire son empreinte carbone et fait remarquer que les motoneiges \u00e9lectriques sont les &#8220;premiers produits \u00e0 \u00eatre commercialis\u00e9s dans le cadre de l&#8217;engagement de BRP \u00e0 offrir des mod\u00e8les \u00e9lectriques dans toutes ses gammes de produits d&#8217;ici 2026&#8221;.\u00a0 Elles seront rejointes par les motos Can-Am Origin et Pulse en 2024, ainsi que par l&#8217;hydropt\u00e8re \u00e9lectrique Sea-Doo Rise.<\/p>\n<p>\u00a0<\/p>\n<p>Avec des renseignements de Bombardier<\/p>\n<p>Le texte <a rel=\"nofollow\" href=\"https:\/\/annuelauto.ca\/ski-doo-et-lynx-presentent-une-premiere-motoneige-electrique\/\">Ski Doo et Lynx pr\u00e9sentent une premi\u00e8re motoneige \u00e9lectrique<\/a> provient de <a rel=\"nofollow\" href=\"https:\/\/annuelauto.ca\">L&#8217;annuel de l&#8217;automobile &#8211; Actualit\u00e9 automobile<\/a><\/p>\n<p><\/p>\n","protected":false},"excerpt":{"rendered":"<p>L\u2019entreprise qu\u00e9b\u00e9coise BRP continue de pousser vers l\u2019\u00e9lectrification de ses produits r\u00e9cr\u00e9atifs. L&#8217;an dernier, l&#8217;entreprise avait d\u00e9voil\u00e9 deux nouveaux mod\u00e8les \u00e9lectriques : l&#8217;Origin et le Pulse. Maintenant, Ski-Doo et Lynx entrent dans la danse en pr\u00e9voyant de lancer leurs premi\u00e8res motoneiges \u00e9lectriques en 2024. Peu d\u2019informations en ce moment La soci\u00e9t\u00e9 n&#8217;a pas dit grand-chose [&hellip;]<\/p>\n","protected":false},"author":8,"featured_media":140532,"comment_status":"close","ping_status":"closed","sticky":false,"template":"","format":"standard","meta":{"_monsterinsights_skip_tracking":false,"_monsterinsights_sitenote_active":false,"_monsterinsights_sitenote_note":"","_monsterinsights_sitenote_category":0,"footnotes":""},"categories":[101],"tags":[],"yoast_head":"<!-- This site is optimized with the Yoast SEO plugin v23.2 - https:\/\/yoast.com\/wordpress\/plugins\/seo\/ -->\n<title>Ski Doo et Lynx pr\u00e9sentent une premi\u00e8re motoneige \u00e9lectrique - CanadaMotorJobs.com<\/title>\n<meta name=\"description\" content=\"Ski Doo et Lynx pr\u00e9sentent une premi\u00e8re motoneige \u00e9lectrique - Benoit Charette - Annuel automobile - CanadaMotorJobs.com.\" \/>\n<meta name=\"robots\" content=\"index, follow, max-snippet:-1, max-image-preview:large, max-video-preview:-1\" \/>\n<meta property=\"og:locale\" content=\"fr_CA\" \/>\n<meta property=\"og:type\" content=\"article\" \/>\n<meta property=\"og:title\" content=\"Ski Doo et Lynx pr\u00e9sentent une premi\u00e8re motoneige \u00e9lectrique - CanadaMotorJobs.com\" \/>\n<meta property=\"og:description\" content=\"Ski Doo et Lynx pr\u00e9sentent une premi\u00e8re motoneige \u00e9lectrique - Benoit Charette - Annuel automobile - CanadaMotorJobs.com.\" \/>\n<meta property=\"og:url\" content=\"https:\/\/news.canadamotorjobs.com\/fr\/ski-doo-et-lynx-presentent-une-premiere-motoneige-electrique\/\" \/>\n<meta property=\"og:site_name\" content=\"CanadaMotorJobs.com\" \/>\n<meta property=\"article:publisher\" content=\"https:\/\/www.facebook.com\/canadamotorjobs\/\" \/>\n<meta property=\"article:published_time\" content=\"2023-02-22T12:30:56+00:00\" \/>\n<meta property=\"article:modified_time\" content=\"2023-02-22T12:46:38+00:00\" \/>\n<meta property=\"og:image\" content=\"https:\/\/news.canadamotorjobs.com\/wp-content\/uploads\/2023\/02\/Ski-Doo-Grand-Touring-Electric-Lynx-Adventure-Electric-1.jpg\" \/>\n\t<meta property=\"og:image:width\" content=\"1920\" \/>\n\t<meta property=\"og:image:height\" content=\"1280\" \/>\n\t<meta property=\"og:image:type\" content=\"image\/jpeg\" \/>\n<meta name=\"author\" content=\"Benoit Charette\" \/>\n<meta name=\"twitter:card\" content=\"summary_large_image\" \/>\n<meta name=\"twitter:creator\" content=\"@canadamotorjobs\" \/>\n<meta name=\"twitter:site\" content=\"@canadamotorjobs\" \/>\n<meta name=\"twitter:label1\" content=\"\u00c9crit par\" \/>\n\t<meta name=\"twitter:data1\" content=\"Benoit Charette\" \/>\n\t<meta name=\"twitter:label2\" content=\"Estimation du temps de lecture\" \/>\n\t<meta name=\"twitter:data2\" content=\"1 minute\" \/>\n<!-- \/ Yoast SEO plugin. -->","yoast_head_json":{"title":"Ski Doo et Lynx pr\u00e9sentent une premi\u00e8re motoneige \u00e9lectrique - CanadaMotorJobs.com","description":"Ski Doo et Lynx pr\u00e9sentent une premi\u00e8re motoneige \u00e9lectrique - Benoit Charette - Annuel automobile - CanadaMotorJobs.com.","robots":{"index":"index","follow":"follow","max-snippet":"max-snippet:-1","max-image-preview":"max-image-preview:large","max-video-preview":"max-video-preview:-1"},"og_locale":"fr_CA","og_type":"article","og_title":"Ski Doo et Lynx pr\u00e9sentent une premi\u00e8re motoneige \u00e9lectrique - CanadaMotorJobs.com","og_description":"Ski Doo et Lynx pr\u00e9sentent une premi\u00e8re motoneige \u00e9lectrique - Benoit Charette - Annuel automobile - CanadaMotorJobs.com.","og_url":"https:\/\/news.canadamotorjobs.com\/fr\/ski-doo-et-lynx-presentent-une-premiere-motoneige-electrique\/","og_site_name":"CanadaMotorJobs.com","article_publisher":"https:\/\/www.facebook.com\/canadamotorjobs\/","article_published_time":"2023-02-22T12:30:56+00:00","article_modified_time":"2023-02-22T12:46:38+00:00","og_image":[{"width":1920,"height":1280,"url":"https:\/\/news.canadamotorjobs.com\/wp-content\/uploads\/2023\/02\/Ski-Doo-Grand-Touring-Electric-Lynx-Adventure-Electric-1.jpg","type":"image\/jpeg"}],"author":"Benoit Charette","twitter_card":"summary_large_image","twitter_creator":"@canadamotorjobs","twitter_site":"@canadamotorjobs","twitter_misc":{"\u00c9crit par":"Benoit Charette","Estimation du temps de lecture":"1 minute"},"schema":{"@context":"https:\/\/schema.org","@graph":[{"@type":"Article","@id":"https:\/\/news.canadamotorjobs.com\/fr\/ski-doo-et-lynx-presentent-une-premiere-motoneige-electrique\/#article","isPartOf":{"@id":"https:\/\/news.canadamotorjobs.com\/fr\/ski-doo-et-lynx-presentent-une-premiere-motoneige-electrique\/"},"author":{"name":"Benoit Charette","@id":"https:\/\/news.canadamotorjobs.com\/#\/schema\/person\/51793d1f87d44011d7bcc2ed99269a90"},"headline":"Ski Doo et Lynx pr\u00e9sentent une premi\u00e8re motoneige \u00e9lectrique","datePublished":"2023-02-22T12:30:56+00:00","dateModified":"2023-02-22T12:46:38+00:00","mainEntityOfPage":{"@id":"https:\/\/news.canadamotorjobs.com\/fr\/ski-doo-et-lynx-presentent-une-premiere-motoneige-electrique\/"},"wordCount":313,"publisher":{"@id":"https:\/\/news.canadamotorjobs.com\/#organization"},"image":{"@id":"https:\/\/news.canadamotorjobs.com\/fr\/ski-doo-et-lynx-presentent-une-premiere-motoneige-electrique\/#primaryimage"},"thumbnailUrl":"https:\/\/news.canadamotorjobs.com\/wp-content\/uploads\/2023\/02\/Ski-Doo-Grand-Touring-Electric-Lynx-Adventure-Electric-1.jpg","articleSection":["Annuel automobile"],"inLanguage":"fr-CA"},{"@type":"WebPage","@id":"https:\/\/news.canadamotorjobs.com\/fr\/ski-doo-et-lynx-presentent-une-premiere-motoneige-electrique\/","url":"https:\/\/news.canadamotorjobs.com\/fr\/ski-doo-et-lynx-presentent-une-premiere-motoneige-electrique\/","name":"Ski Doo et Lynx pr\u00e9sentent une premi\u00e8re motoneige \u00e9lectrique - CanadaMotorJobs.com","isPartOf":{"@id":"https:\/\/news.canadamotorjobs.com\/#website"},"primaryImageOfPage":{"@id":"https:\/\/news.canadamotorjobs.com\/fr\/ski-doo-et-lynx-presentent-une-premiere-motoneige-electrique\/#primaryimage"},"image":{"@id":"https:\/\/news.canadamotorjobs.com\/fr\/ski-doo-et-lynx-presentent-une-premiere-motoneige-electrique\/#primaryimage"},"thumbnailUrl":"https:\/\/news.canadamotorjobs.com\/wp-content\/uploads\/2023\/02\/Ski-Doo-Grand-Touring-Electric-Lynx-Adventure-Electric-1.jpg","datePublished":"2023-02-22T12:30:56+00:00","dateModified":"2023-02-22T12:46:38+00:00","description":"Ski Doo et Lynx pr\u00e9sentent une premi\u00e8re motoneige \u00e9lectrique - Benoit Charette - Annuel automobile - CanadaMotorJobs.com.","breadcrumb":{"@id":"https:\/\/news.canadamotorjobs.com\/fr\/ski-doo-et-lynx-presentent-une-premiere-motoneige-electrique\/#breadcrumb"},"inLanguage":"fr-CA","potentialAction":[{"@type":"ReadAction","target":["https:\/\/news.canadamotorjobs.com\/fr\/ski-doo-et-lynx-presentent-une-premiere-motoneige-electrique\/"]}]},{"@type":"ImageObject","inLanguage":"fr-CA","@id":"https:\/\/news.canadamotorjobs.com\/fr\/ski-doo-et-lynx-presentent-une-premiere-motoneige-electrique\/#primaryimage","url":"https:\/\/news.canadamotorjobs.com\/wp-content\/uploads\/2023\/02\/Ski-Doo-Grand-Touring-Electric-Lynx-Adventure-Electric-1.jpg","contentUrl":"https:\/\/news.canadamotorjobs.com\/wp-content\/uploads\/2023\/02\/Ski-Doo-Grand-Touring-Electric-Lynx-Adventure-Electric-1.jpg","width":1920,"height":1280},{"@type":"BreadcrumbList","@id":"https:\/\/news.canadamotorjobs.com\/fr\/ski-doo-et-lynx-presentent-une-premiere-motoneige-electrique\/#breadcrumb","itemListElement":[{"@type":"ListItem","position":1,"name":"Home","item":"https:\/\/news.canadamotorjobs.com\/fr\/blog\/"},{"@type":"ListItem","position":2,"name":"Ski Doo et Lynx pr\u00e9sentent une premi\u00e8re motoneige \u00e9lectrique"}]},{"@type":"WebSite","@id":"https:\/\/news.canadamotorjobs.com\/#website","url":"https:\/\/news.canadamotorjobs.com\/","name":"CanadaMotorJobs.com","description":"Automotive Jobs","publisher":{"@id":"https:\/\/news.canadamotorjobs.com\/#organization"},"potentialAction":[{"@type":"SearchAction","target":{"@type":"EntryPoint","urlTemplate":"https:\/\/news.canadamotorjobs.com\/?s={search_term_string}"},"query-input":"required name=search_term_string"}],"inLanguage":"fr-CA"},{"@type":"Organization","@id":"https:\/\/news.canadamotorjobs.com\/#organization","name":"Canada Motor Jobs","url":"https:\/\/news.canadamotorjobs.com\/","logo":{"@type":"ImageObject","inLanguage":"fr-CA","@id":"https:\/\/news.canadamotorjobs.com\/#\/schema\/logo\/image\/","url":"https:\/\/news.canadamotorjobs.com\/wp-content\/uploads\/2022\/10\/logo-canada-motor-jobs-1.png","contentUrl":"https:\/\/news.canadamotorjobs.com\/wp-content\/uploads\/2022\/10\/logo-canada-motor-jobs-1.png","width":800,"height":400,"caption":"Canada Motor Jobs"},"image":{"@id":"https:\/\/news.canadamotorjobs.com\/#\/schema\/logo\/image\/"},"sameAs":["https:\/\/www.facebook.com\/canadamotorjobs\/","https:\/\/x.com\/canadamotorjobs","https:\/\/www.instagram.com\/canadamotorjobs\/","https:\/\/www.linkedin.com\/company\/canadamotorjobs"]},{"@type":"Person","@id":"https:\/\/news.canadamotorjobs.com\/#\/schema\/person\/51793d1f87d44011d7bcc2ed99269a90","name":"Benoit Charette","image":{"@type":"ImageObject","inLanguage":"fr-CA","@id":"https:\/\/news.canadamotorjobs.com\/#\/schema\/person\/image\/","url":"https:\/\/secure.gravatar.com\/avatar\/45f3d2eebcccd909668d7ce7ea7267b6?s=96&d=mm&r=g","contentUrl":"https:\/\/secure.gravatar.com\/avatar\/45f3d2eebcccd909668d7ce7ea7267b6?s=96&d=mm&r=g","caption":"Benoit Charette"},"description":"Benoit Charette \/ Propri\u00e9taire et r\u00e9dacteur en chef Benoit Charette pratique le journalisme automobile depuis bient\u00f4t 30 ans. Il a fait ses classes au c\u00f4t\u00e9 de Daniel H\u00e9raud et au Carnet de route de 1992 \u00e0 2001. Il est fondateur, copropri\u00e9taire et r\u00e9dacteur en chef de L\u2019Annuel de l\u2019automobile, qu\u2019il publie depuis 2001. Il a anim\u00e9 les \u00e9missions RPM et RPM+ sur V et les L\u00e9gendes de la route sur Historia. \u00c0 la radio depuis 1986, il reprend l\u2019antenne cette ann\u00e9e sur les ondes de Cogeco et participe pour la deuxi\u00e8me ann\u00e9e \u00e0 l\u2019\u00e9mission Passion Auto sur RDS en plus de mettre en ligne le site Web officiel de L\u2019Annuel de l\u2019automobile sur annuelauto.ca.","sameAs":["https:\/\/annuelauto.ca\/"],"url":"https:\/\/news.canadamotorjobs.com\/fr\/author\/benoit-charette\/"}]}},"_links":{"self":[{"href":"https:\/\/news.canadamotorjobs.com\/fr\/wp-json\/wp\/v2\/posts\/140530"}],"collection":[{"href":"https:\/\/news.canadamotorjobs.com\/fr\/wp-json\/wp\/v2\/posts"}],"about":[{"href":"https:\/\/news.canadamotorjobs.com\/fr\/wp-json\/wp\/v2\/types\/post"}],"author":[{"embeddable":true,"href":"https:\/\/news.canadamotorjobs.com\/fr\/wp-json\/wp\/v2\/users\/8"}],"replies":[{"embeddable":true,"href":"https:\/\/news.canadamotorjobs.com\/fr\/wp-json\/wp\/v2\/comments?post=140530"}],"version-history":[{"count":2,"href":"https:\/\/news.canadamotorjobs.com\/fr\/wp-json\/wp\/v2\/posts\/140530\/revisions"}],"predecessor-version":[{"id":140534,"href":"https:\/\/news.canadamotorjobs.com\/fr\/wp-json\/wp\/v2\/posts\/140530\/revisions\/140534"}],"wp:featuredmedia":[{"embeddable":true,"href":"https:\/\/news.canadamotorjobs.com\/fr\/wp-json\/wp\/v2\/media\/140532"}],"wp:attachment":[{"href":"https:\/\/news.canadamotorjobs.com\/fr\/wp-json\/wp\/v2\/media?parent=140530"}],"wp:term":[{"taxonomy":"category","embeddable":true,"href":"https:\/\/news.canadamotorjobs.com\/fr\/wp-json\/wp\/v2\/categories?post=140530"},{"taxonomy":"post_tag","embeddable":true,"href":"https:\/\/news.canadamotorjobs.com\/fr\/wp-json\/wp\/v2\/tags?post=140530"}],"curies":[{"name":"wp","href":"https:\/\/api.w.org\/{rel}","templated":true}]}}