{"id":140507,"date":"2023-02-21T18:14:17","date_gmt":"2023-02-21T23:14:17","guid":{"rendered":"https:\/\/news.canadamotorjobs.com\/?p=140507"},"modified":"2023-02-21T18:14:38","modified_gmt":"2023-02-21T23:14:38","slug":"le-genesis-gv-70-electrique-va-se-vendre-84-000-au-canada","status":"publish","type":"post","link":"https:\/\/news.canadamotorjobs.com\/fr\/le-genesis-gv-70-electrique-va-se-vendre-84-000-au-canada\/","title":{"rendered":"Le Genesis GV 70 \u00e9lectrique va se vendre 84 000\u00a0$ au Canada"},"content":{"rendered":"<\/p>\n<p>Encore un autre v\u00e9hicule \u00e9lectrique dispendieux s\u2019ajoute \u00e0 la gamme des mod\u00e8les destin\u00e9s aux bien nantis, Le nouveau GV 70 \u00e9lectrique va se vendre \u00e0 partie de 84 000 $ au Canada, c\u2019est presque 20 000 $ de plus qu\u2019aux \u00c9tats-Unis. Le GV70 \u00e9lectrifi\u00e9e est le troisi\u00e8me v\u00e9hicule \u00e9lectrique de Genesis, apr\u00e8s le lancement du VUS de luxe GV60 et de la berline G80 \u00e9lectrifi\u00e9e l&#8217;an dernier. Construit sur la plateforme du GV70, le GV70 \u00e9lectrifi\u00e9 offre un int\u00e9rieur spacieux et bien am\u00e9nag\u00e9 et des performances raffin\u00e9es gr\u00e2ce \u00e0 une foule de technologies con\u00e7ues exclusivement pour les v\u00e9hicules \u00e9lectriques. Propuls\u00e9 par des moteurs \u00e9lectriques de 160 kW \u00e0 l&#8217;avant et \u00e0 l&#8217;arri\u00e8re, la puissance totale est de 320 kW (429 ch) et le couple de 516 lb-pi. L&#8217;activation du mode Boost permet d&#8217;atteindre une puissance de 483 ch en 10 secondes. La batterie de 77,4 kWh de la GV70 \u00e9lectrifi\u00e9e est capable de se recharger rapidement de 10 \u00e0 80 % en seulement 18 minutes gr\u00e2ce \u00e0 la recharge rapide en courant continu de 350 kW (800 V). L\u2019autonomie annonc\u00e9e est d\u2019environ 500 km.<\/p>\n<h3>Un habitacle haut de gamme<\/h3>\n<p>\nL&#8217;int\u00e9rieur est \u00e9quip\u00e9 de si\u00e8ges en cuir Nappa, d&#8217;un affichage t\u00eate haute, d&#8217;un combin\u00e9 d&#8217;instruments 3D, d&#8217;un syst\u00e8me audio haut de gamme, d&#8217;un contr\u00f4le actif du bruit sur la route, de si\u00e8ges de deuxi\u00e8me rang\u00e9e et d&#8217;un volant chauffant, de stores manuels pour les vitres lat\u00e9rales arri\u00e8re et d&#8217;un traitement exclusif de l&#8217;\u00e9clairage Mood. Il est disponible en huit couleurs ext\u00e9rieures, avec le choix entre deux traitements int\u00e9rieurs haut de gamme : Noir Obsidien monotone ou Blanc Glacier Deux Tons.<\/p>\n<p>Le mod\u00e8le va commencer \u00e0 arriver en concession le mois prochain<\/p>\n<p>Source\u00a0: Genesis<\/p>\n<p>Le texte <a rel=\"nofollow\" href=\"https:\/\/annuelauto.ca\/le-genesis-gv-70-electrique-va-se-vendre-84-000-au-canada\/\">Le Genesis GV 70 \u00e9lectrique va se vendre 84 000\u00a0$ au Canada<\/a> provient de <a rel=\"nofollow\" href=\"https:\/\/annuelauto.ca\">L&#8217;annuel de l&#8217;automobile &#8211; Actualit\u00e9 automobile<\/a><\/p>\n<p><\/p>\n","protected":false},"excerpt":{"rendered":"<p>Encore un autre v\u00e9hicule \u00e9lectrique dispendieux s\u2019ajoute \u00e0 la gamme des mod\u00e8les destin\u00e9s aux bien nantis, Le nouveau GV 70 \u00e9lectrique va se vendre \u00e0 partie de 84 000 $ au Canada, c\u2019est presque 20 000 $ de plus qu\u2019aux \u00c9tats-Unis. Le GV70 \u00e9lectrifi\u00e9e est le troisi\u00e8me v\u00e9hicule \u00e9lectrique de Genesis, apr\u00e8s le lancement du [&hellip;]<\/p>\n","protected":false},"author":8,"featured_media":140509,"comment_status":"close","ping_status":"closed","sticky":false,"template":"","format":"standard","meta":{"_monsterinsights_skip_tracking":false,"_monsterinsights_sitenote_active":false,"_monsterinsights_sitenote_note":"","_monsterinsights_sitenote_category":0,"footnotes":""},"categories":[101],"tags":[],"yoast_head":"<!-- This site is optimized with the Yoast SEO plugin v23.2 - https:\/\/yoast.com\/wordpress\/plugins\/seo\/ -->\n<title>Le Genesis GV 70 \u00e9lectrique va se vendre 84 000\u00a0$ au Canada - CanadaMotorJobs.com<\/title>\n<meta name=\"description\" content=\"Le Genesis GV 70 \u00e9lectrique va se vendre 84 000\u00a0$ au Canada - Benoit Charette - Annuel automobile - CanadaMotorJobs.com.\" \/>\n<meta name=\"robots\" content=\"index, follow, max-snippet:-1, max-image-preview:large, max-video-preview:-1\" \/>\n<meta property=\"og:locale\" content=\"fr_CA\" \/>\n<meta property=\"og:type\" content=\"article\" \/>\n<meta property=\"og:title\" content=\"Le Genesis GV 70 \u00e9lectrique va se vendre 84 000\u00a0$ au Canada - CanadaMotorJobs.com\" \/>\n<meta property=\"og:description\" content=\"Le Genesis GV 70 \u00e9lectrique va se vendre 84 000\u00a0$ au Canada - Benoit Charette - Annuel automobile - CanadaMotorJobs.com.\" \/>\n<meta property=\"og:url\" content=\"https:\/\/news.canadamotorjobs.com\/fr\/le-genesis-gv-70-electrique-va-se-vendre-84-000-au-canada\/\" \/>\n<meta property=\"og:site_name\" content=\"CanadaMotorJobs.com\" \/>\n<meta property=\"article:publisher\" content=\"https:\/\/www.facebook.com\/canadamotorjobs\/\" \/>\n<meta property=\"article:published_time\" content=\"2023-02-21T23:14:17+00:00\" \/>\n<meta property=\"article:modified_time\" content=\"2023-02-21T23:14:38+00:00\" \/>\n<meta property=\"og:image\" content=\"https:\/\/news.canadamotorjobs.com\/wp-content\/uploads\/2023\/02\/2023-Genesis-Electrified-GV70-Prestige-AWD.jpg\" \/>\n\t<meta property=\"og:image:width\" content=\"1200\" \/>\n\t<meta property=\"og:image:height\" content=\"851\" \/>\n\t<meta property=\"og:image:type\" content=\"image\/jpeg\" \/>\n<meta name=\"author\" content=\"Benoit Charette\" \/>\n<meta name=\"twitter:card\" content=\"summary_large_image\" \/>\n<meta name=\"twitter:creator\" content=\"@canadamotorjobs\" \/>\n<meta name=\"twitter:site\" content=\"@canadamotorjobs\" \/>\n<meta name=\"twitter:label1\" content=\"\u00c9crit par\" \/>\n\t<meta name=\"twitter:data1\" content=\"Benoit Charette\" \/>\n\t<meta name=\"twitter:label2\" content=\"Estimation du temps de lecture\" \/>\n\t<meta name=\"twitter:data2\" content=\"2 minutes\" \/>\n<!-- \/ Yoast SEO plugin. -->","yoast_head_json":{"title":"Le Genesis GV 70 \u00e9lectrique va se vendre 84 000\u00a0$ au Canada - CanadaMotorJobs.com","description":"Le Genesis GV 70 \u00e9lectrique va se vendre 84 000\u00a0$ au Canada - Benoit Charette - Annuel automobile - CanadaMotorJobs.com.","robots":{"index":"index","follow":"follow","max-snippet":"max-snippet:-1","max-image-preview":"max-image-preview:large","max-video-preview":"max-video-preview:-1"},"og_locale":"fr_CA","og_type":"article","og_title":"Le Genesis GV 70 \u00e9lectrique va se vendre 84 000\u00a0$ au Canada - CanadaMotorJobs.com","og_description":"Le Genesis GV 70 \u00e9lectrique va se vendre 84 000\u00a0$ au Canada - Benoit Charette - Annuel automobile - CanadaMotorJobs.com.","og_url":"https:\/\/news.canadamotorjobs.com\/fr\/le-genesis-gv-70-electrique-va-se-vendre-84-000-au-canada\/","og_site_name":"CanadaMotorJobs.com","article_publisher":"https:\/\/www.facebook.com\/canadamotorjobs\/","article_published_time":"2023-02-21T23:14:17+00:00","article_modified_time":"2023-02-21T23:14:38+00:00","og_image":[{"width":1200,"height":851,"url":"https:\/\/news.canadamotorjobs.com\/wp-content\/uploads\/2023\/02\/2023-Genesis-Electrified-GV70-Prestige-AWD.jpg","type":"image\/jpeg"}],"author":"Benoit Charette","twitter_card":"summary_large_image","twitter_creator":"@canadamotorjobs","twitter_site":"@canadamotorjobs","twitter_misc":{"\u00c9crit par":"Benoit Charette","Estimation du temps de lecture":"2 minutes"},"schema":{"@context":"https:\/\/schema.org","@graph":[{"@type":"Article","@id":"https:\/\/news.canadamotorjobs.com\/fr\/le-genesis-gv-70-electrique-va-se-vendre-84-000-au-canada\/#article","isPartOf":{"@id":"https:\/\/news.canadamotorjobs.com\/fr\/le-genesis-gv-70-electrique-va-se-vendre-84-000-au-canada\/"},"author":{"name":"Benoit Charette","@id":"https:\/\/news.canadamotorjobs.com\/#\/schema\/person\/51793d1f87d44011d7bcc2ed99269a90"},"headline":"Le Genesis GV 70 \u00e9lectrique va se vendre 84 000\u00a0$ au Canada","datePublished":"2023-02-21T23:14:17+00:00","dateModified":"2023-02-21T23:14:38+00:00","mainEntityOfPage":{"@id":"https:\/\/news.canadamotorjobs.com\/fr\/le-genesis-gv-70-electrique-va-se-vendre-84-000-au-canada\/"},"wordCount":331,"publisher":{"@id":"https:\/\/news.canadamotorjobs.com\/#organization"},"image":{"@id":"https:\/\/news.canadamotorjobs.com\/fr\/le-genesis-gv-70-electrique-va-se-vendre-84-000-au-canada\/#primaryimage"},"thumbnailUrl":"https:\/\/news.canadamotorjobs.com\/wp-content\/uploads\/2023\/02\/2023-Genesis-Electrified-GV70-Prestige-AWD.jpg","articleSection":["Annuel automobile"],"inLanguage":"fr-CA"},{"@type":"WebPage","@id":"https:\/\/news.canadamotorjobs.com\/fr\/le-genesis-gv-70-electrique-va-se-vendre-84-000-au-canada\/","url":"https:\/\/news.canadamotorjobs.com\/fr\/le-genesis-gv-70-electrique-va-se-vendre-84-000-au-canada\/","name":"Le Genesis GV 70 \u00e9lectrique va se vendre 84 000\u00a0$ au Canada - CanadaMotorJobs.com","isPartOf":{"@id":"https:\/\/news.canadamotorjobs.com\/#website"},"primaryImageOfPage":{"@id":"https:\/\/news.canadamotorjobs.com\/fr\/le-genesis-gv-70-electrique-va-se-vendre-84-000-au-canada\/#primaryimage"},"image":{"@id":"https:\/\/news.canadamotorjobs.com\/fr\/le-genesis-gv-70-electrique-va-se-vendre-84-000-au-canada\/#primaryimage"},"thumbnailUrl":"https:\/\/news.canadamotorjobs.com\/wp-content\/uploads\/2023\/02\/2023-Genesis-Electrified-GV70-Prestige-AWD.jpg","datePublished":"2023-02-21T23:14:17+00:00","dateModified":"2023-02-21T23:14:38+00:00","description":"Le Genesis GV 70 \u00e9lectrique va se vendre 84 000\u00a0$ au Canada - Benoit Charette - Annuel automobile - CanadaMotorJobs.com.","breadcrumb":{"@id":"https:\/\/news.canadamotorjobs.com\/fr\/le-genesis-gv-70-electrique-va-se-vendre-84-000-au-canada\/#breadcrumb"},"inLanguage":"fr-CA","potentialAction":[{"@type":"ReadAction","target":["https:\/\/news.canadamotorjobs.com\/fr\/le-genesis-gv-70-electrique-va-se-vendre-84-000-au-canada\/"]}]},{"@type":"ImageObject","inLanguage":"fr-CA","@id":"https:\/\/news.canadamotorjobs.com\/fr\/le-genesis-gv-70-electrique-va-se-vendre-84-000-au-canada\/#primaryimage","url":"https:\/\/news.canadamotorjobs.com\/wp-content\/uploads\/2023\/02\/2023-Genesis-Electrified-GV70-Prestige-AWD.jpg","contentUrl":"https:\/\/news.canadamotorjobs.com\/wp-content\/uploads\/2023\/02\/2023-Genesis-Electrified-GV70-Prestige-AWD.jpg","width":1200,"height":851},{"@type":"BreadcrumbList","@id":"https:\/\/news.canadamotorjobs.com\/fr\/le-genesis-gv-70-electrique-va-se-vendre-84-000-au-canada\/#breadcrumb","itemListElement":[{"@type":"ListItem","position":1,"name":"Home","item":"https:\/\/news.canadamotorjobs.com\/fr\/blog\/"},{"@type":"ListItem","position":2,"name":"Le Genesis GV 70 \u00e9lectrique va se vendre 84 000\u00a0$ au Canada"}]},{"@type":"WebSite","@id":"https:\/\/news.canadamotorjobs.com\/#website","url":"https:\/\/news.canadamotorjobs.com\/","name":"CanadaMotorJobs.com","description":"Automotive Jobs","publisher":{"@id":"https:\/\/news.canadamotorjobs.com\/#organization"},"potentialAction":[{"@type":"SearchAction","target":{"@type":"EntryPoint","urlTemplate":"https:\/\/news.canadamotorjobs.com\/?s={search_term_string}"},"query-input":"required name=search_term_string"}],"inLanguage":"fr-CA"},{"@type":"Organization","@id":"https:\/\/news.canadamotorjobs.com\/#organization","name":"Canada Motor Jobs","url":"https:\/\/news.canadamotorjobs.com\/","logo":{"@type":"ImageObject","inLanguage":"fr-CA","@id":"https:\/\/news.canadamotorjobs.com\/#\/schema\/logo\/image\/","url":"https:\/\/news.canadamotorjobs.com\/wp-content\/uploads\/2022\/10\/logo-canada-motor-jobs-1.png","contentUrl":"https:\/\/news.canadamotorjobs.com\/wp-content\/uploads\/2022\/10\/logo-canada-motor-jobs-1.png","width":800,"height":400,"caption":"Canada Motor Jobs"},"image":{"@id":"https:\/\/news.canadamotorjobs.com\/#\/schema\/logo\/image\/"},"sameAs":["https:\/\/www.facebook.com\/canadamotorjobs\/","https:\/\/x.com\/canadamotorjobs","https:\/\/www.instagram.com\/canadamotorjobs\/","https:\/\/www.linkedin.com\/company\/canadamotorjobs"]},{"@type":"Person","@id":"https:\/\/news.canadamotorjobs.com\/#\/schema\/person\/51793d1f87d44011d7bcc2ed99269a90","name":"Benoit Charette","image":{"@type":"ImageObject","inLanguage":"fr-CA","@id":"https:\/\/news.canadamotorjobs.com\/#\/schema\/person\/image\/","url":"https:\/\/secure.gravatar.com\/avatar\/45f3d2eebcccd909668d7ce7ea7267b6?s=96&d=mm&r=g","contentUrl":"https:\/\/secure.gravatar.com\/avatar\/45f3d2eebcccd909668d7ce7ea7267b6?s=96&d=mm&r=g","caption":"Benoit Charette"},"description":"Benoit Charette \/ Propri\u00e9taire et r\u00e9dacteur en chef Benoit Charette pratique le journalisme automobile depuis bient\u00f4t 30 ans. Il a fait ses classes au c\u00f4t\u00e9 de Daniel H\u00e9raud et au Carnet de route de 1992 \u00e0 2001. Il est fondateur, copropri\u00e9taire et r\u00e9dacteur en chef de L\u2019Annuel de l\u2019automobile, qu\u2019il publie depuis 2001. Il a anim\u00e9 les \u00e9missions RPM et RPM+ sur V et les L\u00e9gendes de la route sur Historia. \u00c0 la radio depuis 1986, il reprend l\u2019antenne cette ann\u00e9e sur les ondes de Cogeco et participe pour la deuxi\u00e8me ann\u00e9e \u00e0 l\u2019\u00e9mission Passion Auto sur RDS en plus de mettre en ligne le site Web officiel de L\u2019Annuel de l\u2019automobile sur annuelauto.ca.","sameAs":["https:\/\/annuelauto.ca\/"],"url":"https:\/\/news.canadamotorjobs.com\/fr\/author\/benoit-charette\/"}]}},"_links":{"self":[{"href":"https:\/\/news.canadamotorjobs.com\/fr\/wp-json\/wp\/v2\/posts\/140507"}],"collection":[{"href":"https:\/\/news.canadamotorjobs.com\/fr\/wp-json\/wp\/v2\/posts"}],"about":[{"href":"https:\/\/news.canadamotorjobs.com\/fr\/wp-json\/wp\/v2\/types\/post"}],"author":[{"embeddable":true,"href":"https:\/\/news.canadamotorjobs.com\/fr\/wp-json\/wp\/v2\/users\/8"}],"replies":[{"embeddable":true,"href":"https:\/\/news.canadamotorjobs.com\/fr\/wp-json\/wp\/v2\/comments?post=140507"}],"version-history":[{"count":2,"href":"https:\/\/news.canadamotorjobs.com\/fr\/wp-json\/wp\/v2\/posts\/140507\/revisions"}],"predecessor-version":[{"id":140511,"href":"https:\/\/news.canadamotorjobs.com\/fr\/wp-json\/wp\/v2\/posts\/140507\/revisions\/140511"}],"wp:featuredmedia":[{"embeddable":true,"href":"https:\/\/news.canadamotorjobs.com\/fr\/wp-json\/wp\/v2\/media\/140509"}],"wp:attachment":[{"href":"https:\/\/news.canadamotorjobs.com\/fr\/wp-json\/wp\/v2\/media?parent=140507"}],"wp:term":[{"taxonomy":"category","embeddable":true,"href":"https:\/\/news.canadamotorjobs.com\/fr\/wp-json\/wp\/v2\/categories?post=140507"},{"taxonomy":"post_tag","embeddable":true,"href":"https:\/\/news.canadamotorjobs.com\/fr\/wp-json\/wp\/v2\/tags?post=140507"}],"curies":[{"name":"wp","href":"https:\/\/api.w.org\/{rel}","templated":true}]}}