{"id":140488,"date":"2023-02-21T15:47:09","date_gmt":"2023-02-21T20:47:09","guid":{"rendered":"https:\/\/news.canadamotorjobs.com\/?p=140488"},"modified":"2023-02-21T16:00:34","modified_gmt":"2023-02-21T21:00:34","slug":"de-laluminium-du-quebec-dans-les-bmw","status":"publish","type":"post","link":"https:\/\/news.canadamotorjobs.com\/fr\/de-laluminium-du-quebec-dans-les-bmw\/","title":{"rendered":"De l\u2019aluminium du Qu\u00e9bec dans les BMW"},"content":{"rendered":"<\/p>\n<p>Rio Tinto a annonc\u00e9 mardi qu&#8217;il fournirait \u00e0 BMW l&#8217;aluminium qu&#8217;il produit au Canada en utilisant l&#8217;\u00e9nergie hydro\u00e9lectrique, r\u00e9duisant ainsi l&#8217;empreinte carbone du constructeur automobile en ce qui concerne son approvisionnement en m\u00e9tal. La soci\u00e9t\u00e9 mini\u00e8re britannique et le constructeur automobile allemand ont annonc\u00e9 dans des d\u00e9clarations s\u00e9par\u00e9es qu&#8217;ils avaient sign\u00e9 un protocole d&#8217;entente pour que les op\u00e9rations hydro\u00e9lectriques de Rio Tinto au Canada fournissent \u00e0 l&#8217;usine de production de BMW \u00e0 Spartanburg, en Caroline du Sud, une quantit\u00e9 non sp\u00e9cifi\u00e9e d&#8217;aluminium \u00e0 partir de 2024 &#8211; un geste qui &#8220;pourrait g\u00e9n\u00e9rer une r\u00e9duction jusqu&#8217;\u00e0 70 pour cent des \u00e9missions de CO2 par rapport \u00e0 la r\u00e9f\u00e9rence du groupe BMW pour l&#8217;aluminium&#8221;, selon Rio Tinto.<\/p>\n<h3>Une m\u00e9thode baptis\u00e9e ELYSIS<\/h3>\n<p>\nLa technologie ELYSIS, d\u00e9velopp\u00e9e pour la production d\u2019aluminium, utilise des anodes sans carbone pour \u00e9liminer toutes les \u00e9missions de CO2 li\u00e9es au processus et a \u00e9t\u00e9 test\u00e9e avec succ\u00e8s au niveau industriel pour la premi\u00e8re fois en 2021.<\/p>\n<h3>\nLe Qu\u00e9bec en position de t\u00eate<\/h3>\n<p>\nOutre le proc\u00e9d\u00e9 sans carbone, l\u2019accord couvre \u00e9galement les alliages d\u2019aluminium produits avec de l\u2019\u00e9lectricit\u00e9 provenant de sources d\u2019\u00e9nergie renouvelables, dont les \u00e9missions de CO2 ne repr\u00e9sentent qu\u2019un tiers de la moyenne de l\u2019industrie. Les installations de production d\u2019aluminium du Qu\u00e9bec fonctionnent presque enti\u00e8rement avec de l\u2019\u00e9lectricit\u00e9 provenant de six centrales hydro\u00e9lectriques locales. Comme contribution suppl\u00e9mentaire \u00e0 la conservation des ressources, des mat\u00e9riaux recycl\u00e9s seront m\u00e9lang\u00e9s au produit final pour atteindre potentiellement jusqu\u2019\u00e0 50 % de mat\u00e9riaux secondaires. L\u2019utilisation de la technologie blockchain de Rio Tinto garantit \u00e9galement la tra\u00e7abilit\u00e9 compl\u00e8te de l\u2019aluminium jusqu\u2019\u00e0 la mine de bauxite d\u2019origine. Cela permet une transparence de bout en bout de la cha\u00eene d\u2019approvisionnement et joue donc un r\u00f4le important dans le suivi du respect des normes environnementales et sociales pour l\u2019extraction des mati\u00e8res premi\u00e8res.<\/p>\n<p>Rappelons que l\u2019usine de BMW \u00e0 Spartanburg construit les VUS X3,X4,X5,X6,X7 et XM<\/p>\n<p>Avec des renseignements du Quotidien<\/p>\n<p>Le texte <a rel=\"nofollow\" href=\"https:\/\/annuelauto.ca\/de-laluminium-du-quebec-dans-les-bmw\/\">De l\u2019aluminium du Qu\u00e9bec dans les BMW<\/a> provient de <a rel=\"nofollow\" href=\"https:\/\/annuelauto.ca\">L&#8217;annuel de l&#8217;automobile &#8211; Actualit\u00e9 automobile<\/a><\/p>\n<p><\/p>\n","protected":false},"excerpt":{"rendered":"<p>Rio Tinto a annonc\u00e9 mardi qu&#8217;il fournirait \u00e0 BMW l&#8217;aluminium qu&#8217;il produit au Canada en utilisant l&#8217;\u00e9nergie hydro\u00e9lectrique, r\u00e9duisant ainsi l&#8217;empreinte carbone du constructeur automobile en ce qui concerne son approvisionnement en m\u00e9tal. La soci\u00e9t\u00e9 mini\u00e8re britannique et le constructeur automobile allemand ont annonc\u00e9 dans des d\u00e9clarations s\u00e9par\u00e9es qu&#8217;ils avaient sign\u00e9 un protocole d&#8217;entente pour [&hellip;]<\/p>\n","protected":false},"author":8,"featured_media":140490,"comment_status":"close","ping_status":"closed","sticky":false,"template":"","format":"standard","meta":{"_monsterinsights_skip_tracking":false,"_monsterinsights_sitenote_active":false,"_monsterinsights_sitenote_note":"","_monsterinsights_sitenote_category":0,"footnotes":""},"categories":[101],"tags":[],"yoast_head":"<!-- This site is optimized with the Yoast SEO plugin v23.2 - https:\/\/yoast.com\/wordpress\/plugins\/seo\/ -->\n<title>De l\u2019aluminium du Qu\u00e9bec dans les BMW - CanadaMotorJobs.com<\/title>\n<meta name=\"description\" content=\"De l\u2019aluminium du Qu\u00e9bec dans les BMW - Benoit Charette - Annuel automobile - CanadaMotorJobs.com.\" \/>\n<meta name=\"robots\" content=\"index, follow, max-snippet:-1, max-image-preview:large, max-video-preview:-1\" \/>\n<meta property=\"og:locale\" content=\"fr_CA\" \/>\n<meta property=\"og:type\" content=\"article\" \/>\n<meta property=\"og:title\" content=\"De l\u2019aluminium du Qu\u00e9bec dans les BMW - CanadaMotorJobs.com\" \/>\n<meta property=\"og:description\" content=\"De l\u2019aluminium du Qu\u00e9bec dans les BMW - Benoit Charette - Annuel automobile - CanadaMotorJobs.com.\" \/>\n<meta property=\"og:url\" content=\"https:\/\/news.canadamotorjobs.com\/fr\/de-laluminium-du-quebec-dans-les-bmw\/\" \/>\n<meta property=\"og:site_name\" content=\"CanadaMotorJobs.com\" \/>\n<meta property=\"article:publisher\" content=\"https:\/\/www.facebook.com\/canadamotorjobs\/\" \/>\n<meta property=\"article:published_time\" content=\"2023-02-21T20:47:09+00:00\" \/>\n<meta property=\"article:modified_time\" content=\"2023-02-21T21:00:34+00:00\" \/>\n<meta property=\"og:image\" content=\"https:\/\/news.canadamotorjobs.com\/wp-content\/uploads\/2023\/02\/resize.jpg\" \/>\n\t<meta property=\"og:image:width\" content=\"1024\" \/>\n\t<meta property=\"og:image:height\" content=\"673\" \/>\n\t<meta property=\"og:image:type\" content=\"image\/jpeg\" \/>\n<meta name=\"author\" content=\"Benoit Charette\" \/>\n<meta name=\"twitter:card\" content=\"summary_large_image\" \/>\n<meta name=\"twitter:creator\" content=\"@canadamotorjobs\" \/>\n<meta name=\"twitter:site\" content=\"@canadamotorjobs\" \/>\n<meta name=\"twitter:label1\" content=\"\u00c9crit par\" \/>\n\t<meta name=\"twitter:data1\" content=\"Benoit Charette\" \/>\n\t<meta name=\"twitter:label2\" content=\"Estimation du temps de lecture\" \/>\n\t<meta name=\"twitter:data2\" content=\"2 minutes\" \/>\n<!-- \/ Yoast SEO plugin. -->","yoast_head_json":{"title":"De l\u2019aluminium du Qu\u00e9bec dans les BMW - CanadaMotorJobs.com","description":"De l\u2019aluminium du Qu\u00e9bec dans les BMW - Benoit Charette - Annuel automobile - CanadaMotorJobs.com.","robots":{"index":"index","follow":"follow","max-snippet":"max-snippet:-1","max-image-preview":"max-image-preview:large","max-video-preview":"max-video-preview:-1"},"og_locale":"fr_CA","og_type":"article","og_title":"De l\u2019aluminium du Qu\u00e9bec dans les BMW - CanadaMotorJobs.com","og_description":"De l\u2019aluminium du Qu\u00e9bec dans les BMW - Benoit Charette - Annuel automobile - CanadaMotorJobs.com.","og_url":"https:\/\/news.canadamotorjobs.com\/fr\/de-laluminium-du-quebec-dans-les-bmw\/","og_site_name":"CanadaMotorJobs.com","article_publisher":"https:\/\/www.facebook.com\/canadamotorjobs\/","article_published_time":"2023-02-21T20:47:09+00:00","article_modified_time":"2023-02-21T21:00:34+00:00","og_image":[{"width":1024,"height":673,"url":"https:\/\/news.canadamotorjobs.com\/wp-content\/uploads\/2023\/02\/resize.jpg","type":"image\/jpeg"}],"author":"Benoit Charette","twitter_card":"summary_large_image","twitter_creator":"@canadamotorjobs","twitter_site":"@canadamotorjobs","twitter_misc":{"\u00c9crit par":"Benoit Charette","Estimation du temps de lecture":"2 minutes"},"schema":{"@context":"https:\/\/schema.org","@graph":[{"@type":"Article","@id":"https:\/\/news.canadamotorjobs.com\/fr\/de-laluminium-du-quebec-dans-les-bmw\/#article","isPartOf":{"@id":"https:\/\/news.canadamotorjobs.com\/fr\/de-laluminium-du-quebec-dans-les-bmw\/"},"author":{"name":"Benoit Charette","@id":"https:\/\/news.canadamotorjobs.com\/#\/schema\/person\/51793d1f87d44011d7bcc2ed99269a90"},"headline":"De l\u2019aluminium du Qu\u00e9bec dans les BMW","datePublished":"2023-02-21T20:47:09+00:00","dateModified":"2023-02-21T21:00:34+00:00","mainEntityOfPage":{"@id":"https:\/\/news.canadamotorjobs.com\/fr\/de-laluminium-du-quebec-dans-les-bmw\/"},"wordCount":403,"publisher":{"@id":"https:\/\/news.canadamotorjobs.com\/#organization"},"image":{"@id":"https:\/\/news.canadamotorjobs.com\/fr\/de-laluminium-du-quebec-dans-les-bmw\/#primaryimage"},"thumbnailUrl":"https:\/\/news.canadamotorjobs.com\/wp-content\/uploads\/2023\/02\/resize.jpg","articleSection":["Annuel automobile"],"inLanguage":"fr-CA"},{"@type":"WebPage","@id":"https:\/\/news.canadamotorjobs.com\/fr\/de-laluminium-du-quebec-dans-les-bmw\/","url":"https:\/\/news.canadamotorjobs.com\/fr\/de-laluminium-du-quebec-dans-les-bmw\/","name":"De l\u2019aluminium du Qu\u00e9bec dans les BMW - CanadaMotorJobs.com","isPartOf":{"@id":"https:\/\/news.canadamotorjobs.com\/#website"},"primaryImageOfPage":{"@id":"https:\/\/news.canadamotorjobs.com\/fr\/de-laluminium-du-quebec-dans-les-bmw\/#primaryimage"},"image":{"@id":"https:\/\/news.canadamotorjobs.com\/fr\/de-laluminium-du-quebec-dans-les-bmw\/#primaryimage"},"thumbnailUrl":"https:\/\/news.canadamotorjobs.com\/wp-content\/uploads\/2023\/02\/resize.jpg","datePublished":"2023-02-21T20:47:09+00:00","dateModified":"2023-02-21T21:00:34+00:00","description":"De l\u2019aluminium du Qu\u00e9bec dans les BMW - Benoit Charette - Annuel automobile - CanadaMotorJobs.com.","breadcrumb":{"@id":"https:\/\/news.canadamotorjobs.com\/fr\/de-laluminium-du-quebec-dans-les-bmw\/#breadcrumb"},"inLanguage":"fr-CA","potentialAction":[{"@type":"ReadAction","target":["https:\/\/news.canadamotorjobs.com\/fr\/de-laluminium-du-quebec-dans-les-bmw\/"]}]},{"@type":"ImageObject","inLanguage":"fr-CA","@id":"https:\/\/news.canadamotorjobs.com\/fr\/de-laluminium-du-quebec-dans-les-bmw\/#primaryimage","url":"https:\/\/news.canadamotorjobs.com\/wp-content\/uploads\/2023\/02\/resize.jpg","contentUrl":"https:\/\/news.canadamotorjobs.com\/wp-content\/uploads\/2023\/02\/resize.jpg","width":1024,"height":673},{"@type":"BreadcrumbList","@id":"https:\/\/news.canadamotorjobs.com\/fr\/de-laluminium-du-quebec-dans-les-bmw\/#breadcrumb","itemListElement":[{"@type":"ListItem","position":1,"name":"Home","item":"https:\/\/news.canadamotorjobs.com\/fr\/blog\/"},{"@type":"ListItem","position":2,"name":"De l\u2019aluminium du Qu\u00e9bec dans les BMW"}]},{"@type":"WebSite","@id":"https:\/\/news.canadamotorjobs.com\/#website","url":"https:\/\/news.canadamotorjobs.com\/","name":"CanadaMotorJobs.com","description":"Automotive Jobs","publisher":{"@id":"https:\/\/news.canadamotorjobs.com\/#organization"},"potentialAction":[{"@type":"SearchAction","target":{"@type":"EntryPoint","urlTemplate":"https:\/\/news.canadamotorjobs.com\/?s={search_term_string}"},"query-input":"required name=search_term_string"}],"inLanguage":"fr-CA"},{"@type":"Organization","@id":"https:\/\/news.canadamotorjobs.com\/#organization","name":"Canada Motor Jobs","url":"https:\/\/news.canadamotorjobs.com\/","logo":{"@type":"ImageObject","inLanguage":"fr-CA","@id":"https:\/\/news.canadamotorjobs.com\/#\/schema\/logo\/image\/","url":"https:\/\/news.canadamotorjobs.com\/wp-content\/uploads\/2022\/10\/logo-canada-motor-jobs-1.png","contentUrl":"https:\/\/news.canadamotorjobs.com\/wp-content\/uploads\/2022\/10\/logo-canada-motor-jobs-1.png","width":800,"height":400,"caption":"Canada Motor Jobs"},"image":{"@id":"https:\/\/news.canadamotorjobs.com\/#\/schema\/logo\/image\/"},"sameAs":["https:\/\/www.facebook.com\/canadamotorjobs\/","https:\/\/x.com\/canadamotorjobs","https:\/\/www.instagram.com\/canadamotorjobs\/","https:\/\/www.linkedin.com\/company\/canadamotorjobs"]},{"@type":"Person","@id":"https:\/\/news.canadamotorjobs.com\/#\/schema\/person\/51793d1f87d44011d7bcc2ed99269a90","name":"Benoit Charette","image":{"@type":"ImageObject","inLanguage":"fr-CA","@id":"https:\/\/news.canadamotorjobs.com\/#\/schema\/person\/image\/","url":"https:\/\/secure.gravatar.com\/avatar\/45f3d2eebcccd909668d7ce7ea7267b6?s=96&d=mm&r=g","contentUrl":"https:\/\/secure.gravatar.com\/avatar\/45f3d2eebcccd909668d7ce7ea7267b6?s=96&d=mm&r=g","caption":"Benoit Charette"},"description":"Benoit Charette \/ Propri\u00e9taire et r\u00e9dacteur en chef Benoit Charette pratique le journalisme automobile depuis bient\u00f4t 30 ans. Il a fait ses classes au c\u00f4t\u00e9 de Daniel H\u00e9raud et au Carnet de route de 1992 \u00e0 2001. Il est fondateur, copropri\u00e9taire et r\u00e9dacteur en chef de L\u2019Annuel de l\u2019automobile, qu\u2019il publie depuis 2001. Il a anim\u00e9 les \u00e9missions RPM et RPM+ sur V et les L\u00e9gendes de la route sur Historia. \u00c0 la radio depuis 1986, il reprend l\u2019antenne cette ann\u00e9e sur les ondes de Cogeco et participe pour la deuxi\u00e8me ann\u00e9e \u00e0 l\u2019\u00e9mission Passion Auto sur RDS en plus de mettre en ligne le site Web officiel de L\u2019Annuel de l\u2019automobile sur annuelauto.ca.","sameAs":["https:\/\/annuelauto.ca\/"],"url":"https:\/\/news.canadamotorjobs.com\/fr\/author\/benoit-charette\/"}]}},"_links":{"self":[{"href":"https:\/\/news.canadamotorjobs.com\/fr\/wp-json\/wp\/v2\/posts\/140488"}],"collection":[{"href":"https:\/\/news.canadamotorjobs.com\/fr\/wp-json\/wp\/v2\/posts"}],"about":[{"href":"https:\/\/news.canadamotorjobs.com\/fr\/wp-json\/wp\/v2\/types\/post"}],"author":[{"embeddable":true,"href":"https:\/\/news.canadamotorjobs.com\/fr\/wp-json\/wp\/v2\/users\/8"}],"replies":[{"embeddable":true,"href":"https:\/\/news.canadamotorjobs.com\/fr\/wp-json\/wp\/v2\/comments?post=140488"}],"version-history":[{"count":2,"href":"https:\/\/news.canadamotorjobs.com\/fr\/wp-json\/wp\/v2\/posts\/140488\/revisions"}],"predecessor-version":[{"id":140492,"href":"https:\/\/news.canadamotorjobs.com\/fr\/wp-json\/wp\/v2\/posts\/140488\/revisions\/140492"}],"wp:featuredmedia":[{"embeddable":true,"href":"https:\/\/news.canadamotorjobs.com\/fr\/wp-json\/wp\/v2\/media\/140490"}],"wp:attachment":[{"href":"https:\/\/news.canadamotorjobs.com\/fr\/wp-json\/wp\/v2\/media?parent=140488"}],"wp:term":[{"taxonomy":"category","embeddable":true,"href":"https:\/\/news.canadamotorjobs.com\/fr\/wp-json\/wp\/v2\/categories?post=140488"},{"taxonomy":"post_tag","embeddable":true,"href":"https:\/\/news.canadamotorjobs.com\/fr\/wp-json\/wp\/v2\/tags?post=140488"}],"curies":[{"name":"wp","href":"https:\/\/api.w.org\/{rel}","templated":true}]}}