{"id":140465,"date":"2023-02-21T07:11:58","date_gmt":"2023-02-21T12:11:58","guid":{"rendered":"https:\/\/news.canadamotorjobs.com\/?p=140465"},"modified":"2023-02-21T07:15:18","modified_gmt":"2023-02-21T12:15:18","slug":"subaru-rappelle-les-modeles-crosstrek-hybrides-2019-a-2022-a-cause-dun-probleme-de-batterie","status":"publish","type":"post","link":"https:\/\/news.canadamotorjobs.com\/fr\/subaru-rappelle-les-modeles-crosstrek-hybrides-2019-a-2022-a-cause-dun-probleme-de-batterie\/","title":{"rendered":"Subaru rappelle les mod\u00e8les Crosstrek hybrides 2019 \u00e0 2022 \u00e0 cause d\u2019un probl\u00e8me de batterie"},"content":{"rendered":"<\/p>\n<p>Subaru vit un probl\u00e8me similaire au Toyota RAV4 hybride. La compagnie a d\u00e9couvert que certains mod\u00e8les de Subaru Crosstrek Hybride 2019-2022 ont une borne de harnais qui pourrait se corroder et se briser. La batterie 12 volts pr\u00e9sente un probl\u00e8me grave qui a entra\u00een\u00e9 le rappel du v\u00e9hicule. Si cette borne de harnais venait \u00e0 se briser, elle emp\u00eacherait la batterie de se recharger. Cela signifie que la batterie pourrait se d\u00e9charger lorsque le v\u00e9hicule est stationn\u00e9 ou que si la borne du harnais se brise lorsque le v\u00e9hicule est en mouvement, cela pourrait entra\u00eener une perte de puissance et augmenter le risque d&#8217;accident.<\/p>\n<h3>Les avis de rappels pour le 14 avril<\/h3>\n<p>\nL&#8217;avis de rappel de Subaru of America r\u00e9v\u00e8le que les propri\u00e9taires des mod\u00e8les concern\u00e9s seront contact\u00e9s \u00e0 partir du 14 avril 2023 au sujet du rappel et invit\u00e9s \u00e0 apporter leur v\u00e9hicule chez un concessionnaire Subaru pour qu&#8217;il soit r\u00e9par\u00e9. Pour r\u00e9soudre le probl\u00e8me, les concessionnaires remplaceront le support de montage de la borne du convertisseur. Si une inspection r\u00e9v\u00e8le la pr\u00e9sence de corrosion sur les bornes, le faisceau de sortie 12 volts et les bornes seront remplac\u00e9s. Comme c&#8217;est toujours le cas pour les rappels de ce type, les r\u00e9parations seront effectu\u00e9es gratuitement.<\/p>\n<p>\u00a0<\/p>\n<p>Avec des renseignements de Carscoops<\/p>\n<p>Le texte <a rel=\"nofollow\" href=\"https:\/\/annuelauto.ca\/subaru-rappelle-les-modeles-crosstrek-hybrides-2019-a-2022-a-cause-dun-probleme-de-batterie\/\">Subaru rappelle les mod\u00e8les Crosstrek hybrides 2019 \u00e0 2022 \u00e0 cause d\u2019un probl\u00e8me de batterie<\/a> provient de <a rel=\"nofollow\" href=\"https:\/\/annuelauto.ca\">L&#8217;annuel de l&#8217;automobile &#8211; Actualit\u00e9 automobile<\/a><\/p>\n<p><\/p>\n","protected":false},"excerpt":{"rendered":"<p>Subaru vit un probl\u00e8me similaire au Toyota RAV4 hybride. La compagnie a d\u00e9couvert que certains mod\u00e8les de Subaru Crosstrek Hybride 2019-2022 ont une borne de harnais qui pourrait se corroder et se briser. La batterie 12 volts pr\u00e9sente un probl\u00e8me grave qui a entra\u00een\u00e9 le rappel du v\u00e9hicule. Si cette borne de harnais venait \u00e0 [&hellip;]<\/p>\n","protected":false},"author":8,"featured_media":140467,"comment_status":"close","ping_status":"closed","sticky":false,"template":"","format":"standard","meta":{"_monsterinsights_skip_tracking":false,"_monsterinsights_sitenote_active":false,"_monsterinsights_sitenote_note":"","_monsterinsights_sitenote_category":0,"footnotes":""},"categories":[101],"tags":[],"yoast_head":"<!-- This site is optimized with the Yoast SEO plugin v23.2 - https:\/\/yoast.com\/wordpress\/plugins\/seo\/ -->\n<title>Subaru rappelle les mod\u00e8les Crosstrek hybrides 2019 \u00e0 2022 \u00e0 cause d\u2019un probl\u00e8me de batterie - CanadaMotorJobs.com<\/title>\n<meta name=\"description\" content=\"Subaru rappelle les mod\u00e8les Crosstrek hybrides 2019 \u00e0 2022 \u00e0 cause d\u2019un probl\u00e8me de batterie - Benoit Charette - Annuel automobile - CanadaMotorJobs.com.\" \/>\n<meta name=\"robots\" content=\"index, follow, max-snippet:-1, max-image-preview:large, max-video-preview:-1\" \/>\n<meta property=\"og:locale\" content=\"fr_CA\" \/>\n<meta property=\"og:type\" content=\"article\" \/>\n<meta property=\"og:title\" content=\"Subaru rappelle les mod\u00e8les Crosstrek hybrides 2019 \u00e0 2022 \u00e0 cause d\u2019un probl\u00e8me de batterie - CanadaMotorJobs.com\" \/>\n<meta property=\"og:description\" content=\"Subaru rappelle les mod\u00e8les Crosstrek hybrides 2019 \u00e0 2022 \u00e0 cause d\u2019un probl\u00e8me de batterie - Benoit Charette - Annuel automobile - CanadaMotorJobs.com.\" \/>\n<meta property=\"og:url\" content=\"https:\/\/news.canadamotorjobs.com\/fr\/subaru-rappelle-les-modeles-crosstrek-hybrides-2019-a-2022-a-cause-dun-probleme-de-batterie\/\" \/>\n<meta property=\"og:site_name\" content=\"CanadaMotorJobs.com\" \/>\n<meta property=\"article:publisher\" content=\"https:\/\/www.facebook.com\/canadamotorjobs\/\" \/>\n<meta property=\"article:published_time\" content=\"2023-02-21T12:11:58+00:00\" \/>\n<meta property=\"article:modified_time\" content=\"2023-02-21T12:15:18+00:00\" \/>\n<meta property=\"og:image\" content=\"https:\/\/news.canadamotorjobs.com\/wp-content\/uploads\/2023\/02\/2018-subaru-crosstrek-review-8-of-13.jpg\" \/>\n\t<meta property=\"og:image:width\" content=\"1200\" \/>\n\t<meta property=\"og:image:height\" content=\"801\" \/>\n\t<meta property=\"og:image:type\" content=\"image\/jpeg\" \/>\n<meta name=\"author\" content=\"Benoit Charette\" \/>\n<meta name=\"twitter:card\" content=\"summary_large_image\" \/>\n<meta name=\"twitter:creator\" content=\"@canadamotorjobs\" \/>\n<meta name=\"twitter:site\" content=\"@canadamotorjobs\" \/>\n<meta name=\"twitter:label1\" content=\"\u00c9crit par\" \/>\n\t<meta name=\"twitter:data1\" content=\"Benoit Charette\" \/>\n\t<meta name=\"twitter:label2\" content=\"Estimation du temps de lecture\" \/>\n\t<meta name=\"twitter:data2\" content=\"1 minute\" \/>\n<!-- \/ Yoast SEO plugin. -->","yoast_head_json":{"title":"Subaru rappelle les mod\u00e8les Crosstrek hybrides 2019 \u00e0 2022 \u00e0 cause d\u2019un probl\u00e8me de batterie - CanadaMotorJobs.com","description":"Subaru rappelle les mod\u00e8les Crosstrek hybrides 2019 \u00e0 2022 \u00e0 cause d\u2019un probl\u00e8me de batterie - Benoit Charette - Annuel automobile - CanadaMotorJobs.com.","robots":{"index":"index","follow":"follow","max-snippet":"max-snippet:-1","max-image-preview":"max-image-preview:large","max-video-preview":"max-video-preview:-1"},"og_locale":"fr_CA","og_type":"article","og_title":"Subaru rappelle les mod\u00e8les Crosstrek hybrides 2019 \u00e0 2022 \u00e0 cause d\u2019un probl\u00e8me de batterie - CanadaMotorJobs.com","og_description":"Subaru rappelle les mod\u00e8les Crosstrek hybrides 2019 \u00e0 2022 \u00e0 cause d\u2019un probl\u00e8me de batterie - Benoit Charette - Annuel automobile - CanadaMotorJobs.com.","og_url":"https:\/\/news.canadamotorjobs.com\/fr\/subaru-rappelle-les-modeles-crosstrek-hybrides-2019-a-2022-a-cause-dun-probleme-de-batterie\/","og_site_name":"CanadaMotorJobs.com","article_publisher":"https:\/\/www.facebook.com\/canadamotorjobs\/","article_published_time":"2023-02-21T12:11:58+00:00","article_modified_time":"2023-02-21T12:15:18+00:00","og_image":[{"width":1200,"height":801,"url":"https:\/\/news.canadamotorjobs.com\/wp-content\/uploads\/2023\/02\/2018-subaru-crosstrek-review-8-of-13.jpg","type":"image\/jpeg"}],"author":"Benoit Charette","twitter_card":"summary_large_image","twitter_creator":"@canadamotorjobs","twitter_site":"@canadamotorjobs","twitter_misc":{"\u00c9crit par":"Benoit Charette","Estimation du temps de lecture":"1 minute"},"schema":{"@context":"https:\/\/schema.org","@graph":[{"@type":"Article","@id":"https:\/\/news.canadamotorjobs.com\/fr\/subaru-rappelle-les-modeles-crosstrek-hybrides-2019-a-2022-a-cause-dun-probleme-de-batterie\/#article","isPartOf":{"@id":"https:\/\/news.canadamotorjobs.com\/fr\/subaru-rappelle-les-modeles-crosstrek-hybrides-2019-a-2022-a-cause-dun-probleme-de-batterie\/"},"author":{"name":"Benoit Charette","@id":"https:\/\/news.canadamotorjobs.com\/#\/schema\/person\/51793d1f87d44011d7bcc2ed99269a90"},"headline":"Subaru rappelle les mod\u00e8les Crosstrek hybrides 2019 \u00e0 2022 \u00e0 cause d\u2019un probl\u00e8me de batterie","datePublished":"2023-02-21T12:11:58+00:00","dateModified":"2023-02-21T12:15:18+00:00","mainEntityOfPage":{"@id":"https:\/\/news.canadamotorjobs.com\/fr\/subaru-rappelle-les-modeles-crosstrek-hybrides-2019-a-2022-a-cause-dun-probleme-de-batterie\/"},"wordCount":275,"publisher":{"@id":"https:\/\/news.canadamotorjobs.com\/#organization"},"image":{"@id":"https:\/\/news.canadamotorjobs.com\/fr\/subaru-rappelle-les-modeles-crosstrek-hybrides-2019-a-2022-a-cause-dun-probleme-de-batterie\/#primaryimage"},"thumbnailUrl":"https:\/\/news.canadamotorjobs.com\/wp-content\/uploads\/2023\/02\/2018-subaru-crosstrek-review-8-of-13.jpg","articleSection":["Annuel automobile"],"inLanguage":"fr-CA"},{"@type":"WebPage","@id":"https:\/\/news.canadamotorjobs.com\/fr\/subaru-rappelle-les-modeles-crosstrek-hybrides-2019-a-2022-a-cause-dun-probleme-de-batterie\/","url":"https:\/\/news.canadamotorjobs.com\/fr\/subaru-rappelle-les-modeles-crosstrek-hybrides-2019-a-2022-a-cause-dun-probleme-de-batterie\/","name":"Subaru rappelle les mod\u00e8les Crosstrek hybrides 2019 \u00e0 2022 \u00e0 cause d\u2019un probl\u00e8me de batterie - CanadaMotorJobs.com","isPartOf":{"@id":"https:\/\/news.canadamotorjobs.com\/#website"},"primaryImageOfPage":{"@id":"https:\/\/news.canadamotorjobs.com\/fr\/subaru-rappelle-les-modeles-crosstrek-hybrides-2019-a-2022-a-cause-dun-probleme-de-batterie\/#primaryimage"},"image":{"@id":"https:\/\/news.canadamotorjobs.com\/fr\/subaru-rappelle-les-modeles-crosstrek-hybrides-2019-a-2022-a-cause-dun-probleme-de-batterie\/#primaryimage"},"thumbnailUrl":"https:\/\/news.canadamotorjobs.com\/wp-content\/uploads\/2023\/02\/2018-subaru-crosstrek-review-8-of-13.jpg","datePublished":"2023-02-21T12:11:58+00:00","dateModified":"2023-02-21T12:15:18+00:00","description":"Subaru rappelle les mod\u00e8les Crosstrek hybrides 2019 \u00e0 2022 \u00e0 cause d\u2019un probl\u00e8me de batterie - Benoit Charette - Annuel automobile - CanadaMotorJobs.com.","breadcrumb":{"@id":"https:\/\/news.canadamotorjobs.com\/fr\/subaru-rappelle-les-modeles-crosstrek-hybrides-2019-a-2022-a-cause-dun-probleme-de-batterie\/#breadcrumb"},"inLanguage":"fr-CA","potentialAction":[{"@type":"ReadAction","target":["https:\/\/news.canadamotorjobs.com\/fr\/subaru-rappelle-les-modeles-crosstrek-hybrides-2019-a-2022-a-cause-dun-probleme-de-batterie\/"]}]},{"@type":"ImageObject","inLanguage":"fr-CA","@id":"https:\/\/news.canadamotorjobs.com\/fr\/subaru-rappelle-les-modeles-crosstrek-hybrides-2019-a-2022-a-cause-dun-probleme-de-batterie\/#primaryimage","url":"https:\/\/news.canadamotorjobs.com\/wp-content\/uploads\/2023\/02\/2018-subaru-crosstrek-review-8-of-13.jpg","contentUrl":"https:\/\/news.canadamotorjobs.com\/wp-content\/uploads\/2023\/02\/2018-subaru-crosstrek-review-8-of-13.jpg","width":1200,"height":801},{"@type":"BreadcrumbList","@id":"https:\/\/news.canadamotorjobs.com\/fr\/subaru-rappelle-les-modeles-crosstrek-hybrides-2019-a-2022-a-cause-dun-probleme-de-batterie\/#breadcrumb","itemListElement":[{"@type":"ListItem","position":1,"name":"Home","item":"https:\/\/news.canadamotorjobs.com\/fr\/blog\/"},{"@type":"ListItem","position":2,"name":"Subaru rappelle les mod\u00e8les Crosstrek hybrides 2019 \u00e0 2022 \u00e0 cause d\u2019un probl\u00e8me de batterie"}]},{"@type":"WebSite","@id":"https:\/\/news.canadamotorjobs.com\/#website","url":"https:\/\/news.canadamotorjobs.com\/","name":"CanadaMotorJobs.com","description":"Automotive Jobs","publisher":{"@id":"https:\/\/news.canadamotorjobs.com\/#organization"},"potentialAction":[{"@type":"SearchAction","target":{"@type":"EntryPoint","urlTemplate":"https:\/\/news.canadamotorjobs.com\/?s={search_term_string}"},"query-input":"required name=search_term_string"}],"inLanguage":"fr-CA"},{"@type":"Organization","@id":"https:\/\/news.canadamotorjobs.com\/#organization","name":"Canada Motor Jobs","url":"https:\/\/news.canadamotorjobs.com\/","logo":{"@type":"ImageObject","inLanguage":"fr-CA","@id":"https:\/\/news.canadamotorjobs.com\/#\/schema\/logo\/image\/","url":"https:\/\/news.canadamotorjobs.com\/wp-content\/uploads\/2022\/10\/logo-canada-motor-jobs-1.png","contentUrl":"https:\/\/news.canadamotorjobs.com\/wp-content\/uploads\/2022\/10\/logo-canada-motor-jobs-1.png","width":800,"height":400,"caption":"Canada Motor Jobs"},"image":{"@id":"https:\/\/news.canadamotorjobs.com\/#\/schema\/logo\/image\/"},"sameAs":["https:\/\/www.facebook.com\/canadamotorjobs\/","https:\/\/x.com\/canadamotorjobs","https:\/\/www.instagram.com\/canadamotorjobs\/","https:\/\/www.linkedin.com\/company\/canadamotorjobs"]},{"@type":"Person","@id":"https:\/\/news.canadamotorjobs.com\/#\/schema\/person\/51793d1f87d44011d7bcc2ed99269a90","name":"Benoit Charette","image":{"@type":"ImageObject","inLanguage":"fr-CA","@id":"https:\/\/news.canadamotorjobs.com\/#\/schema\/person\/image\/","url":"https:\/\/secure.gravatar.com\/avatar\/45f3d2eebcccd909668d7ce7ea7267b6?s=96&d=mm&r=g","contentUrl":"https:\/\/secure.gravatar.com\/avatar\/45f3d2eebcccd909668d7ce7ea7267b6?s=96&d=mm&r=g","caption":"Benoit Charette"},"description":"Benoit Charette \/ Propri\u00e9taire et r\u00e9dacteur en chef Benoit Charette pratique le journalisme automobile depuis bient\u00f4t 30 ans. Il a fait ses classes au c\u00f4t\u00e9 de Daniel H\u00e9raud et au Carnet de route de 1992 \u00e0 2001. Il est fondateur, copropri\u00e9taire et r\u00e9dacteur en chef de L\u2019Annuel de l\u2019automobile, qu\u2019il publie depuis 2001. Il a anim\u00e9 les \u00e9missions RPM et RPM+ sur V et les L\u00e9gendes de la route sur Historia. \u00c0 la radio depuis 1986, il reprend l\u2019antenne cette ann\u00e9e sur les ondes de Cogeco et participe pour la deuxi\u00e8me ann\u00e9e \u00e0 l\u2019\u00e9mission Passion Auto sur RDS en plus de mettre en ligne le site Web officiel de L\u2019Annuel de l\u2019automobile sur annuelauto.ca.","sameAs":["https:\/\/annuelauto.ca\/"],"url":"https:\/\/news.canadamotorjobs.com\/fr\/author\/benoit-charette\/"}]}},"_links":{"self":[{"href":"https:\/\/news.canadamotorjobs.com\/fr\/wp-json\/wp\/v2\/posts\/140465"}],"collection":[{"href":"https:\/\/news.canadamotorjobs.com\/fr\/wp-json\/wp\/v2\/posts"}],"about":[{"href":"https:\/\/news.canadamotorjobs.com\/fr\/wp-json\/wp\/v2\/types\/post"}],"author":[{"embeddable":true,"href":"https:\/\/news.canadamotorjobs.com\/fr\/wp-json\/wp\/v2\/users\/8"}],"replies":[{"embeddable":true,"href":"https:\/\/news.canadamotorjobs.com\/fr\/wp-json\/wp\/v2\/comments?post=140465"}],"version-history":[{"count":2,"href":"https:\/\/news.canadamotorjobs.com\/fr\/wp-json\/wp\/v2\/posts\/140465\/revisions"}],"predecessor-version":[{"id":140469,"href":"https:\/\/news.canadamotorjobs.com\/fr\/wp-json\/wp\/v2\/posts\/140465\/revisions\/140469"}],"wp:featuredmedia":[{"embeddable":true,"href":"https:\/\/news.canadamotorjobs.com\/fr\/wp-json\/wp\/v2\/media\/140467"}],"wp:attachment":[{"href":"https:\/\/news.canadamotorjobs.com\/fr\/wp-json\/wp\/v2\/media?parent=140465"}],"wp:term":[{"taxonomy":"category","embeddable":true,"href":"https:\/\/news.canadamotorjobs.com\/fr\/wp-json\/wp\/v2\/categories?post=140465"},{"taxonomy":"post_tag","embeddable":true,"href":"https:\/\/news.canadamotorjobs.com\/fr\/wp-json\/wp\/v2\/tags?post=140465"}],"curies":[{"name":"wp","href":"https:\/\/api.w.org\/{rel}","templated":true}]}}