{"id":140442,"date":"2023-02-21T06:45:44","date_gmt":"2023-02-21T11:45:44","guid":{"rendered":"https:\/\/news.canadamotorjobs.com\/?p=140442"},"modified":"2023-02-21T07:00:24","modified_gmt":"2023-02-21T12:00:24","slug":"gm-depose-un-brevet-pour-un-ecran-tactile-autonettoyant","status":"publish","type":"post","link":"https:\/\/news.canadamotorjobs.com\/fr\/gm-depose-un-brevet-pour-un-ecran-tactile-autonettoyant\/","title":{"rendered":"GM d\u00e9pose un brevet pour un \u00e9cran tactile autonettoyant"},"content":{"rendered":"<\/p>\n<p>Les \u00e9crans tactiles sont formidables, mais apr\u00e8s quelques jours, elles sont pleines de traces de doigts et de diff\u00e9rents fluides corporels. GM veut s\u2019attaquer \u00e0 ce probl\u00e8me qui va devenir de plus en plus pr\u00e9sent avec les \u00e9crans qui prennent maintenant toute la place dans les v\u00e9hicules. Un projet est en place qui consiste en un \u00e9cran qui \u00e9limine automatiquement les taches d&#8217;empreintes digitales \u00e0 l\u2019aide d\u2019une r\u00e9action chimique provoqu\u00e9e par la lumi\u00e8re UV de l&#8217;\u00e9cran tactile et qui peut d\u00e9composer les huiles contenues dans les empreintes digitales.<\/p>\n<h3>Garder les \u00e9crans propres en permanence<\/h3>\n<p>\nPlus besoin de chiffons en microfibre, GM a brevet\u00e9 un moyen pour que la voiture les nettoie \u00e0 votre place. Son fonctionnement est ing\u00e9nieux. L&#8217;id\u00e9e est d&#8217;\u00e9quiper l&#8217;\u00e9cran tactile de micro-DEL ultraviolettes suppl\u00e9mentaires qui cr\u00e9ent une longueur d&#8217;onde ultraviolette invisible. L&#8217;\u00e9cran est ensuite recouvert d&#8217;une couche transparente de photocatalyseur qui, lorsqu&#8217;elle est combin\u00e9e \u00e0 la lumi\u00e8re UV des DEL et \u00e0 l&#8217;humidit\u00e9 de l&#8217;air, cr\u00e9e une r\u00e9action chimique qui d\u00e9compose les huiles des empreintes digitales. Une fois les huiles et les graisses d\u00e9compos\u00e9es, elles s&#8217;\u00e9vaporent et les empreintes digitales disparaissent. Le brevet ne dit pas exactement quel type de catalyseur se trouve dans la couche transparente de l&#8217;\u00e9cran, mais il indique qu&#8217;il s&#8217;agit d&#8217;une sorte d&#8217;oxyde m\u00e9tallique.<\/p>\n<h3>M\u00eame proc\u00e9d\u00e9 que les panneaux solaires<\/h3>\n<p>\nSi ce proc\u00e9d\u00e9 est nouveau pour les \u00e9crans tactiles automobiles, cette m\u00eame r\u00e9action chimique est utilis\u00e9e pour nettoyer et prot\u00e9ger les panneaux solaires, qui sont \u00e9quip\u00e9s de couches photocatalytiques similaires. Sur les panneaux solaires, ce photocatalyseur se combine \u00e0 la lumi\u00e8re du soleil pour cr\u00e9er le m\u00eame effet, capable de tuer les bact\u00e9ries, les champignons et de d\u00e9composer les huiles.<\/p>\n<h3>Amener le soleil dans la voiture<\/h3>\n<p>\nCependant, l&#8217;int\u00e9rieur d&#8217;une voiture n&#8217;est pas toujours expos\u00e9 \u00e0 la lumi\u00e8re du soleil, c&#8217;est pourquoi GM a utilis\u00e9 des micro-DEL ultraviolettes pour recr\u00e9er les effets de la lumi\u00e8re UV. La voiture peut donc nettoyer elle-m\u00eame l&#8217;\u00e9cran tactile pendant la nuit, en \u00e9liminant les empreintes digitales et les bact\u00e9ries pendant que vous dormez, de sorte que vous disposez d&#8217;un \u00e9cran tactile propre lorsque vous montez dans votre voiture le lendemain matin. Ou, en tant que conducteur, vous pouvez choisir d&#8217;utiliser le syst\u00e8me \u00e0 tout moment. \u00a0Cette technologie est encore \u00e0 l&#8217;\u00e9tat de brevet, donc ne vous attendez pas \u00e0 ce qu&#8217;elle fasse partie d&#8217;un produit GM demain matin, mais le projet est pr\u00eat.<\/p>\n<p>Avec des renseignements de auto-evolution<\/p>\n<p>Le texte <a rel=\"nofollow\" href=\"https:\/\/annuelauto.ca\/gm-depose-un-brevet-pour-un-ecran-tactile-autonettoyant\/\">GM d\u00e9pose un brevet pour un \u00e9cran tactile autonettoyant<\/a> provient de <a rel=\"nofollow\" href=\"https:\/\/annuelauto.ca\">L&#8217;annuel de l&#8217;automobile &#8211; Actualit\u00e9 automobile<\/a><\/p>\n<p><\/p>\n","protected":false},"excerpt":{"rendered":"<p>Les \u00e9crans tactiles sont formidables, mais apr\u00e8s quelques jours, elles sont pleines de traces de doigts et de diff\u00e9rents fluides corporels. GM veut s\u2019attaquer \u00e0 ce probl\u00e8me qui va devenir de plus en plus pr\u00e9sent avec les \u00e9crans qui prennent maintenant toute la place dans les v\u00e9hicules. Un projet est en place qui consiste en [&hellip;]<\/p>\n","protected":false},"author":8,"featured_media":140444,"comment_status":"close","ping_status":"closed","sticky":false,"template":"","format":"standard","meta":{"_monsterinsights_skip_tracking":false,"_monsterinsights_sitenote_active":false,"_monsterinsights_sitenote_note":"","_monsterinsights_sitenote_category":0,"footnotes":""},"categories":[101],"tags":[],"yoast_head":"<!-- This site is optimized with the Yoast SEO plugin v23.2 - https:\/\/yoast.com\/wordpress\/plugins\/seo\/ -->\n<title>GM d\u00e9pose un brevet pour un \u00e9cran tactile autonettoyant - CanadaMotorJobs.com<\/title>\n<meta name=\"description\" content=\"GM d\u00e9pose un brevet pour un \u00e9cran tactile autonettoyant - Benoit Charette - Annuel automobile - CanadaMotorJobs.com.\" \/>\n<meta name=\"robots\" content=\"index, follow, max-snippet:-1, max-image-preview:large, max-video-preview:-1\" \/>\n<meta property=\"og:locale\" content=\"fr_CA\" \/>\n<meta property=\"og:type\" content=\"article\" \/>\n<meta property=\"og:title\" content=\"GM d\u00e9pose un brevet pour un \u00e9cran tactile autonettoyant - CanadaMotorJobs.com\" \/>\n<meta property=\"og:description\" content=\"GM d\u00e9pose un brevet pour un \u00e9cran tactile autonettoyant - Benoit Charette - Annuel automobile - CanadaMotorJobs.com.\" \/>\n<meta property=\"og:url\" content=\"https:\/\/news.canadamotorjobs.com\/fr\/gm-depose-un-brevet-pour-un-ecran-tactile-autonettoyant\/\" \/>\n<meta property=\"og:site_name\" content=\"CanadaMotorJobs.com\" \/>\n<meta property=\"article:publisher\" content=\"https:\/\/www.facebook.com\/canadamotorjobs\/\" \/>\n<meta property=\"article:published_time\" content=\"2023-02-21T11:45:44+00:00\" \/>\n<meta property=\"article:modified_time\" content=\"2023-02-21T12:00:24+00:00\" \/>\n<meta property=\"og:image\" content=\"https:\/\/news.canadamotorjobs.com\/wp-content\/uploads\/2023\/02\/Touchscreens-Dave-043-1200x800-1.jpg\" \/>\n\t<meta property=\"og:image:width\" content=\"1200\" \/>\n\t<meta property=\"og:image:height\" content=\"800\" \/>\n\t<meta property=\"og:image:type\" content=\"image\/jpeg\" \/>\n<meta name=\"author\" content=\"Benoit Charette\" \/>\n<meta name=\"twitter:card\" content=\"summary_large_image\" \/>\n<meta name=\"twitter:creator\" content=\"@canadamotorjobs\" \/>\n<meta name=\"twitter:site\" content=\"@canadamotorjobs\" \/>\n<meta name=\"twitter:label1\" content=\"\u00c9crit par\" \/>\n\t<meta name=\"twitter:data1\" content=\"Benoit Charette\" \/>\n\t<meta name=\"twitter:label2\" content=\"Estimation du temps de lecture\" \/>\n\t<meta name=\"twitter:data2\" content=\"2 minutes\" \/>\n<!-- \/ Yoast SEO plugin. -->","yoast_head_json":{"title":"GM d\u00e9pose un brevet pour un \u00e9cran tactile autonettoyant - CanadaMotorJobs.com","description":"GM d\u00e9pose un brevet pour un \u00e9cran tactile autonettoyant - Benoit Charette - Annuel automobile - CanadaMotorJobs.com.","robots":{"index":"index","follow":"follow","max-snippet":"max-snippet:-1","max-image-preview":"max-image-preview:large","max-video-preview":"max-video-preview:-1"},"og_locale":"fr_CA","og_type":"article","og_title":"GM d\u00e9pose un brevet pour un \u00e9cran tactile autonettoyant - CanadaMotorJobs.com","og_description":"GM d\u00e9pose un brevet pour un \u00e9cran tactile autonettoyant - Benoit Charette - Annuel automobile - CanadaMotorJobs.com.","og_url":"https:\/\/news.canadamotorjobs.com\/fr\/gm-depose-un-brevet-pour-un-ecran-tactile-autonettoyant\/","og_site_name":"CanadaMotorJobs.com","article_publisher":"https:\/\/www.facebook.com\/canadamotorjobs\/","article_published_time":"2023-02-21T11:45:44+00:00","article_modified_time":"2023-02-21T12:00:24+00:00","og_image":[{"width":1200,"height":800,"url":"https:\/\/news.canadamotorjobs.com\/wp-content\/uploads\/2023\/02\/Touchscreens-Dave-043-1200x800-1.jpg","type":"image\/jpeg"}],"author":"Benoit Charette","twitter_card":"summary_large_image","twitter_creator":"@canadamotorjobs","twitter_site":"@canadamotorjobs","twitter_misc":{"\u00c9crit par":"Benoit Charette","Estimation du temps de lecture":"2 minutes"},"schema":{"@context":"https:\/\/schema.org","@graph":[{"@type":"Article","@id":"https:\/\/news.canadamotorjobs.com\/fr\/gm-depose-un-brevet-pour-un-ecran-tactile-autonettoyant\/#article","isPartOf":{"@id":"https:\/\/news.canadamotorjobs.com\/fr\/gm-depose-un-brevet-pour-un-ecran-tactile-autonettoyant\/"},"author":{"name":"Benoit Charette","@id":"https:\/\/news.canadamotorjobs.com\/#\/schema\/person\/51793d1f87d44011d7bcc2ed99269a90"},"headline":"GM d\u00e9pose un brevet pour un \u00e9cran tactile autonettoyant","datePublished":"2023-02-21T11:45:44+00:00","dateModified":"2023-02-21T12:00:24+00:00","mainEntityOfPage":{"@id":"https:\/\/news.canadamotorjobs.com\/fr\/gm-depose-un-brevet-pour-un-ecran-tactile-autonettoyant\/"},"wordCount":493,"publisher":{"@id":"https:\/\/news.canadamotorjobs.com\/#organization"},"image":{"@id":"https:\/\/news.canadamotorjobs.com\/fr\/gm-depose-un-brevet-pour-un-ecran-tactile-autonettoyant\/#primaryimage"},"thumbnailUrl":"https:\/\/news.canadamotorjobs.com\/wp-content\/uploads\/2023\/02\/Touchscreens-Dave-043-1200x800-1.jpg","articleSection":["Annuel automobile"],"inLanguage":"fr-CA"},{"@type":"WebPage","@id":"https:\/\/news.canadamotorjobs.com\/fr\/gm-depose-un-brevet-pour-un-ecran-tactile-autonettoyant\/","url":"https:\/\/news.canadamotorjobs.com\/fr\/gm-depose-un-brevet-pour-un-ecran-tactile-autonettoyant\/","name":"GM d\u00e9pose un brevet pour un \u00e9cran tactile autonettoyant - CanadaMotorJobs.com","isPartOf":{"@id":"https:\/\/news.canadamotorjobs.com\/#website"},"primaryImageOfPage":{"@id":"https:\/\/news.canadamotorjobs.com\/fr\/gm-depose-un-brevet-pour-un-ecran-tactile-autonettoyant\/#primaryimage"},"image":{"@id":"https:\/\/news.canadamotorjobs.com\/fr\/gm-depose-un-brevet-pour-un-ecran-tactile-autonettoyant\/#primaryimage"},"thumbnailUrl":"https:\/\/news.canadamotorjobs.com\/wp-content\/uploads\/2023\/02\/Touchscreens-Dave-043-1200x800-1.jpg","datePublished":"2023-02-21T11:45:44+00:00","dateModified":"2023-02-21T12:00:24+00:00","description":"GM d\u00e9pose un brevet pour un \u00e9cran tactile autonettoyant - Benoit Charette - Annuel automobile - CanadaMotorJobs.com.","breadcrumb":{"@id":"https:\/\/news.canadamotorjobs.com\/fr\/gm-depose-un-brevet-pour-un-ecran-tactile-autonettoyant\/#breadcrumb"},"inLanguage":"fr-CA","potentialAction":[{"@type":"ReadAction","target":["https:\/\/news.canadamotorjobs.com\/fr\/gm-depose-un-brevet-pour-un-ecran-tactile-autonettoyant\/"]}]},{"@type":"ImageObject","inLanguage":"fr-CA","@id":"https:\/\/news.canadamotorjobs.com\/fr\/gm-depose-un-brevet-pour-un-ecran-tactile-autonettoyant\/#primaryimage","url":"https:\/\/news.canadamotorjobs.com\/wp-content\/uploads\/2023\/02\/Touchscreens-Dave-043-1200x800-1.jpg","contentUrl":"https:\/\/news.canadamotorjobs.com\/wp-content\/uploads\/2023\/02\/Touchscreens-Dave-043-1200x800-1.jpg","width":1200,"height":800},{"@type":"BreadcrumbList","@id":"https:\/\/news.canadamotorjobs.com\/fr\/gm-depose-un-brevet-pour-un-ecran-tactile-autonettoyant\/#breadcrumb","itemListElement":[{"@type":"ListItem","position":1,"name":"Home","item":"https:\/\/news.canadamotorjobs.com\/fr\/blog\/"},{"@type":"ListItem","position":2,"name":"GM d\u00e9pose un brevet pour un \u00e9cran tactile autonettoyant"}]},{"@type":"WebSite","@id":"https:\/\/news.canadamotorjobs.com\/#website","url":"https:\/\/news.canadamotorjobs.com\/","name":"CanadaMotorJobs.com","description":"Automotive Jobs","publisher":{"@id":"https:\/\/news.canadamotorjobs.com\/#organization"},"potentialAction":[{"@type":"SearchAction","target":{"@type":"EntryPoint","urlTemplate":"https:\/\/news.canadamotorjobs.com\/?s={search_term_string}"},"query-input":"required name=search_term_string"}],"inLanguage":"fr-CA"},{"@type":"Organization","@id":"https:\/\/news.canadamotorjobs.com\/#organization","name":"Canada Motor Jobs","url":"https:\/\/news.canadamotorjobs.com\/","logo":{"@type":"ImageObject","inLanguage":"fr-CA","@id":"https:\/\/news.canadamotorjobs.com\/#\/schema\/logo\/image\/","url":"https:\/\/news.canadamotorjobs.com\/wp-content\/uploads\/2022\/10\/logo-canada-motor-jobs-1.png","contentUrl":"https:\/\/news.canadamotorjobs.com\/wp-content\/uploads\/2022\/10\/logo-canada-motor-jobs-1.png","width":800,"height":400,"caption":"Canada Motor Jobs"},"image":{"@id":"https:\/\/news.canadamotorjobs.com\/#\/schema\/logo\/image\/"},"sameAs":["https:\/\/www.facebook.com\/canadamotorjobs\/","https:\/\/x.com\/canadamotorjobs","https:\/\/www.instagram.com\/canadamotorjobs\/","https:\/\/www.linkedin.com\/company\/canadamotorjobs"]},{"@type":"Person","@id":"https:\/\/news.canadamotorjobs.com\/#\/schema\/person\/51793d1f87d44011d7bcc2ed99269a90","name":"Benoit Charette","image":{"@type":"ImageObject","inLanguage":"fr-CA","@id":"https:\/\/news.canadamotorjobs.com\/#\/schema\/person\/image\/","url":"https:\/\/secure.gravatar.com\/avatar\/45f3d2eebcccd909668d7ce7ea7267b6?s=96&d=mm&r=g","contentUrl":"https:\/\/secure.gravatar.com\/avatar\/45f3d2eebcccd909668d7ce7ea7267b6?s=96&d=mm&r=g","caption":"Benoit Charette"},"description":"Benoit Charette \/ Propri\u00e9taire et r\u00e9dacteur en chef Benoit Charette pratique le journalisme automobile depuis bient\u00f4t 30 ans. Il a fait ses classes au c\u00f4t\u00e9 de Daniel H\u00e9raud et au Carnet de route de 1992 \u00e0 2001. Il est fondateur, copropri\u00e9taire et r\u00e9dacteur en chef de L\u2019Annuel de l\u2019automobile, qu\u2019il publie depuis 2001. Il a anim\u00e9 les \u00e9missions RPM et RPM+ sur V et les L\u00e9gendes de la route sur Historia. \u00c0 la radio depuis 1986, il reprend l\u2019antenne cette ann\u00e9e sur les ondes de Cogeco et participe pour la deuxi\u00e8me ann\u00e9e \u00e0 l\u2019\u00e9mission Passion Auto sur RDS en plus de mettre en ligne le site Web officiel de L\u2019Annuel de l\u2019automobile sur annuelauto.ca.","sameAs":["https:\/\/annuelauto.ca\/"],"url":"https:\/\/news.canadamotorjobs.com\/fr\/author\/benoit-charette\/"}]}},"_links":{"self":[{"href":"https:\/\/news.canadamotorjobs.com\/fr\/wp-json\/wp\/v2\/posts\/140442"}],"collection":[{"href":"https:\/\/news.canadamotorjobs.com\/fr\/wp-json\/wp\/v2\/posts"}],"about":[{"href":"https:\/\/news.canadamotorjobs.com\/fr\/wp-json\/wp\/v2\/types\/post"}],"author":[{"embeddable":true,"href":"https:\/\/news.canadamotorjobs.com\/fr\/wp-json\/wp\/v2\/users\/8"}],"replies":[{"embeddable":true,"href":"https:\/\/news.canadamotorjobs.com\/fr\/wp-json\/wp\/v2\/comments?post=140442"}],"version-history":[{"count":2,"href":"https:\/\/news.canadamotorjobs.com\/fr\/wp-json\/wp\/v2\/posts\/140442\/revisions"}],"predecessor-version":[{"id":140446,"href":"https:\/\/news.canadamotorjobs.com\/fr\/wp-json\/wp\/v2\/posts\/140442\/revisions\/140446"}],"wp:featuredmedia":[{"embeddable":true,"href":"https:\/\/news.canadamotorjobs.com\/fr\/wp-json\/wp\/v2\/media\/140444"}],"wp:attachment":[{"href":"https:\/\/news.canadamotorjobs.com\/fr\/wp-json\/wp\/v2\/media?parent=140442"}],"wp:term":[{"taxonomy":"category","embeddable":true,"href":"https:\/\/news.canadamotorjobs.com\/fr\/wp-json\/wp\/v2\/categories?post=140442"},{"taxonomy":"post_tag","embeddable":true,"href":"https:\/\/news.canadamotorjobs.com\/fr\/wp-json\/wp\/v2\/tags?post=140442"}],"curies":[{"name":"wp","href":"https:\/\/api.w.org\/{rel}","templated":true}]}}