{"id":140391,"date":"2023-02-20T13:05:06","date_gmt":"2023-02-20T18:05:06","guid":{"rendered":"https:\/\/news.canadamotorjobs.com\/?p=140391"},"modified":"2023-02-20T13:14:38","modified_gmt":"2023-02-20T18:14:38","slug":"porsche-preparerait-un-cayenne-electrique-pour-2026","status":"publish","type":"post","link":"https:\/\/news.canadamotorjobs.com\/fr\/porsche-preparerait-un-cayenne-electrique-pour-2026\/","title":{"rendered":"Porsche pr\u00e9parerait un Cayenne \u00e9lectrique pour 2026"},"content":{"rendered":"<\/p>\n<p>Un \u00e0 un, les mod\u00e8les de la famille Porsche passent \u00e0 l\u2019\u00e9lectrique. Apr\u00e8s que Porsche ait officialis\u00e9 le passage \u00e0 l\u2019\u00e9lectrique de la Boxster et du Macan, il semblerait selon la rumeur que ce sera au tour du Cayenne en 2026.<\/p>\n<h3>La m\u00eame plateforme que le Macan<\/h3>\n<p>\nSelon des informations recueillies par le site britannique Autocar, le Cayenne sera bas\u00e9 sur la m\u00eame architecture que le Macan EV. D&#8217;apr\u00e8s le rapport, le nouveau v\u00e9hicule \u00e9lectrique arrivera en 2026 et utilisera la m\u00eame plateforme Premium Electric (PPE) que le Macan EV. Si ce calendrier est exact, le Cayenne EV, qui n&#8217;a pas encore \u00e9t\u00e9 nomm\u00e9, arrivera deux ans apr\u00e8s le Macan \u00e9lectrique et un an avant le nouveau mod\u00e8le sept places de Porsche, dont le nom de code interne est K1.<\/p>\n<h3>Recharge de 800 volts<\/h3>\n<p>\nAvec l&#8217;architecture PPE, le Cayenne \u00e9lectrique devrait b\u00e9n\u00e9ficier d&#8217;une technologie avanc\u00e9e de vectorisation du couple et de quatre roues directrices. Si l&#8217;on se fie \u00e0 la Taycan, le Cayenne EV se conduira comme aucun autre v\u00e9hicule de sa cat\u00e9gorie.<br \/>\nLa plateforme permet \u00e9galement d&#8217;utiliser une technologie de charge de 800 volts qui permettra des vitesses de charge de 270\u00a0kW et plus, tandis qu&#8217;une batterie de 100\u00a0kWh devrait offrir une autonomie de plus de 500\u00a0km. Un moteur \u00e0 excitation permanente sur chaque essieu est cens\u00e9 offrir un meilleur rendement et une meilleure densit\u00e9 de puissance que ceux utilis\u00e9s sur la Taycan actuelle. On peut \u00e9galement s&#8217;attendre \u00e0 une puissance totale encore plus \u00e9lev\u00e9e.<\/p>\n<p>Porsche a confirm\u00e9 que le Macan \u00e9lectrique produira plus de 600 chevaux, et il va de soi qu&#8217;un Cayenne \u00e9lectrique surpasserait cette marque. On vous tiendra au courant des d\u00e9veloppements.<\/p>\n<p>Avec des renseignements de Carbuzz<\/p>\n<p>Le texte <a rel=\"nofollow\" href=\"https:\/\/annuelauto.ca\/porsche-preparerait-un-cayenne-electrique-pour-2026\/\">Porsche pr\u00e9parerait un Cayenne \u00e9lectrique pour 2026<\/a> provient de <a rel=\"nofollow\" href=\"https:\/\/annuelauto.ca\">L&#8217;annuel de l&#8217;automobile &#8211; Actualit\u00e9 automobile<\/a><\/p>\n<p><\/p>\n","protected":false},"excerpt":{"rendered":"<p>Un \u00e0 un, les mod\u00e8les de la famille Porsche passent \u00e0 l\u2019\u00e9lectrique. Apr\u00e8s que Porsche ait officialis\u00e9 le passage \u00e0 l\u2019\u00e9lectrique de la Boxster et du Macan, il semblerait selon la rumeur que ce sera au tour du Cayenne en 2026. La m\u00eame plateforme que le Macan Selon des informations recueillies par le site britannique [&hellip;]<\/p>\n","protected":false},"author":8,"featured_media":140393,"comment_status":"close","ping_status":"closed","sticky":false,"template":"","format":"standard","meta":{"_monsterinsights_skip_tracking":false,"_monsterinsights_sitenote_active":false,"_monsterinsights_sitenote_note":"","_monsterinsights_sitenote_category":0,"footnotes":""},"categories":[101],"tags":[],"yoast_head":"<!-- This site is optimized with the Yoast SEO plugin v23.2 - https:\/\/yoast.com\/wordpress\/plugins\/seo\/ -->\n<title>Porsche pr\u00e9parerait un Cayenne \u00e9lectrique pour 2026 - CanadaMotorJobs.com<\/title>\n<meta name=\"description\" content=\"Porsche pr\u00e9parerait un Cayenne \u00e9lectrique pour 2026 - Benoit Charette - Annuel automobile - CanadaMotorJobs.com.\" \/>\n<meta name=\"robots\" content=\"index, follow, max-snippet:-1, max-image-preview:large, max-video-preview:-1\" \/>\n<meta property=\"og:locale\" content=\"fr_CA\" \/>\n<meta property=\"og:type\" content=\"article\" \/>\n<meta property=\"og:title\" content=\"Porsche pr\u00e9parerait un Cayenne \u00e9lectrique pour 2026 - CanadaMotorJobs.com\" \/>\n<meta property=\"og:description\" content=\"Porsche pr\u00e9parerait un Cayenne \u00e9lectrique pour 2026 - Benoit Charette - Annuel automobile - CanadaMotorJobs.com.\" \/>\n<meta property=\"og:url\" content=\"https:\/\/news.canadamotorjobs.com\/fr\/porsche-preparerait-un-cayenne-electrique-pour-2026\/\" \/>\n<meta property=\"og:site_name\" content=\"CanadaMotorJobs.com\" \/>\n<meta property=\"article:publisher\" content=\"https:\/\/www.facebook.com\/canadamotorjobs\/\" \/>\n<meta property=\"article:published_time\" content=\"2023-02-20T18:05:06+00:00\" \/>\n<meta property=\"article:modified_time\" content=\"2023-02-20T18:14:38+00:00\" \/>\n<meta property=\"og:image\" content=\"https:\/\/news.canadamotorjobs.com\/wp-content\/uploads\/2023\/02\/2021_porsche_cayenne_4dr-suv_s_fq_oem_1_1600.jpg\" \/>\n\t<meta property=\"og:image:width\" content=\"1600\" \/>\n\t<meta property=\"og:image:height\" content=\"1067\" \/>\n\t<meta property=\"og:image:type\" content=\"image\/jpeg\" \/>\n<meta name=\"author\" content=\"Benoit Charette\" \/>\n<meta name=\"twitter:card\" content=\"summary_large_image\" \/>\n<meta name=\"twitter:creator\" content=\"@canadamotorjobs\" \/>\n<meta name=\"twitter:site\" content=\"@canadamotorjobs\" \/>\n<meta name=\"twitter:label1\" content=\"\u00c9crit par\" \/>\n\t<meta name=\"twitter:data1\" content=\"Benoit Charette\" \/>\n\t<meta name=\"twitter:label2\" content=\"Estimation du temps de lecture\" \/>\n\t<meta name=\"twitter:data2\" content=\"2 minutes\" \/>\n<!-- \/ Yoast SEO plugin. -->","yoast_head_json":{"title":"Porsche pr\u00e9parerait un Cayenne \u00e9lectrique pour 2026 - CanadaMotorJobs.com","description":"Porsche pr\u00e9parerait un Cayenne \u00e9lectrique pour 2026 - Benoit Charette - Annuel automobile - CanadaMotorJobs.com.","robots":{"index":"index","follow":"follow","max-snippet":"max-snippet:-1","max-image-preview":"max-image-preview:large","max-video-preview":"max-video-preview:-1"},"og_locale":"fr_CA","og_type":"article","og_title":"Porsche pr\u00e9parerait un Cayenne \u00e9lectrique pour 2026 - CanadaMotorJobs.com","og_description":"Porsche pr\u00e9parerait un Cayenne \u00e9lectrique pour 2026 - Benoit Charette - Annuel automobile - CanadaMotorJobs.com.","og_url":"https:\/\/news.canadamotorjobs.com\/fr\/porsche-preparerait-un-cayenne-electrique-pour-2026\/","og_site_name":"CanadaMotorJobs.com","article_publisher":"https:\/\/www.facebook.com\/canadamotorjobs\/","article_published_time":"2023-02-20T18:05:06+00:00","article_modified_time":"2023-02-20T18:14:38+00:00","og_image":[{"width":1600,"height":1067,"url":"https:\/\/news.canadamotorjobs.com\/wp-content\/uploads\/2023\/02\/2021_porsche_cayenne_4dr-suv_s_fq_oem_1_1600.jpg","type":"image\/jpeg"}],"author":"Benoit Charette","twitter_card":"summary_large_image","twitter_creator":"@canadamotorjobs","twitter_site":"@canadamotorjobs","twitter_misc":{"\u00c9crit par":"Benoit Charette","Estimation du temps de lecture":"2 minutes"},"schema":{"@context":"https:\/\/schema.org","@graph":[{"@type":"Article","@id":"https:\/\/news.canadamotorjobs.com\/fr\/porsche-preparerait-un-cayenne-electrique-pour-2026\/#article","isPartOf":{"@id":"https:\/\/news.canadamotorjobs.com\/fr\/porsche-preparerait-un-cayenne-electrique-pour-2026\/"},"author":{"name":"Benoit Charette","@id":"https:\/\/news.canadamotorjobs.com\/#\/schema\/person\/51793d1f87d44011d7bcc2ed99269a90"},"headline":"Porsche pr\u00e9parerait un Cayenne \u00e9lectrique pour 2026","datePublished":"2023-02-20T18:05:06+00:00","dateModified":"2023-02-20T18:14:38+00:00","mainEntityOfPage":{"@id":"https:\/\/news.canadamotorjobs.com\/fr\/porsche-preparerait-un-cayenne-electrique-pour-2026\/"},"wordCount":323,"publisher":{"@id":"https:\/\/news.canadamotorjobs.com\/#organization"},"image":{"@id":"https:\/\/news.canadamotorjobs.com\/fr\/porsche-preparerait-un-cayenne-electrique-pour-2026\/#primaryimage"},"thumbnailUrl":"https:\/\/news.canadamotorjobs.com\/wp-content\/uploads\/2023\/02\/2021_porsche_cayenne_4dr-suv_s_fq_oem_1_1600.jpg","articleSection":["Annuel automobile"],"inLanguage":"fr-CA"},{"@type":"WebPage","@id":"https:\/\/news.canadamotorjobs.com\/fr\/porsche-preparerait-un-cayenne-electrique-pour-2026\/","url":"https:\/\/news.canadamotorjobs.com\/fr\/porsche-preparerait-un-cayenne-electrique-pour-2026\/","name":"Porsche pr\u00e9parerait un Cayenne \u00e9lectrique pour 2026 - CanadaMotorJobs.com","isPartOf":{"@id":"https:\/\/news.canadamotorjobs.com\/#website"},"primaryImageOfPage":{"@id":"https:\/\/news.canadamotorjobs.com\/fr\/porsche-preparerait-un-cayenne-electrique-pour-2026\/#primaryimage"},"image":{"@id":"https:\/\/news.canadamotorjobs.com\/fr\/porsche-preparerait-un-cayenne-electrique-pour-2026\/#primaryimage"},"thumbnailUrl":"https:\/\/news.canadamotorjobs.com\/wp-content\/uploads\/2023\/02\/2021_porsche_cayenne_4dr-suv_s_fq_oem_1_1600.jpg","datePublished":"2023-02-20T18:05:06+00:00","dateModified":"2023-02-20T18:14:38+00:00","description":"Porsche pr\u00e9parerait un Cayenne \u00e9lectrique pour 2026 - Benoit Charette - Annuel automobile - CanadaMotorJobs.com.","breadcrumb":{"@id":"https:\/\/news.canadamotorjobs.com\/fr\/porsche-preparerait-un-cayenne-electrique-pour-2026\/#breadcrumb"},"inLanguage":"fr-CA","potentialAction":[{"@type":"ReadAction","target":["https:\/\/news.canadamotorjobs.com\/fr\/porsche-preparerait-un-cayenne-electrique-pour-2026\/"]}]},{"@type":"ImageObject","inLanguage":"fr-CA","@id":"https:\/\/news.canadamotorjobs.com\/fr\/porsche-preparerait-un-cayenne-electrique-pour-2026\/#primaryimage","url":"https:\/\/news.canadamotorjobs.com\/wp-content\/uploads\/2023\/02\/2021_porsche_cayenne_4dr-suv_s_fq_oem_1_1600.jpg","contentUrl":"https:\/\/news.canadamotorjobs.com\/wp-content\/uploads\/2023\/02\/2021_porsche_cayenne_4dr-suv_s_fq_oem_1_1600.jpg","width":1600,"height":1067},{"@type":"BreadcrumbList","@id":"https:\/\/news.canadamotorjobs.com\/fr\/porsche-preparerait-un-cayenne-electrique-pour-2026\/#breadcrumb","itemListElement":[{"@type":"ListItem","position":1,"name":"Home","item":"https:\/\/news.canadamotorjobs.com\/fr\/blog\/"},{"@type":"ListItem","position":2,"name":"Porsche pr\u00e9parerait un Cayenne \u00e9lectrique pour 2026"}]},{"@type":"WebSite","@id":"https:\/\/news.canadamotorjobs.com\/#website","url":"https:\/\/news.canadamotorjobs.com\/","name":"CanadaMotorJobs.com","description":"Automotive Jobs","publisher":{"@id":"https:\/\/news.canadamotorjobs.com\/#organization"},"potentialAction":[{"@type":"SearchAction","target":{"@type":"EntryPoint","urlTemplate":"https:\/\/news.canadamotorjobs.com\/?s={search_term_string}"},"query-input":"required name=search_term_string"}],"inLanguage":"fr-CA"},{"@type":"Organization","@id":"https:\/\/news.canadamotorjobs.com\/#organization","name":"Canada Motor Jobs","url":"https:\/\/news.canadamotorjobs.com\/","logo":{"@type":"ImageObject","inLanguage":"fr-CA","@id":"https:\/\/news.canadamotorjobs.com\/#\/schema\/logo\/image\/","url":"https:\/\/news.canadamotorjobs.com\/wp-content\/uploads\/2022\/10\/logo-canada-motor-jobs-1.png","contentUrl":"https:\/\/news.canadamotorjobs.com\/wp-content\/uploads\/2022\/10\/logo-canada-motor-jobs-1.png","width":800,"height":400,"caption":"Canada Motor Jobs"},"image":{"@id":"https:\/\/news.canadamotorjobs.com\/#\/schema\/logo\/image\/"},"sameAs":["https:\/\/www.facebook.com\/canadamotorjobs\/","https:\/\/x.com\/canadamotorjobs","https:\/\/www.instagram.com\/canadamotorjobs\/","https:\/\/www.linkedin.com\/company\/canadamotorjobs"]},{"@type":"Person","@id":"https:\/\/news.canadamotorjobs.com\/#\/schema\/person\/51793d1f87d44011d7bcc2ed99269a90","name":"Benoit Charette","image":{"@type":"ImageObject","inLanguage":"fr-CA","@id":"https:\/\/news.canadamotorjobs.com\/#\/schema\/person\/image\/","url":"https:\/\/secure.gravatar.com\/avatar\/45f3d2eebcccd909668d7ce7ea7267b6?s=96&d=mm&r=g","contentUrl":"https:\/\/secure.gravatar.com\/avatar\/45f3d2eebcccd909668d7ce7ea7267b6?s=96&d=mm&r=g","caption":"Benoit Charette"},"description":"Benoit Charette \/ Propri\u00e9taire et r\u00e9dacteur en chef Benoit Charette pratique le journalisme automobile depuis bient\u00f4t 30 ans. Il a fait ses classes au c\u00f4t\u00e9 de Daniel H\u00e9raud et au Carnet de route de 1992 \u00e0 2001. Il est fondateur, copropri\u00e9taire et r\u00e9dacteur en chef de L\u2019Annuel de l\u2019automobile, qu\u2019il publie depuis 2001. Il a anim\u00e9 les \u00e9missions RPM et RPM+ sur V et les L\u00e9gendes de la route sur Historia. \u00c0 la radio depuis 1986, il reprend l\u2019antenne cette ann\u00e9e sur les ondes de Cogeco et participe pour la deuxi\u00e8me ann\u00e9e \u00e0 l\u2019\u00e9mission Passion Auto sur RDS en plus de mettre en ligne le site Web officiel de L\u2019Annuel de l\u2019automobile sur annuelauto.ca.","sameAs":["https:\/\/annuelauto.ca\/"],"url":"https:\/\/news.canadamotorjobs.com\/fr\/author\/benoit-charette\/"}]}},"_links":{"self":[{"href":"https:\/\/news.canadamotorjobs.com\/fr\/wp-json\/wp\/v2\/posts\/140391"}],"collection":[{"href":"https:\/\/news.canadamotorjobs.com\/fr\/wp-json\/wp\/v2\/posts"}],"about":[{"href":"https:\/\/news.canadamotorjobs.com\/fr\/wp-json\/wp\/v2\/types\/post"}],"author":[{"embeddable":true,"href":"https:\/\/news.canadamotorjobs.com\/fr\/wp-json\/wp\/v2\/users\/8"}],"replies":[{"embeddable":true,"href":"https:\/\/news.canadamotorjobs.com\/fr\/wp-json\/wp\/v2\/comments?post=140391"}],"version-history":[{"count":2,"href":"https:\/\/news.canadamotorjobs.com\/fr\/wp-json\/wp\/v2\/posts\/140391\/revisions"}],"predecessor-version":[{"id":140395,"href":"https:\/\/news.canadamotorjobs.com\/fr\/wp-json\/wp\/v2\/posts\/140391\/revisions\/140395"}],"wp:featuredmedia":[{"embeddable":true,"href":"https:\/\/news.canadamotorjobs.com\/fr\/wp-json\/wp\/v2\/media\/140393"}],"wp:attachment":[{"href":"https:\/\/news.canadamotorjobs.com\/fr\/wp-json\/wp\/v2\/media?parent=140391"}],"wp:term":[{"taxonomy":"category","embeddable":true,"href":"https:\/\/news.canadamotorjobs.com\/fr\/wp-json\/wp\/v2\/categories?post=140391"},{"taxonomy":"post_tag","embeddable":true,"href":"https:\/\/news.canadamotorjobs.com\/fr\/wp-json\/wp\/v2\/tags?post=140391"}],"curies":[{"name":"wp","href":"https:\/\/api.w.org\/{rel}","templated":true}]}}