{"id":140318,"date":"2023-02-18T13:30:35","date_gmt":"2023-02-18T18:30:35","guid":{"rendered":"https:\/\/news.canadamotorjobs.com\/?p=140318"},"modified":"2023-02-18T13:44:42","modified_gmt":"2023-02-18T18:44:42","slug":"nissan-envisage-de-creer-une-chaine-dapprovisionnement-pour-les-ves-au-canada","status":"publish","type":"post","link":"https:\/\/news.canadamotorjobs.com\/fr\/nissan-envisage-de-creer-une-chaine-dapprovisionnement-pour-les-ves-au-canada\/","title":{"rendered":"Nissan envisage de cr\u00e9er une cha\u00eene d\u2019approvisionnement pour les V\u00c9S au Canada"},"content":{"rendered":"<\/p>\n<p>Le Canada est en voie de se faire une r\u00e9putation \u00e0 l\u2019\u00e9chelle mondiale pour assembler les blocs de batteries et s&#8217;approvisionner en mat\u00e9riaux. Magna annon\u00e7ait la semaine derni\u00e8re des investissements de plus de 470 millions en Ontario et voil\u00e0 que Nissan envisage le Canada comme site d&#8217;investissement dans la cha\u00eene d&#8217;approvisionnement des v\u00e9hicules \u00e9lectriques, selon J\u00e9r\u00e9mie Papin, pr\u00e9sident de Nissan Americas.<\/p>\n<h3>Une nouvelle alliance qui pourrait profiter au Canada<\/h3>\n<p>\nLa nouvelle alliance Renault-Nissan-Mitsubishi offre des coud\u00e9es franches au constructeur japonais et le Canada constitue le 5<sup>e<\/sup> march\u00e9 mondial pour Nissan. Nissan cherche \u00e0 renforcer et \u00e0 r\u00e9gionaliser l&#8217;ensemble de sa cha\u00eene d&#8217;approvisionnement, surtout apr\u00e8s les r\u00e9centes perturbations et toute l\u2019histoire de Carlos Gnosn qui a fortement retard\u00e9 les projets de l\u2019Alliance. Le Canada, a jout\u00e9 Papin \u00ab\u00a0a beaucoup \u00e0 offrir lorsque nous examinons comment construire cette cha\u00eene d&#8217;approvisionnement et comment y participer.\u00a0\u00bb Au cours de la derni\u00e8re ann\u00e9e, l&#8217;Ontario et le Qu\u00e9bec ont attir\u00e9 des milliards d&#8217;investissements dans les V\u00c9S.<\/p>\n<h3>O\u00f9 ira Nissan ?<\/h3>\n<p>\nVoil\u00e0 la question \u00e0 100 dollars. Toute l\u2019industrie automobile est en Ontario, mais les co\u00fbts d\u2019\u00e9lectricit\u00e9 les plus faibles sont au Qu\u00e9bec, tout comme les mati\u00e8res premi\u00e8res dans la fabrication de batteries. Stellantis et LG Energy Solution, par exemple, ont annonc\u00e9 l&#8217;an dernier leur intention de construire une usine de batteries de 5 milliards de dollars \u00e0 Windsor, en Ontario, tandis que Volkswagen a choisi le Canada comme site possible de sa premi\u00e8re usine de batteries en Am\u00e9rique du Nord.\u00a0 \u00c0 B\u00e9cancour, une usine de production de cathodes de 500 millions de dollars est en construction dans le cadre d&#8217;une coentreprise entre GM et Posco Chemical. La nouvelle installation fournira des mat\u00e9riaux de batterie qui seront utilis\u00e9s dans les futurs v\u00e9hicules \u00e9lectriques GM.<\/p>\n<h3>Nissan poss\u00e8de trois usines nord-am\u00e9ricaines<\/h3>\n<p>\nNissan poss\u00e8de deux usines de fabrication aux \u00c9tats-Unis et une au Mexique et pr\u00e9voit une autre usine en sol nord-am\u00e9ricain d\u2019ici cinq ans. Pour le moment, seule la Leaf et l\u2019Ariya sont enti\u00e8rement \u00e9lectrique. Nissan pr\u00e9voit \u00e9lectrifier l\u2019ensemble de sa gamme, la demande sera donc grande en batteries. Nissan est aussi \u00e0 examiner un pick-up \u00e9lectrique pour le march\u00e9 nord-am\u00e9ricain.<\/p>\n<p>\u00a0<\/p>\n<p>\u00a0<\/p>\n<p>Avec des renseignements d\u2019Automotive News Canada<\/p>\n<p>Le texte <a rel=\"nofollow\" href=\"https:\/\/annuelauto.ca\/nissan-envisage-de-creer-une-chaine-dapprovisionnement-pour-les-ves-au-canada\/\">Nissan envisage de cr\u00e9er une cha\u00eene d\u2019approvisionnement pour les V\u00c9S au Canada<\/a> provient de <a rel=\"nofollow\" href=\"https:\/\/annuelauto.ca\">L&#8217;annuel de l&#8217;automobile &#8211; Actualit\u00e9 automobile<\/a><\/p>\n<p><\/p>\n","protected":false},"excerpt":{"rendered":"<p>Le Canada est en voie de se faire une r\u00e9putation \u00e0 l\u2019\u00e9chelle mondiale pour assembler les blocs de batteries et s&#8217;approvisionner en mat\u00e9riaux. Magna annon\u00e7ait la semaine derni\u00e8re des investissements de plus de 470 millions en Ontario et voil\u00e0 que Nissan envisage le Canada comme site d&#8217;investissement dans la cha\u00eene d&#8217;approvisionnement des v\u00e9hicules \u00e9lectriques, selon [&hellip;]<\/p>\n","protected":false},"author":8,"featured_media":140320,"comment_status":"close","ping_status":"closed","sticky":false,"template":"","format":"standard","meta":{"_monsterinsights_skip_tracking":false,"_monsterinsights_sitenote_active":false,"_monsterinsights_sitenote_note":"","_monsterinsights_sitenote_category":0,"footnotes":""},"categories":[101],"tags":[],"yoast_head":"<!-- This site is optimized with the Yoast SEO plugin v23.2 - https:\/\/yoast.com\/wordpress\/plugins\/seo\/ -->\n<title>Nissan envisage de cr\u00e9er une cha\u00eene d\u2019approvisionnement pour les V\u00c9S au Canada - CanadaMotorJobs.com<\/title>\n<meta name=\"description\" content=\"Nissan envisage de cr\u00e9er une cha\u00eene d\u2019approvisionnement pour les V\u00c9S au Canada - Benoit Charette - Annuel automobile - CanadaMotorJobs.com.\" \/>\n<meta name=\"robots\" content=\"index, follow, max-snippet:-1, max-image-preview:large, max-video-preview:-1\" \/>\n<meta property=\"og:locale\" content=\"fr_CA\" \/>\n<meta property=\"og:type\" content=\"article\" \/>\n<meta property=\"og:title\" content=\"Nissan envisage de cr\u00e9er une cha\u00eene d\u2019approvisionnement pour les V\u00c9S au Canada - CanadaMotorJobs.com\" \/>\n<meta property=\"og:description\" content=\"Nissan envisage de cr\u00e9er une cha\u00eene d\u2019approvisionnement pour les V\u00c9S au Canada - Benoit Charette - Annuel automobile - CanadaMotorJobs.com.\" \/>\n<meta property=\"og:url\" content=\"https:\/\/news.canadamotorjobs.com\/fr\/nissan-envisage-de-creer-une-chaine-dapprovisionnement-pour-les-ves-au-canada\/\" \/>\n<meta property=\"og:site_name\" content=\"CanadaMotorJobs.com\" \/>\n<meta property=\"article:publisher\" content=\"https:\/\/www.facebook.com\/canadamotorjobs\/\" \/>\n<meta property=\"article:published_time\" content=\"2023-02-18T18:30:35+00:00\" \/>\n<meta property=\"article:modified_time\" content=\"2023-02-18T18:44:42+00:00\" \/>\n<meta property=\"og:image\" content=\"https:\/\/news.canadamotorjobs.com\/wp-content\/uploads\/2023\/02\/New-Nissan-logo-debuts-on-Ariya-electric-crossover-5.jpg\" \/>\n\t<meta property=\"og:image:width\" content=\"1920\" \/>\n\t<meta property=\"og:image:height\" content=\"1279\" \/>\n\t<meta property=\"og:image:type\" content=\"image\/jpeg\" \/>\n<meta name=\"author\" content=\"Benoit Charette\" \/>\n<meta name=\"twitter:card\" content=\"summary_large_image\" \/>\n<meta name=\"twitter:creator\" content=\"@canadamotorjobs\" \/>\n<meta name=\"twitter:site\" content=\"@canadamotorjobs\" \/>\n<meta name=\"twitter:label1\" content=\"\u00c9crit par\" \/>\n\t<meta name=\"twitter:data1\" content=\"Benoit Charette\" \/>\n\t<meta name=\"twitter:label2\" content=\"Estimation du temps de lecture\" \/>\n\t<meta name=\"twitter:data2\" content=\"2 minutes\" \/>\n<!-- \/ Yoast SEO plugin. -->","yoast_head_json":{"title":"Nissan envisage de cr\u00e9er une cha\u00eene d\u2019approvisionnement pour les V\u00c9S au Canada - CanadaMotorJobs.com","description":"Nissan envisage de cr\u00e9er une cha\u00eene d\u2019approvisionnement pour les V\u00c9S au Canada - Benoit Charette - Annuel automobile - CanadaMotorJobs.com.","robots":{"index":"index","follow":"follow","max-snippet":"max-snippet:-1","max-image-preview":"max-image-preview:large","max-video-preview":"max-video-preview:-1"},"og_locale":"fr_CA","og_type":"article","og_title":"Nissan envisage de cr\u00e9er une cha\u00eene d\u2019approvisionnement pour les V\u00c9S au Canada - CanadaMotorJobs.com","og_description":"Nissan envisage de cr\u00e9er une cha\u00eene d\u2019approvisionnement pour les V\u00c9S au Canada - Benoit Charette - Annuel automobile - CanadaMotorJobs.com.","og_url":"https:\/\/news.canadamotorjobs.com\/fr\/nissan-envisage-de-creer-une-chaine-dapprovisionnement-pour-les-ves-au-canada\/","og_site_name":"CanadaMotorJobs.com","article_publisher":"https:\/\/www.facebook.com\/canadamotorjobs\/","article_published_time":"2023-02-18T18:30:35+00:00","article_modified_time":"2023-02-18T18:44:42+00:00","og_image":[{"width":1920,"height":1279,"url":"https:\/\/news.canadamotorjobs.com\/wp-content\/uploads\/2023\/02\/New-Nissan-logo-debuts-on-Ariya-electric-crossover-5.jpg","type":"image\/jpeg"}],"author":"Benoit Charette","twitter_card":"summary_large_image","twitter_creator":"@canadamotorjobs","twitter_site":"@canadamotorjobs","twitter_misc":{"\u00c9crit par":"Benoit Charette","Estimation du temps de lecture":"2 minutes"},"schema":{"@context":"https:\/\/schema.org","@graph":[{"@type":"Article","@id":"https:\/\/news.canadamotorjobs.com\/fr\/nissan-envisage-de-creer-une-chaine-dapprovisionnement-pour-les-ves-au-canada\/#article","isPartOf":{"@id":"https:\/\/news.canadamotorjobs.com\/fr\/nissan-envisage-de-creer-une-chaine-dapprovisionnement-pour-les-ves-au-canada\/"},"author":{"name":"Benoit Charette","@id":"https:\/\/news.canadamotorjobs.com\/#\/schema\/person\/51793d1f87d44011d7bcc2ed99269a90"},"headline":"Nissan envisage de cr\u00e9er une cha\u00eene d\u2019approvisionnement pour les V\u00c9S au Canada","datePublished":"2023-02-18T18:30:35+00:00","dateModified":"2023-02-18T18:44:42+00:00","mainEntityOfPage":{"@id":"https:\/\/news.canadamotorjobs.com\/fr\/nissan-envisage-de-creer-une-chaine-dapprovisionnement-pour-les-ves-au-canada\/"},"wordCount":444,"publisher":{"@id":"https:\/\/news.canadamotorjobs.com\/#organization"},"image":{"@id":"https:\/\/news.canadamotorjobs.com\/fr\/nissan-envisage-de-creer-une-chaine-dapprovisionnement-pour-les-ves-au-canada\/#primaryimage"},"thumbnailUrl":"https:\/\/news.canadamotorjobs.com\/wp-content\/uploads\/2023\/02\/New-Nissan-logo-debuts-on-Ariya-electric-crossover-5.jpg","articleSection":["Annuel automobile"],"inLanguage":"fr-CA"},{"@type":"WebPage","@id":"https:\/\/news.canadamotorjobs.com\/fr\/nissan-envisage-de-creer-une-chaine-dapprovisionnement-pour-les-ves-au-canada\/","url":"https:\/\/news.canadamotorjobs.com\/fr\/nissan-envisage-de-creer-une-chaine-dapprovisionnement-pour-les-ves-au-canada\/","name":"Nissan envisage de cr\u00e9er une cha\u00eene d\u2019approvisionnement pour les V\u00c9S au Canada - CanadaMotorJobs.com","isPartOf":{"@id":"https:\/\/news.canadamotorjobs.com\/#website"},"primaryImageOfPage":{"@id":"https:\/\/news.canadamotorjobs.com\/fr\/nissan-envisage-de-creer-une-chaine-dapprovisionnement-pour-les-ves-au-canada\/#primaryimage"},"image":{"@id":"https:\/\/news.canadamotorjobs.com\/fr\/nissan-envisage-de-creer-une-chaine-dapprovisionnement-pour-les-ves-au-canada\/#primaryimage"},"thumbnailUrl":"https:\/\/news.canadamotorjobs.com\/wp-content\/uploads\/2023\/02\/New-Nissan-logo-debuts-on-Ariya-electric-crossover-5.jpg","datePublished":"2023-02-18T18:30:35+00:00","dateModified":"2023-02-18T18:44:42+00:00","description":"Nissan envisage de cr\u00e9er une cha\u00eene d\u2019approvisionnement pour les V\u00c9S au Canada - Benoit Charette - Annuel automobile - CanadaMotorJobs.com.","breadcrumb":{"@id":"https:\/\/news.canadamotorjobs.com\/fr\/nissan-envisage-de-creer-une-chaine-dapprovisionnement-pour-les-ves-au-canada\/#breadcrumb"},"inLanguage":"fr-CA","potentialAction":[{"@type":"ReadAction","target":["https:\/\/news.canadamotorjobs.com\/fr\/nissan-envisage-de-creer-une-chaine-dapprovisionnement-pour-les-ves-au-canada\/"]}]},{"@type":"ImageObject","inLanguage":"fr-CA","@id":"https:\/\/news.canadamotorjobs.com\/fr\/nissan-envisage-de-creer-une-chaine-dapprovisionnement-pour-les-ves-au-canada\/#primaryimage","url":"https:\/\/news.canadamotorjobs.com\/wp-content\/uploads\/2023\/02\/New-Nissan-logo-debuts-on-Ariya-electric-crossover-5.jpg","contentUrl":"https:\/\/news.canadamotorjobs.com\/wp-content\/uploads\/2023\/02\/New-Nissan-logo-debuts-on-Ariya-electric-crossover-5.jpg","width":1920,"height":1279},{"@type":"BreadcrumbList","@id":"https:\/\/news.canadamotorjobs.com\/fr\/nissan-envisage-de-creer-une-chaine-dapprovisionnement-pour-les-ves-au-canada\/#breadcrumb","itemListElement":[{"@type":"ListItem","position":1,"name":"Home","item":"https:\/\/news.canadamotorjobs.com\/fr\/blog\/"},{"@type":"ListItem","position":2,"name":"Nissan envisage de cr\u00e9er une cha\u00eene d\u2019approvisionnement pour les V\u00c9S au Canada"}]},{"@type":"WebSite","@id":"https:\/\/news.canadamotorjobs.com\/#website","url":"https:\/\/news.canadamotorjobs.com\/","name":"CanadaMotorJobs.com","description":"Automotive Jobs","publisher":{"@id":"https:\/\/news.canadamotorjobs.com\/#organization"},"potentialAction":[{"@type":"SearchAction","target":{"@type":"EntryPoint","urlTemplate":"https:\/\/news.canadamotorjobs.com\/?s={search_term_string}"},"query-input":"required name=search_term_string"}],"inLanguage":"fr-CA"},{"@type":"Organization","@id":"https:\/\/news.canadamotorjobs.com\/#organization","name":"Canada Motor Jobs","url":"https:\/\/news.canadamotorjobs.com\/","logo":{"@type":"ImageObject","inLanguage":"fr-CA","@id":"https:\/\/news.canadamotorjobs.com\/#\/schema\/logo\/image\/","url":"https:\/\/news.canadamotorjobs.com\/wp-content\/uploads\/2022\/10\/logo-canada-motor-jobs-1.png","contentUrl":"https:\/\/news.canadamotorjobs.com\/wp-content\/uploads\/2022\/10\/logo-canada-motor-jobs-1.png","width":800,"height":400,"caption":"Canada Motor Jobs"},"image":{"@id":"https:\/\/news.canadamotorjobs.com\/#\/schema\/logo\/image\/"},"sameAs":["https:\/\/www.facebook.com\/canadamotorjobs\/","https:\/\/x.com\/canadamotorjobs","https:\/\/www.instagram.com\/canadamotorjobs\/","https:\/\/www.linkedin.com\/company\/canadamotorjobs"]},{"@type":"Person","@id":"https:\/\/news.canadamotorjobs.com\/#\/schema\/person\/51793d1f87d44011d7bcc2ed99269a90","name":"Benoit Charette","image":{"@type":"ImageObject","inLanguage":"fr-CA","@id":"https:\/\/news.canadamotorjobs.com\/#\/schema\/person\/image\/","url":"https:\/\/secure.gravatar.com\/avatar\/45f3d2eebcccd909668d7ce7ea7267b6?s=96&d=mm&r=g","contentUrl":"https:\/\/secure.gravatar.com\/avatar\/45f3d2eebcccd909668d7ce7ea7267b6?s=96&d=mm&r=g","caption":"Benoit Charette"},"description":"Benoit Charette \/ Propri\u00e9taire et r\u00e9dacteur en chef Benoit Charette pratique le journalisme automobile depuis bient\u00f4t 30 ans. Il a fait ses classes au c\u00f4t\u00e9 de Daniel H\u00e9raud et au Carnet de route de 1992 \u00e0 2001. Il est fondateur, copropri\u00e9taire et r\u00e9dacteur en chef de L\u2019Annuel de l\u2019automobile, qu\u2019il publie depuis 2001. Il a anim\u00e9 les \u00e9missions RPM et RPM+ sur V et les L\u00e9gendes de la route sur Historia. \u00c0 la radio depuis 1986, il reprend l\u2019antenne cette ann\u00e9e sur les ondes de Cogeco et participe pour la deuxi\u00e8me ann\u00e9e \u00e0 l\u2019\u00e9mission Passion Auto sur RDS en plus de mettre en ligne le site Web officiel de L\u2019Annuel de l\u2019automobile sur annuelauto.ca.","sameAs":["https:\/\/annuelauto.ca\/"],"url":"https:\/\/news.canadamotorjobs.com\/fr\/author\/benoit-charette\/"}]}},"_links":{"self":[{"href":"https:\/\/news.canadamotorjobs.com\/fr\/wp-json\/wp\/v2\/posts\/140318"}],"collection":[{"href":"https:\/\/news.canadamotorjobs.com\/fr\/wp-json\/wp\/v2\/posts"}],"about":[{"href":"https:\/\/news.canadamotorjobs.com\/fr\/wp-json\/wp\/v2\/types\/post"}],"author":[{"embeddable":true,"href":"https:\/\/news.canadamotorjobs.com\/fr\/wp-json\/wp\/v2\/users\/8"}],"replies":[{"embeddable":true,"href":"https:\/\/news.canadamotorjobs.com\/fr\/wp-json\/wp\/v2\/comments?post=140318"}],"version-history":[{"count":2,"href":"https:\/\/news.canadamotorjobs.com\/fr\/wp-json\/wp\/v2\/posts\/140318\/revisions"}],"predecessor-version":[{"id":140322,"href":"https:\/\/news.canadamotorjobs.com\/fr\/wp-json\/wp\/v2\/posts\/140318\/revisions\/140322"}],"wp:featuredmedia":[{"embeddable":true,"href":"https:\/\/news.canadamotorjobs.com\/fr\/wp-json\/wp\/v2\/media\/140320"}],"wp:attachment":[{"href":"https:\/\/news.canadamotorjobs.com\/fr\/wp-json\/wp\/v2\/media?parent=140318"}],"wp:term":[{"taxonomy":"category","embeddable":true,"href":"https:\/\/news.canadamotorjobs.com\/fr\/wp-json\/wp\/v2\/categories?post=140318"},{"taxonomy":"post_tag","embeddable":true,"href":"https:\/\/news.canadamotorjobs.com\/fr\/wp-json\/wp\/v2\/tags?post=140318"}],"curies":[{"name":"wp","href":"https:\/\/api.w.org\/{rel}","templated":true}]}}