{"id":140187,"date":"2023-02-16T05:52:06","date_gmt":"2023-02-16T10:52:06","guid":{"rendered":"https:\/\/news.canadamotorjobs.com\/?p=140187"},"modified":"2023-02-16T06:01:54","modified_gmt":"2023-02-16T11:01:54","slug":"cadillac-prepare-trois-nouveaux-vehicules-electriques-pour-2024","status":"publish","type":"post","link":"https:\/\/news.canadamotorjobs.com\/fr\/cadillac-prepare-trois-nouveaux-vehicules-electriques-pour-2024\/","title":{"rendered":"Cadillac pr\u00e9pare trois nouveaux v\u00e9hicules \u00e9lectriques pour 2024"},"content":{"rendered":"<\/p>\n<p>Cadillac d\u00e9voilera cette ann\u00e9e trois autres v\u00e9hicules \u00e9lectriques qui devraient entrer en production en 2024, a d\u00e9clar\u00e9 Rory Harvey, vice-pr\u00e9sident de Global Cadillac. Il a toutefois refus\u00e9 de partager des d\u00e9tails sp\u00e9cifiques sur les v\u00e9hicules ou leurs segments lors d&#8217;une conf\u00e9rence avec les journalistes. Il a indiqu\u00e9 qu&#8217;ils seraient fabriqu\u00e9s dans \u00ab\u00a0plusieurs endroits\u00a0\u00bb, mais n&#8217;a pas pr\u00e9cis\u00e9 o\u00f9.<\/p>\n<h3>Cadillac aura donc 5 v\u00e9hicules \u00e9lectriques sur la route d\u2019ici deux ans<\/h3>\n<p>\nEn plus du mod\u00e8le Lyriq qui fait ses d\u00e9buts et le tr\u00e8s exclusif Celestiq \u00e0 plus de 300 000 $ dont la production doit commencer \u00e0 la fin de cette ann\u00e9e, il faut s\u2019attendre que des versions \u00e9lectriques de l&#8217;Escalade et de l&#8217;Escalade ESV &#8211; qui seront appel\u00e9es IQ et IQL &#8211; sont attendues en 2024 et 2025 et qu&#8217;un VUS \u00e9lectrique compact et un plus grand devraient \u00eatre lanc\u00e9s en 2024. C\u2019est l\u2019information que l\u2019on poss\u00e8de pour le moment.La marque vise \u00e0 passer \u00e0 une gamme enti\u00e8rement \u00e9lectrique en Am\u00e9rique du Nord d&#8217;ici 2030.<\/p>\n<h3>Un d\u00e9marrage lent de la Lyriq<\/h3>\n<p>\nM. Harvey a d\u00e9clar\u00e9 aux journalistes que la production de la Lyriq s&#8217;acc\u00e9l\u00e8re apr\u00e8s un d\u00e9marrage intentionnellement lent pour assurer la qualit\u00e9. La production a commenc\u00e9 au printemps dernier \u00e0 Spring Hill, Tennessee. General Motors n&#8217;a vendu que 122 Lyriq aux \u00c9tats-Unis pour toute l&#8217;ann\u00e9e 2022 et encore aucune au Canada. Toutefois, le rythme s\u2019acc\u00e9l\u00e8re et 1\u00a0000 Lyriq ont \u00e9t\u00e9 livr\u00e9s dans les 30 derniers jours aux \u00c9tats-Unis et les mod\u00e8les commencent \u00e0 se pointer aussi chez nous.<\/p>\n<p>Avec des renseignements d\u2019Automotive News<\/p>\n<p>Le texte <a rel=\"nofollow\" href=\"https:\/\/annuelauto.ca\/cadillac-prepare-trois-nouveaux-vehicules-electriques-pour-2024\/\">Cadillac pr\u00e9pare trois nouveaux v\u00e9hicules \u00e9lectriques pour 2024<\/a> provient de <a rel=\"nofollow\" href=\"https:\/\/annuelauto.ca\">L&#8217;annuel de l&#8217;automobile &#8211; Actualit\u00e9 automobile<\/a><\/p>\n<p><\/p>\n","protected":false},"excerpt":{"rendered":"<p>Cadillac d\u00e9voilera cette ann\u00e9e trois autres v\u00e9hicules \u00e9lectriques qui devraient entrer en production en 2024, a d\u00e9clar\u00e9 Rory Harvey, vice-pr\u00e9sident de Global Cadillac. Il a toutefois refus\u00e9 de partager des d\u00e9tails sp\u00e9cifiques sur les v\u00e9hicules ou leurs segments lors d&#8217;une conf\u00e9rence avec les journalistes. Il a indiqu\u00e9 qu&#8217;ils seraient fabriqu\u00e9s dans \u00ab\u00a0plusieurs endroits\u00a0\u00bb, mais n&#8217;a [&hellip;]<\/p>\n","protected":false},"author":8,"featured_media":140189,"comment_status":"close","ping_status":"closed","sticky":false,"template":"","format":"standard","meta":{"_monsterinsights_skip_tracking":false,"_monsterinsights_sitenote_active":false,"_monsterinsights_sitenote_note":"","_monsterinsights_sitenote_category":0,"footnotes":""},"categories":[101],"tags":[],"yoast_head":"<!-- This site is optimized with the Yoast SEO plugin v23.2 - https:\/\/yoast.com\/wordpress\/plugins\/seo\/ -->\n<title>Cadillac pr\u00e9pare trois nouveaux v\u00e9hicules \u00e9lectriques pour 2024 - CanadaMotorJobs.com<\/title>\n<meta name=\"description\" content=\"Cadillac pr\u00e9pare trois nouveaux v\u00e9hicules \u00e9lectriques pour 2024 - Benoit Charette - Annuel automobile - CanadaMotorJobs.com.\" \/>\n<meta name=\"robots\" content=\"index, follow, max-snippet:-1, max-image-preview:large, max-video-preview:-1\" \/>\n<meta property=\"og:locale\" content=\"fr_CA\" \/>\n<meta property=\"og:type\" content=\"article\" \/>\n<meta property=\"og:title\" content=\"Cadillac pr\u00e9pare trois nouveaux v\u00e9hicules \u00e9lectriques pour 2024 - CanadaMotorJobs.com\" \/>\n<meta property=\"og:description\" content=\"Cadillac pr\u00e9pare trois nouveaux v\u00e9hicules \u00e9lectriques pour 2024 - Benoit Charette - Annuel automobile - CanadaMotorJobs.com.\" \/>\n<meta property=\"og:url\" content=\"https:\/\/news.canadamotorjobs.com\/fr\/cadillac-prepare-trois-nouveaux-vehicules-electriques-pour-2024\/\" \/>\n<meta property=\"og:site_name\" content=\"CanadaMotorJobs.com\" \/>\n<meta property=\"article:publisher\" content=\"https:\/\/www.facebook.com\/canadamotorjobs\/\" \/>\n<meta property=\"article:published_time\" content=\"2023-02-16T10:52:06+00:00\" \/>\n<meta property=\"article:modified_time\" content=\"2023-02-16T11:01:54+00:00\" \/>\n<meta property=\"og:image\" content=\"https:\/\/news.canadamotorjobs.com\/wp-content\/uploads\/2023\/02\/TRUETTBLOG-MAIN_i_15-scaled-1.jpg\" \/>\n\t<meta property=\"og:image:width\" content=\"2560\" \/>\n\t<meta property=\"og:image:height\" content=\"1273\" \/>\n\t<meta property=\"og:image:type\" content=\"image\/jpeg\" \/>\n<meta name=\"author\" content=\"Benoit Charette\" \/>\n<meta name=\"twitter:card\" content=\"summary_large_image\" \/>\n<meta name=\"twitter:creator\" content=\"@canadamotorjobs\" \/>\n<meta name=\"twitter:site\" content=\"@canadamotorjobs\" \/>\n<meta name=\"twitter:label1\" content=\"\u00c9crit par\" \/>\n\t<meta name=\"twitter:data1\" content=\"Benoit Charette\" \/>\n\t<meta name=\"twitter:label2\" content=\"Estimation du temps de lecture\" \/>\n\t<meta name=\"twitter:data2\" content=\"1 minute\" \/>\n<!-- \/ Yoast SEO plugin. -->","yoast_head_json":{"title":"Cadillac pr\u00e9pare trois nouveaux v\u00e9hicules \u00e9lectriques pour 2024 - CanadaMotorJobs.com","description":"Cadillac pr\u00e9pare trois nouveaux v\u00e9hicules \u00e9lectriques pour 2024 - Benoit Charette - Annuel automobile - CanadaMotorJobs.com.","robots":{"index":"index","follow":"follow","max-snippet":"max-snippet:-1","max-image-preview":"max-image-preview:large","max-video-preview":"max-video-preview:-1"},"og_locale":"fr_CA","og_type":"article","og_title":"Cadillac pr\u00e9pare trois nouveaux v\u00e9hicules \u00e9lectriques pour 2024 - CanadaMotorJobs.com","og_description":"Cadillac pr\u00e9pare trois nouveaux v\u00e9hicules \u00e9lectriques pour 2024 - Benoit Charette - Annuel automobile - CanadaMotorJobs.com.","og_url":"https:\/\/news.canadamotorjobs.com\/fr\/cadillac-prepare-trois-nouveaux-vehicules-electriques-pour-2024\/","og_site_name":"CanadaMotorJobs.com","article_publisher":"https:\/\/www.facebook.com\/canadamotorjobs\/","article_published_time":"2023-02-16T10:52:06+00:00","article_modified_time":"2023-02-16T11:01:54+00:00","og_image":[{"width":2560,"height":1273,"url":"https:\/\/news.canadamotorjobs.com\/wp-content\/uploads\/2023\/02\/TRUETTBLOG-MAIN_i_15-scaled-1.jpg","type":"image\/jpeg"}],"author":"Benoit Charette","twitter_card":"summary_large_image","twitter_creator":"@canadamotorjobs","twitter_site":"@canadamotorjobs","twitter_misc":{"\u00c9crit par":"Benoit Charette","Estimation du temps de lecture":"1 minute"},"schema":{"@context":"https:\/\/schema.org","@graph":[{"@type":"Article","@id":"https:\/\/news.canadamotorjobs.com\/fr\/cadillac-prepare-trois-nouveaux-vehicules-electriques-pour-2024\/#article","isPartOf":{"@id":"https:\/\/news.canadamotorjobs.com\/fr\/cadillac-prepare-trois-nouveaux-vehicules-electriques-pour-2024\/"},"author":{"name":"Benoit Charette","@id":"https:\/\/news.canadamotorjobs.com\/#\/schema\/person\/51793d1f87d44011d7bcc2ed99269a90"},"headline":"Cadillac pr\u00e9pare trois nouveaux v\u00e9hicules \u00e9lectriques pour 2024","datePublished":"2023-02-16T10:52:06+00:00","dateModified":"2023-02-16T11:01:54+00:00","mainEntityOfPage":{"@id":"https:\/\/news.canadamotorjobs.com\/fr\/cadillac-prepare-trois-nouveaux-vehicules-electriques-pour-2024\/"},"wordCount":314,"publisher":{"@id":"https:\/\/news.canadamotorjobs.com\/#organization"},"image":{"@id":"https:\/\/news.canadamotorjobs.com\/fr\/cadillac-prepare-trois-nouveaux-vehicules-electriques-pour-2024\/#primaryimage"},"thumbnailUrl":"https:\/\/news.canadamotorjobs.com\/wp-content\/uploads\/2023\/02\/TRUETTBLOG-MAIN_i_15-scaled-1.jpg","articleSection":["Annuel automobile"],"inLanguage":"fr-CA"},{"@type":"WebPage","@id":"https:\/\/news.canadamotorjobs.com\/fr\/cadillac-prepare-trois-nouveaux-vehicules-electriques-pour-2024\/","url":"https:\/\/news.canadamotorjobs.com\/fr\/cadillac-prepare-trois-nouveaux-vehicules-electriques-pour-2024\/","name":"Cadillac pr\u00e9pare trois nouveaux v\u00e9hicules \u00e9lectriques pour 2024 - CanadaMotorJobs.com","isPartOf":{"@id":"https:\/\/news.canadamotorjobs.com\/#website"},"primaryImageOfPage":{"@id":"https:\/\/news.canadamotorjobs.com\/fr\/cadillac-prepare-trois-nouveaux-vehicules-electriques-pour-2024\/#primaryimage"},"image":{"@id":"https:\/\/news.canadamotorjobs.com\/fr\/cadillac-prepare-trois-nouveaux-vehicules-electriques-pour-2024\/#primaryimage"},"thumbnailUrl":"https:\/\/news.canadamotorjobs.com\/wp-content\/uploads\/2023\/02\/TRUETTBLOG-MAIN_i_15-scaled-1.jpg","datePublished":"2023-02-16T10:52:06+00:00","dateModified":"2023-02-16T11:01:54+00:00","description":"Cadillac pr\u00e9pare trois nouveaux v\u00e9hicules \u00e9lectriques pour 2024 - Benoit Charette - Annuel automobile - CanadaMotorJobs.com.","breadcrumb":{"@id":"https:\/\/news.canadamotorjobs.com\/fr\/cadillac-prepare-trois-nouveaux-vehicules-electriques-pour-2024\/#breadcrumb"},"inLanguage":"fr-CA","potentialAction":[{"@type":"ReadAction","target":["https:\/\/news.canadamotorjobs.com\/fr\/cadillac-prepare-trois-nouveaux-vehicules-electriques-pour-2024\/"]}]},{"@type":"ImageObject","inLanguage":"fr-CA","@id":"https:\/\/news.canadamotorjobs.com\/fr\/cadillac-prepare-trois-nouveaux-vehicules-electriques-pour-2024\/#primaryimage","url":"https:\/\/news.canadamotorjobs.com\/wp-content\/uploads\/2023\/02\/TRUETTBLOG-MAIN_i_15-scaled-1.jpg","contentUrl":"https:\/\/news.canadamotorjobs.com\/wp-content\/uploads\/2023\/02\/TRUETTBLOG-MAIN_i_15-scaled-1.jpg","width":2560,"height":1273},{"@type":"BreadcrumbList","@id":"https:\/\/news.canadamotorjobs.com\/fr\/cadillac-prepare-trois-nouveaux-vehicules-electriques-pour-2024\/#breadcrumb","itemListElement":[{"@type":"ListItem","position":1,"name":"Home","item":"https:\/\/news.canadamotorjobs.com\/fr\/blog\/"},{"@type":"ListItem","position":2,"name":"Cadillac pr\u00e9pare trois nouveaux v\u00e9hicules \u00e9lectriques pour 2024"}]},{"@type":"WebSite","@id":"https:\/\/news.canadamotorjobs.com\/#website","url":"https:\/\/news.canadamotorjobs.com\/","name":"CanadaMotorJobs.com","description":"Automotive Jobs","publisher":{"@id":"https:\/\/news.canadamotorjobs.com\/#organization"},"potentialAction":[{"@type":"SearchAction","target":{"@type":"EntryPoint","urlTemplate":"https:\/\/news.canadamotorjobs.com\/?s={search_term_string}"},"query-input":"required name=search_term_string"}],"inLanguage":"fr-CA"},{"@type":"Organization","@id":"https:\/\/news.canadamotorjobs.com\/#organization","name":"Canada Motor Jobs","url":"https:\/\/news.canadamotorjobs.com\/","logo":{"@type":"ImageObject","inLanguage":"fr-CA","@id":"https:\/\/news.canadamotorjobs.com\/#\/schema\/logo\/image\/","url":"https:\/\/news.canadamotorjobs.com\/wp-content\/uploads\/2022\/10\/logo-canada-motor-jobs-1.png","contentUrl":"https:\/\/news.canadamotorjobs.com\/wp-content\/uploads\/2022\/10\/logo-canada-motor-jobs-1.png","width":800,"height":400,"caption":"Canada Motor Jobs"},"image":{"@id":"https:\/\/news.canadamotorjobs.com\/#\/schema\/logo\/image\/"},"sameAs":["https:\/\/www.facebook.com\/canadamotorjobs\/","https:\/\/x.com\/canadamotorjobs","https:\/\/www.instagram.com\/canadamotorjobs\/","https:\/\/www.linkedin.com\/company\/canadamotorjobs"]},{"@type":"Person","@id":"https:\/\/news.canadamotorjobs.com\/#\/schema\/person\/51793d1f87d44011d7bcc2ed99269a90","name":"Benoit Charette","image":{"@type":"ImageObject","inLanguage":"fr-CA","@id":"https:\/\/news.canadamotorjobs.com\/#\/schema\/person\/image\/","url":"https:\/\/secure.gravatar.com\/avatar\/45f3d2eebcccd909668d7ce7ea7267b6?s=96&d=mm&r=g","contentUrl":"https:\/\/secure.gravatar.com\/avatar\/45f3d2eebcccd909668d7ce7ea7267b6?s=96&d=mm&r=g","caption":"Benoit Charette"},"description":"Benoit Charette \/ Propri\u00e9taire et r\u00e9dacteur en chef Benoit Charette pratique le journalisme automobile depuis bient\u00f4t 30 ans. Il a fait ses classes au c\u00f4t\u00e9 de Daniel H\u00e9raud et au Carnet de route de 1992 \u00e0 2001. Il est fondateur, copropri\u00e9taire et r\u00e9dacteur en chef de L\u2019Annuel de l\u2019automobile, qu\u2019il publie depuis 2001. Il a anim\u00e9 les \u00e9missions RPM et RPM+ sur V et les L\u00e9gendes de la route sur Historia. \u00c0 la radio depuis 1986, il reprend l\u2019antenne cette ann\u00e9e sur les ondes de Cogeco et participe pour la deuxi\u00e8me ann\u00e9e \u00e0 l\u2019\u00e9mission Passion Auto sur RDS en plus de mettre en ligne le site Web officiel de L\u2019Annuel de l\u2019automobile sur annuelauto.ca.","sameAs":["https:\/\/annuelauto.ca\/"],"url":"https:\/\/news.canadamotorjobs.com\/fr\/author\/benoit-charette\/"}]}},"_links":{"self":[{"href":"https:\/\/news.canadamotorjobs.com\/fr\/wp-json\/wp\/v2\/posts\/140187"}],"collection":[{"href":"https:\/\/news.canadamotorjobs.com\/fr\/wp-json\/wp\/v2\/posts"}],"about":[{"href":"https:\/\/news.canadamotorjobs.com\/fr\/wp-json\/wp\/v2\/types\/post"}],"author":[{"embeddable":true,"href":"https:\/\/news.canadamotorjobs.com\/fr\/wp-json\/wp\/v2\/users\/8"}],"replies":[{"embeddable":true,"href":"https:\/\/news.canadamotorjobs.com\/fr\/wp-json\/wp\/v2\/comments?post=140187"}],"version-history":[{"count":2,"href":"https:\/\/news.canadamotorjobs.com\/fr\/wp-json\/wp\/v2\/posts\/140187\/revisions"}],"predecessor-version":[{"id":140191,"href":"https:\/\/news.canadamotorjobs.com\/fr\/wp-json\/wp\/v2\/posts\/140187\/revisions\/140191"}],"wp:featuredmedia":[{"embeddable":true,"href":"https:\/\/news.canadamotorjobs.com\/fr\/wp-json\/wp\/v2\/media\/140189"}],"wp:attachment":[{"href":"https:\/\/news.canadamotorjobs.com\/fr\/wp-json\/wp\/v2\/media?parent=140187"}],"wp:term":[{"taxonomy":"category","embeddable":true,"href":"https:\/\/news.canadamotorjobs.com\/fr\/wp-json\/wp\/v2\/categories?post=140187"},{"taxonomy":"post_tag","embeddable":true,"href":"https:\/\/news.canadamotorjobs.com\/fr\/wp-json\/wp\/v2\/tags?post=140187"}],"curies":[{"name":"wp","href":"https:\/\/api.w.org\/{rel}","templated":true}]}}