{"id":140164,"date":"2023-02-15T10:19:24","date_gmt":"2023-02-15T15:19:24","guid":{"rendered":"https:\/\/news.canadamotorjobs.com\/?p=140164"},"modified":"2023-02-15T10:23:27","modified_gmt":"2023-02-15T15:23:27","slug":"bmw-ix","status":"publish","type":"post","link":"https:\/\/news.canadamotorjobs.com\/fr\/bmw-ix\/","title":{"rendered":"BMW iX"},"content":{"rendered":"<\/p>\n<p>\u00c7a y est, on en parle et nous avions h\u00e2te depuis plusieurs ann\u00e9es d\u00e9j\u00e0 et voil\u00e0 que la prochaine grande vague d\u2019\u00e9lectrification s\u2019amorce chez BMW ces jours-ci gr\u00e2ce \u00e0 la i7, dont on a parl\u00e9 \u00e0 <em>\u00c7a tient la route<\/em> la semaine derni\u00e8re, et \u00e0 la i4, une berline un peu plus modeste qui s\u2019av\u00e8re le choix le plus abordable de la division i de BMW \u00e0 l\u2019heure actuelle. Mais ce n\u2019est pas tout. Car il y a aussi la gamme de VUS \u00e9lectriques iX, qui vient en deux saveurs, ou en trois versions, selon la fa\u00e7on dont vous voyez les choses. Et dans le tas, s\u2019il y avait un mod\u00e8le i qui vaut la peine d\u2019\u00eatre achet\u00e9, c\u2019est probablement celui-l\u00e0 qui arrive au haut de ma liste.<\/p>\n<p>Le iX a officiellement deux variantes, donc : le iX de base existe lui en \u00e9dition xDrive40 et xDrive50. La premi\u00e8re est la plus abordable des deux, \u00e0 80 000 $. Son autonomie est limit\u00e9e \u00e0 322 km par charge. Le iX xDrive50 a plus de batteries et une autonomie maximale de 520 km par charge. Il compte sur 516 chevaux pour se propulser de 0 \u00e0 100 km\/h en 5 secondes. C\u2019est aussi, \u00e0 95 000 $, un VUS qui co\u00fbte un peu plus cher.<\/p>\n<p>Enfin, il y a le iX M60. Des trois, c\u2019est probablement le iX que BMW aurait le plus aim\u00e9 construire, s\u2019il n\u2019y avait pas l\u2019\u00e9pineuse question du prix de vente. Car ce mod\u00e8le-l\u00e0 co\u00fbte 130 000\u00a0$. Il a droit \u00e0 la m\u00e9canique la plus puissante, \u00e0 610 chevaux. Il boucle le 0-100\u00a0km\/h en 4 secondes. Sa batterie fait 106 kilowatts-heure, ce qui lui conf\u00e8re entre 330 et 350\u00a0km d\u2019autonomie r\u00e9elle par charge (BMW annonce jusqu\u2019\u00e0 463\u00a0km). Et il est livr\u00e9 avec pas mal tous les gadgets que vous pouvez esp\u00e9rer avoir \u00e0 bord d\u2019un tel v\u00e9hicule.<\/p>\n<p>Parmi ces gadgets, on trouve un syst\u00e8me \u00e0 quatre roues directionnelles, ce qui permet des virages plus serr\u00e9s malgr\u00e9 les dimensions assez importantes de ce VUS. \u00c7a inclut aussi une sonorisation con\u00e7ue expr\u00e8s pour simuler le bruit d\u2019une soucoupe volante ou un v\u00e9hicule du futur ou d\u2019un moteur qui n\u2019est pas \u00e0 essence, mais qui ferait quand m\u00eame beaucoup de bruit. C\u2019est \u00e0 la fois amusant, aga\u00e7ant et intrigant. On pr\u00e9f\u00e9rerait le bruit du silence, comme le chantaient Simon et Garfunkel, mais BMW a d\u00e9cid\u00e9 que \u00e7a prenait du bruit.<\/p>\n<p>Il faut dire que BMW n\u2019est pas seule \u00e0 le penser. Mercedes-Benz, Audi, Ford et d\u2019autres encore simulent du bruit \u00e0 bord de leurs v\u00e9hicules \u00e9lectriques.<\/p>\n<p>Au volant l\u2019acc\u00e9l\u00e9ration est \u00e9videmment extr\u00eamement agr\u00e9able \u00e0 produire, peu importe les conditions. Sauf qu\u2019on atteint rapidement plus que la vitesse permise, alors il faut faire extr\u00eamement attention. Le v\u00e9hicule n\u2019offre la possibilit\u00e9 de personnaliser la fameuse \u00abconduite \u00e0 une p\u00e9dale\u00bb, mais il utilise ses capteurs pour ralentir quand il d\u00e9tecte des v\u00e9hicules \u00e0 l\u2019avant, sans avoir \u00e0 activer le r\u00e9gulateur de vitesse. Le r\u00e9sultat est \u00e9trange, car on a l\u2019impression de conduire en roue libre quand la route est d\u00e9gag\u00e9e. \u00c7a cr\u00e9e un v\u00e9hicule un peu schizophr\u00e8ne dont l\u2019attitude change selon le contexte.<\/p>\n<p>Sinon, le iX semble plut\u00f4t lourd. La suspension est capable d\u2019en prendre et m\u00eame les nids-de-poule les plus meurtriers du grand Montr\u00e9al n\u2019arrivent pas \u00e0 rendre ce v\u00e9hicule-l\u00e0 inconfortable. Mais sachez qu\u2019avec son poids et ses dimensions, le iX contribue \u00e0 \u00e9largir les nids-de-poule qu\u2019il croise sur sa route.<\/p>\n<p>Mais il est surtout extr\u00eamement confortable, spacieux, et hi-tech. Le long \u00e9cran tr\u00e8s panoramique du tableau de bord est superbe. Il incarne une tendance lourde qu\u2019on va voir dans l\u2019ensemble de l\u2019industrie au cours des prochaines ann\u00e9es. C\u2019est tr\u00e8s minimaliste. Surtout que BMW a int\u00e9gr\u00e9 ses commandes \u00e0 un petit pav\u00e9 tactile dont la texture est celle d\u2019une planche de bois, sur lequel la molette du syst\u00e8me iDrive a l\u2019air d\u2019un joyau transparent, comme un diamant, ou un zirconia cubique, au choix.<\/p>\n<p>Mais \u00e7a rend l\u2019exp\u00e9rience tr\u00e8s attrayante. Si j\u2019avais 130 000\u00a0$ de trop, c\u2019est un v\u00e9hicule que je n\u2019aurais aucun probl\u00e8me \u00e0 acheter. Tout en sachant que Tesla et le Model X sont peut-\u00eatre une option plus compl\u00e8te, \u00e0 un prix l\u00e9g\u00e8rement sup\u00e9rieur.<\/p>\n<p>\u00a0<\/p>\n<p>\u00a0<\/p>\n<p>Le texte <a rel=\"nofollow\" href=\"https:\/\/annuelauto.ca\/bmw-ix\/\">BMW iX<\/a> provient de <a rel=\"nofollow\" href=\"https:\/\/annuelauto.ca\">L&#8217;annuel de l&#8217;automobile &#8211; Actualit\u00e9 automobile<\/a><\/p>\n<p><\/p>\n","protected":false},"excerpt":{"rendered":"<p>\u00c7a y est, on en parle et nous avions h\u00e2te depuis plusieurs ann\u00e9es d\u00e9j\u00e0 et voil\u00e0 que la prochaine grande vague d\u2019\u00e9lectrification s\u2019amorce chez BMW ces jours-ci gr\u00e2ce \u00e0 la i7, dont on a parl\u00e9 \u00e0 \u00c7a tient la route la semaine derni\u00e8re, et \u00e0 la i4, une berline un peu plus modeste qui s\u2019av\u00e8re [&hellip;]<\/p>\n","protected":false},"author":8,"featured_media":140166,"comment_status":"close","ping_status":"closed","sticky":false,"template":"","format":"standard","meta":{"_monsterinsights_skip_tracking":false,"_monsterinsights_sitenote_active":false,"_monsterinsights_sitenote_note":"","_monsterinsights_sitenote_category":0,"footnotes":""},"categories":[101],"tags":[],"yoast_head":"<!-- This site is optimized with the Yoast SEO plugin v23.2 - https:\/\/yoast.com\/wordpress\/plugins\/seo\/ -->\n<title>BMW iX - CanadaMotorJobs.com<\/title>\n<meta name=\"description\" content=\"BMW iX - Benoit Charette - Annuel automobile - CanadaMotorJobs.com.\" \/>\n<meta name=\"robots\" content=\"index, follow, max-snippet:-1, max-image-preview:large, max-video-preview:-1\" \/>\n<meta property=\"og:locale\" content=\"fr_CA\" \/>\n<meta property=\"og:type\" content=\"article\" \/>\n<meta property=\"og:title\" content=\"BMW iX - CanadaMotorJobs.com\" \/>\n<meta property=\"og:description\" content=\"BMW iX - Benoit Charette - Annuel automobile - CanadaMotorJobs.com.\" \/>\n<meta property=\"og:url\" content=\"https:\/\/news.canadamotorjobs.com\/fr\/bmw-ix\/\" \/>\n<meta property=\"og:site_name\" content=\"CanadaMotorJobs.com\" \/>\n<meta property=\"article:publisher\" content=\"https:\/\/www.facebook.com\/canadamotorjobs\/\" \/>\n<meta property=\"article:published_time\" content=\"2023-02-15T15:19:24+00:00\" \/>\n<meta property=\"article:modified_time\" content=\"2023-02-15T15:23:27+00:00\" \/>\n<meta property=\"og:image\" content=\"https:\/\/news.canadamotorjobs.com\/wp-content\/uploads\/2023\/02\/prin.jpg\" \/>\n\t<meta property=\"og:image:width\" content=\"1200\" \/>\n\t<meta property=\"og:image:height\" content=\"800\" \/>\n\t<meta property=\"og:image:type\" content=\"image\/jpeg\" \/>\n<meta name=\"author\" content=\"Benoit Charette\" \/>\n<meta name=\"twitter:card\" content=\"summary_large_image\" \/>\n<meta name=\"twitter:creator\" content=\"@canadamotorjobs\" \/>\n<meta name=\"twitter:site\" content=\"@canadamotorjobs\" \/>\n<meta name=\"twitter:label1\" content=\"\u00c9crit par\" \/>\n\t<meta name=\"twitter:data1\" content=\"Benoit Charette\" \/>\n\t<meta name=\"twitter:label2\" content=\"Estimation du temps de lecture\" \/>\n\t<meta name=\"twitter:data2\" content=\"4 minutes\" \/>\n<!-- \/ Yoast SEO plugin. -->","yoast_head_json":{"title":"BMW iX - CanadaMotorJobs.com","description":"BMW iX - Benoit Charette - Annuel automobile - CanadaMotorJobs.com.","robots":{"index":"index","follow":"follow","max-snippet":"max-snippet:-1","max-image-preview":"max-image-preview:large","max-video-preview":"max-video-preview:-1"},"og_locale":"fr_CA","og_type":"article","og_title":"BMW iX - CanadaMotorJobs.com","og_description":"BMW iX - Benoit Charette - Annuel automobile - CanadaMotorJobs.com.","og_url":"https:\/\/news.canadamotorjobs.com\/fr\/bmw-ix\/","og_site_name":"CanadaMotorJobs.com","article_publisher":"https:\/\/www.facebook.com\/canadamotorjobs\/","article_published_time":"2023-02-15T15:19:24+00:00","article_modified_time":"2023-02-15T15:23:27+00:00","og_image":[{"width":1200,"height":800,"url":"https:\/\/news.canadamotorjobs.com\/wp-content\/uploads\/2023\/02\/prin.jpg","type":"image\/jpeg"}],"author":"Benoit Charette","twitter_card":"summary_large_image","twitter_creator":"@canadamotorjobs","twitter_site":"@canadamotorjobs","twitter_misc":{"\u00c9crit par":"Benoit Charette","Estimation du temps de lecture":"4 minutes"},"schema":{"@context":"https:\/\/schema.org","@graph":[{"@type":"Article","@id":"https:\/\/news.canadamotorjobs.com\/fr\/bmw-ix\/#article","isPartOf":{"@id":"https:\/\/news.canadamotorjobs.com\/fr\/bmw-ix\/"},"author":{"name":"Benoit Charette","@id":"https:\/\/news.canadamotorjobs.com\/#\/schema\/person\/51793d1f87d44011d7bcc2ed99269a90"},"headline":"BMW iX","datePublished":"2023-02-15T15:19:24+00:00","dateModified":"2023-02-15T15:23:27+00:00","mainEntityOfPage":{"@id":"https:\/\/news.canadamotorjobs.com\/fr\/bmw-ix\/"},"wordCount":772,"publisher":{"@id":"https:\/\/news.canadamotorjobs.com\/#organization"},"image":{"@id":"https:\/\/news.canadamotorjobs.com\/fr\/bmw-ix\/#primaryimage"},"thumbnailUrl":"https:\/\/news.canadamotorjobs.com\/wp-content\/uploads\/2023\/02\/prin.jpg","articleSection":["Annuel automobile"],"inLanguage":"fr-CA"},{"@type":"WebPage","@id":"https:\/\/news.canadamotorjobs.com\/fr\/bmw-ix\/","url":"https:\/\/news.canadamotorjobs.com\/fr\/bmw-ix\/","name":"BMW iX - CanadaMotorJobs.com","isPartOf":{"@id":"https:\/\/news.canadamotorjobs.com\/#website"},"primaryImageOfPage":{"@id":"https:\/\/news.canadamotorjobs.com\/fr\/bmw-ix\/#primaryimage"},"image":{"@id":"https:\/\/news.canadamotorjobs.com\/fr\/bmw-ix\/#primaryimage"},"thumbnailUrl":"https:\/\/news.canadamotorjobs.com\/wp-content\/uploads\/2023\/02\/prin.jpg","datePublished":"2023-02-15T15:19:24+00:00","dateModified":"2023-02-15T15:23:27+00:00","description":"BMW iX - Benoit Charette - Annuel automobile - CanadaMotorJobs.com.","breadcrumb":{"@id":"https:\/\/news.canadamotorjobs.com\/fr\/bmw-ix\/#breadcrumb"},"inLanguage":"fr-CA","potentialAction":[{"@type":"ReadAction","target":["https:\/\/news.canadamotorjobs.com\/fr\/bmw-ix\/"]}]},{"@type":"ImageObject","inLanguage":"fr-CA","@id":"https:\/\/news.canadamotorjobs.com\/fr\/bmw-ix\/#primaryimage","url":"https:\/\/news.canadamotorjobs.com\/wp-content\/uploads\/2023\/02\/prin.jpg","contentUrl":"https:\/\/news.canadamotorjobs.com\/wp-content\/uploads\/2023\/02\/prin.jpg","width":1200,"height":800},{"@type":"BreadcrumbList","@id":"https:\/\/news.canadamotorjobs.com\/fr\/bmw-ix\/#breadcrumb","itemListElement":[{"@type":"ListItem","position":1,"name":"Home","item":"https:\/\/news.canadamotorjobs.com\/fr\/blog\/"},{"@type":"ListItem","position":2,"name":"BMW iX"}]},{"@type":"WebSite","@id":"https:\/\/news.canadamotorjobs.com\/#website","url":"https:\/\/news.canadamotorjobs.com\/","name":"CanadaMotorJobs.com","description":"Automotive Jobs","publisher":{"@id":"https:\/\/news.canadamotorjobs.com\/#organization"},"potentialAction":[{"@type":"SearchAction","target":{"@type":"EntryPoint","urlTemplate":"https:\/\/news.canadamotorjobs.com\/?s={search_term_string}"},"query-input":"required name=search_term_string"}],"inLanguage":"fr-CA"},{"@type":"Organization","@id":"https:\/\/news.canadamotorjobs.com\/#organization","name":"Canada Motor Jobs","url":"https:\/\/news.canadamotorjobs.com\/","logo":{"@type":"ImageObject","inLanguage":"fr-CA","@id":"https:\/\/news.canadamotorjobs.com\/#\/schema\/logo\/image\/","url":"https:\/\/news.canadamotorjobs.com\/wp-content\/uploads\/2022\/10\/logo-canada-motor-jobs-1.png","contentUrl":"https:\/\/news.canadamotorjobs.com\/wp-content\/uploads\/2022\/10\/logo-canada-motor-jobs-1.png","width":800,"height":400,"caption":"Canada Motor Jobs"},"image":{"@id":"https:\/\/news.canadamotorjobs.com\/#\/schema\/logo\/image\/"},"sameAs":["https:\/\/www.facebook.com\/canadamotorjobs\/","https:\/\/x.com\/canadamotorjobs","https:\/\/www.instagram.com\/canadamotorjobs\/","https:\/\/www.linkedin.com\/company\/canadamotorjobs"]},{"@type":"Person","@id":"https:\/\/news.canadamotorjobs.com\/#\/schema\/person\/51793d1f87d44011d7bcc2ed99269a90","name":"Benoit Charette","image":{"@type":"ImageObject","inLanguage":"fr-CA","@id":"https:\/\/news.canadamotorjobs.com\/#\/schema\/person\/image\/","url":"https:\/\/secure.gravatar.com\/avatar\/45f3d2eebcccd909668d7ce7ea7267b6?s=96&d=mm&r=g","contentUrl":"https:\/\/secure.gravatar.com\/avatar\/45f3d2eebcccd909668d7ce7ea7267b6?s=96&d=mm&r=g","caption":"Benoit Charette"},"description":"Benoit Charette \/ Propri\u00e9taire et r\u00e9dacteur en chef Benoit Charette pratique le journalisme automobile depuis bient\u00f4t 30 ans. Il a fait ses classes au c\u00f4t\u00e9 de Daniel H\u00e9raud et au Carnet de route de 1992 \u00e0 2001. Il est fondateur, copropri\u00e9taire et r\u00e9dacteur en chef de L\u2019Annuel de l\u2019automobile, qu\u2019il publie depuis 2001. Il a anim\u00e9 les \u00e9missions RPM et RPM+ sur V et les L\u00e9gendes de la route sur Historia. \u00c0 la radio depuis 1986, il reprend l\u2019antenne cette ann\u00e9e sur les ondes de Cogeco et participe pour la deuxi\u00e8me ann\u00e9e \u00e0 l\u2019\u00e9mission Passion Auto sur RDS en plus de mettre en ligne le site Web officiel de L\u2019Annuel de l\u2019automobile sur annuelauto.ca.","sameAs":["https:\/\/annuelauto.ca\/"],"url":"https:\/\/news.canadamotorjobs.com\/fr\/author\/benoit-charette\/"}]}},"_links":{"self":[{"href":"https:\/\/news.canadamotorjobs.com\/fr\/wp-json\/wp\/v2\/posts\/140164"}],"collection":[{"href":"https:\/\/news.canadamotorjobs.com\/fr\/wp-json\/wp\/v2\/posts"}],"about":[{"href":"https:\/\/news.canadamotorjobs.com\/fr\/wp-json\/wp\/v2\/types\/post"}],"author":[{"embeddable":true,"href":"https:\/\/news.canadamotorjobs.com\/fr\/wp-json\/wp\/v2\/users\/8"}],"replies":[{"embeddable":true,"href":"https:\/\/news.canadamotorjobs.com\/fr\/wp-json\/wp\/v2\/comments?post=140164"}],"version-history":[{"count":2,"href":"https:\/\/news.canadamotorjobs.com\/fr\/wp-json\/wp\/v2\/posts\/140164\/revisions"}],"predecessor-version":[{"id":140168,"href":"https:\/\/news.canadamotorjobs.com\/fr\/wp-json\/wp\/v2\/posts\/140164\/revisions\/140168"}],"wp:featuredmedia":[{"embeddable":true,"href":"https:\/\/news.canadamotorjobs.com\/fr\/wp-json\/wp\/v2\/media\/140166"}],"wp:attachment":[{"href":"https:\/\/news.canadamotorjobs.com\/fr\/wp-json\/wp\/v2\/media?parent=140164"}],"wp:term":[{"taxonomy":"category","embeddable":true,"href":"https:\/\/news.canadamotorjobs.com\/fr\/wp-json\/wp\/v2\/categories?post=140164"},{"taxonomy":"post_tag","embeddable":true,"href":"https:\/\/news.canadamotorjobs.com\/fr\/wp-json\/wp\/v2\/tags?post=140164"}],"curies":[{"name":"wp","href":"https:\/\/api.w.org\/{rel}","templated":true}]}}