{"id":140145,"date":"2023-02-15T09:25:55","date_gmt":"2023-02-15T14:25:55","guid":{"rendered":"https:\/\/news.canadamotorjobs.com\/?p=140145"},"modified":"2023-02-15T09:28:53","modified_gmt":"2023-02-15T14:28:53","slug":"vinfast-met-le-pied-sur-le-frein-et-cesse-ses-investissements","status":"publish","type":"post","link":"https:\/\/news.canadamotorjobs.com\/fr\/vinfast-met-le-pied-sur-le-frein-et-cesse-ses-investissements\/","title":{"rendered":"Vinfast met le pied sur le frein et cesse ses investissements"},"content":{"rendered":"<\/p>\n<p>Voici une nouvelle un peu inqui\u00e9tante qui \u00e9mane du site Automotive News Europe. Pham Nhat Vuong, le milliardaire et pr\u00e9sident de Vingroup, le conglom\u00e9rat derri\u00e8re VinFast et plusieurs autres entreprises dans plusieurs domaines, n&#8217;a pas l&#8217;intention d&#8217;investir davantage d&#8217;argent dans sa marque automobile.<\/p>\n<h3>La compagnie a d\u00e9j\u00e0 perdu trois milliards de dollars<\/h3>\n<p>\nL\u2019aventure naissante de la marque a d\u00e9j\u00e0 laiss\u00e9 des traces. Selon Bloomberg News, le PDG de VinFast a d\u00e9clar\u00e9 que M. Vuong n&#8217;avait pas l&#8217;intention d&#8217;investir davantage d&#8217;argent dans VinFast. Il convient de mentionner que les pertes financi\u00e8res du milliardaire s&#8217;\u00e9l\u00e8vent \u00e0 1,3 milliard de dollars en 2021 et \u00e0 1,5 milliard de dollars au cours des neuf premiers mois de 2022. Cette information a \u00e9t\u00e9 obtenue dans un document de la Commission am\u00e9ricaine des valeurs mobili\u00e8res. Le document a \u00e9galement r\u00e9v\u00e9l\u00e9 que VinFast pr\u00e9voyait d&#8217;absorber d&#8217;autres pertes financi\u00e8res \u00e0 court terme.<\/p>\n<h3>Licenciement et d\u00e9lai<\/h3>\n<p>\nRappelons que VinFast a r\u00e9cemment regroup\u00e9 les si\u00e8ges sociaux Canadien et Am\u00e9ricain \u00e0 Los Angeles et licenci\u00e9 pour ensuite licenci\u00e9 des employ\u00e9s, tandis que la construction de l&#8217;usine de production en Caroline du Nord qui devait \u00eatre en mesure de construire plus d\u2019un million de v\u00e9hicule par ann\u00e9e a \u00e9galement \u00e9t\u00e9 retard\u00e9e. La construction devait commencer en septembre 2022.<\/p>\n<h3>L\u2019usine sera construite en Caroline du Nord<\/h3>\n<p>\nVinfast confirme que l\u2019achat des terrains est d\u00e9j\u00e0 fait et la PDG de VinFast, Le Thi Thu Thuy confirme que la production des deux premiers mod\u00e8les \u00e0 la fin de 2024 est toujours d&#8217;actualit\u00e9. Vinfast a tout int\u00e9r\u00eat \u00e0 construire rapidement cette usine afin que ses v\u00e9hicules vendus en sol am\u00e9ricain puissent b\u00e9n\u00e9ficier de l&#8217;incitation financi\u00e8re (7 500 dollars) de l&#8217;administration de Joe Biden, le pr\u00e9sident am\u00e9ricain qui en a fait un de ses projets favoris.<\/p>\n<h3>\u00c0 quel moment arriveront les mod\u00e8les promis ?<\/h3>\n<p>\nLa production des premiers mod\u00e8les VF 8 et VF 9 dans son usine vietnamienne de Haiphong a \u00e9t\u00e9 retard\u00e9e. Mais ces probl\u00e8mes de d\u00e9marrage ne sont pas surprenants pour un constructeur automobile qui a fait ses d\u00e9buts en 2017. Apr\u00e8s tout, Tesla n&#8217;est rentable que depuis quelques ann\u00e9es. VinFast devra probablement \u00e9ponger d&#8217;autres pertes financi\u00e8res avant de d\u00e9gager des b\u00e9n\u00e9fices.<\/p>\n<p>\u00a0<\/p>\n<p>Avec des renseignements de Motor Illustrated<\/p>\n<p>\u00a0<\/p>\n<p>Le texte <a rel=\"nofollow\" href=\"https:\/\/annuelauto.ca\/vinfast-met-le-pied-sur-le-frein-et-cesse-ses-investissements\/\">Vinfast met le pied sur le frein et cesse ses investissements<\/a> provient de <a rel=\"nofollow\" href=\"https:\/\/annuelauto.ca\">L&#8217;annuel de l&#8217;automobile &#8211; Actualit\u00e9 automobile<\/a><\/p>\n<p><\/p>\n","protected":false},"excerpt":{"rendered":"<p>Voici une nouvelle un peu inqui\u00e9tante qui \u00e9mane du site Automotive News Europe. Pham Nhat Vuong, le milliardaire et pr\u00e9sident de Vingroup, le conglom\u00e9rat derri\u00e8re VinFast et plusieurs autres entreprises dans plusieurs domaines, n&#8217;a pas l&#8217;intention d&#8217;investir davantage d&#8217;argent dans sa marque automobile. La compagnie a d\u00e9j\u00e0 perdu trois milliards de dollars L\u2019aventure naissante de [&hellip;]<\/p>\n","protected":false},"author":8,"featured_media":140147,"comment_status":"close","ping_status":"closed","sticky":false,"template":"","format":"standard","meta":{"_monsterinsights_skip_tracking":false,"_monsterinsights_sitenote_active":false,"_monsterinsights_sitenote_note":"","_monsterinsights_sitenote_category":0,"footnotes":""},"categories":[101],"tags":[],"yoast_head":"<!-- This site is optimized with the Yoast SEO plugin v23.2 - https:\/\/yoast.com\/wordpress\/plugins\/seo\/ -->\n<title>Vinfast met le pied sur le frein et cesse ses investissements - CanadaMotorJobs.com<\/title>\n<meta name=\"description\" content=\"Vinfast met le pied sur le frein et cesse ses investissements - Benoit Charette - Annuel automobile - CanadaMotorJobs.com.\" \/>\n<meta name=\"robots\" content=\"index, follow, max-snippet:-1, max-image-preview:large, max-video-preview:-1\" \/>\n<meta property=\"og:locale\" content=\"fr_CA\" \/>\n<meta property=\"og:type\" content=\"article\" \/>\n<meta property=\"og:title\" content=\"Vinfast met le pied sur le frein et cesse ses investissements - CanadaMotorJobs.com\" \/>\n<meta property=\"og:description\" content=\"Vinfast met le pied sur le frein et cesse ses investissements - Benoit Charette - Annuel automobile - CanadaMotorJobs.com.\" \/>\n<meta property=\"og:url\" content=\"https:\/\/news.canadamotorjobs.com\/fr\/vinfast-met-le-pied-sur-le-frein-et-cesse-ses-investissements\/\" \/>\n<meta property=\"og:site_name\" content=\"CanadaMotorJobs.com\" \/>\n<meta property=\"article:publisher\" content=\"https:\/\/www.facebook.com\/canadamotorjobs\/\" \/>\n<meta property=\"article:published_time\" content=\"2023-02-15T14:25:55+00:00\" \/>\n<meta property=\"article:modified_time\" content=\"2023-02-15T14:28:53+00:00\" \/>\n<meta property=\"og:image\" content=\"https:\/\/news.canadamotorjobs.com\/wp-content\/uploads\/2023\/02\/5ef1f464956d275a4c3cd0086a168a73.jpg\" \/>\n\t<meta property=\"og:image:width\" content=\"800\" \/>\n\t<meta property=\"og:image:height\" content=\"533\" \/>\n\t<meta property=\"og:image:type\" content=\"image\/jpeg\" \/>\n<meta name=\"author\" content=\"Benoit Charette\" \/>\n<meta name=\"twitter:card\" content=\"summary_large_image\" \/>\n<meta name=\"twitter:creator\" content=\"@canadamotorjobs\" \/>\n<meta name=\"twitter:site\" content=\"@canadamotorjobs\" \/>\n<meta name=\"twitter:label1\" content=\"\u00c9crit par\" \/>\n\t<meta name=\"twitter:data1\" content=\"Benoit Charette\" \/>\n\t<meta name=\"twitter:label2\" content=\"Estimation du temps de lecture\" \/>\n\t<meta name=\"twitter:data2\" content=\"2 minutes\" \/>\n<!-- \/ Yoast SEO plugin. -->","yoast_head_json":{"title":"Vinfast met le pied sur le frein et cesse ses investissements - CanadaMotorJobs.com","description":"Vinfast met le pied sur le frein et cesse ses investissements - Benoit Charette - Annuel automobile - CanadaMotorJobs.com.","robots":{"index":"index","follow":"follow","max-snippet":"max-snippet:-1","max-image-preview":"max-image-preview:large","max-video-preview":"max-video-preview:-1"},"og_locale":"fr_CA","og_type":"article","og_title":"Vinfast met le pied sur le frein et cesse ses investissements - CanadaMotorJobs.com","og_description":"Vinfast met le pied sur le frein et cesse ses investissements - Benoit Charette - Annuel automobile - CanadaMotorJobs.com.","og_url":"https:\/\/news.canadamotorjobs.com\/fr\/vinfast-met-le-pied-sur-le-frein-et-cesse-ses-investissements\/","og_site_name":"CanadaMotorJobs.com","article_publisher":"https:\/\/www.facebook.com\/canadamotorjobs\/","article_published_time":"2023-02-15T14:25:55+00:00","article_modified_time":"2023-02-15T14:28:53+00:00","og_image":[{"width":800,"height":533,"url":"https:\/\/news.canadamotorjobs.com\/wp-content\/uploads\/2023\/02\/5ef1f464956d275a4c3cd0086a168a73.jpg","type":"image\/jpeg"}],"author":"Benoit Charette","twitter_card":"summary_large_image","twitter_creator":"@canadamotorjobs","twitter_site":"@canadamotorjobs","twitter_misc":{"\u00c9crit par":"Benoit Charette","Estimation du temps de lecture":"2 minutes"},"schema":{"@context":"https:\/\/schema.org","@graph":[{"@type":"Article","@id":"https:\/\/news.canadamotorjobs.com\/fr\/vinfast-met-le-pied-sur-le-frein-et-cesse-ses-investissements\/#article","isPartOf":{"@id":"https:\/\/news.canadamotorjobs.com\/fr\/vinfast-met-le-pied-sur-le-frein-et-cesse-ses-investissements\/"},"author":{"name":"Benoit Charette","@id":"https:\/\/news.canadamotorjobs.com\/#\/schema\/person\/51793d1f87d44011d7bcc2ed99269a90"},"headline":"Vinfast met le pied sur le frein et cesse ses investissements","datePublished":"2023-02-15T14:25:55+00:00","dateModified":"2023-02-15T14:28:53+00:00","mainEntityOfPage":{"@id":"https:\/\/news.canadamotorjobs.com\/fr\/vinfast-met-le-pied-sur-le-frein-et-cesse-ses-investissements\/"},"wordCount":445,"publisher":{"@id":"https:\/\/news.canadamotorjobs.com\/#organization"},"image":{"@id":"https:\/\/news.canadamotorjobs.com\/fr\/vinfast-met-le-pied-sur-le-frein-et-cesse-ses-investissements\/#primaryimage"},"thumbnailUrl":"https:\/\/news.canadamotorjobs.com\/wp-content\/uploads\/2023\/02\/5ef1f464956d275a4c3cd0086a168a73.jpg","articleSection":["Annuel automobile"],"inLanguage":"fr-CA"},{"@type":"WebPage","@id":"https:\/\/news.canadamotorjobs.com\/fr\/vinfast-met-le-pied-sur-le-frein-et-cesse-ses-investissements\/","url":"https:\/\/news.canadamotorjobs.com\/fr\/vinfast-met-le-pied-sur-le-frein-et-cesse-ses-investissements\/","name":"Vinfast met le pied sur le frein et cesse ses investissements - CanadaMotorJobs.com","isPartOf":{"@id":"https:\/\/news.canadamotorjobs.com\/#website"},"primaryImageOfPage":{"@id":"https:\/\/news.canadamotorjobs.com\/fr\/vinfast-met-le-pied-sur-le-frein-et-cesse-ses-investissements\/#primaryimage"},"image":{"@id":"https:\/\/news.canadamotorjobs.com\/fr\/vinfast-met-le-pied-sur-le-frein-et-cesse-ses-investissements\/#primaryimage"},"thumbnailUrl":"https:\/\/news.canadamotorjobs.com\/wp-content\/uploads\/2023\/02\/5ef1f464956d275a4c3cd0086a168a73.jpg","datePublished":"2023-02-15T14:25:55+00:00","dateModified":"2023-02-15T14:28:53+00:00","description":"Vinfast met le pied sur le frein et cesse ses investissements - Benoit Charette - Annuel automobile - CanadaMotorJobs.com.","breadcrumb":{"@id":"https:\/\/news.canadamotorjobs.com\/fr\/vinfast-met-le-pied-sur-le-frein-et-cesse-ses-investissements\/#breadcrumb"},"inLanguage":"fr-CA","potentialAction":[{"@type":"ReadAction","target":["https:\/\/news.canadamotorjobs.com\/fr\/vinfast-met-le-pied-sur-le-frein-et-cesse-ses-investissements\/"]}]},{"@type":"ImageObject","inLanguage":"fr-CA","@id":"https:\/\/news.canadamotorjobs.com\/fr\/vinfast-met-le-pied-sur-le-frein-et-cesse-ses-investissements\/#primaryimage","url":"https:\/\/news.canadamotorjobs.com\/wp-content\/uploads\/2023\/02\/5ef1f464956d275a4c3cd0086a168a73.jpg","contentUrl":"https:\/\/news.canadamotorjobs.com\/wp-content\/uploads\/2023\/02\/5ef1f464956d275a4c3cd0086a168a73.jpg","width":800,"height":533},{"@type":"BreadcrumbList","@id":"https:\/\/news.canadamotorjobs.com\/fr\/vinfast-met-le-pied-sur-le-frein-et-cesse-ses-investissements\/#breadcrumb","itemListElement":[{"@type":"ListItem","position":1,"name":"Home","item":"https:\/\/news.canadamotorjobs.com\/fr\/blog\/"},{"@type":"ListItem","position":2,"name":"Vinfast met le pied sur le frein et cesse ses investissements"}]},{"@type":"WebSite","@id":"https:\/\/news.canadamotorjobs.com\/#website","url":"https:\/\/news.canadamotorjobs.com\/","name":"CanadaMotorJobs.com","description":"Automotive Jobs","publisher":{"@id":"https:\/\/news.canadamotorjobs.com\/#organization"},"potentialAction":[{"@type":"SearchAction","target":{"@type":"EntryPoint","urlTemplate":"https:\/\/news.canadamotorjobs.com\/?s={search_term_string}"},"query-input":"required name=search_term_string"}],"inLanguage":"fr-CA"},{"@type":"Organization","@id":"https:\/\/news.canadamotorjobs.com\/#organization","name":"Canada Motor Jobs","url":"https:\/\/news.canadamotorjobs.com\/","logo":{"@type":"ImageObject","inLanguage":"fr-CA","@id":"https:\/\/news.canadamotorjobs.com\/#\/schema\/logo\/image\/","url":"https:\/\/news.canadamotorjobs.com\/wp-content\/uploads\/2022\/10\/logo-canada-motor-jobs-1.png","contentUrl":"https:\/\/news.canadamotorjobs.com\/wp-content\/uploads\/2022\/10\/logo-canada-motor-jobs-1.png","width":800,"height":400,"caption":"Canada Motor Jobs"},"image":{"@id":"https:\/\/news.canadamotorjobs.com\/#\/schema\/logo\/image\/"},"sameAs":["https:\/\/www.facebook.com\/canadamotorjobs\/","https:\/\/x.com\/canadamotorjobs","https:\/\/www.instagram.com\/canadamotorjobs\/","https:\/\/www.linkedin.com\/company\/canadamotorjobs"]},{"@type":"Person","@id":"https:\/\/news.canadamotorjobs.com\/#\/schema\/person\/51793d1f87d44011d7bcc2ed99269a90","name":"Benoit Charette","image":{"@type":"ImageObject","inLanguage":"fr-CA","@id":"https:\/\/news.canadamotorjobs.com\/#\/schema\/person\/image\/","url":"https:\/\/secure.gravatar.com\/avatar\/45f3d2eebcccd909668d7ce7ea7267b6?s=96&d=mm&r=g","contentUrl":"https:\/\/secure.gravatar.com\/avatar\/45f3d2eebcccd909668d7ce7ea7267b6?s=96&d=mm&r=g","caption":"Benoit Charette"},"description":"Benoit Charette \/ Propri\u00e9taire et r\u00e9dacteur en chef Benoit Charette pratique le journalisme automobile depuis bient\u00f4t 30 ans. Il a fait ses classes au c\u00f4t\u00e9 de Daniel H\u00e9raud et au Carnet de route de 1992 \u00e0 2001. Il est fondateur, copropri\u00e9taire et r\u00e9dacteur en chef de L\u2019Annuel de l\u2019automobile, qu\u2019il publie depuis 2001. Il a anim\u00e9 les \u00e9missions RPM et RPM+ sur V et les L\u00e9gendes de la route sur Historia. \u00c0 la radio depuis 1986, il reprend l\u2019antenne cette ann\u00e9e sur les ondes de Cogeco et participe pour la deuxi\u00e8me ann\u00e9e \u00e0 l\u2019\u00e9mission Passion Auto sur RDS en plus de mettre en ligne le site Web officiel de L\u2019Annuel de l\u2019automobile sur annuelauto.ca.","sameAs":["https:\/\/annuelauto.ca\/"],"url":"https:\/\/news.canadamotorjobs.com\/fr\/author\/benoit-charette\/"}]}},"_links":{"self":[{"href":"https:\/\/news.canadamotorjobs.com\/fr\/wp-json\/wp\/v2\/posts\/140145"}],"collection":[{"href":"https:\/\/news.canadamotorjobs.com\/fr\/wp-json\/wp\/v2\/posts"}],"about":[{"href":"https:\/\/news.canadamotorjobs.com\/fr\/wp-json\/wp\/v2\/types\/post"}],"author":[{"embeddable":true,"href":"https:\/\/news.canadamotorjobs.com\/fr\/wp-json\/wp\/v2\/users\/8"}],"replies":[{"embeddable":true,"href":"https:\/\/news.canadamotorjobs.com\/fr\/wp-json\/wp\/v2\/comments?post=140145"}],"version-history":[{"count":2,"href":"https:\/\/news.canadamotorjobs.com\/fr\/wp-json\/wp\/v2\/posts\/140145\/revisions"}],"predecessor-version":[{"id":140149,"href":"https:\/\/news.canadamotorjobs.com\/fr\/wp-json\/wp\/v2\/posts\/140145\/revisions\/140149"}],"wp:featuredmedia":[{"embeddable":true,"href":"https:\/\/news.canadamotorjobs.com\/fr\/wp-json\/wp\/v2\/media\/140147"}],"wp:attachment":[{"href":"https:\/\/news.canadamotorjobs.com\/fr\/wp-json\/wp\/v2\/media?parent=140145"}],"wp:term":[{"taxonomy":"category","embeddable":true,"href":"https:\/\/news.canadamotorjobs.com\/fr\/wp-json\/wp\/v2\/categories?post=140145"},{"taxonomy":"post_tag","embeddable":true,"href":"https:\/\/news.canadamotorjobs.com\/fr\/wp-json\/wp\/v2\/tags?post=140145"}],"curies":[{"name":"wp","href":"https:\/\/api.w.org\/{rel}","templated":true}]}}