{"id":140122,"date":"2023-02-15T08:46:15","date_gmt":"2023-02-15T13:46:15","guid":{"rendered":"https:\/\/news.canadamotorjobs.com\/?p=140122"},"modified":"2023-02-15T08:47:03","modified_gmt":"2023-02-15T13:47:03","slug":"ford-interrompt-la-production-et-les-livraisons-du-f-150-lightning-ev-en-raison-de-problemes-de-batterie","status":"publish","type":"post","link":"https:\/\/news.canadamotorjobs.com\/fr\/ford-interrompt-la-production-et-les-livraisons-du-f-150-lightning-ev-en-raison-de-problemes-de-batterie\/","title":{"rendered":"Ford interrompt la production et les livraisons du F-150 Lightning EV en raison de probl\u00e8mes de batterie."},"content":{"rendered":"<\/p>\n<p>Ford a temporairement arr\u00eat\u00e9 la production du F-150 Lightning en raison d&#8217;un probl\u00e8me possible avec le bloc-batterie. Outre l&#8217;arr\u00eat de la production, l&#8217;entreprise a \u00e9galement interrompu les livraisons de nouveaux camions. Pour le moment, la cause du probl\u00e8me n\u2019est pas encore connue. Ford laisse seulement entendre qu\u2019un probl\u00e8me a \u00e9t\u00e9 identifi\u00e9 lors de ses inspections de qualit\u00e9 avant livraison. Ford ajoute que le probl\u00e8me n&#8217;affecte pas les F-150 Lightning en circulation.<\/p>\n<h3>Une enqu\u00eate a \u00e9t\u00e9 mise sur pied<\/h3>\n<p>\nUn porte-parole de Ford a d\u00e9clar\u00e9 que son d\u00e9partement d&#8217;ing\u00e9nierie enqu\u00eate actuellement sur le probl\u00e8me afin d&#8217;en trouver la cause exacte. Aucun calendrier n&#8217;est actuellement disponible pour la reprise de la production par le constructeur. Ford affirme n&#8217;avoir connaissance d&#8217;aucun incident sur le terrain d\u00e9coulant de ce probl\u00e8me. Les mod\u00e8les qui sont d\u00e9j\u00e0 en concessions peuvent \u00eatre et le probl\u00e8me potentiel n&#8217;affecte pas ceux qui ont d\u00e9j\u00e0 \u00e9t\u00e9 livr\u00e9s aux clients. En outre, Ford n&#8217;\u00e9met pas d&#8217;avis de cessation de vente pour les v\u00e9hicules que les concessionnaires ont d\u00e9j\u00e0 autoris\u00e9s \u00e0 \u00eatre livr\u00e9s.<\/p>\n<h3>Ce n\u2019est pas le premier cas de probl\u00e8me \u00e9lectrique<\/h3>\n<p>\nCe n&#8217;est cependant pas le premier probl\u00e8me qui affecte les V\u00c9S de Ford. Le constructeur automobile a mis fin \u00e0 la vente de la Mustang Mach-E en 2022 et a rappel\u00e9 pr\u00e8s de 50\u00a0000 unit\u00e9s en raison d&#8217;un d\u00e9faut qui pourrait lui faire perdre sa puissance motrice. Le constructeur automobile est en proie \u00e0 des probl\u00e8mes de qualit\u00e9 ces derniers temps. Le PDG de Ford, Jim Farley, a r\u00e9cemment accus\u00e9 ces probl\u00e8mes d&#8217;\u00eatre la raison pour laquelle la soci\u00e9t\u00e9 a perdu 2 milliards de dollars en 2022, selon Automotive News.<\/p>\n<p>Avec des renseignements de Carscoops<\/p>\n<p>Le texte <a rel=\"nofollow\" href=\"https:\/\/annuelauto.ca\/ford-interrompt-la-production-et-les-livraisons-du-f-150-lightning-ev-en-raison-de-problemes-de-batterie\/\">Ford interrompt la production et les livraisons du F-150 Lightning EV en raison de probl\u00e8mes de batterie.<\/a> provient de <a rel=\"nofollow\" href=\"https:\/\/annuelauto.ca\">L&#8217;annuel de l&#8217;automobile &#8211; Actualit\u00e9 automobile<\/a><\/p>\n<p><\/p>\n","protected":false},"excerpt":{"rendered":"<p>Ford a temporairement arr\u00eat\u00e9 la production du F-150 Lightning en raison d&#8217;un probl\u00e8me possible avec le bloc-batterie. Outre l&#8217;arr\u00eat de la production, l&#8217;entreprise a \u00e9galement interrompu les livraisons de nouveaux camions. Pour le moment, la cause du probl\u00e8me n\u2019est pas encore connue. Ford laisse seulement entendre qu\u2019un probl\u00e8me a \u00e9t\u00e9 identifi\u00e9 lors de ses inspections [&hellip;]<\/p>\n","protected":false},"author":8,"featured_media":140124,"comment_status":"close","ping_status":"closed","sticky":false,"template":"","format":"standard","meta":{"_monsterinsights_skip_tracking":false,"_monsterinsights_sitenote_active":false,"_monsterinsights_sitenote_note":"","_monsterinsights_sitenote_category":0,"footnotes":""},"categories":[101],"tags":[],"yoast_head":"<!-- This site is optimized with the Yoast SEO plugin v23.2 - https:\/\/yoast.com\/wordpress\/plugins\/seo\/ -->\n<title>Ford interrompt la production et les livraisons du F-150 Lightning EV en raison de probl\u00e8mes de batterie. - CanadaMotorJobs.com<\/title>\n<meta name=\"description\" content=\"Ford interrompt la production et les livraisons du F-150 Lightning EV en raison de probl\u00e8mes de batterie. - Benoit Charette - Annuel automobile - CanadaMotorJobs.com.\" \/>\n<meta name=\"robots\" content=\"index, follow, max-snippet:-1, max-image-preview:large, max-video-preview:-1\" \/>\n<meta property=\"og:locale\" content=\"fr_CA\" \/>\n<meta property=\"og:type\" content=\"article\" \/>\n<meta property=\"og:title\" content=\"Ford interrompt la production et les livraisons du F-150 Lightning EV en raison de probl\u00e8mes de batterie. - CanadaMotorJobs.com\" \/>\n<meta property=\"og:description\" content=\"Ford interrompt la production et les livraisons du F-150 Lightning EV en raison de probl\u00e8mes de batterie. - Benoit Charette - Annuel automobile - CanadaMotorJobs.com.\" \/>\n<meta property=\"og:url\" content=\"https:\/\/news.canadamotorjobs.com\/fr\/ford-interrompt-la-production-et-les-livraisons-du-f-150-lightning-ev-en-raison-de-problemes-de-batterie\/\" \/>\n<meta property=\"og:site_name\" content=\"CanadaMotorJobs.com\" \/>\n<meta property=\"article:publisher\" content=\"https:\/\/www.facebook.com\/canadamotorjobs\/\" \/>\n<meta property=\"article:published_time\" content=\"2023-02-15T13:46:15+00:00\" \/>\n<meta property=\"article:modified_time\" content=\"2023-02-15T13:47:03+00:00\" \/>\n<meta property=\"og:image\" content=\"https:\/\/news.canadamotorjobs.com\/wp-content\/uploads\/2023\/02\/2022-Ford-F-150-Lightning-featured.jpg\" \/>\n\t<meta property=\"og:image:width\" content=\"1200\" \/>\n\t<meta property=\"og:image:height\" content=\"675\" \/>\n\t<meta property=\"og:image:type\" content=\"image\/jpeg\" \/>\n<meta name=\"author\" content=\"Benoit Charette\" \/>\n<meta name=\"twitter:card\" content=\"summary_large_image\" \/>\n<meta name=\"twitter:creator\" content=\"@canadamotorjobs\" \/>\n<meta name=\"twitter:site\" content=\"@canadamotorjobs\" \/>\n<meta name=\"twitter:label1\" content=\"\u00c9crit par\" \/>\n\t<meta name=\"twitter:data1\" content=\"Benoit Charette\" \/>\n\t<meta name=\"twitter:label2\" content=\"Estimation du temps de lecture\" \/>\n\t<meta name=\"twitter:data2\" content=\"2 minutes\" \/>\n<!-- \/ Yoast SEO plugin. -->","yoast_head_json":{"title":"Ford interrompt la production et les livraisons du F-150 Lightning EV en raison de probl\u00e8mes de batterie. - CanadaMotorJobs.com","description":"Ford interrompt la production et les livraisons du F-150 Lightning EV en raison de probl\u00e8mes de batterie. - Benoit Charette - Annuel automobile - CanadaMotorJobs.com.","robots":{"index":"index","follow":"follow","max-snippet":"max-snippet:-1","max-image-preview":"max-image-preview:large","max-video-preview":"max-video-preview:-1"},"og_locale":"fr_CA","og_type":"article","og_title":"Ford interrompt la production et les livraisons du F-150 Lightning EV en raison de probl\u00e8mes de batterie. - CanadaMotorJobs.com","og_description":"Ford interrompt la production et les livraisons du F-150 Lightning EV en raison de probl\u00e8mes de batterie. - Benoit Charette - Annuel automobile - CanadaMotorJobs.com.","og_url":"https:\/\/news.canadamotorjobs.com\/fr\/ford-interrompt-la-production-et-les-livraisons-du-f-150-lightning-ev-en-raison-de-problemes-de-batterie\/","og_site_name":"CanadaMotorJobs.com","article_publisher":"https:\/\/www.facebook.com\/canadamotorjobs\/","article_published_time":"2023-02-15T13:46:15+00:00","article_modified_time":"2023-02-15T13:47:03+00:00","og_image":[{"width":1200,"height":675,"url":"https:\/\/news.canadamotorjobs.com\/wp-content\/uploads\/2023\/02\/2022-Ford-F-150-Lightning-featured.jpg","type":"image\/jpeg"}],"author":"Benoit Charette","twitter_card":"summary_large_image","twitter_creator":"@canadamotorjobs","twitter_site":"@canadamotorjobs","twitter_misc":{"\u00c9crit par":"Benoit Charette","Estimation du temps de lecture":"2 minutes"},"schema":{"@context":"https:\/\/schema.org","@graph":[{"@type":"Article","@id":"https:\/\/news.canadamotorjobs.com\/fr\/ford-interrompt-la-production-et-les-livraisons-du-f-150-lightning-ev-en-raison-de-problemes-de-batterie\/#article","isPartOf":{"@id":"https:\/\/news.canadamotorjobs.com\/fr\/ford-interrompt-la-production-et-les-livraisons-du-f-150-lightning-ev-en-raison-de-problemes-de-batterie\/"},"author":{"name":"Benoit Charette","@id":"https:\/\/news.canadamotorjobs.com\/#\/schema\/person\/51793d1f87d44011d7bcc2ed99269a90"},"headline":"Ford interrompt la production et les livraisons du F-150 Lightning EV en raison de probl\u00e8mes de batterie.","datePublished":"2023-02-15T13:46:15+00:00","dateModified":"2023-02-15T13:47:03+00:00","mainEntityOfPage":{"@id":"https:\/\/news.canadamotorjobs.com\/fr\/ford-interrompt-la-production-et-les-livraisons-du-f-150-lightning-ev-en-raison-de-problemes-de-batterie\/"},"wordCount":366,"publisher":{"@id":"https:\/\/news.canadamotorjobs.com\/#organization"},"image":{"@id":"https:\/\/news.canadamotorjobs.com\/fr\/ford-interrompt-la-production-et-les-livraisons-du-f-150-lightning-ev-en-raison-de-problemes-de-batterie\/#primaryimage"},"thumbnailUrl":"https:\/\/news.canadamotorjobs.com\/wp-content\/uploads\/2023\/02\/2022-Ford-F-150-Lightning-featured.jpg","articleSection":["Annuel automobile"],"inLanguage":"fr-CA"},{"@type":"WebPage","@id":"https:\/\/news.canadamotorjobs.com\/fr\/ford-interrompt-la-production-et-les-livraisons-du-f-150-lightning-ev-en-raison-de-problemes-de-batterie\/","url":"https:\/\/news.canadamotorjobs.com\/fr\/ford-interrompt-la-production-et-les-livraisons-du-f-150-lightning-ev-en-raison-de-problemes-de-batterie\/","name":"Ford interrompt la production et les livraisons du F-150 Lightning EV en raison de probl\u00e8mes de batterie. - CanadaMotorJobs.com","isPartOf":{"@id":"https:\/\/news.canadamotorjobs.com\/#website"},"primaryImageOfPage":{"@id":"https:\/\/news.canadamotorjobs.com\/fr\/ford-interrompt-la-production-et-les-livraisons-du-f-150-lightning-ev-en-raison-de-problemes-de-batterie\/#primaryimage"},"image":{"@id":"https:\/\/news.canadamotorjobs.com\/fr\/ford-interrompt-la-production-et-les-livraisons-du-f-150-lightning-ev-en-raison-de-problemes-de-batterie\/#primaryimage"},"thumbnailUrl":"https:\/\/news.canadamotorjobs.com\/wp-content\/uploads\/2023\/02\/2022-Ford-F-150-Lightning-featured.jpg","datePublished":"2023-02-15T13:46:15+00:00","dateModified":"2023-02-15T13:47:03+00:00","description":"Ford interrompt la production et les livraisons du F-150 Lightning EV en raison de probl\u00e8mes de batterie. - Benoit Charette - Annuel automobile - CanadaMotorJobs.com.","breadcrumb":{"@id":"https:\/\/news.canadamotorjobs.com\/fr\/ford-interrompt-la-production-et-les-livraisons-du-f-150-lightning-ev-en-raison-de-problemes-de-batterie\/#breadcrumb"},"inLanguage":"fr-CA","potentialAction":[{"@type":"ReadAction","target":["https:\/\/news.canadamotorjobs.com\/fr\/ford-interrompt-la-production-et-les-livraisons-du-f-150-lightning-ev-en-raison-de-problemes-de-batterie\/"]}]},{"@type":"ImageObject","inLanguage":"fr-CA","@id":"https:\/\/news.canadamotorjobs.com\/fr\/ford-interrompt-la-production-et-les-livraisons-du-f-150-lightning-ev-en-raison-de-problemes-de-batterie\/#primaryimage","url":"https:\/\/news.canadamotorjobs.com\/wp-content\/uploads\/2023\/02\/2022-Ford-F-150-Lightning-featured.jpg","contentUrl":"https:\/\/news.canadamotorjobs.com\/wp-content\/uploads\/2023\/02\/2022-Ford-F-150-Lightning-featured.jpg","width":1200,"height":675},{"@type":"BreadcrumbList","@id":"https:\/\/news.canadamotorjobs.com\/fr\/ford-interrompt-la-production-et-les-livraisons-du-f-150-lightning-ev-en-raison-de-problemes-de-batterie\/#breadcrumb","itemListElement":[{"@type":"ListItem","position":1,"name":"Home","item":"https:\/\/news.canadamotorjobs.com\/fr\/blog\/"},{"@type":"ListItem","position":2,"name":"Ford interrompt la production et les livraisons du F-150 Lightning EV en raison de probl\u00e8mes de batterie."}]},{"@type":"WebSite","@id":"https:\/\/news.canadamotorjobs.com\/#website","url":"https:\/\/news.canadamotorjobs.com\/","name":"CanadaMotorJobs.com","description":"Automotive Jobs","publisher":{"@id":"https:\/\/news.canadamotorjobs.com\/#organization"},"potentialAction":[{"@type":"SearchAction","target":{"@type":"EntryPoint","urlTemplate":"https:\/\/news.canadamotorjobs.com\/?s={search_term_string}"},"query-input":"required name=search_term_string"}],"inLanguage":"fr-CA"},{"@type":"Organization","@id":"https:\/\/news.canadamotorjobs.com\/#organization","name":"Canada Motor Jobs","url":"https:\/\/news.canadamotorjobs.com\/","logo":{"@type":"ImageObject","inLanguage":"fr-CA","@id":"https:\/\/news.canadamotorjobs.com\/#\/schema\/logo\/image\/","url":"https:\/\/news.canadamotorjobs.com\/wp-content\/uploads\/2022\/10\/logo-canada-motor-jobs-1.png","contentUrl":"https:\/\/news.canadamotorjobs.com\/wp-content\/uploads\/2022\/10\/logo-canada-motor-jobs-1.png","width":800,"height":400,"caption":"Canada Motor Jobs"},"image":{"@id":"https:\/\/news.canadamotorjobs.com\/#\/schema\/logo\/image\/"},"sameAs":["https:\/\/www.facebook.com\/canadamotorjobs\/","https:\/\/x.com\/canadamotorjobs","https:\/\/www.instagram.com\/canadamotorjobs\/","https:\/\/www.linkedin.com\/company\/canadamotorjobs"]},{"@type":"Person","@id":"https:\/\/news.canadamotorjobs.com\/#\/schema\/person\/51793d1f87d44011d7bcc2ed99269a90","name":"Benoit Charette","image":{"@type":"ImageObject","inLanguage":"fr-CA","@id":"https:\/\/news.canadamotorjobs.com\/#\/schema\/person\/image\/","url":"https:\/\/secure.gravatar.com\/avatar\/45f3d2eebcccd909668d7ce7ea7267b6?s=96&d=mm&r=g","contentUrl":"https:\/\/secure.gravatar.com\/avatar\/45f3d2eebcccd909668d7ce7ea7267b6?s=96&d=mm&r=g","caption":"Benoit Charette"},"description":"Benoit Charette \/ Propri\u00e9taire et r\u00e9dacteur en chef Benoit Charette pratique le journalisme automobile depuis bient\u00f4t 30 ans. Il a fait ses classes au c\u00f4t\u00e9 de Daniel H\u00e9raud et au Carnet de route de 1992 \u00e0 2001. Il est fondateur, copropri\u00e9taire et r\u00e9dacteur en chef de L\u2019Annuel de l\u2019automobile, qu\u2019il publie depuis 2001. Il a anim\u00e9 les \u00e9missions RPM et RPM+ sur V et les L\u00e9gendes de la route sur Historia. \u00c0 la radio depuis 1986, il reprend l\u2019antenne cette ann\u00e9e sur les ondes de Cogeco et participe pour la deuxi\u00e8me ann\u00e9e \u00e0 l\u2019\u00e9mission Passion Auto sur RDS en plus de mettre en ligne le site Web officiel de L\u2019Annuel de l\u2019automobile sur annuelauto.ca.","sameAs":["https:\/\/annuelauto.ca\/"],"url":"https:\/\/news.canadamotorjobs.com\/fr\/author\/benoit-charette\/"}]}},"_links":{"self":[{"href":"https:\/\/news.canadamotorjobs.com\/fr\/wp-json\/wp\/v2\/posts\/140122"}],"collection":[{"href":"https:\/\/news.canadamotorjobs.com\/fr\/wp-json\/wp\/v2\/posts"}],"about":[{"href":"https:\/\/news.canadamotorjobs.com\/fr\/wp-json\/wp\/v2\/types\/post"}],"author":[{"embeddable":true,"href":"https:\/\/news.canadamotorjobs.com\/fr\/wp-json\/wp\/v2\/users\/8"}],"replies":[{"embeddable":true,"href":"https:\/\/news.canadamotorjobs.com\/fr\/wp-json\/wp\/v2\/comments?post=140122"}],"version-history":[{"count":2,"href":"https:\/\/news.canadamotorjobs.com\/fr\/wp-json\/wp\/v2\/posts\/140122\/revisions"}],"predecessor-version":[{"id":140126,"href":"https:\/\/news.canadamotorjobs.com\/fr\/wp-json\/wp\/v2\/posts\/140122\/revisions\/140126"}],"wp:featuredmedia":[{"embeddable":true,"href":"https:\/\/news.canadamotorjobs.com\/fr\/wp-json\/wp\/v2\/media\/140124"}],"wp:attachment":[{"href":"https:\/\/news.canadamotorjobs.com\/fr\/wp-json\/wp\/v2\/media?parent=140122"}],"wp:term":[{"taxonomy":"category","embeddable":true,"href":"https:\/\/news.canadamotorjobs.com\/fr\/wp-json\/wp\/v2\/categories?post=140122"},{"taxonomy":"post_tag","embeddable":true,"href":"https:\/\/news.canadamotorjobs.com\/fr\/wp-json\/wp\/v2\/tags?post=140122"}],"curies":[{"name":"wp","href":"https:\/\/api.w.org\/{rel}","templated":true}]}}