{"id":140099,"date":"2023-02-14T10:17:52","date_gmt":"2023-02-14T15:17:52","guid":{"rendered":"https:\/\/news.canadamotorjobs.com\/?p=140099"},"modified":"2023-02-14T10:32:04","modified_gmt":"2023-02-14T15:32:04","slug":"les-quebecois-consomment-en-moyenne-autant-dessence-quen-2010","status":"publish","type":"post","link":"https:\/\/news.canadamotorjobs.com\/fr\/les-quebecois-consomment-en-moyenne-autant-dessence-quen-2010\/","title":{"rendered":"Les Qu\u00e9b\u00e9cois consomment en moyenne autant d\u2019essence qu\u2019en 2010"},"content":{"rendered":"<\/p>\n<p>La Chaire de gestion du secteur de l\u2019\u00e9nergie de HEC Montr\u00e9al a publi\u00e9 au d\u00e9but de la semaine derni\u00e8re son rapport annuel sur l\u2019\u00c9tat de l\u2019\u00e9nergie au Qu\u00e9bec et le bilan est sombre. Sombre comme le nuage noir qui sort du pot d\u2019\u00e9chappement des camions lourds. Un exemple simple du probl\u00e8me\u00a0: la consommation moyenne des v\u00e9hicules qui ont pris la route au Qu\u00e9bec ces derni\u00e8res ann\u00e9es, qui n\u2019a pas baiss\u00e9 par rapport \u00e0 il y a 10 ans.<\/p>\n<p>Les professeurs Pierre-Olivier Pineau et Johanne Whitmore de HEC Montr\u00e9al ont utilis\u00e9 les donn\u00e9es de 2021 pour dresser leur portrait du secteur \u00e9nerg\u00e9tique qu\u00e9b\u00e9cois. Une des choses qu\u2019ils ont constat\u00e9es est que la consommation la consommation des ve\u0301hicules personnels a vari\u00e9 en 2021 entre une moyenne de 9,2 litres aux 100 km a\u0300 Laval et 11,4 l\/100 km dans le Nord-du-Que\u0301bec, ce qui sont les deux extr\u00eames de consommation pour l\u2019ensemble du Qu\u00e9bec.<\/p>\n<p>La moyenne que\u0301be\u0301coise \u00e9tait en 2021 de 9,4 l\/100km. Malgr\u00e9 la pr\u00e9sence de nouveaux v\u00e9hicules \u00e9lectriques et la popularit\u00e9 croissante des hybrides, c\u2019est une consommation qui n\u2019a pas \u00e9t\u00e9 aussi \u00e9lev\u00e9e depuis 2011, o\u00f9 la moyenne se situait pour l\u2019ensemble du Canada \u00e0 9,4 litres aux 100 kilom\u00e8tres dans le cas de v\u00e9hicules \u00e0 essence. Cette statistique vient de l\u2019Agence internationale de l\u2019\u00e9nergie.<\/p>\n<p>Autrement dit, malgr\u00e9 tous les efforts faits pour r\u00e9duire la consommation de carburants \u00e0 tous les niveaux, chaque automobiliste qu\u00e9b\u00e9cois consomme en moyenne autant d\u2019essence en ce moment qu\u2019il y a 10 ans. C\u2019est emb\u00eatant dans la mesure o\u00f9 il faudrait r\u00e9duire d\u2019au moins 40% cette consommation, alors que c\u2019est le contraire qui se produit\u00a0: comme il y a toujours plus de v\u00e9hicules l\u00e9gers sur nos routes, les automobilistes qu\u00e9b\u00e9cois consomment aujourd\u2019hui pas mal plus d\u2019essence qu\u2019il le faisait il y a 10 ans.<\/p>\n<p>\u00c7a n\u2019augure pas tr\u00e8s bien pour les 10 prochaines ann\u00e9es. Surtout que la consommation d\u2019essence globale est \u00e0 la hausse depuis que le pire de la pand\u00e9mie est pass\u00e9.<\/p>\n<p>Un des facteurs qui expliquent cette hausse selon les profs de HEC Montr\u00e9al est la pr\u00e9sence toujours plus importante des VUS et des camionnettes dans la province. En un chiffre\u00a0: 71% des v\u00e9hicules vendus au Qu\u00e9bec en 2021 \u00e9taient des VUS ou des pickups.<\/p>\n<p>Ces v\u00e9hicules, on le sait, sont soumis \u00e0 des normes de consommation moins s\u00e9v\u00e8res que les voitures.<\/p>\n<p>Et \u00e0 ce jeu, \u00e9videmment, tout le monde est perdant&#8230; sauf les p\u00e9troli\u00e8res, qui font plus d\u2019argent que jamais avec un litre d\u2019essence qui co\u00fbte ces jours-ci plus de 1,50$ alors qu\u2019en 2011 il co\u00fbtait 1,24$.<\/p>\n<p>\u00a0<\/p>\n<p>Le texte <a rel=\"nofollow\" href=\"https:\/\/annuelauto.ca\/les-quebecois-consomment-en-moyenne-autant-dessence-quen-2010\/\">Les Qu\u00e9b\u00e9cois consomment en moyenne autant d\u2019essence qu\u2019en 2010<\/a> provient de <a rel=\"nofollow\" href=\"https:\/\/annuelauto.ca\">L&#8217;annuel de l&#8217;automobile &#8211; Actualit\u00e9 automobile<\/a><\/p>\n<p><\/p>\n","protected":false},"excerpt":{"rendered":"<p>La Chaire de gestion du secteur de l\u2019\u00e9nergie de HEC Montr\u00e9al a publi\u00e9 au d\u00e9but de la semaine derni\u00e8re son rapport annuel sur l\u2019\u00c9tat de l\u2019\u00e9nergie au Qu\u00e9bec et le bilan est sombre. Sombre comme le nuage noir qui sort du pot d\u2019\u00e9chappement des camions lourds. Un exemple simple du probl\u00e8me\u00a0: la consommation moyenne des [&hellip;]<\/p>\n","protected":false},"author":8,"featured_media":140101,"comment_status":"close","ping_status":"closed","sticky":false,"template":"","format":"standard","meta":{"_monsterinsights_skip_tracking":false,"_monsterinsights_sitenote_active":false,"_monsterinsights_sitenote_note":"","_monsterinsights_sitenote_category":0,"footnotes":""},"categories":[101],"tags":[],"yoast_head":"<!-- This site is optimized with the Yoast SEO plugin v23.2 - https:\/\/yoast.com\/wordpress\/plugins\/seo\/ -->\n<title>Les Qu\u00e9b\u00e9cois consomment en moyenne autant d\u2019essence qu\u2019en 2010 - CanadaMotorJobs.com<\/title>\n<meta name=\"description\" content=\"Les Qu\u00e9b\u00e9cois consomment en moyenne autant d\u2019essence qu\u2019en 2010 - Benoit Charette - Annuel automobile - CanadaMotorJobs.com.\" \/>\n<meta name=\"robots\" content=\"index, follow, max-snippet:-1, max-image-preview:large, max-video-preview:-1\" \/>\n<meta property=\"og:locale\" content=\"fr_CA\" \/>\n<meta property=\"og:type\" content=\"article\" \/>\n<meta property=\"og:title\" content=\"Les Qu\u00e9b\u00e9cois consomment en moyenne autant d\u2019essence qu\u2019en 2010 - CanadaMotorJobs.com\" \/>\n<meta property=\"og:description\" content=\"Les Qu\u00e9b\u00e9cois consomment en moyenne autant d\u2019essence qu\u2019en 2010 - Benoit Charette - Annuel automobile - CanadaMotorJobs.com.\" \/>\n<meta property=\"og:url\" content=\"https:\/\/news.canadamotorjobs.com\/fr\/les-quebecois-consomment-en-moyenne-autant-dessence-quen-2010\/\" \/>\n<meta property=\"og:site_name\" content=\"CanadaMotorJobs.com\" \/>\n<meta property=\"article:publisher\" content=\"https:\/\/www.facebook.com\/canadamotorjobs\/\" \/>\n<meta property=\"article:published_time\" content=\"2023-02-14T15:17:52+00:00\" \/>\n<meta property=\"article:modified_time\" content=\"2023-02-14T15:32:04+00:00\" \/>\n<meta property=\"og:image\" content=\"https:\/\/news.canadamotorjobs.com\/wp-content\/uploads\/2023\/02\/comment-operer-stati.jpg\" \/>\n\t<meta property=\"og:image:width\" content=\"1119\" \/>\n\t<meta property=\"og:image:height\" content=\"745\" \/>\n\t<meta property=\"og:image:type\" content=\"image\/jpeg\" \/>\n<meta name=\"author\" content=\"Benoit Charette\" \/>\n<meta name=\"twitter:card\" content=\"summary_large_image\" \/>\n<meta name=\"twitter:creator\" content=\"@canadamotorjobs\" \/>\n<meta name=\"twitter:site\" content=\"@canadamotorjobs\" \/>\n<meta name=\"twitter:label1\" content=\"\u00c9crit par\" \/>\n\t<meta name=\"twitter:data1\" content=\"Benoit Charette\" \/>\n\t<meta name=\"twitter:label2\" content=\"Estimation du temps de lecture\" \/>\n\t<meta name=\"twitter:data2\" content=\"2 minutes\" \/>\n<!-- \/ Yoast SEO plugin. -->","yoast_head_json":{"title":"Les Qu\u00e9b\u00e9cois consomment en moyenne autant d\u2019essence qu\u2019en 2010 - CanadaMotorJobs.com","description":"Les Qu\u00e9b\u00e9cois consomment en moyenne autant d\u2019essence qu\u2019en 2010 - Benoit Charette - Annuel automobile - CanadaMotorJobs.com.","robots":{"index":"index","follow":"follow","max-snippet":"max-snippet:-1","max-image-preview":"max-image-preview:large","max-video-preview":"max-video-preview:-1"},"og_locale":"fr_CA","og_type":"article","og_title":"Les Qu\u00e9b\u00e9cois consomment en moyenne autant d\u2019essence qu\u2019en 2010 - CanadaMotorJobs.com","og_description":"Les Qu\u00e9b\u00e9cois consomment en moyenne autant d\u2019essence qu\u2019en 2010 - Benoit Charette - Annuel automobile - CanadaMotorJobs.com.","og_url":"https:\/\/news.canadamotorjobs.com\/fr\/les-quebecois-consomment-en-moyenne-autant-dessence-quen-2010\/","og_site_name":"CanadaMotorJobs.com","article_publisher":"https:\/\/www.facebook.com\/canadamotorjobs\/","article_published_time":"2023-02-14T15:17:52+00:00","article_modified_time":"2023-02-14T15:32:04+00:00","og_image":[{"width":1119,"height":745,"url":"https:\/\/news.canadamotorjobs.com\/wp-content\/uploads\/2023\/02\/comment-operer-stati.jpg","type":"image\/jpeg"}],"author":"Benoit Charette","twitter_card":"summary_large_image","twitter_creator":"@canadamotorjobs","twitter_site":"@canadamotorjobs","twitter_misc":{"\u00c9crit par":"Benoit Charette","Estimation du temps de lecture":"2 minutes"},"schema":{"@context":"https:\/\/schema.org","@graph":[{"@type":"Article","@id":"https:\/\/news.canadamotorjobs.com\/fr\/les-quebecois-consomment-en-moyenne-autant-dessence-quen-2010\/#article","isPartOf":{"@id":"https:\/\/news.canadamotorjobs.com\/fr\/les-quebecois-consomment-en-moyenne-autant-dessence-quen-2010\/"},"author":{"name":"Benoit Charette","@id":"https:\/\/news.canadamotorjobs.com\/#\/schema\/person\/51793d1f87d44011d7bcc2ed99269a90"},"headline":"Les Qu\u00e9b\u00e9cois consomment en moyenne autant d\u2019essence qu\u2019en 2010","datePublished":"2023-02-14T15:17:52+00:00","dateModified":"2023-02-14T15:32:04+00:00","mainEntityOfPage":{"@id":"https:\/\/news.canadamotorjobs.com\/fr\/les-quebecois-consomment-en-moyenne-autant-dessence-quen-2010\/"},"wordCount":508,"publisher":{"@id":"https:\/\/news.canadamotorjobs.com\/#organization"},"image":{"@id":"https:\/\/news.canadamotorjobs.com\/fr\/les-quebecois-consomment-en-moyenne-autant-dessence-quen-2010\/#primaryimage"},"thumbnailUrl":"https:\/\/news.canadamotorjobs.com\/wp-content\/uploads\/2023\/02\/comment-operer-stati.jpg","articleSection":["Annuel automobile"],"inLanguage":"fr-CA"},{"@type":"WebPage","@id":"https:\/\/news.canadamotorjobs.com\/fr\/les-quebecois-consomment-en-moyenne-autant-dessence-quen-2010\/","url":"https:\/\/news.canadamotorjobs.com\/fr\/les-quebecois-consomment-en-moyenne-autant-dessence-quen-2010\/","name":"Les Qu\u00e9b\u00e9cois consomment en moyenne autant d\u2019essence qu\u2019en 2010 - CanadaMotorJobs.com","isPartOf":{"@id":"https:\/\/news.canadamotorjobs.com\/#website"},"primaryImageOfPage":{"@id":"https:\/\/news.canadamotorjobs.com\/fr\/les-quebecois-consomment-en-moyenne-autant-dessence-quen-2010\/#primaryimage"},"image":{"@id":"https:\/\/news.canadamotorjobs.com\/fr\/les-quebecois-consomment-en-moyenne-autant-dessence-quen-2010\/#primaryimage"},"thumbnailUrl":"https:\/\/news.canadamotorjobs.com\/wp-content\/uploads\/2023\/02\/comment-operer-stati.jpg","datePublished":"2023-02-14T15:17:52+00:00","dateModified":"2023-02-14T15:32:04+00:00","description":"Les Qu\u00e9b\u00e9cois consomment en moyenne autant d\u2019essence qu\u2019en 2010 - Benoit Charette - Annuel automobile - CanadaMotorJobs.com.","breadcrumb":{"@id":"https:\/\/news.canadamotorjobs.com\/fr\/les-quebecois-consomment-en-moyenne-autant-dessence-quen-2010\/#breadcrumb"},"inLanguage":"fr-CA","potentialAction":[{"@type":"ReadAction","target":["https:\/\/news.canadamotorjobs.com\/fr\/les-quebecois-consomment-en-moyenne-autant-dessence-quen-2010\/"]}]},{"@type":"ImageObject","inLanguage":"fr-CA","@id":"https:\/\/news.canadamotorjobs.com\/fr\/les-quebecois-consomment-en-moyenne-autant-dessence-quen-2010\/#primaryimage","url":"https:\/\/news.canadamotorjobs.com\/wp-content\/uploads\/2023\/02\/comment-operer-stati.jpg","contentUrl":"https:\/\/news.canadamotorjobs.com\/wp-content\/uploads\/2023\/02\/comment-operer-stati.jpg","width":1119,"height":745},{"@type":"BreadcrumbList","@id":"https:\/\/news.canadamotorjobs.com\/fr\/les-quebecois-consomment-en-moyenne-autant-dessence-quen-2010\/#breadcrumb","itemListElement":[{"@type":"ListItem","position":1,"name":"Home","item":"https:\/\/news.canadamotorjobs.com\/fr\/blog\/"},{"@type":"ListItem","position":2,"name":"Les Qu\u00e9b\u00e9cois consomment en moyenne autant d\u2019essence qu\u2019en 2010"}]},{"@type":"WebSite","@id":"https:\/\/news.canadamotorjobs.com\/#website","url":"https:\/\/news.canadamotorjobs.com\/","name":"CanadaMotorJobs.com","description":"Automotive Jobs","publisher":{"@id":"https:\/\/news.canadamotorjobs.com\/#organization"},"potentialAction":[{"@type":"SearchAction","target":{"@type":"EntryPoint","urlTemplate":"https:\/\/news.canadamotorjobs.com\/?s={search_term_string}"},"query-input":"required name=search_term_string"}],"inLanguage":"fr-CA"},{"@type":"Organization","@id":"https:\/\/news.canadamotorjobs.com\/#organization","name":"Canada Motor Jobs","url":"https:\/\/news.canadamotorjobs.com\/","logo":{"@type":"ImageObject","inLanguage":"fr-CA","@id":"https:\/\/news.canadamotorjobs.com\/#\/schema\/logo\/image\/","url":"https:\/\/news.canadamotorjobs.com\/wp-content\/uploads\/2022\/10\/logo-canada-motor-jobs-1.png","contentUrl":"https:\/\/news.canadamotorjobs.com\/wp-content\/uploads\/2022\/10\/logo-canada-motor-jobs-1.png","width":800,"height":400,"caption":"Canada Motor Jobs"},"image":{"@id":"https:\/\/news.canadamotorjobs.com\/#\/schema\/logo\/image\/"},"sameAs":["https:\/\/www.facebook.com\/canadamotorjobs\/","https:\/\/x.com\/canadamotorjobs","https:\/\/www.instagram.com\/canadamotorjobs\/","https:\/\/www.linkedin.com\/company\/canadamotorjobs"]},{"@type":"Person","@id":"https:\/\/news.canadamotorjobs.com\/#\/schema\/person\/51793d1f87d44011d7bcc2ed99269a90","name":"Benoit Charette","image":{"@type":"ImageObject","inLanguage":"fr-CA","@id":"https:\/\/news.canadamotorjobs.com\/#\/schema\/person\/image\/","url":"https:\/\/secure.gravatar.com\/avatar\/45f3d2eebcccd909668d7ce7ea7267b6?s=96&d=mm&r=g","contentUrl":"https:\/\/secure.gravatar.com\/avatar\/45f3d2eebcccd909668d7ce7ea7267b6?s=96&d=mm&r=g","caption":"Benoit Charette"},"description":"Benoit Charette \/ Propri\u00e9taire et r\u00e9dacteur en chef Benoit Charette pratique le journalisme automobile depuis bient\u00f4t 30 ans. Il a fait ses classes au c\u00f4t\u00e9 de Daniel H\u00e9raud et au Carnet de route de 1992 \u00e0 2001. Il est fondateur, copropri\u00e9taire et r\u00e9dacteur en chef de L\u2019Annuel de l\u2019automobile, qu\u2019il publie depuis 2001. Il a anim\u00e9 les \u00e9missions RPM et RPM+ sur V et les L\u00e9gendes de la route sur Historia. \u00c0 la radio depuis 1986, il reprend l\u2019antenne cette ann\u00e9e sur les ondes de Cogeco et participe pour la deuxi\u00e8me ann\u00e9e \u00e0 l\u2019\u00e9mission Passion Auto sur RDS en plus de mettre en ligne le site Web officiel de L\u2019Annuel de l\u2019automobile sur annuelauto.ca.","sameAs":["https:\/\/annuelauto.ca\/"],"url":"https:\/\/news.canadamotorjobs.com\/fr\/author\/benoit-charette\/"}]}},"_links":{"self":[{"href":"https:\/\/news.canadamotorjobs.com\/fr\/wp-json\/wp\/v2\/posts\/140099"}],"collection":[{"href":"https:\/\/news.canadamotorjobs.com\/fr\/wp-json\/wp\/v2\/posts"}],"about":[{"href":"https:\/\/news.canadamotorjobs.com\/fr\/wp-json\/wp\/v2\/types\/post"}],"author":[{"embeddable":true,"href":"https:\/\/news.canadamotorjobs.com\/fr\/wp-json\/wp\/v2\/users\/8"}],"replies":[{"embeddable":true,"href":"https:\/\/news.canadamotorjobs.com\/fr\/wp-json\/wp\/v2\/comments?post=140099"}],"version-history":[{"count":2,"href":"https:\/\/news.canadamotorjobs.com\/fr\/wp-json\/wp\/v2\/posts\/140099\/revisions"}],"predecessor-version":[{"id":140103,"href":"https:\/\/news.canadamotorjobs.com\/fr\/wp-json\/wp\/v2\/posts\/140099\/revisions\/140103"}],"wp:featuredmedia":[{"embeddable":true,"href":"https:\/\/news.canadamotorjobs.com\/fr\/wp-json\/wp\/v2\/media\/140101"}],"wp:attachment":[{"href":"https:\/\/news.canadamotorjobs.com\/fr\/wp-json\/wp\/v2\/media?parent=140099"}],"wp:term":[{"taxonomy":"category","embeddable":true,"href":"https:\/\/news.canadamotorjobs.com\/fr\/wp-json\/wp\/v2\/categories?post=140099"},{"taxonomy":"post_tag","embeddable":true,"href":"https:\/\/news.canadamotorjobs.com\/fr\/wp-json\/wp\/v2\/tags?post=140099"}],"curies":[{"name":"wp","href":"https:\/\/api.w.org\/{rel}","templated":true}]}}