{"id":140072,"date":"2023-02-14T10:26:19","date_gmt":"2023-02-14T15:26:19","guid":{"rendered":"https:\/\/news.canadamotorjobs.com\/?p=140072"},"modified":"2023-02-14T10:31:58","modified_gmt":"2023-02-14T15:31:58","slug":"le-patriarche-du-groupe-toyota-seteint-a-lage-de-97-ans","status":"publish","type":"post","link":"https:\/\/news.canadamotorjobs.com\/fr\/le-patriarche-du-groupe-toyota-seteint-a-lage-de-97-ans\/","title":{"rendered":"Le patriarche du groupe Toyota s\u2019\u00e9teint \u00e0 l\u2019\u00e2ge de 97 ans"},"content":{"rendered":"<\/p>\n<p>Shoichiro Toyoda, le p\u00e8re de l\u2019actuel PDG de Toyota, Akio Toyoda, est d\u00e9c\u00e9d\u00e9 plus t\u00f4t cette semaine \u00e0 l\u2019\u00e2ge de 97 ans. Le plus gros constructeur japonais d\u2019automobiles et un des trois plus grands groupes de l\u2019industrie mondiale avec Volkswagen et General Motors perd un \u00e9norme morceau, pour plein de raisons. Il a notamment si\u00e9g\u00e9 sur le conseil d\u2019administration de Toyota pendant pas moins de 57 ans, ce qui est \u00e9norme.<\/p>\n<p>Surtout, on doit \u00e0 Shoichiro Toyoda tout le succ\u00e8s qu\u2019a connu la marque japonaise en Am\u00e9rique du Nord au cours des 40 derni\u00e8res ann\u00e9es. La d\u00e9cennie 1980 a \u00e9t\u00e9 marqu\u00e9e par plusieurs tensions commerciales entre le Japon et les \u00c9tats-Unis, et c\u2019est durant cette p\u00e9riode que les constructeurs comme Toyota, Nissan et Honda ont d\u00e9cid\u00e9 de prendre une expansion massive au Canada et aux \u00c9tats-Unis en y construisant des usines d\u2019assemblage pour leurs v\u00e9hicules vendus sur le continent.<\/p>\n<p>Mine de rien, depuis ce temps, Toyota est devenu le plus important constructeur d\u2019automobiles au Canada. Et on le doit en bonne partie \u00e0 la vision de Shoichiro Toyoda.<\/p>\n<p>On doit un autre morceau important de la petite histoire automobile nord-am\u00e9ricaine \u00e0 Toyoda-san\u00a0: la cr\u00e9ation de la division de v\u00e9hicules de luxe Lexus. C\u2019est effectivement lui qui a pilot\u00e9 la naissance d\u2019une marque qui \u00e9tait \u00e0 l\u2019origine exclusivement nord-am\u00e9ricaine, mais qui s\u2019est depuis internationalis\u00e9e. L\u2019av\u00e8nement de Lexus a aussi men\u00e9 \u00e0 la cr\u00e9ation de marques de luxe d\u2019autres marques similaires comme Infiniti et Acura.<\/p>\n<p>Bref, c\u2019est tout un legs que Shoichiro Toyoda laisse \u00e0 l\u2019industrie automobile mondiale. Et pourtant, c\u2019est son d\u00e9part, avec celui d\u00e9j\u00e0 pr\u00e9vu de son fils Akio Toyoda, qui risque d\u2019avoir le plus profond impact sur Lexus et Toyota, \u00e9tant donn\u00e9 que le prochain PDG du groupe, Koji Sato, a d\u00e9j\u00e0 annonc\u00e9 ses couleurs et celles-ci sont, disons-le comme \u00e7a, \u00e9lectrisantes.<\/p>\n<p>L\u00e0 o\u00f9 Toyota s\u2019est ent\u00eat\u00e9 \u00e0 ne pas aller trop vite, Sato-san veut y aller \u00e0 fond de train. Il veut miser sur l\u2019\u00e9lectrification massive de son catalogue pour atteindre la carboneutralit\u00e9 de ses activit\u00e9s partout en Asie le plus t\u00f4t possible. D\u2019ailleurs, Lexus, la marque fond\u00e9e par Shoichiro Toyoda, sera enti\u00e8rement \u00e9lectrifi\u00e9e au plus tard en 2035.<\/p>\n<p>\u00a0<\/p>\n<p>\u00a0<\/p>\n<p>Le texte <a rel=\"nofollow\" href=\"https:\/\/annuelauto.ca\/le-patriarche-du-groupe-toyota-seteint-a-lage-de-97-ans\/\">Le patriarche du groupe Toyota s\u2019\u00e9teint \u00e0 l\u2019\u00e2ge de 97 ans<\/a> provient de <a rel=\"nofollow\" href=\"https:\/\/annuelauto.ca\">L&#8217;annuel de l&#8217;automobile &#8211; Actualit\u00e9 automobile<\/a><\/p>\n<p><\/p>\n","protected":false},"excerpt":{"rendered":"<p>Shoichiro Toyoda, le p\u00e8re de l\u2019actuel PDG de Toyota, Akio Toyoda, est d\u00e9c\u00e9d\u00e9 plus t\u00f4t cette semaine \u00e0 l\u2019\u00e2ge de 97 ans. Le plus gros constructeur japonais d\u2019automobiles et un des trois plus grands groupes de l\u2019industrie mondiale avec Volkswagen et General Motors perd un \u00e9norme morceau, pour plein de raisons. Il a notamment si\u00e9g\u00e9 [&hellip;]<\/p>\n","protected":false},"author":8,"featured_media":140074,"comment_status":"close","ping_status":"closed","sticky":false,"template":"","format":"standard","meta":{"_monsterinsights_skip_tracking":false,"_monsterinsights_sitenote_active":false,"_monsterinsights_sitenote_note":"","_monsterinsights_sitenote_category":0,"footnotes":""},"categories":[101],"tags":[],"yoast_head":"<!-- This site is optimized with the Yoast SEO plugin v23.2 - https:\/\/yoast.com\/wordpress\/plugins\/seo\/ -->\n<title>Le patriarche du groupe Toyota s\u2019\u00e9teint \u00e0 l\u2019\u00e2ge de 97 ans - CanadaMotorJobs.com<\/title>\n<meta name=\"description\" content=\"Le patriarche du groupe Toyota s\u2019\u00e9teint \u00e0 l\u2019\u00e2ge de 97 ans - Benoit Charette - Annuel automobile - CanadaMotorJobs.com.\" \/>\n<meta name=\"robots\" content=\"index, follow, max-snippet:-1, max-image-preview:large, max-video-preview:-1\" \/>\n<meta property=\"og:locale\" content=\"fr_CA\" \/>\n<meta property=\"og:type\" content=\"article\" \/>\n<meta property=\"og:title\" content=\"Le patriarche du groupe Toyota s\u2019\u00e9teint \u00e0 l\u2019\u00e2ge de 97 ans - CanadaMotorJobs.com\" \/>\n<meta property=\"og:description\" content=\"Le patriarche du groupe Toyota s\u2019\u00e9teint \u00e0 l\u2019\u00e2ge de 97 ans - Benoit Charette - Annuel automobile - CanadaMotorJobs.com.\" \/>\n<meta property=\"og:url\" content=\"https:\/\/news.canadamotorjobs.com\/fr\/le-patriarche-du-groupe-toyota-seteint-a-lage-de-97-ans\/\" \/>\n<meta property=\"og:site_name\" content=\"CanadaMotorJobs.com\" \/>\n<meta property=\"article:publisher\" content=\"https:\/\/www.facebook.com\/canadamotorjobs\/\" \/>\n<meta property=\"article:published_time\" content=\"2023-02-14T15:26:19+00:00\" \/>\n<meta property=\"article:modified_time\" content=\"2023-02-14T15:31:58+00:00\" \/>\n<meta property=\"og:image\" content=\"https:\/\/news.canadamotorjobs.com\/wp-content\/uploads\/2023\/02\/np_file_210537.jpeg\" \/>\n\t<meta property=\"og:image:width\" content=\"2000\" \/>\n\t<meta property=\"og:image:height\" content=\"1362\" \/>\n\t<meta property=\"og:image:type\" content=\"image\/jpeg\" \/>\n<meta name=\"author\" content=\"Benoit Charette\" \/>\n<meta name=\"twitter:card\" content=\"summary_large_image\" \/>\n<meta name=\"twitter:creator\" content=\"@canadamotorjobs\" \/>\n<meta name=\"twitter:site\" content=\"@canadamotorjobs\" \/>\n<meta name=\"twitter:label1\" content=\"\u00c9crit par\" \/>\n\t<meta name=\"twitter:data1\" content=\"Benoit Charette\" \/>\n\t<meta name=\"twitter:label2\" content=\"Estimation du temps de lecture\" \/>\n\t<meta name=\"twitter:data2\" content=\"2 minutes\" \/>\n<!-- \/ Yoast SEO plugin. -->","yoast_head_json":{"title":"Le patriarche du groupe Toyota s\u2019\u00e9teint \u00e0 l\u2019\u00e2ge de 97 ans - CanadaMotorJobs.com","description":"Le patriarche du groupe Toyota s\u2019\u00e9teint \u00e0 l\u2019\u00e2ge de 97 ans - Benoit Charette - Annuel automobile - CanadaMotorJobs.com.","robots":{"index":"index","follow":"follow","max-snippet":"max-snippet:-1","max-image-preview":"max-image-preview:large","max-video-preview":"max-video-preview:-1"},"og_locale":"fr_CA","og_type":"article","og_title":"Le patriarche du groupe Toyota s\u2019\u00e9teint \u00e0 l\u2019\u00e2ge de 97 ans - CanadaMotorJobs.com","og_description":"Le patriarche du groupe Toyota s\u2019\u00e9teint \u00e0 l\u2019\u00e2ge de 97 ans - Benoit Charette - Annuel automobile - CanadaMotorJobs.com.","og_url":"https:\/\/news.canadamotorjobs.com\/fr\/le-patriarche-du-groupe-toyota-seteint-a-lage-de-97-ans\/","og_site_name":"CanadaMotorJobs.com","article_publisher":"https:\/\/www.facebook.com\/canadamotorjobs\/","article_published_time":"2023-02-14T15:26:19+00:00","article_modified_time":"2023-02-14T15:31:58+00:00","og_image":[{"width":2000,"height":1362,"url":"https:\/\/news.canadamotorjobs.com\/wp-content\/uploads\/2023\/02\/np_file_210537.jpeg","type":"image\/jpeg"}],"author":"Benoit Charette","twitter_card":"summary_large_image","twitter_creator":"@canadamotorjobs","twitter_site":"@canadamotorjobs","twitter_misc":{"\u00c9crit par":"Benoit Charette","Estimation du temps de lecture":"2 minutes"},"schema":{"@context":"https:\/\/schema.org","@graph":[{"@type":"Article","@id":"https:\/\/news.canadamotorjobs.com\/fr\/le-patriarche-du-groupe-toyota-seteint-a-lage-de-97-ans\/#article","isPartOf":{"@id":"https:\/\/news.canadamotorjobs.com\/fr\/le-patriarche-du-groupe-toyota-seteint-a-lage-de-97-ans\/"},"author":{"name":"Benoit Charette","@id":"https:\/\/news.canadamotorjobs.com\/#\/schema\/person\/51793d1f87d44011d7bcc2ed99269a90"},"headline":"Le patriarche du groupe Toyota s\u2019\u00e9teint \u00e0 l\u2019\u00e2ge de 97 ans","datePublished":"2023-02-14T15:26:19+00:00","dateModified":"2023-02-14T15:31:58+00:00","mainEntityOfPage":{"@id":"https:\/\/news.canadamotorjobs.com\/fr\/le-patriarche-du-groupe-toyota-seteint-a-lage-de-97-ans\/"},"wordCount":434,"publisher":{"@id":"https:\/\/news.canadamotorjobs.com\/#organization"},"image":{"@id":"https:\/\/news.canadamotorjobs.com\/fr\/le-patriarche-du-groupe-toyota-seteint-a-lage-de-97-ans\/#primaryimage"},"thumbnailUrl":"https:\/\/news.canadamotorjobs.com\/wp-content\/uploads\/2023\/02\/np_file_210537.jpeg","articleSection":["Annuel automobile"],"inLanguage":"fr-CA"},{"@type":"WebPage","@id":"https:\/\/news.canadamotorjobs.com\/fr\/le-patriarche-du-groupe-toyota-seteint-a-lage-de-97-ans\/","url":"https:\/\/news.canadamotorjobs.com\/fr\/le-patriarche-du-groupe-toyota-seteint-a-lage-de-97-ans\/","name":"Le patriarche du groupe Toyota s\u2019\u00e9teint \u00e0 l\u2019\u00e2ge de 97 ans - CanadaMotorJobs.com","isPartOf":{"@id":"https:\/\/news.canadamotorjobs.com\/#website"},"primaryImageOfPage":{"@id":"https:\/\/news.canadamotorjobs.com\/fr\/le-patriarche-du-groupe-toyota-seteint-a-lage-de-97-ans\/#primaryimage"},"image":{"@id":"https:\/\/news.canadamotorjobs.com\/fr\/le-patriarche-du-groupe-toyota-seteint-a-lage-de-97-ans\/#primaryimage"},"thumbnailUrl":"https:\/\/news.canadamotorjobs.com\/wp-content\/uploads\/2023\/02\/np_file_210537.jpeg","datePublished":"2023-02-14T15:26:19+00:00","dateModified":"2023-02-14T15:31:58+00:00","description":"Le patriarche du groupe Toyota s\u2019\u00e9teint \u00e0 l\u2019\u00e2ge de 97 ans - Benoit Charette - Annuel automobile - CanadaMotorJobs.com.","breadcrumb":{"@id":"https:\/\/news.canadamotorjobs.com\/fr\/le-patriarche-du-groupe-toyota-seteint-a-lage-de-97-ans\/#breadcrumb"},"inLanguage":"fr-CA","potentialAction":[{"@type":"ReadAction","target":["https:\/\/news.canadamotorjobs.com\/fr\/le-patriarche-du-groupe-toyota-seteint-a-lage-de-97-ans\/"]}]},{"@type":"ImageObject","inLanguage":"fr-CA","@id":"https:\/\/news.canadamotorjobs.com\/fr\/le-patriarche-du-groupe-toyota-seteint-a-lage-de-97-ans\/#primaryimage","url":"https:\/\/news.canadamotorjobs.com\/wp-content\/uploads\/2023\/02\/np_file_210537.jpeg","contentUrl":"https:\/\/news.canadamotorjobs.com\/wp-content\/uploads\/2023\/02\/np_file_210537.jpeg","width":2000,"height":1362},{"@type":"BreadcrumbList","@id":"https:\/\/news.canadamotorjobs.com\/fr\/le-patriarche-du-groupe-toyota-seteint-a-lage-de-97-ans\/#breadcrumb","itemListElement":[{"@type":"ListItem","position":1,"name":"Home","item":"https:\/\/news.canadamotorjobs.com\/fr\/blog\/"},{"@type":"ListItem","position":2,"name":"Le patriarche du groupe Toyota s\u2019\u00e9teint \u00e0 l\u2019\u00e2ge de 97 ans"}]},{"@type":"WebSite","@id":"https:\/\/news.canadamotorjobs.com\/#website","url":"https:\/\/news.canadamotorjobs.com\/","name":"CanadaMotorJobs.com","description":"Automotive Jobs","publisher":{"@id":"https:\/\/news.canadamotorjobs.com\/#organization"},"potentialAction":[{"@type":"SearchAction","target":{"@type":"EntryPoint","urlTemplate":"https:\/\/news.canadamotorjobs.com\/?s={search_term_string}"},"query-input":"required name=search_term_string"}],"inLanguage":"fr-CA"},{"@type":"Organization","@id":"https:\/\/news.canadamotorjobs.com\/#organization","name":"Canada Motor Jobs","url":"https:\/\/news.canadamotorjobs.com\/","logo":{"@type":"ImageObject","inLanguage":"fr-CA","@id":"https:\/\/news.canadamotorjobs.com\/#\/schema\/logo\/image\/","url":"https:\/\/news.canadamotorjobs.com\/wp-content\/uploads\/2022\/10\/logo-canada-motor-jobs-1.png","contentUrl":"https:\/\/news.canadamotorjobs.com\/wp-content\/uploads\/2022\/10\/logo-canada-motor-jobs-1.png","width":800,"height":400,"caption":"Canada Motor Jobs"},"image":{"@id":"https:\/\/news.canadamotorjobs.com\/#\/schema\/logo\/image\/"},"sameAs":["https:\/\/www.facebook.com\/canadamotorjobs\/","https:\/\/x.com\/canadamotorjobs","https:\/\/www.instagram.com\/canadamotorjobs\/","https:\/\/www.linkedin.com\/company\/canadamotorjobs"]},{"@type":"Person","@id":"https:\/\/news.canadamotorjobs.com\/#\/schema\/person\/51793d1f87d44011d7bcc2ed99269a90","name":"Benoit Charette","image":{"@type":"ImageObject","inLanguage":"fr-CA","@id":"https:\/\/news.canadamotorjobs.com\/#\/schema\/person\/image\/","url":"https:\/\/secure.gravatar.com\/avatar\/45f3d2eebcccd909668d7ce7ea7267b6?s=96&d=mm&r=g","contentUrl":"https:\/\/secure.gravatar.com\/avatar\/45f3d2eebcccd909668d7ce7ea7267b6?s=96&d=mm&r=g","caption":"Benoit Charette"},"description":"Benoit Charette \/ Propri\u00e9taire et r\u00e9dacteur en chef Benoit Charette pratique le journalisme automobile depuis bient\u00f4t 30 ans. Il a fait ses classes au c\u00f4t\u00e9 de Daniel H\u00e9raud et au Carnet de route de 1992 \u00e0 2001. Il est fondateur, copropri\u00e9taire et r\u00e9dacteur en chef de L\u2019Annuel de l\u2019automobile, qu\u2019il publie depuis 2001. Il a anim\u00e9 les \u00e9missions RPM et RPM+ sur V et les L\u00e9gendes de la route sur Historia. \u00c0 la radio depuis 1986, il reprend l\u2019antenne cette ann\u00e9e sur les ondes de Cogeco et participe pour la deuxi\u00e8me ann\u00e9e \u00e0 l\u2019\u00e9mission Passion Auto sur RDS en plus de mettre en ligne le site Web officiel de L\u2019Annuel de l\u2019automobile sur annuelauto.ca.","sameAs":["https:\/\/annuelauto.ca\/"],"url":"https:\/\/news.canadamotorjobs.com\/fr\/author\/benoit-charette\/"}]}},"_links":{"self":[{"href":"https:\/\/news.canadamotorjobs.com\/fr\/wp-json\/wp\/v2\/posts\/140072"}],"collection":[{"href":"https:\/\/news.canadamotorjobs.com\/fr\/wp-json\/wp\/v2\/posts"}],"about":[{"href":"https:\/\/news.canadamotorjobs.com\/fr\/wp-json\/wp\/v2\/types\/post"}],"author":[{"embeddable":true,"href":"https:\/\/news.canadamotorjobs.com\/fr\/wp-json\/wp\/v2\/users\/8"}],"replies":[{"embeddable":true,"href":"https:\/\/news.canadamotorjobs.com\/fr\/wp-json\/wp\/v2\/comments?post=140072"}],"version-history":[{"count":2,"href":"https:\/\/news.canadamotorjobs.com\/fr\/wp-json\/wp\/v2\/posts\/140072\/revisions"}],"predecessor-version":[{"id":140076,"href":"https:\/\/news.canadamotorjobs.com\/fr\/wp-json\/wp\/v2\/posts\/140072\/revisions\/140076"}],"wp:featuredmedia":[{"embeddable":true,"href":"https:\/\/news.canadamotorjobs.com\/fr\/wp-json\/wp\/v2\/media\/140074"}],"wp:attachment":[{"href":"https:\/\/news.canadamotorjobs.com\/fr\/wp-json\/wp\/v2\/media?parent=140072"}],"wp:term":[{"taxonomy":"category","embeddable":true,"href":"https:\/\/news.canadamotorjobs.com\/fr\/wp-json\/wp\/v2\/categories?post=140072"},{"taxonomy":"post_tag","embeddable":true,"href":"https:\/\/news.canadamotorjobs.com\/fr\/wp-json\/wp\/v2\/tags?post=140072"}],"curies":[{"name":"wp","href":"https:\/\/api.w.org\/{rel}","templated":true}]}}