{"id":140049,"date":"2023-02-14T10:09:39","date_gmt":"2023-02-14T15:09:39","guid":{"rendered":"https:\/\/news.canadamotorjobs.com\/?p=140049"},"modified":"2023-02-14T10:14:40","modified_gmt":"2023-02-14T15:14:40","slug":"les-vols-de-voiture-ont-explose-de-833-en-5-ans-au-quebec","status":"publish","type":"post","link":"https:\/\/news.canadamotorjobs.com\/fr\/les-vols-de-voiture-ont-explose-de-833-en-5-ans-au-quebec\/","title":{"rendered":"Les vols de voiture ont explos\u00e9 de 83,3% en 5 ans au Qu\u00e9bec"},"content":{"rendered":"<\/p>\n<p>Si vous croyez que les vols d\u2019autos, vous avez raison. Avec 8\u00a0139 v\u00e9hicules vol\u00e9s au Qu\u00e9bec en 2021, les vols de voitures sont au plus hait depuis 10 ans, selon une \u00e9tude d\u00e9voil\u00e9e par HelloSafe.<\/p>\n<h3>Une reprise \u00e0 la hausse<\/h3>\n<p>\nAlors qu&#8217;entre 2011 et 2016, le nombre du vol de voitures au Qu\u00e9bec avait chut\u00e9 de pr\u00e8s de moiti\u00e9, <strong>la tendance s&#8217;est h\u00e9las invers\u00e9e sur les cinq derni\u00e8res ann\u00e9es<\/strong>. C&#8217;est en effet ce qu&#8217;indiquent les chiffres publi\u00e9s par le Groupement des assureurs automobiles (GAA) du Qu\u00e9bec:<\/p>\n<ul><\/p>\n<li>En 2021, 8 139 vols de voitures ont \u00e9t\u00e9 relev\u00e9s par le GAA au Qu\u00e9bec, soit 2 709 de plus que l&#8217;ann\u00e9e pr\u00e9c\u00e9dente, ce qui correspondent \u00e0 une <strong>hausse de 49,9%<\/strong> de ce type de d\u00e9lit dans la province en un an<\/li>\n<p><\/p>\n<li>Sur la p\u00e9riode 2016-2021, la hausse des vols de voitures au Qu\u00e9bec se chiffre m\u00eame \u00e0 83,3%, soit une tendance exponentielle pr\u00e9occupante.<\/li>\n<p>\n<\/ul>\n<p><\/p>\n<h3>Les vols de voiture ont co\u00fbt\u00e9 241,2 millions $ aux assureurs au Qu\u00e9bec en 2021, soit +62,5% en un an<\/h3>\n<p>\nCons\u00e9quence logique de l&#8217;augmentation du nombre de vols de voiture au Qu\u00e9bec, le co\u00fbt repr\u00e9sent\u00e9 par ce type de d\u00e9lit pour les assureurs a explos\u00e9 ces derni\u00e8res ann\u00e9es. On observe ainsi sur le graphique ci-dessous que:<\/p>\n<ul><\/p>\n<li>En 2021, le co\u00fbt total des vols de voiture pour les assureurs au Qu\u00e9bec s&#8217;est \u00e9lev\u00e9 \u00e0 241,2 millions $, soit <strong>une augmentation de 62,5%<\/strong> par rapport \u00e0 2020<\/li>\n<p><\/p>\n<li><strong>En 5 ans, le co\u00fbt des vols de voiture pour les assureurs au Qu\u00e9bec a \u00e9t\u00e9 multipli\u00e9 par 3<\/strong>, passant de 80,4 millions $ en 2016 \u00e0 241,2 millions $ en 2021<\/li>\n<p><\/p>\n<li>\u00c0 nombre quasiment \u00e9gal de vols de voiture entre 2011 et 2021, le co\u00fbt repr\u00e9sent\u00e9 par ces d\u00e9lits en 2021 a \u00e9t\u00e9 multipli\u00e9 par 2,2 par rapport \u00e0 dix ans auparavant (111,4 millions $).<\/li>\n<p>\n<\/ul>\n<p><\/p>\n<h3>Montr\u00e9al, Mont\u00e9r\u00e9gie et Laval, les r\u00e9gions les plus touch\u00e9es par le vol de voitures au Qu\u00e9bec<\/h3>\n<p>\nComme le soulignait r\u00e9cemment un communiqu\u00e9 publi\u00e9 par Equit\u00e9 Association, Montr\u00e9al est le principal port de sortie des v\u00e9hicules vol\u00e9s au Qu\u00e9bec. D\u00e8s lors, il n&#8217;est pas \u00e9tonnant de voir la m\u00e9tropole et sa r\u00e9gion urbaine p\u00e8sent fortement dans la criminalit\u00e9 li\u00e9e aux voitures. On remarque ainsi que:<\/p>\n<ul><\/p>\n<li>Avec 3 763 vols recens\u00e9s en 2021,<strong> la r\u00e9gion administrative de Montr\u00e9al<\/strong> repr\u00e9sente \u00e0 elle 46,4% du total de ce type de d\u00e9lit au Qu\u00e9bec<\/li>\n<p><\/p>\n<li>En ajoutant la partie urbaine de <strong>Mont\u00e9r\u00e9gie<\/strong> qui jouxte Montr\u00e9al (818 vols soit 10,1% du total qu\u00e9b\u00e9cois) et <strong>Laval<\/strong> (813 vols soit 10% du total), ce sont en r\u00e9alit\u00e9 les deux tiers (66,5%) des vols de voitures qui ont lieu dans l&#8217;agglom\u00e9ration urbaine montr\u00e9alaise au Qu\u00e9bec<\/li>\n<p><\/p>\n<li>Viennent ensuite Lanaudi\u00e8re (667 vols), les Laurentides (599 vols) et la r\u00e9gion Capitale Nationale (251 vols, dont 202 pour la seule CUQ).<\/li>\n<p>\n<\/ul>\n<p>\n\u00a0<\/p>\n<table><\/p>\n<thead><\/p>\n<tr><\/p>\n<td width=\"233\"><strong>R\u00e9gion<\/strong><\/td>\n<p><\/p>\n<td width=\"149\"><strong>Pourcentage de v\u00e9hicules vol\u00e9s <\/strong><\/td>\n<p><\/p>\n<td width=\"186\"><strong>Nombre total de v\u00e9hicules vol\u00e9s<\/strong><\/td>\n<p>\n<\/tr>\n<p>\n<\/thead>\n<p><\/p>\n<tbody><\/p>\n<tr><\/p>\n<td width=\"233\">Communaut\u00e9 Urbaine de Montr\u00e9al<\/td>\n<p><\/p>\n<td width=\"149\">0,52%<\/td>\n<p><\/p>\n<td width=\"186\">3 764<\/td>\n<p>\n<\/tr>\n<p><\/p>\n<tr><\/p>\n<td width=\"233\">Mont\u00e9r\u00e9gie<\/td>\n<p><\/p>\n<td width=\"149\">0,13%<\/td>\n<p><\/p>\n<td width=\"186\">1 281<\/td>\n<p>\n<\/tr>\n<p><\/p>\n<tr><\/p>\n<td width=\"233\">Laval<\/td>\n<p><\/p>\n<td width=\"149\">0,35%<\/td>\n<p><\/p>\n<td width=\"186\">813<\/td>\n<p>\n<\/tr>\n<p><\/p>\n<tr><\/p>\n<td width=\"233\">Lanaudi\u00e8re<\/td>\n<p><\/p>\n<td width=\"149\">0,2%<\/td>\n<p><\/p>\n<td width=\"186\">667<\/td>\n<p>\n<\/tr>\n<p><\/p>\n<tr><\/p>\n<td width=\"233\">Laurentides<\/td>\n<p><\/p>\n<td width=\"149\">0,15%<\/td>\n<p><\/p>\n<td width=\"186\">599<\/td>\n<p>\n<\/tr>\n<p><\/p>\n<tr><\/p>\n<td width=\"233\">Capitale Nationale<\/td>\n<p><\/p>\n<td width=\"149\">0,05%<\/td>\n<p><\/p>\n<td width=\"186\">251<\/td>\n<p>\n<\/tr>\n<p><\/p>\n<tr><\/p>\n<td width=\"233\">Mauricie<\/td>\n<p><\/p>\n<td width=\"149\">0,08%<\/td>\n<p><\/p>\n<td width=\"186\">139<\/td>\n<p>\n<\/tr>\n<p><\/p>\n<tr><\/p>\n<td width=\"233\">Chaudi\u00e8re-Appalaches<\/td>\n<p><\/p>\n<td width=\"149\">0,04%<\/td>\n<p><\/p>\n<td width=\"186\">120<\/td>\n<p>\n<\/tr>\n<p><\/p>\n<tr><\/p>\n<td width=\"233\">Outaouais<\/td>\n<p><\/p>\n<td width=\"149\">0,05%<\/td>\n<p><\/p>\n<td width=\"186\">117<\/td>\n<p>\n<\/tr>\n<p><\/p>\n<tr><\/p>\n<td width=\"233\">Estrie<\/td>\n<p><\/p>\n<td width=\"149\">0,05%<\/td>\n<p><\/p>\n<td width=\"186\">99<\/td>\n<p>\n<\/tr>\n<p><\/p>\n<tr><\/p>\n<td width=\"233\">Centre-du-Qu\u00e9bec<\/td>\n<p><\/p>\n<td width=\"149\">0,06%<\/td>\n<p><\/p>\n<td width=\"186\">96<\/td>\n<p>\n<\/tr>\n<p><\/p>\n<tr><\/p>\n<td width=\"233\">Saguenay-Lac-Saint-Jean<\/td>\n<p><\/p>\n<td width=\"149\">0,03%<\/td>\n<p><\/p>\n<td width=\"186\">52<\/td>\n<p>\n<\/tr>\n<p><\/p>\n<tr><\/p>\n<td width=\"233\">Bas-Saint-Laurent<\/td>\n<p><\/p>\n<td width=\"149\">0,03%<\/td>\n<p><\/p>\n<td width=\"186\">39<\/td>\n<p>\n<\/tr>\n<p><\/p>\n<tr><\/p>\n<td width=\"233\">Abititi-T\u00e9miscaningue<\/td>\n<p><\/p>\n<td width=\"149\">0,04%<\/td>\n<p><\/p>\n<td width=\"186\">36<\/td>\n<p>\n<\/tr>\n<p><\/p>\n<tr><\/p>\n<td width=\"233\">Gasp\u00e9sie-Iles-de-la-Madeleine<\/td>\n<p><\/p>\n<td width=\"149\">0,04%<\/td>\n<p><\/p>\n<td width=\"186\">24<\/td>\n<p>\n<\/tr>\n<p><\/p>\n<tr><\/p>\n<td width=\"233\">C\u00f4te-Nord<\/td>\n<p><\/p>\n<td width=\"149\">0,03%<\/td>\n<p><\/p>\n<td width=\"186\">15<\/td>\n<p>\n<\/tr>\n<p><\/p>\n<tr><\/p>\n<td width=\"233\">Nord-du-Qu\u00e9bec<\/td>\n<p><\/p>\n<td width=\"149\">0,1%<\/td>\n<p><\/p>\n<td width=\"186\">9<\/td>\n<p>\n<\/tr>\n<p>\n<\/tbody>\n<p>\n<\/table>\n<p>\n<strong>Nombre et fr\u00e9quence de voitures vol\u00e9es par r\u00e9gion au Qu\u00e9bec en 2021<br \/>\n<\/strong>Source: GAA<\/p>\n<p>Source: HelloSafe<\/p>\n<p>Le texte <a rel=\"nofollow\" href=\"https:\/\/annuelauto.ca\/les-vols-de-voiture-ont-explose-de-833-en-5-ans-au-quebec\/\">Les vols de voiture ont explos\u00e9 de 83,3% en 5 ans au Qu\u00e9bec<\/a> provient de <a rel=\"nofollow\" href=\"https:\/\/annuelauto.ca\">L&#8217;annuel de l&#8217;automobile &#8211; Actualit\u00e9 automobile<\/a><\/p>\n<p><\/p>\n","protected":false},"excerpt":{"rendered":"<p>Si vous croyez que les vols d\u2019autos, vous avez raison. Avec 8\u00a0139 v\u00e9hicules vol\u00e9s au Qu\u00e9bec en 2021, les vols de voitures sont au plus hait depuis 10 ans, selon une \u00e9tude d\u00e9voil\u00e9e par HelloSafe. Une reprise \u00e0 la hausse Alors qu&#8217;entre 2011 et 2016, le nombre du vol de voitures au Qu\u00e9bec avait chut\u00e9 [&hellip;]<\/p>\n","protected":false},"author":8,"featured_media":140051,"comment_status":"close","ping_status":"closed","sticky":false,"template":"","format":"standard","meta":{"_monsterinsights_skip_tracking":false,"_monsterinsights_sitenote_active":false,"_monsterinsights_sitenote_note":"","_monsterinsights_sitenote_category":0,"footnotes":""},"categories":[101],"tags":[],"yoast_head":"<!-- This site is optimized with the Yoast SEO plugin v23.2 - https:\/\/yoast.com\/wordpress\/plugins\/seo\/ -->\n<title>Les vols de voiture ont explos\u00e9 de 83,3% en 5 ans au Qu\u00e9bec - CanadaMotorJobs.com<\/title>\n<meta name=\"description\" content=\"Les vols de voiture ont explos\u00e9 de 83,3% en 5 ans au Qu\u00e9bec - Benoit Charette - Annuel automobile - CanadaMotorJobs.com.\" \/>\n<meta name=\"robots\" content=\"index, follow, max-snippet:-1, max-image-preview:large, max-video-preview:-1\" \/>\n<meta property=\"og:locale\" content=\"fr_CA\" \/>\n<meta property=\"og:type\" content=\"article\" \/>\n<meta property=\"og:title\" content=\"Les vols de voiture ont explos\u00e9 de 83,3% en 5 ans au Qu\u00e9bec - CanadaMotorJobs.com\" \/>\n<meta property=\"og:description\" content=\"Les vols de voiture ont explos\u00e9 de 83,3% en 5 ans au Qu\u00e9bec - Benoit Charette - Annuel automobile - CanadaMotorJobs.com.\" \/>\n<meta property=\"og:url\" content=\"https:\/\/news.canadamotorjobs.com\/fr\/les-vols-de-voiture-ont-explose-de-833-en-5-ans-au-quebec\/\" \/>\n<meta property=\"og:site_name\" content=\"CanadaMotorJobs.com\" \/>\n<meta property=\"article:publisher\" content=\"https:\/\/www.facebook.com\/canadamotorjobs\/\" \/>\n<meta property=\"article:published_time\" content=\"2023-02-14T15:09:39+00:00\" \/>\n<meta property=\"article:modified_time\" content=\"2023-02-14T15:14:40+00:00\" \/>\n<meta property=\"og:image\" content=\"https:\/\/news.canadamotorjobs.com\/wp-content\/uploads\/2023\/02\/hijack-warning.jpg\" \/>\n\t<meta property=\"og:image:width\" content=\"1250\" \/>\n\t<meta property=\"og:image:height\" content=\"900\" \/>\n\t<meta property=\"og:image:type\" content=\"image\/jpeg\" \/>\n<meta name=\"author\" content=\"Benoit Charette\" \/>\n<meta name=\"twitter:card\" content=\"summary_large_image\" \/>\n<meta name=\"twitter:creator\" content=\"@canadamotorjobs\" \/>\n<meta name=\"twitter:site\" content=\"@canadamotorjobs\" \/>\n<meta name=\"twitter:label1\" content=\"\u00c9crit par\" \/>\n\t<meta name=\"twitter:data1\" content=\"Benoit Charette\" \/>\n\t<meta name=\"twitter:label2\" content=\"Estimation du temps de lecture\" \/>\n\t<meta name=\"twitter:data2\" content=\"3 minutes\" \/>\n<!-- \/ Yoast SEO plugin. -->","yoast_head_json":{"title":"Les vols de voiture ont explos\u00e9 de 83,3% en 5 ans au Qu\u00e9bec - CanadaMotorJobs.com","description":"Les vols de voiture ont explos\u00e9 de 83,3% en 5 ans au Qu\u00e9bec - Benoit Charette - Annuel automobile - CanadaMotorJobs.com.","robots":{"index":"index","follow":"follow","max-snippet":"max-snippet:-1","max-image-preview":"max-image-preview:large","max-video-preview":"max-video-preview:-1"},"og_locale":"fr_CA","og_type":"article","og_title":"Les vols de voiture ont explos\u00e9 de 83,3% en 5 ans au Qu\u00e9bec - CanadaMotorJobs.com","og_description":"Les vols de voiture ont explos\u00e9 de 83,3% en 5 ans au Qu\u00e9bec - Benoit Charette - Annuel automobile - CanadaMotorJobs.com.","og_url":"https:\/\/news.canadamotorjobs.com\/fr\/les-vols-de-voiture-ont-explose-de-833-en-5-ans-au-quebec\/","og_site_name":"CanadaMotorJobs.com","article_publisher":"https:\/\/www.facebook.com\/canadamotorjobs\/","article_published_time":"2023-02-14T15:09:39+00:00","article_modified_time":"2023-02-14T15:14:40+00:00","og_image":[{"width":1250,"height":900,"url":"https:\/\/news.canadamotorjobs.com\/wp-content\/uploads\/2023\/02\/hijack-warning.jpg","type":"image\/jpeg"}],"author":"Benoit Charette","twitter_card":"summary_large_image","twitter_creator":"@canadamotorjobs","twitter_site":"@canadamotorjobs","twitter_misc":{"\u00c9crit par":"Benoit Charette","Estimation du temps de lecture":"3 minutes"},"schema":{"@context":"https:\/\/schema.org","@graph":[{"@type":"Article","@id":"https:\/\/news.canadamotorjobs.com\/fr\/les-vols-de-voiture-ont-explose-de-833-en-5-ans-au-quebec\/#article","isPartOf":{"@id":"https:\/\/news.canadamotorjobs.com\/fr\/les-vols-de-voiture-ont-explose-de-833-en-5-ans-au-quebec\/"},"author":{"name":"Benoit Charette","@id":"https:\/\/news.canadamotorjobs.com\/#\/schema\/person\/51793d1f87d44011d7bcc2ed99269a90"},"headline":"Les vols de voiture ont explos\u00e9 de 83,3% en 5 ans au Qu\u00e9bec","datePublished":"2023-02-14T15:09:39+00:00","dateModified":"2023-02-14T15:14:40+00:00","mainEntityOfPage":{"@id":"https:\/\/news.canadamotorjobs.com\/fr\/les-vols-de-voiture-ont-explose-de-833-en-5-ans-au-quebec\/"},"wordCount":583,"publisher":{"@id":"https:\/\/news.canadamotorjobs.com\/#organization"},"image":{"@id":"https:\/\/news.canadamotorjobs.com\/fr\/les-vols-de-voiture-ont-explose-de-833-en-5-ans-au-quebec\/#primaryimage"},"thumbnailUrl":"https:\/\/news.canadamotorjobs.com\/wp-content\/uploads\/2023\/02\/hijack-warning.jpg","articleSection":["Annuel automobile"],"inLanguage":"fr-CA"},{"@type":"WebPage","@id":"https:\/\/news.canadamotorjobs.com\/fr\/les-vols-de-voiture-ont-explose-de-833-en-5-ans-au-quebec\/","url":"https:\/\/news.canadamotorjobs.com\/fr\/les-vols-de-voiture-ont-explose-de-833-en-5-ans-au-quebec\/","name":"Les vols de voiture ont explos\u00e9 de 83,3% en 5 ans au Qu\u00e9bec - CanadaMotorJobs.com","isPartOf":{"@id":"https:\/\/news.canadamotorjobs.com\/#website"},"primaryImageOfPage":{"@id":"https:\/\/news.canadamotorjobs.com\/fr\/les-vols-de-voiture-ont-explose-de-833-en-5-ans-au-quebec\/#primaryimage"},"image":{"@id":"https:\/\/news.canadamotorjobs.com\/fr\/les-vols-de-voiture-ont-explose-de-833-en-5-ans-au-quebec\/#primaryimage"},"thumbnailUrl":"https:\/\/news.canadamotorjobs.com\/wp-content\/uploads\/2023\/02\/hijack-warning.jpg","datePublished":"2023-02-14T15:09:39+00:00","dateModified":"2023-02-14T15:14:40+00:00","description":"Les vols de voiture ont explos\u00e9 de 83,3% en 5 ans au Qu\u00e9bec - Benoit Charette - Annuel automobile - CanadaMotorJobs.com.","breadcrumb":{"@id":"https:\/\/news.canadamotorjobs.com\/fr\/les-vols-de-voiture-ont-explose-de-833-en-5-ans-au-quebec\/#breadcrumb"},"inLanguage":"fr-CA","potentialAction":[{"@type":"ReadAction","target":["https:\/\/news.canadamotorjobs.com\/fr\/les-vols-de-voiture-ont-explose-de-833-en-5-ans-au-quebec\/"]}]},{"@type":"ImageObject","inLanguage":"fr-CA","@id":"https:\/\/news.canadamotorjobs.com\/fr\/les-vols-de-voiture-ont-explose-de-833-en-5-ans-au-quebec\/#primaryimage","url":"https:\/\/news.canadamotorjobs.com\/wp-content\/uploads\/2023\/02\/hijack-warning.jpg","contentUrl":"https:\/\/news.canadamotorjobs.com\/wp-content\/uploads\/2023\/02\/hijack-warning.jpg","width":1250,"height":900},{"@type":"BreadcrumbList","@id":"https:\/\/news.canadamotorjobs.com\/fr\/les-vols-de-voiture-ont-explose-de-833-en-5-ans-au-quebec\/#breadcrumb","itemListElement":[{"@type":"ListItem","position":1,"name":"Home","item":"https:\/\/news.canadamotorjobs.com\/fr\/blog\/"},{"@type":"ListItem","position":2,"name":"Les vols de voiture ont explos\u00e9 de 83,3% en 5 ans au Qu\u00e9bec"}]},{"@type":"WebSite","@id":"https:\/\/news.canadamotorjobs.com\/#website","url":"https:\/\/news.canadamotorjobs.com\/","name":"CanadaMotorJobs.com","description":"Automotive Jobs","publisher":{"@id":"https:\/\/news.canadamotorjobs.com\/#organization"},"potentialAction":[{"@type":"SearchAction","target":{"@type":"EntryPoint","urlTemplate":"https:\/\/news.canadamotorjobs.com\/?s={search_term_string}"},"query-input":"required name=search_term_string"}],"inLanguage":"fr-CA"},{"@type":"Organization","@id":"https:\/\/news.canadamotorjobs.com\/#organization","name":"Canada Motor Jobs","url":"https:\/\/news.canadamotorjobs.com\/","logo":{"@type":"ImageObject","inLanguage":"fr-CA","@id":"https:\/\/news.canadamotorjobs.com\/#\/schema\/logo\/image\/","url":"https:\/\/news.canadamotorjobs.com\/wp-content\/uploads\/2022\/10\/logo-canada-motor-jobs-1.png","contentUrl":"https:\/\/news.canadamotorjobs.com\/wp-content\/uploads\/2022\/10\/logo-canada-motor-jobs-1.png","width":800,"height":400,"caption":"Canada Motor Jobs"},"image":{"@id":"https:\/\/news.canadamotorjobs.com\/#\/schema\/logo\/image\/"},"sameAs":["https:\/\/www.facebook.com\/canadamotorjobs\/","https:\/\/x.com\/canadamotorjobs","https:\/\/www.instagram.com\/canadamotorjobs\/","https:\/\/www.linkedin.com\/company\/canadamotorjobs"]},{"@type":"Person","@id":"https:\/\/news.canadamotorjobs.com\/#\/schema\/person\/51793d1f87d44011d7bcc2ed99269a90","name":"Benoit Charette","image":{"@type":"ImageObject","inLanguage":"fr-CA","@id":"https:\/\/news.canadamotorjobs.com\/#\/schema\/person\/image\/","url":"https:\/\/secure.gravatar.com\/avatar\/45f3d2eebcccd909668d7ce7ea7267b6?s=96&d=mm&r=g","contentUrl":"https:\/\/secure.gravatar.com\/avatar\/45f3d2eebcccd909668d7ce7ea7267b6?s=96&d=mm&r=g","caption":"Benoit Charette"},"description":"Benoit Charette \/ Propri\u00e9taire et r\u00e9dacteur en chef Benoit Charette pratique le journalisme automobile depuis bient\u00f4t 30 ans. Il a fait ses classes au c\u00f4t\u00e9 de Daniel H\u00e9raud et au Carnet de route de 1992 \u00e0 2001. Il est fondateur, copropri\u00e9taire et r\u00e9dacteur en chef de L\u2019Annuel de l\u2019automobile, qu\u2019il publie depuis 2001. Il a anim\u00e9 les \u00e9missions RPM et RPM+ sur V et les L\u00e9gendes de la route sur Historia. \u00c0 la radio depuis 1986, il reprend l\u2019antenne cette ann\u00e9e sur les ondes de Cogeco et participe pour la deuxi\u00e8me ann\u00e9e \u00e0 l\u2019\u00e9mission Passion Auto sur RDS en plus de mettre en ligne le site Web officiel de L\u2019Annuel de l\u2019automobile sur annuelauto.ca.","sameAs":["https:\/\/annuelauto.ca\/"],"url":"https:\/\/news.canadamotorjobs.com\/fr\/author\/benoit-charette\/"}]}},"_links":{"self":[{"href":"https:\/\/news.canadamotorjobs.com\/fr\/wp-json\/wp\/v2\/posts\/140049"}],"collection":[{"href":"https:\/\/news.canadamotorjobs.com\/fr\/wp-json\/wp\/v2\/posts"}],"about":[{"href":"https:\/\/news.canadamotorjobs.com\/fr\/wp-json\/wp\/v2\/types\/post"}],"author":[{"embeddable":true,"href":"https:\/\/news.canadamotorjobs.com\/fr\/wp-json\/wp\/v2\/users\/8"}],"replies":[{"embeddable":true,"href":"https:\/\/news.canadamotorjobs.com\/fr\/wp-json\/wp\/v2\/comments?post=140049"}],"version-history":[{"count":2,"href":"https:\/\/news.canadamotorjobs.com\/fr\/wp-json\/wp\/v2\/posts\/140049\/revisions"}],"predecessor-version":[{"id":140053,"href":"https:\/\/news.canadamotorjobs.com\/fr\/wp-json\/wp\/v2\/posts\/140049\/revisions\/140053"}],"wp:featuredmedia":[{"embeddable":true,"href":"https:\/\/news.canadamotorjobs.com\/fr\/wp-json\/wp\/v2\/media\/140051"}],"wp:attachment":[{"href":"https:\/\/news.canadamotorjobs.com\/fr\/wp-json\/wp\/v2\/media?parent=140049"}],"wp:term":[{"taxonomy":"category","embeddable":true,"href":"https:\/\/news.canadamotorjobs.com\/fr\/wp-json\/wp\/v2\/categories?post=140049"},{"taxonomy":"post_tag","embeddable":true,"href":"https:\/\/news.canadamotorjobs.com\/fr\/wp-json\/wp\/v2\/tags?post=140049"}],"curies":[{"name":"wp","href":"https:\/\/api.w.org\/{rel}","templated":true}]}}