{"id":140018,"date":"2023-02-14T08:54:19","date_gmt":"2023-02-14T13:54:19","guid":{"rendered":"https:\/\/news.canadamotorjobs.com\/?p=140018"},"modified":"2023-02-14T08:59:49","modified_gmt":"2023-02-14T13:59:49","slug":"les-employes-de-tesla-veulent-se-syndiquer","status":"publish","type":"post","link":"https:\/\/news.canadamotorjobs.com\/fr\/les-employes-de-tesla-veulent-se-syndiquer\/","title":{"rendered":"Les employ\u00e9s de Tesla veulent se syndiquer"},"content":{"rendered":"<\/p>\n<p>Les employ\u00e9s de Tesla Inc. dans l&#8217;\u00c9tat de New York lancent une campagne de syndicalisation, ce qui constitue une premi\u00e8re potentielle pour le constructeur de v\u00e9hicules \u00e9lectriques et un nouveau d\u00e9fi pour Elon Musk.<\/p>\n<h3>Un courriel envoy\u00e9 au patron<\/h3>\n<p>\nLes employ\u00e9s, qui \u00e9tiquettent les donn\u00e9es pour la technologie Autopilot \u00e0 Buffalo, ont envoy\u00e9 un courriel \u00e0 Musk t\u00f4t mardi pour lui faire part de leur intention de se syndiquer. Les employ\u00e9s disent qu&#8217;ils cherchent \u00e0 obtenir un meilleur salaire et une meilleure s\u00e9curit\u00e9 d&#8217;emploi, ainsi qu&#8217;une r\u00e9duction de la pression de production qui, selon eux, a \u00e9t\u00e9 pr\u00e9judiciable \u00e0 leur sant\u00e9.<\/p>\n<h3>Un emploi sous-tension<\/h3>\n<p>\nDes travailleurs de l&#8217;usine ont d\u00e9clar\u00e9 \u00e0 Bloomberg News que Tesla surveille les frappes au clavier pour savoir combien de temps les employ\u00e9s passent par t\u00e2che et combien de temps de la journ\u00e9e ils passent \u00e0 travailler activement. Cela conduit certains \u00e0 \u00e9viter de prendre des pauses pour la salle de bain ou raccourcir l\u2019heure du lunch. En cas de succ\u00e8s, le syndicat serait une premi\u00e8re pour Tesla, qui, contrairement \u00e0 d&#8217;autres grands constructeurs automobiles, a r\u00e9sist\u00e9 avec succ\u00e8s \u00e0 la syndicalisation dans ses usines am\u00e9ricaines. Cette campagne repr\u00e9sente \u00e9galement un nouveau test pour le mouvement syndical am\u00e9ricain en difficult\u00e9, qui a r\u00e9cemment remport\u00e9 une s\u00e9rie de victoires dans des entreprises non syndiqu\u00e9es de longue date, notamment Amazon.com Inc, Apple Inc et Starbucks Corp.<\/p>\n<h3>Pr\u00e8s de 100\u00a0000 employ\u00e9s aux \u00c9tats-Unis<\/h3>\n<p>\nTesla engage un peu plus de 99\u00a0200 employ\u00e9s en sol am\u00e9ricain. De ce nombre 800 sont \u00e0 Buffalo. L\u2019usine new-yorkaise embauche des analystes pour le syst\u00e8me Autopilot, des r\u00f4les non techniques qui forment la technologie de &#8220;conduite autonome compl\u00e8te&#8221; de Tesla, notamment l&#8217;identification des objets dans les images pour aider les v\u00e9hicules \u00e0 les reconna\u00eetre sur la route. Ils sont embauch\u00e9s \u00e0 un salaire de d\u00e9part d&#8217;environ 19 dollars de l&#8217;heure. Outre l&#8217;augmentation des salaires, les employ\u00e9s ont d\u00e9clar\u00e9 qu&#8217;ils souhaitaient avoir leur mot \u00e0 dire dans la prise de d\u00e9cision sur le lieu de travail et r\u00e9duire la surveillance, les mesures et la pression de production. Les employ\u00e9s de Tesla s&#8217;organisent avec une filiale de l&#8217;Union internationale des employ\u00e9s de service, Workers United, qui a r\u00e9ussi \u00e0 syndiquer des centaines de caf\u00e9s Starbucks \u00e0 travers les \u00c9tats-Unis depuis d\u00e9cembre 2021, en commen\u00e7ant par un magasin \u00e0 Buffalo, \u00e0 environ 10 km de l&#8217;usine Tesla.<\/p>\n<h3>Le mouvement est en marche<\/h3>\n<p>\nEn vertu de la loi am\u00e9ricaine, les employeurs ont la possibilit\u00e9 de reconna\u00eetre volontairement un syndicat si la majorit\u00e9 des travailleurs y adh\u00e8rent ; sinon, les travailleurs peuvent demander au National Labor Relations Board des \u00c9tats-Unis d&#8217;organiser une \u00e9lection, et si un syndicat obtient la majorit\u00e9 des voix, l&#8217;employeur est l\u00e9galement tenu de n\u00e9gocier collectivement avec le groupe.<\/p>\n<h3>Une bataille difficile<\/h3>\n<p>\nLes pr\u00e9c\u00e9dents efforts de syndicalisation chez Tesla ont eu du mal \u00e0 s&#8217;imposer. En 2017, le personnel de l&#8217;usine de l&#8217;entreprise \u00e0 Fremont, en Californie, a d\u00e9voil\u00e9 une campagne avec les Travailleurs unis de l&#8217;automobile, et en 2018, les M\u00e9tallurgistes unis et la Fraternit\u00e9 internationale des ouvriers en \u00e9lectricit\u00e9 ont annonc\u00e9 un effort d&#8217;organisation \u00e0 Buffalo ; aucun des deux n&#8217;a fini par demander un vote de syndicalisation. Un groupe bipartisan de membres du conseil du travail am\u00e9ricain a jug\u00e9 en 2021 que Tesla avait viol\u00e9 \u00e0 plusieurs reprises la loi f\u00e9d\u00e9rale \u00e0 Fremont, notamment en &#8220;interrogeant de mani\u00e8re coercitive&#8221; les partisans du syndicat et en licenciant l&#8217;un d&#8217;entre eux en raison de son activisme. Tesla a ni\u00e9 avoir commis des actes r\u00e9pr\u00e9hensibles et fait appel de cette d\u00e9cision.<\/p>\n<p>Un\u00a0 dossier \u00e0 suivre<\/p>\n<p>\u00a0<\/p>\n<p>Avec des renseignements d\u2019Automotive News<\/p>\n<p>Le texte <a rel=\"nofollow\" href=\"https:\/\/annuelauto.ca\/les-employes-de-tesla-veulent-se-syndiquer\/\">Les employ\u00e9s de Tesla veulent se syndiquer<\/a> provient de <a rel=\"nofollow\" href=\"https:\/\/annuelauto.ca\">L&#8217;annuel de l&#8217;automobile &#8211; Actualit\u00e9 automobile<\/a><\/p>\n<p><\/p>\n","protected":false},"excerpt":{"rendered":"<p>Les employ\u00e9s de Tesla Inc. dans l&#8217;\u00c9tat de New York lancent une campagne de syndicalisation, ce qui constitue une premi\u00e8re potentielle pour le constructeur de v\u00e9hicules \u00e9lectriques et un nouveau d\u00e9fi pour Elon Musk. Un courriel envoy\u00e9 au patron Les employ\u00e9s, qui \u00e9tiquettent les donn\u00e9es pour la technologie Autopilot \u00e0 Buffalo, ont envoy\u00e9 un courriel [&hellip;]<\/p>\n","protected":false},"author":8,"featured_media":140020,"comment_status":"close","ping_status":"closed","sticky":false,"template":"","format":"standard","meta":{"_monsterinsights_skip_tracking":false,"_monsterinsights_sitenote_active":false,"_monsterinsights_sitenote_note":"","_monsterinsights_sitenote_category":0,"footnotes":""},"categories":[101],"tags":[],"yoast_head":"<!-- This site is optimized with the Yoast SEO plugin v23.2 - https:\/\/yoast.com\/wordpress\/plugins\/seo\/ -->\n<title>Les employ\u00e9s de Tesla veulent se syndiquer - CanadaMotorJobs.com<\/title>\n<meta name=\"description\" content=\"Les employ\u00e9s de Tesla veulent se syndiquer - Benoit Charette - Annuel automobile - CanadaMotorJobs.com.\" \/>\n<meta name=\"robots\" content=\"index, follow, max-snippet:-1, max-image-preview:large, max-video-preview:-1\" \/>\n<meta property=\"og:locale\" content=\"fr_CA\" \/>\n<meta property=\"og:type\" content=\"article\" \/>\n<meta property=\"og:title\" content=\"Les employ\u00e9s de Tesla veulent se syndiquer - CanadaMotorJobs.com\" \/>\n<meta property=\"og:description\" content=\"Les employ\u00e9s de Tesla veulent se syndiquer - Benoit Charette - Annuel automobile - CanadaMotorJobs.com.\" \/>\n<meta property=\"og:url\" content=\"https:\/\/news.canadamotorjobs.com\/fr\/les-employes-de-tesla-veulent-se-syndiquer\/\" \/>\n<meta property=\"og:site_name\" content=\"CanadaMotorJobs.com\" \/>\n<meta property=\"article:publisher\" content=\"https:\/\/www.facebook.com\/canadamotorjobs\/\" \/>\n<meta property=\"article:published_time\" content=\"2023-02-14T13:54:19+00:00\" \/>\n<meta property=\"article:modified_time\" content=\"2023-02-14T13:59:49+00:00\" \/>\n<meta property=\"og:image\" content=\"https:\/\/news.canadamotorjobs.com\/wp-content\/uploads\/2023\/02\/Tesla_sign_2.jpg\" \/>\n\t<meta property=\"og:image:width\" content=\"2216\" \/>\n\t<meta property=\"og:image:height\" content=\"1477\" \/>\n\t<meta property=\"og:image:type\" content=\"image\/jpeg\" \/>\n<meta name=\"author\" content=\"Benoit Charette\" \/>\n<meta name=\"twitter:card\" content=\"summary_large_image\" \/>\n<meta name=\"twitter:creator\" content=\"@canadamotorjobs\" \/>\n<meta name=\"twitter:site\" content=\"@canadamotorjobs\" \/>\n<meta name=\"twitter:label1\" content=\"\u00c9crit par\" \/>\n\t<meta name=\"twitter:data1\" content=\"Benoit Charette\" \/>\n\t<meta name=\"twitter:label2\" content=\"Estimation du temps de lecture\" \/>\n\t<meta name=\"twitter:data2\" content=\"3 minutes\" \/>\n<!-- \/ Yoast SEO plugin. -->","yoast_head_json":{"title":"Les employ\u00e9s de Tesla veulent se syndiquer - CanadaMotorJobs.com","description":"Les employ\u00e9s de Tesla veulent se syndiquer - Benoit Charette - Annuel automobile - CanadaMotorJobs.com.","robots":{"index":"index","follow":"follow","max-snippet":"max-snippet:-1","max-image-preview":"max-image-preview:large","max-video-preview":"max-video-preview:-1"},"og_locale":"fr_CA","og_type":"article","og_title":"Les employ\u00e9s de Tesla veulent se syndiquer - CanadaMotorJobs.com","og_description":"Les employ\u00e9s de Tesla veulent se syndiquer - Benoit Charette - Annuel automobile - CanadaMotorJobs.com.","og_url":"https:\/\/news.canadamotorjobs.com\/fr\/les-employes-de-tesla-veulent-se-syndiquer\/","og_site_name":"CanadaMotorJobs.com","article_publisher":"https:\/\/www.facebook.com\/canadamotorjobs\/","article_published_time":"2023-02-14T13:54:19+00:00","article_modified_time":"2023-02-14T13:59:49+00:00","og_image":[{"width":2216,"height":1477,"url":"https:\/\/news.canadamotorjobs.com\/wp-content\/uploads\/2023\/02\/Tesla_sign_2.jpg","type":"image\/jpeg"}],"author":"Benoit Charette","twitter_card":"summary_large_image","twitter_creator":"@canadamotorjobs","twitter_site":"@canadamotorjobs","twitter_misc":{"\u00c9crit par":"Benoit Charette","Estimation du temps de lecture":"3 minutes"},"schema":{"@context":"https:\/\/schema.org","@graph":[{"@type":"Article","@id":"https:\/\/news.canadamotorjobs.com\/fr\/les-employes-de-tesla-veulent-se-syndiquer\/#article","isPartOf":{"@id":"https:\/\/news.canadamotorjobs.com\/fr\/les-employes-de-tesla-veulent-se-syndiquer\/"},"author":{"name":"Benoit Charette","@id":"https:\/\/news.canadamotorjobs.com\/#\/schema\/person\/51793d1f87d44011d7bcc2ed99269a90"},"headline":"Les employ\u00e9s de Tesla veulent se syndiquer","datePublished":"2023-02-14T13:54:19+00:00","dateModified":"2023-02-14T13:59:49+00:00","mainEntityOfPage":{"@id":"https:\/\/news.canadamotorjobs.com\/fr\/les-employes-de-tesla-veulent-se-syndiquer\/"},"wordCount":676,"publisher":{"@id":"https:\/\/news.canadamotorjobs.com\/#organization"},"image":{"@id":"https:\/\/news.canadamotorjobs.com\/fr\/les-employes-de-tesla-veulent-se-syndiquer\/#primaryimage"},"thumbnailUrl":"https:\/\/news.canadamotorjobs.com\/wp-content\/uploads\/2023\/02\/Tesla_sign_2.jpg","articleSection":["Annuel automobile"],"inLanguage":"fr-CA"},{"@type":"WebPage","@id":"https:\/\/news.canadamotorjobs.com\/fr\/les-employes-de-tesla-veulent-se-syndiquer\/","url":"https:\/\/news.canadamotorjobs.com\/fr\/les-employes-de-tesla-veulent-se-syndiquer\/","name":"Les employ\u00e9s de Tesla veulent se syndiquer - CanadaMotorJobs.com","isPartOf":{"@id":"https:\/\/news.canadamotorjobs.com\/#website"},"primaryImageOfPage":{"@id":"https:\/\/news.canadamotorjobs.com\/fr\/les-employes-de-tesla-veulent-se-syndiquer\/#primaryimage"},"image":{"@id":"https:\/\/news.canadamotorjobs.com\/fr\/les-employes-de-tesla-veulent-se-syndiquer\/#primaryimage"},"thumbnailUrl":"https:\/\/news.canadamotorjobs.com\/wp-content\/uploads\/2023\/02\/Tesla_sign_2.jpg","datePublished":"2023-02-14T13:54:19+00:00","dateModified":"2023-02-14T13:59:49+00:00","description":"Les employ\u00e9s de Tesla veulent se syndiquer - Benoit Charette - Annuel automobile - CanadaMotorJobs.com.","breadcrumb":{"@id":"https:\/\/news.canadamotorjobs.com\/fr\/les-employes-de-tesla-veulent-se-syndiquer\/#breadcrumb"},"inLanguage":"fr-CA","potentialAction":[{"@type":"ReadAction","target":["https:\/\/news.canadamotorjobs.com\/fr\/les-employes-de-tesla-veulent-se-syndiquer\/"]}]},{"@type":"ImageObject","inLanguage":"fr-CA","@id":"https:\/\/news.canadamotorjobs.com\/fr\/les-employes-de-tesla-veulent-se-syndiquer\/#primaryimage","url":"https:\/\/news.canadamotorjobs.com\/wp-content\/uploads\/2023\/02\/Tesla_sign_2.jpg","contentUrl":"https:\/\/news.canadamotorjobs.com\/wp-content\/uploads\/2023\/02\/Tesla_sign_2.jpg","width":2216,"height":1477},{"@type":"BreadcrumbList","@id":"https:\/\/news.canadamotorjobs.com\/fr\/les-employes-de-tesla-veulent-se-syndiquer\/#breadcrumb","itemListElement":[{"@type":"ListItem","position":1,"name":"Home","item":"https:\/\/news.canadamotorjobs.com\/fr\/blog\/"},{"@type":"ListItem","position":2,"name":"Les employ\u00e9s de Tesla veulent se syndiquer"}]},{"@type":"WebSite","@id":"https:\/\/news.canadamotorjobs.com\/#website","url":"https:\/\/news.canadamotorjobs.com\/","name":"CanadaMotorJobs.com","description":"Automotive Jobs","publisher":{"@id":"https:\/\/news.canadamotorjobs.com\/#organization"},"potentialAction":[{"@type":"SearchAction","target":{"@type":"EntryPoint","urlTemplate":"https:\/\/news.canadamotorjobs.com\/?s={search_term_string}"},"query-input":"required name=search_term_string"}],"inLanguage":"fr-CA"},{"@type":"Organization","@id":"https:\/\/news.canadamotorjobs.com\/#organization","name":"Canada Motor Jobs","url":"https:\/\/news.canadamotorjobs.com\/","logo":{"@type":"ImageObject","inLanguage":"fr-CA","@id":"https:\/\/news.canadamotorjobs.com\/#\/schema\/logo\/image\/","url":"https:\/\/news.canadamotorjobs.com\/wp-content\/uploads\/2022\/10\/logo-canada-motor-jobs-1.png","contentUrl":"https:\/\/news.canadamotorjobs.com\/wp-content\/uploads\/2022\/10\/logo-canada-motor-jobs-1.png","width":800,"height":400,"caption":"Canada Motor Jobs"},"image":{"@id":"https:\/\/news.canadamotorjobs.com\/#\/schema\/logo\/image\/"},"sameAs":["https:\/\/www.facebook.com\/canadamotorjobs\/","https:\/\/x.com\/canadamotorjobs","https:\/\/www.instagram.com\/canadamotorjobs\/","https:\/\/www.linkedin.com\/company\/canadamotorjobs"]},{"@type":"Person","@id":"https:\/\/news.canadamotorjobs.com\/#\/schema\/person\/51793d1f87d44011d7bcc2ed99269a90","name":"Benoit Charette","image":{"@type":"ImageObject","inLanguage":"fr-CA","@id":"https:\/\/news.canadamotorjobs.com\/#\/schema\/person\/image\/","url":"https:\/\/secure.gravatar.com\/avatar\/45f3d2eebcccd909668d7ce7ea7267b6?s=96&d=mm&r=g","contentUrl":"https:\/\/secure.gravatar.com\/avatar\/45f3d2eebcccd909668d7ce7ea7267b6?s=96&d=mm&r=g","caption":"Benoit Charette"},"description":"Benoit Charette \/ Propri\u00e9taire et r\u00e9dacteur en chef Benoit Charette pratique le journalisme automobile depuis bient\u00f4t 30 ans. Il a fait ses classes au c\u00f4t\u00e9 de Daniel H\u00e9raud et au Carnet de route de 1992 \u00e0 2001. Il est fondateur, copropri\u00e9taire et r\u00e9dacteur en chef de L\u2019Annuel de l\u2019automobile, qu\u2019il publie depuis 2001. Il a anim\u00e9 les \u00e9missions RPM et RPM+ sur V et les L\u00e9gendes de la route sur Historia. \u00c0 la radio depuis 1986, il reprend l\u2019antenne cette ann\u00e9e sur les ondes de Cogeco et participe pour la deuxi\u00e8me ann\u00e9e \u00e0 l\u2019\u00e9mission Passion Auto sur RDS en plus de mettre en ligne le site Web officiel de L\u2019Annuel de l\u2019automobile sur annuelauto.ca.","sameAs":["https:\/\/annuelauto.ca\/"],"url":"https:\/\/news.canadamotorjobs.com\/fr\/author\/benoit-charette\/"}]}},"_links":{"self":[{"href":"https:\/\/news.canadamotorjobs.com\/fr\/wp-json\/wp\/v2\/posts\/140018"}],"collection":[{"href":"https:\/\/news.canadamotorjobs.com\/fr\/wp-json\/wp\/v2\/posts"}],"about":[{"href":"https:\/\/news.canadamotorjobs.com\/fr\/wp-json\/wp\/v2\/types\/post"}],"author":[{"embeddable":true,"href":"https:\/\/news.canadamotorjobs.com\/fr\/wp-json\/wp\/v2\/users\/8"}],"replies":[{"embeddable":true,"href":"https:\/\/news.canadamotorjobs.com\/fr\/wp-json\/wp\/v2\/comments?post=140018"}],"version-history":[{"count":2,"href":"https:\/\/news.canadamotorjobs.com\/fr\/wp-json\/wp\/v2\/posts\/140018\/revisions"}],"predecessor-version":[{"id":140022,"href":"https:\/\/news.canadamotorjobs.com\/fr\/wp-json\/wp\/v2\/posts\/140018\/revisions\/140022"}],"wp:featuredmedia":[{"embeddable":true,"href":"https:\/\/news.canadamotorjobs.com\/fr\/wp-json\/wp\/v2\/media\/140020"}],"wp:attachment":[{"href":"https:\/\/news.canadamotorjobs.com\/fr\/wp-json\/wp\/v2\/media?parent=140018"}],"wp:term":[{"taxonomy":"category","embeddable":true,"href":"https:\/\/news.canadamotorjobs.com\/fr\/wp-json\/wp\/v2\/categories?post=140018"},{"taxonomy":"post_tag","embeddable":true,"href":"https:\/\/news.canadamotorjobs.com\/fr\/wp-json\/wp\/v2\/tags?post=140018"}],"curies":[{"name":"wp","href":"https:\/\/api.w.org\/{rel}","templated":true}]}}