{"id":139995,"date":"2023-02-13T16:18:56","date_gmt":"2023-02-13T21:18:56","guid":{"rendered":"https:\/\/news.canadamotorjobs.com\/?p=139995"},"modified":"2023-02-13T16:30:17","modified_gmt":"2023-02-13T21:30:17","slug":"aston-martin-celebre-ses-110-ans-en-course-automobile-avec-la-presentation-de-sa-f1-2023","status":"publish","type":"post","link":"https:\/\/news.canadamotorjobs.com\/fr\/aston-martin-celebre-ses-110-ans-en-course-automobile-avec-la-presentation-de-sa-f1-2023\/","title":{"rendered":"Aston Martin c\u00e9l\u00e8bre ses 110 ans en course automobile avec la pr\u00e9sentation de sa F1 2023"},"content":{"rendered":"<\/p>\n<p>Voici l\u2019AMR23 pr\u00e9sent\u00e9e aujourd\u2019hui aux m\u00e9dias. C\u2019est le bolide officiel que conduira Lance Stroll et le double champion du monde de F1 Fernando Alonso, l&#8217;\u00e9cusson &#8221; 110 Iconic Years &#8221; reprend la c\u00e9l\u00e8bre marque aux ailes d&#8217;Aston Martin, qui a \u00e9t\u00e9 redessin\u00e9e en 2022 dans le cadre d&#8217;une nouvelle identit\u00e9 cr\u00e9ative audacieuse correspondant \u00e0 l&#8217;orientation future de la marque.<\/p>\n<h3>Des c\u00e9l\u00e9brations durant toute l\u2019ann\u00e9e<\/h3>\n<p>\nLe 110e anniversaire sera c\u00e9l\u00e9br\u00e9 tout au long de l&#8217;ann\u00e9e 2023, avec le Grand Prix \u00e0 domicile d&#8217;Aston Martin \u00e0 Silverstone qui verra une c\u00e9l\u00e9bration sp\u00e9ciale du pass\u00e9, du pr\u00e9sent et du futur du constructeur britannique. Cette ann\u00e9e verra \u00e9galement l&#8217;ach\u00e8vement de la premi\u00e8re phase de construction du nouveau campus F1 de l&#8217;Aston Martin Aramco Cognizant Formula One\u2122 Team \u00e0 Silverstone, o\u00f9 avait lieu la pr\u00e9sentation d\u2019aujourd\u2019hui et qui favorisera une collaboration technologique plus pouss\u00e9e entre la course et la route \u00e0 l&#8217;avenir avec la cr\u00e9ation d&#8217;une soufflerie et d&#8217;un simulateur de pointe, avec la fin des travaux pr\u00e9vus en 2024 et qui pourrait aussi \u00eatre utilis\u00e9 pour le d\u00e9veloppement des voitures haut de gamme.<\/p>\n<p>Lawrence Stroll, pr\u00e9sident ex\u00e9cutif d&#8217;Aston Martin, a d\u00e9clar\u00e9 : &#8221; 110 ans apr\u00e8s les fondations d&#8217;Aston Martin sur la piste, 2023 promet d&#8217;\u00eatre l&#8217;une des ann\u00e9es les plus passionnantes de notre riche histoire, \u00e0 la fois sur la piste pour l&#8217;Aston Martin Aramco Cognizant Formula One\u2122 Team et sur la route avec la gamme toujours plus \u00e9tendue de mod\u00e8les hautes performances d&#8217;Aston Martin &#8220;.<\/p>\n<p>Source: Aston Martin<\/p>\n<p>\u00a0<\/p>\n<p>Le texte <a rel=\"nofollow\" href=\"https:\/\/annuelauto.ca\/aston-martin-celebre-ses-110-ans-en-course-automobile-avec-la-presentation-de-sa-f1-2023\/\">Aston Martin c\u00e9l\u00e8bre ses 110 ans en course automobile avec la pr\u00e9sentation de sa F1 2023<\/a> provient de <a rel=\"nofollow\" href=\"https:\/\/annuelauto.ca\">L&#8217;annuel de l&#8217;automobile &#8211; Actualit\u00e9 automobile<\/a><\/p>\n<p><\/p>\n","protected":false},"excerpt":{"rendered":"<p>Voici l\u2019AMR23 pr\u00e9sent\u00e9e aujourd\u2019hui aux m\u00e9dias. C\u2019est le bolide officiel que conduira Lance Stroll et le double champion du monde de F1 Fernando Alonso, l&#8217;\u00e9cusson &#8221; 110 Iconic Years &#8221; reprend la c\u00e9l\u00e8bre marque aux ailes d&#8217;Aston Martin, qui a \u00e9t\u00e9 redessin\u00e9e en 2022 dans le cadre d&#8217;une nouvelle identit\u00e9 cr\u00e9ative audacieuse correspondant \u00e0 l&#8217;orientation [&hellip;]<\/p>\n","protected":false},"author":8,"featured_media":139997,"comment_status":"close","ping_status":"closed","sticky":false,"template":"","format":"standard","meta":{"_monsterinsights_skip_tracking":false,"_monsterinsights_sitenote_active":false,"_monsterinsights_sitenote_note":"","_monsterinsights_sitenote_category":0,"footnotes":""},"categories":[101],"tags":[],"yoast_head":"<!-- This site is optimized with the Yoast SEO plugin v23.2 - https:\/\/yoast.com\/wordpress\/plugins\/seo\/ -->\n<title>Aston Martin c\u00e9l\u00e8bre ses 110 ans en course automobile avec la pr\u00e9sentation de sa F1 2023 - CanadaMotorJobs.com<\/title>\n<meta name=\"description\" content=\"Aston Martin c\u00e9l\u00e8bre ses 110 ans en course automobile avec la pr\u00e9sentation de sa F1 2023 - Benoit Charette - Annuel automobile - CanadaMotorJobs.com.\" \/>\n<meta name=\"robots\" content=\"index, follow, max-snippet:-1, max-image-preview:large, max-video-preview:-1\" \/>\n<meta property=\"og:locale\" content=\"fr_CA\" \/>\n<meta property=\"og:type\" content=\"article\" \/>\n<meta property=\"og:title\" content=\"Aston Martin c\u00e9l\u00e8bre ses 110 ans en course automobile avec la pr\u00e9sentation de sa F1 2023 - CanadaMotorJobs.com\" \/>\n<meta property=\"og:description\" content=\"Aston Martin c\u00e9l\u00e8bre ses 110 ans en course automobile avec la pr\u00e9sentation de sa F1 2023 - Benoit Charette - Annuel automobile - CanadaMotorJobs.com.\" \/>\n<meta property=\"og:url\" content=\"https:\/\/news.canadamotorjobs.com\/fr\/aston-martin-celebre-ses-110-ans-en-course-automobile-avec-la-presentation-de-sa-f1-2023\/\" \/>\n<meta property=\"og:site_name\" content=\"CanadaMotorJobs.com\" \/>\n<meta property=\"article:publisher\" content=\"https:\/\/www.facebook.com\/canadamotorjobs\/\" \/>\n<meta property=\"article:published_time\" content=\"2023-02-13T21:18:56+00:00\" \/>\n<meta property=\"article:modified_time\" content=\"2023-02-13T21:30:17+00:00\" \/>\n<meta property=\"og:image\" content=\"https:\/\/news.canadamotorjobs.com\/wp-content\/uploads\/2023\/02\/AM23_CAR_2548-TC-16x9-1.jpg\" \/>\n\t<meta property=\"og:image:width\" content=\"1422\" \/>\n\t<meta property=\"og:image:height\" content=\"800\" \/>\n\t<meta property=\"og:image:type\" content=\"image\/jpeg\" \/>\n<meta name=\"author\" content=\"Benoit Charette\" \/>\n<meta name=\"twitter:card\" content=\"summary_large_image\" \/>\n<meta name=\"twitter:creator\" content=\"@canadamotorjobs\" \/>\n<meta name=\"twitter:site\" content=\"@canadamotorjobs\" \/>\n<meta name=\"twitter:label1\" content=\"\u00c9crit par\" \/>\n\t<meta name=\"twitter:data1\" content=\"Benoit Charette\" \/>\n\t<meta name=\"twitter:label2\" content=\"Estimation du temps de lecture\" \/>\n\t<meta name=\"twitter:data2\" content=\"1 minute\" \/>\n<!-- \/ Yoast SEO plugin. -->","yoast_head_json":{"title":"Aston Martin c\u00e9l\u00e8bre ses 110 ans en course automobile avec la pr\u00e9sentation de sa F1 2023 - CanadaMotorJobs.com","description":"Aston Martin c\u00e9l\u00e8bre ses 110 ans en course automobile avec la pr\u00e9sentation de sa F1 2023 - Benoit Charette - Annuel automobile - CanadaMotorJobs.com.","robots":{"index":"index","follow":"follow","max-snippet":"max-snippet:-1","max-image-preview":"max-image-preview:large","max-video-preview":"max-video-preview:-1"},"og_locale":"fr_CA","og_type":"article","og_title":"Aston Martin c\u00e9l\u00e8bre ses 110 ans en course automobile avec la pr\u00e9sentation de sa F1 2023 - CanadaMotorJobs.com","og_description":"Aston Martin c\u00e9l\u00e8bre ses 110 ans en course automobile avec la pr\u00e9sentation de sa F1 2023 - Benoit Charette - Annuel automobile - CanadaMotorJobs.com.","og_url":"https:\/\/news.canadamotorjobs.com\/fr\/aston-martin-celebre-ses-110-ans-en-course-automobile-avec-la-presentation-de-sa-f1-2023\/","og_site_name":"CanadaMotorJobs.com","article_publisher":"https:\/\/www.facebook.com\/canadamotorjobs\/","article_published_time":"2023-02-13T21:18:56+00:00","article_modified_time":"2023-02-13T21:30:17+00:00","og_image":[{"width":1422,"height":800,"url":"https:\/\/news.canadamotorjobs.com\/wp-content\/uploads\/2023\/02\/AM23_CAR_2548-TC-16x9-1.jpg","type":"image\/jpeg"}],"author":"Benoit Charette","twitter_card":"summary_large_image","twitter_creator":"@canadamotorjobs","twitter_site":"@canadamotorjobs","twitter_misc":{"\u00c9crit par":"Benoit Charette","Estimation du temps de lecture":"1 minute"},"schema":{"@context":"https:\/\/schema.org","@graph":[{"@type":"Article","@id":"https:\/\/news.canadamotorjobs.com\/fr\/aston-martin-celebre-ses-110-ans-en-course-automobile-avec-la-presentation-de-sa-f1-2023\/#article","isPartOf":{"@id":"https:\/\/news.canadamotorjobs.com\/fr\/aston-martin-celebre-ses-110-ans-en-course-automobile-avec-la-presentation-de-sa-f1-2023\/"},"author":{"name":"Benoit Charette","@id":"https:\/\/news.canadamotorjobs.com\/#\/schema\/person\/51793d1f87d44011d7bcc2ed99269a90"},"headline":"Aston Martin c\u00e9l\u00e8bre ses 110 ans en course automobile avec la pr\u00e9sentation de sa F1 2023","datePublished":"2023-02-13T21:18:56+00:00","dateModified":"2023-02-13T21:30:17+00:00","mainEntityOfPage":{"@id":"https:\/\/news.canadamotorjobs.com\/fr\/aston-martin-celebre-ses-110-ans-en-course-automobile-avec-la-presentation-de-sa-f1-2023\/"},"wordCount":329,"publisher":{"@id":"https:\/\/news.canadamotorjobs.com\/#organization"},"image":{"@id":"https:\/\/news.canadamotorjobs.com\/fr\/aston-martin-celebre-ses-110-ans-en-course-automobile-avec-la-presentation-de-sa-f1-2023\/#primaryimage"},"thumbnailUrl":"https:\/\/news.canadamotorjobs.com\/wp-content\/uploads\/2023\/02\/AM23_CAR_2548-TC-16x9-1.jpg","articleSection":["Annuel automobile"],"inLanguage":"fr-CA"},{"@type":"WebPage","@id":"https:\/\/news.canadamotorjobs.com\/fr\/aston-martin-celebre-ses-110-ans-en-course-automobile-avec-la-presentation-de-sa-f1-2023\/","url":"https:\/\/news.canadamotorjobs.com\/fr\/aston-martin-celebre-ses-110-ans-en-course-automobile-avec-la-presentation-de-sa-f1-2023\/","name":"Aston Martin c\u00e9l\u00e8bre ses 110 ans en course automobile avec la pr\u00e9sentation de sa F1 2023 - CanadaMotorJobs.com","isPartOf":{"@id":"https:\/\/news.canadamotorjobs.com\/#website"},"primaryImageOfPage":{"@id":"https:\/\/news.canadamotorjobs.com\/fr\/aston-martin-celebre-ses-110-ans-en-course-automobile-avec-la-presentation-de-sa-f1-2023\/#primaryimage"},"image":{"@id":"https:\/\/news.canadamotorjobs.com\/fr\/aston-martin-celebre-ses-110-ans-en-course-automobile-avec-la-presentation-de-sa-f1-2023\/#primaryimage"},"thumbnailUrl":"https:\/\/news.canadamotorjobs.com\/wp-content\/uploads\/2023\/02\/AM23_CAR_2548-TC-16x9-1.jpg","datePublished":"2023-02-13T21:18:56+00:00","dateModified":"2023-02-13T21:30:17+00:00","description":"Aston Martin c\u00e9l\u00e8bre ses 110 ans en course automobile avec la pr\u00e9sentation de sa F1 2023 - Benoit Charette - Annuel automobile - CanadaMotorJobs.com.","breadcrumb":{"@id":"https:\/\/news.canadamotorjobs.com\/fr\/aston-martin-celebre-ses-110-ans-en-course-automobile-avec-la-presentation-de-sa-f1-2023\/#breadcrumb"},"inLanguage":"fr-CA","potentialAction":[{"@type":"ReadAction","target":["https:\/\/news.canadamotorjobs.com\/fr\/aston-martin-celebre-ses-110-ans-en-course-automobile-avec-la-presentation-de-sa-f1-2023\/"]}]},{"@type":"ImageObject","inLanguage":"fr-CA","@id":"https:\/\/news.canadamotorjobs.com\/fr\/aston-martin-celebre-ses-110-ans-en-course-automobile-avec-la-presentation-de-sa-f1-2023\/#primaryimage","url":"https:\/\/news.canadamotorjobs.com\/wp-content\/uploads\/2023\/02\/AM23_CAR_2548-TC-16x9-1.jpg","contentUrl":"https:\/\/news.canadamotorjobs.com\/wp-content\/uploads\/2023\/02\/AM23_CAR_2548-TC-16x9-1.jpg","width":1422,"height":800},{"@type":"BreadcrumbList","@id":"https:\/\/news.canadamotorjobs.com\/fr\/aston-martin-celebre-ses-110-ans-en-course-automobile-avec-la-presentation-de-sa-f1-2023\/#breadcrumb","itemListElement":[{"@type":"ListItem","position":1,"name":"Home","item":"https:\/\/news.canadamotorjobs.com\/fr\/blog\/"},{"@type":"ListItem","position":2,"name":"Aston Martin c\u00e9l\u00e8bre ses 110 ans en course automobile avec la pr\u00e9sentation de sa F1 2023"}]},{"@type":"WebSite","@id":"https:\/\/news.canadamotorjobs.com\/#website","url":"https:\/\/news.canadamotorjobs.com\/","name":"CanadaMotorJobs.com","description":"Automotive Jobs","publisher":{"@id":"https:\/\/news.canadamotorjobs.com\/#organization"},"potentialAction":[{"@type":"SearchAction","target":{"@type":"EntryPoint","urlTemplate":"https:\/\/news.canadamotorjobs.com\/?s={search_term_string}"},"query-input":"required name=search_term_string"}],"inLanguage":"fr-CA"},{"@type":"Organization","@id":"https:\/\/news.canadamotorjobs.com\/#organization","name":"Canada Motor Jobs","url":"https:\/\/news.canadamotorjobs.com\/","logo":{"@type":"ImageObject","inLanguage":"fr-CA","@id":"https:\/\/news.canadamotorjobs.com\/#\/schema\/logo\/image\/","url":"https:\/\/news.canadamotorjobs.com\/wp-content\/uploads\/2022\/10\/logo-canada-motor-jobs-1.png","contentUrl":"https:\/\/news.canadamotorjobs.com\/wp-content\/uploads\/2022\/10\/logo-canada-motor-jobs-1.png","width":800,"height":400,"caption":"Canada Motor Jobs"},"image":{"@id":"https:\/\/news.canadamotorjobs.com\/#\/schema\/logo\/image\/"},"sameAs":["https:\/\/www.facebook.com\/canadamotorjobs\/","https:\/\/x.com\/canadamotorjobs","https:\/\/www.instagram.com\/canadamotorjobs\/","https:\/\/www.linkedin.com\/company\/canadamotorjobs"]},{"@type":"Person","@id":"https:\/\/news.canadamotorjobs.com\/#\/schema\/person\/51793d1f87d44011d7bcc2ed99269a90","name":"Benoit Charette","image":{"@type":"ImageObject","inLanguage":"fr-CA","@id":"https:\/\/news.canadamotorjobs.com\/#\/schema\/person\/image\/","url":"https:\/\/secure.gravatar.com\/avatar\/45f3d2eebcccd909668d7ce7ea7267b6?s=96&d=mm&r=g","contentUrl":"https:\/\/secure.gravatar.com\/avatar\/45f3d2eebcccd909668d7ce7ea7267b6?s=96&d=mm&r=g","caption":"Benoit Charette"},"description":"Benoit Charette \/ Propri\u00e9taire et r\u00e9dacteur en chef Benoit Charette pratique le journalisme automobile depuis bient\u00f4t 30 ans. Il a fait ses classes au c\u00f4t\u00e9 de Daniel H\u00e9raud et au Carnet de route de 1992 \u00e0 2001. Il est fondateur, copropri\u00e9taire et r\u00e9dacteur en chef de L\u2019Annuel de l\u2019automobile, qu\u2019il publie depuis 2001. Il a anim\u00e9 les \u00e9missions RPM et RPM+ sur V et les L\u00e9gendes de la route sur Historia. \u00c0 la radio depuis 1986, il reprend l\u2019antenne cette ann\u00e9e sur les ondes de Cogeco et participe pour la deuxi\u00e8me ann\u00e9e \u00e0 l\u2019\u00e9mission Passion Auto sur RDS en plus de mettre en ligne le site Web officiel de L\u2019Annuel de l\u2019automobile sur annuelauto.ca.","sameAs":["https:\/\/annuelauto.ca\/"],"url":"https:\/\/news.canadamotorjobs.com\/fr\/author\/benoit-charette\/"}]}},"_links":{"self":[{"href":"https:\/\/news.canadamotorjobs.com\/fr\/wp-json\/wp\/v2\/posts\/139995"}],"collection":[{"href":"https:\/\/news.canadamotorjobs.com\/fr\/wp-json\/wp\/v2\/posts"}],"about":[{"href":"https:\/\/news.canadamotorjobs.com\/fr\/wp-json\/wp\/v2\/types\/post"}],"author":[{"embeddable":true,"href":"https:\/\/news.canadamotorjobs.com\/fr\/wp-json\/wp\/v2\/users\/8"}],"replies":[{"embeddable":true,"href":"https:\/\/news.canadamotorjobs.com\/fr\/wp-json\/wp\/v2\/comments?post=139995"}],"version-history":[{"count":2,"href":"https:\/\/news.canadamotorjobs.com\/fr\/wp-json\/wp\/v2\/posts\/139995\/revisions"}],"predecessor-version":[{"id":139999,"href":"https:\/\/news.canadamotorjobs.com\/fr\/wp-json\/wp\/v2\/posts\/139995\/revisions\/139999"}],"wp:featuredmedia":[{"embeddable":true,"href":"https:\/\/news.canadamotorjobs.com\/fr\/wp-json\/wp\/v2\/media\/139997"}],"wp:attachment":[{"href":"https:\/\/news.canadamotorjobs.com\/fr\/wp-json\/wp\/v2\/media?parent=139995"}],"wp:term":[{"taxonomy":"category","embeddable":true,"href":"https:\/\/news.canadamotorjobs.com\/fr\/wp-json\/wp\/v2\/categories?post=139995"},{"taxonomy":"post_tag","embeddable":true,"href":"https:\/\/news.canadamotorjobs.com\/fr\/wp-json\/wp\/v2\/tags?post=139995"}],"curies":[{"name":"wp","href":"https:\/\/api.w.org\/{rel}","templated":true}]}}