{"id":139972,"date":"2023-02-13T07:53:03","date_gmt":"2023-02-13T12:53:03","guid":{"rendered":"https:\/\/news.canadamotorjobs.com\/?p=139972"},"modified":"2023-02-13T07:59:54","modified_gmt":"2023-02-13T12:59:54","slug":"le-nouveau-president-de-toyota-veut-mettre-la-priorite-sur-les-vehicules-electriques","status":"publish","type":"post","link":"https:\/\/news.canadamotorjobs.com\/fr\/le-nouveau-president-de-toyota-veut-mettre-la-priorite-sur-les-vehicules-electriques\/","title":{"rendered":"Le nouveau pr\u00e9sident de Toyota veut mettre la priorit\u00e9 sur les v\u00e9hicules \u00e9lectriques"},"content":{"rendered":"<\/p>\n<p>Toyota a \u00e9t\u00e9 lent et r\u00e9calcitrant \u00e0 faire le saut \u00e0 l\u2019\u00e9lectrique, mais le nouveau PDG de la marque, Koji Sato, s&#8217;engage \u00e0 r\u00e9organiser \u00ab\u00a0radicalement\u00a0\u00bb la strat\u00e9gie du constructeur automobile en mati\u00e8re de v\u00e9hicules \u00e9lectriques, qui se fait attendre, avec une nouvelle \u00e9quipe de direction qu&#8217;il vient de d\u00e9voiler pour r\u00e9inventer le plus grand constructeur automobile du monde. Une d\u00e9cision qui arrive au moment o\u00f9 certains investisseurs, militants \u00e9cologistes et amateurs de VE critiquent de plus en plus le retard pris par Toyota dans la course mondiale aux voitures \u00e9lectriques.<\/p>\n<h3>Lexus aura aussi un r\u00f4le important \u00e0 jouer<\/h3>\n<p>\n\u00ab\u00a0Lexus va jouer un r\u00f4le de premier plan dans ce domaine\u00a0\u00bb, a d\u00e9clar\u00e9 M.\u00a0Sato. La nouvelle \u00e9quipe de direction de Toyota conserve certains cadres en place et en \u00e9l\u00e8ve d&#8217;autres, plus jeunes, le constructeur automobile de 85 ans faisant appel \u00e0 du sang neuf et \u00e0 une pens\u00e9e plus progressiste. M. Sato, 53 ans, a d\u00e9clar\u00e9 qu&#8217;il privil\u00e9giait une strat\u00e9gie \u00e0 trois volets apr\u00e8s avoir succ\u00e9d\u00e9 \u00e0 Akio Toyoda, 66 ans, au poste de PDG le 1er avril.<\/p>\n<p>1. Acc\u00e9l\u00e9rer la strat\u00e9gie EV du constructeur automobile.<br \/>\n2. Renforcer les initiatives de la soci\u00e9t\u00e9 li\u00e9es au logiciel Woven.<br \/>\n3. Se concentrer sur l&#8217;atteinte de la neutralit\u00e9 carbone en Asie<\/p>\n<h3>\nUne nouvelle strat\u00e9gie en avril<\/h3>\n<p>\nM.\u00a0Sato parle d\u2019une r\u00e9forme compl\u00e8te de marque en gardant les m\u00eames vis\u00e9es que le pr\u00e9sident Toyota avec des v\u00e9hicules hybrides, hybrides branchables, \u00e9lectrique et hydrog\u00e8nes. Une approche multidisciplinaire est toujours au menu. Toyota veut toutefois mettre l\u2019accent sur une nouvelle strat\u00e9gie \u00e9lectrique avec des piles de nouvelles g\u00e9n\u00e9rations et cette nouvelle approche commencera chez Lexus. Toyota veut rationaliser son approche pour diminuer les prix et offrit les mod\u00e8les \u00e0 une plus large palette d\u2019acheteurs. Lexus vise \u00e0 vendre un million de V\u00c9S par ann\u00e9e dans le monde d\u2019ici 2030 et Toyota 3,5 millions. Toyota n\u2019a vendu que 24\u00a0466 v\u00e9hicules \u00e9lectriques sur la plan\u00e8te en 2022.<\/p>\n<p>Une nouvelle \u00e9quipe et une nouvelle approche<\/p>\n<p>La refonte des VES se concentrera sur une nouvelle ing\u00e9nierie et une nouvelle fabrication des v\u00e9hicules afin de leur donner un caract\u00e8re unique \u00e0 la marque Toyota et de rendre leur co\u00fbt comp\u00e9titif. La gestion thermique, la gestion de l&#8217;\u00e9lectricit\u00e9 et l&#8217;a\u00e9rodynamique sont autant de domaines d&#8217;\u00e9tude. En annon\u00e7ant le remaniement de la direction le mois dernier, Akio Toyoda a d\u00e9clar\u00e9 qu&#8217;une nouvelle perspective \u00e9tait n\u00e9cessaire. Il faut maintenant faire tourner un \u00e9norme navire \u00e0 180\u00a0%.<\/p>\n<p>Avec des renseignements d\u2019Automotive News<\/p>\n<p>Le texte <a rel=\"nofollow\" href=\"https:\/\/annuelauto.ca\/le-nouveau-president-de-toyota-veut-mettre-la-priorite-sur-les-vehicules-electriques\/\">Le nouveau pr\u00e9sident de Toyota veut mettre la priorit\u00e9 sur les v\u00e9hicules \u00e9lectriques<\/a> provient de <a rel=\"nofollow\" href=\"https:\/\/annuelauto.ca\">L&#8217;annuel de l&#8217;automobile &#8211; Actualit\u00e9 automobile<\/a><\/p>\n<p><\/p>\n","protected":false},"excerpt":{"rendered":"<p>Toyota a \u00e9t\u00e9 lent et r\u00e9calcitrant \u00e0 faire le saut \u00e0 l\u2019\u00e9lectrique, mais le nouveau PDG de la marque, Koji Sato, s&#8217;engage \u00e0 r\u00e9organiser \u00ab\u00a0radicalement\u00a0\u00bb la strat\u00e9gie du constructeur automobile en mati\u00e8re de v\u00e9hicules \u00e9lectriques, qui se fait attendre, avec une nouvelle \u00e9quipe de direction qu&#8217;il vient de d\u00e9voiler pour r\u00e9inventer le plus grand constructeur [&hellip;]<\/p>\n","protected":false},"author":8,"featured_media":139974,"comment_status":"close","ping_status":"closed","sticky":false,"template":"","format":"standard","meta":{"_monsterinsights_skip_tracking":false,"_monsterinsights_sitenote_active":false,"_monsterinsights_sitenote_note":"","_monsterinsights_sitenote_category":0,"footnotes":""},"categories":[101],"tags":[],"yoast_head":"<!-- This site is optimized with the Yoast SEO plugin v23.2 - https:\/\/yoast.com\/wordpress\/plugins\/seo\/ -->\n<title>Le nouveau pr\u00e9sident de Toyota veut mettre la priorit\u00e9 sur les v\u00e9hicules \u00e9lectriques - CanadaMotorJobs.com<\/title>\n<meta name=\"description\" content=\"Le nouveau pr\u00e9sident de Toyota veut mettre la priorit\u00e9 sur les v\u00e9hicules \u00e9lectriques - Benoit Charette - Annuel automobile - CanadaMotorJobs.com.\" \/>\n<meta name=\"robots\" content=\"index, follow, max-snippet:-1, max-image-preview:large, max-video-preview:-1\" \/>\n<meta property=\"og:locale\" content=\"fr_CA\" \/>\n<meta property=\"og:type\" content=\"article\" \/>\n<meta property=\"og:title\" content=\"Le nouveau pr\u00e9sident de Toyota veut mettre la priorit\u00e9 sur les v\u00e9hicules \u00e9lectriques - CanadaMotorJobs.com\" \/>\n<meta property=\"og:description\" content=\"Le nouveau pr\u00e9sident de Toyota veut mettre la priorit\u00e9 sur les v\u00e9hicules \u00e9lectriques - Benoit Charette - Annuel automobile - CanadaMotorJobs.com.\" \/>\n<meta property=\"og:url\" content=\"https:\/\/news.canadamotorjobs.com\/fr\/le-nouveau-president-de-toyota-veut-mettre-la-priorite-sur-les-vehicules-electriques\/\" \/>\n<meta property=\"og:site_name\" content=\"CanadaMotorJobs.com\" \/>\n<meta property=\"article:publisher\" content=\"https:\/\/www.facebook.com\/canadamotorjobs\/\" \/>\n<meta property=\"article:published_time\" content=\"2023-02-13T12:53:03+00:00\" \/>\n<meta property=\"article:modified_time\" content=\"2023-02-13T12:59:54+00:00\" \/>\n<meta property=\"og:image\" content=\"https:\/\/news.canadamotorjobs.com\/wp-content\/uploads\/2023\/02\/toyota3re.jpg\" \/>\n\t<meta property=\"og:image:width\" content=\"1200\" \/>\n\t<meta property=\"og:image:height\" content=\"675\" \/>\n\t<meta property=\"og:image:type\" content=\"image\/jpeg\" \/>\n<meta name=\"author\" content=\"Benoit Charette\" \/>\n<meta name=\"twitter:card\" content=\"summary_large_image\" \/>\n<meta name=\"twitter:creator\" content=\"@canadamotorjobs\" \/>\n<meta name=\"twitter:site\" content=\"@canadamotorjobs\" \/>\n<meta name=\"twitter:label1\" content=\"\u00c9crit par\" \/>\n\t<meta name=\"twitter:data1\" content=\"Benoit Charette\" \/>\n\t<meta name=\"twitter:label2\" content=\"Estimation du temps de lecture\" \/>\n\t<meta name=\"twitter:data2\" content=\"2 minutes\" \/>\n<!-- \/ Yoast SEO plugin. -->","yoast_head_json":{"title":"Le nouveau pr\u00e9sident de Toyota veut mettre la priorit\u00e9 sur les v\u00e9hicules \u00e9lectriques - CanadaMotorJobs.com","description":"Le nouveau pr\u00e9sident de Toyota veut mettre la priorit\u00e9 sur les v\u00e9hicules \u00e9lectriques - Benoit Charette - Annuel automobile - CanadaMotorJobs.com.","robots":{"index":"index","follow":"follow","max-snippet":"max-snippet:-1","max-image-preview":"max-image-preview:large","max-video-preview":"max-video-preview:-1"},"og_locale":"fr_CA","og_type":"article","og_title":"Le nouveau pr\u00e9sident de Toyota veut mettre la priorit\u00e9 sur les v\u00e9hicules \u00e9lectriques - CanadaMotorJobs.com","og_description":"Le nouveau pr\u00e9sident de Toyota veut mettre la priorit\u00e9 sur les v\u00e9hicules \u00e9lectriques - Benoit Charette - Annuel automobile - CanadaMotorJobs.com.","og_url":"https:\/\/news.canadamotorjobs.com\/fr\/le-nouveau-president-de-toyota-veut-mettre-la-priorite-sur-les-vehicules-electriques\/","og_site_name":"CanadaMotorJobs.com","article_publisher":"https:\/\/www.facebook.com\/canadamotorjobs\/","article_published_time":"2023-02-13T12:53:03+00:00","article_modified_time":"2023-02-13T12:59:54+00:00","og_image":[{"width":1200,"height":675,"url":"https:\/\/news.canadamotorjobs.com\/wp-content\/uploads\/2023\/02\/toyota3re.jpg","type":"image\/jpeg"}],"author":"Benoit Charette","twitter_card":"summary_large_image","twitter_creator":"@canadamotorjobs","twitter_site":"@canadamotorjobs","twitter_misc":{"\u00c9crit par":"Benoit Charette","Estimation du temps de lecture":"2 minutes"},"schema":{"@context":"https:\/\/schema.org","@graph":[{"@type":"Article","@id":"https:\/\/news.canadamotorjobs.com\/fr\/le-nouveau-president-de-toyota-veut-mettre-la-priorite-sur-les-vehicules-electriques\/#article","isPartOf":{"@id":"https:\/\/news.canadamotorjobs.com\/fr\/le-nouveau-president-de-toyota-veut-mettre-la-priorite-sur-les-vehicules-electriques\/"},"author":{"name":"Benoit Charette","@id":"https:\/\/news.canadamotorjobs.com\/#\/schema\/person\/51793d1f87d44011d7bcc2ed99269a90"},"headline":"Le nouveau pr\u00e9sident de Toyota veut mettre la priorit\u00e9 sur les v\u00e9hicules \u00e9lectriques","datePublished":"2023-02-13T12:53:03+00:00","dateModified":"2023-02-13T12:59:54+00:00","mainEntityOfPage":{"@id":"https:\/\/news.canadamotorjobs.com\/fr\/le-nouveau-president-de-toyota-veut-mettre-la-priorite-sur-les-vehicules-electriques\/"},"wordCount":488,"publisher":{"@id":"https:\/\/news.canadamotorjobs.com\/#organization"},"image":{"@id":"https:\/\/news.canadamotorjobs.com\/fr\/le-nouveau-president-de-toyota-veut-mettre-la-priorite-sur-les-vehicules-electriques\/#primaryimage"},"thumbnailUrl":"https:\/\/news.canadamotorjobs.com\/wp-content\/uploads\/2023\/02\/toyota3re.jpg","articleSection":["Annuel automobile"],"inLanguage":"fr-CA"},{"@type":"WebPage","@id":"https:\/\/news.canadamotorjobs.com\/fr\/le-nouveau-president-de-toyota-veut-mettre-la-priorite-sur-les-vehicules-electriques\/","url":"https:\/\/news.canadamotorjobs.com\/fr\/le-nouveau-president-de-toyota-veut-mettre-la-priorite-sur-les-vehicules-electriques\/","name":"Le nouveau pr\u00e9sident de Toyota veut mettre la priorit\u00e9 sur les v\u00e9hicules \u00e9lectriques - CanadaMotorJobs.com","isPartOf":{"@id":"https:\/\/news.canadamotorjobs.com\/#website"},"primaryImageOfPage":{"@id":"https:\/\/news.canadamotorjobs.com\/fr\/le-nouveau-president-de-toyota-veut-mettre-la-priorite-sur-les-vehicules-electriques\/#primaryimage"},"image":{"@id":"https:\/\/news.canadamotorjobs.com\/fr\/le-nouveau-president-de-toyota-veut-mettre-la-priorite-sur-les-vehicules-electriques\/#primaryimage"},"thumbnailUrl":"https:\/\/news.canadamotorjobs.com\/wp-content\/uploads\/2023\/02\/toyota3re.jpg","datePublished":"2023-02-13T12:53:03+00:00","dateModified":"2023-02-13T12:59:54+00:00","description":"Le nouveau pr\u00e9sident de Toyota veut mettre la priorit\u00e9 sur les v\u00e9hicules \u00e9lectriques - Benoit Charette - Annuel automobile - CanadaMotorJobs.com.","breadcrumb":{"@id":"https:\/\/news.canadamotorjobs.com\/fr\/le-nouveau-president-de-toyota-veut-mettre-la-priorite-sur-les-vehicules-electriques\/#breadcrumb"},"inLanguage":"fr-CA","potentialAction":[{"@type":"ReadAction","target":["https:\/\/news.canadamotorjobs.com\/fr\/le-nouveau-president-de-toyota-veut-mettre-la-priorite-sur-les-vehicules-electriques\/"]}]},{"@type":"ImageObject","inLanguage":"fr-CA","@id":"https:\/\/news.canadamotorjobs.com\/fr\/le-nouveau-president-de-toyota-veut-mettre-la-priorite-sur-les-vehicules-electriques\/#primaryimage","url":"https:\/\/news.canadamotorjobs.com\/wp-content\/uploads\/2023\/02\/toyota3re.jpg","contentUrl":"https:\/\/news.canadamotorjobs.com\/wp-content\/uploads\/2023\/02\/toyota3re.jpg","width":1200,"height":675},{"@type":"BreadcrumbList","@id":"https:\/\/news.canadamotorjobs.com\/fr\/le-nouveau-president-de-toyota-veut-mettre-la-priorite-sur-les-vehicules-electriques\/#breadcrumb","itemListElement":[{"@type":"ListItem","position":1,"name":"Home","item":"https:\/\/news.canadamotorjobs.com\/fr\/blog\/"},{"@type":"ListItem","position":2,"name":"Le nouveau pr\u00e9sident de Toyota veut mettre la priorit\u00e9 sur les v\u00e9hicules \u00e9lectriques"}]},{"@type":"WebSite","@id":"https:\/\/news.canadamotorjobs.com\/#website","url":"https:\/\/news.canadamotorjobs.com\/","name":"CanadaMotorJobs.com","description":"Automotive Jobs","publisher":{"@id":"https:\/\/news.canadamotorjobs.com\/#organization"},"potentialAction":[{"@type":"SearchAction","target":{"@type":"EntryPoint","urlTemplate":"https:\/\/news.canadamotorjobs.com\/?s={search_term_string}"},"query-input":"required name=search_term_string"}],"inLanguage":"fr-CA"},{"@type":"Organization","@id":"https:\/\/news.canadamotorjobs.com\/#organization","name":"Canada Motor Jobs","url":"https:\/\/news.canadamotorjobs.com\/","logo":{"@type":"ImageObject","inLanguage":"fr-CA","@id":"https:\/\/news.canadamotorjobs.com\/#\/schema\/logo\/image\/","url":"https:\/\/news.canadamotorjobs.com\/wp-content\/uploads\/2022\/10\/logo-canada-motor-jobs-1.png","contentUrl":"https:\/\/news.canadamotorjobs.com\/wp-content\/uploads\/2022\/10\/logo-canada-motor-jobs-1.png","width":800,"height":400,"caption":"Canada Motor Jobs"},"image":{"@id":"https:\/\/news.canadamotorjobs.com\/#\/schema\/logo\/image\/"},"sameAs":["https:\/\/www.facebook.com\/canadamotorjobs\/","https:\/\/x.com\/canadamotorjobs","https:\/\/www.instagram.com\/canadamotorjobs\/","https:\/\/www.linkedin.com\/company\/canadamotorjobs"]},{"@type":"Person","@id":"https:\/\/news.canadamotorjobs.com\/#\/schema\/person\/51793d1f87d44011d7bcc2ed99269a90","name":"Benoit Charette","image":{"@type":"ImageObject","inLanguage":"fr-CA","@id":"https:\/\/news.canadamotorjobs.com\/#\/schema\/person\/image\/","url":"https:\/\/secure.gravatar.com\/avatar\/45f3d2eebcccd909668d7ce7ea7267b6?s=96&d=mm&r=g","contentUrl":"https:\/\/secure.gravatar.com\/avatar\/45f3d2eebcccd909668d7ce7ea7267b6?s=96&d=mm&r=g","caption":"Benoit Charette"},"description":"Benoit Charette \/ Propri\u00e9taire et r\u00e9dacteur en chef Benoit Charette pratique le journalisme automobile depuis bient\u00f4t 30 ans. Il a fait ses classes au c\u00f4t\u00e9 de Daniel H\u00e9raud et au Carnet de route de 1992 \u00e0 2001. Il est fondateur, copropri\u00e9taire et r\u00e9dacteur en chef de L\u2019Annuel de l\u2019automobile, qu\u2019il publie depuis 2001. Il a anim\u00e9 les \u00e9missions RPM et RPM+ sur V et les L\u00e9gendes de la route sur Historia. \u00c0 la radio depuis 1986, il reprend l\u2019antenne cette ann\u00e9e sur les ondes de Cogeco et participe pour la deuxi\u00e8me ann\u00e9e \u00e0 l\u2019\u00e9mission Passion Auto sur RDS en plus de mettre en ligne le site Web officiel de L\u2019Annuel de l\u2019automobile sur annuelauto.ca.","sameAs":["https:\/\/annuelauto.ca\/"],"url":"https:\/\/news.canadamotorjobs.com\/fr\/author\/benoit-charette\/"}]}},"_links":{"self":[{"href":"https:\/\/news.canadamotorjobs.com\/fr\/wp-json\/wp\/v2\/posts\/139972"}],"collection":[{"href":"https:\/\/news.canadamotorjobs.com\/fr\/wp-json\/wp\/v2\/posts"}],"about":[{"href":"https:\/\/news.canadamotorjobs.com\/fr\/wp-json\/wp\/v2\/types\/post"}],"author":[{"embeddable":true,"href":"https:\/\/news.canadamotorjobs.com\/fr\/wp-json\/wp\/v2\/users\/8"}],"replies":[{"embeddable":true,"href":"https:\/\/news.canadamotorjobs.com\/fr\/wp-json\/wp\/v2\/comments?post=139972"}],"version-history":[{"count":2,"href":"https:\/\/news.canadamotorjobs.com\/fr\/wp-json\/wp\/v2\/posts\/139972\/revisions"}],"predecessor-version":[{"id":139976,"href":"https:\/\/news.canadamotorjobs.com\/fr\/wp-json\/wp\/v2\/posts\/139972\/revisions\/139976"}],"wp:featuredmedia":[{"embeddable":true,"href":"https:\/\/news.canadamotorjobs.com\/fr\/wp-json\/wp\/v2\/media\/139974"}],"wp:attachment":[{"href":"https:\/\/news.canadamotorjobs.com\/fr\/wp-json\/wp\/v2\/media?parent=139972"}],"wp:term":[{"taxonomy":"category","embeddable":true,"href":"https:\/\/news.canadamotorjobs.com\/fr\/wp-json\/wp\/v2\/categories?post=139972"},{"taxonomy":"post_tag","embeddable":true,"href":"https:\/\/news.canadamotorjobs.com\/fr\/wp-json\/wp\/v2\/tags?post=139972"}],"curies":[{"name":"wp","href":"https:\/\/api.w.org\/{rel}","templated":true}]}}