{"id":139957,"date":"2023-02-12T15:00:44","date_gmt":"2023-02-12T20:00:44","guid":{"rendered":"https:\/\/news.canadamotorjobs.com\/?p=139957"},"modified":"2023-02-12T15:15:55","modified_gmt":"2023-02-12T20:15:55","slug":"le-moteur-vr6-de-volkswagen-est-mort","status":"publish","type":"post","link":"https:\/\/news.canadamotorjobs.com\/fr\/le-moteur-vr6-de-volkswagen-est-mort\/","title":{"rendered":"Le moteur VR6 de Volkswagen est mort"},"content":{"rendered":"<\/p>\n<p>Voil\u00e0 une bien triste nouvelle pour tous les amateurs de performances qui ont appr\u00e9ci\u00e9 au fil des ans les performances de ce moteur unique chez Volkswagen. Avec son retrait du mod\u00e8le Atlas, c\u2019est la fin de ce moteur en Am\u00e9rique du Nord, car il ne r\u00e9pondra plus aux normes environnementales. Il faut dire que le concept de ce moteur unique est ancien et il est clair que cette m\u00e9canique ne fait pas partie des plans d\u2019\u00e9lectrification de Volks.<\/p>\n<h3>Un concept unique<\/h3>\n<p>\nLe VR6 est un six cylindres qui est un croisement unique entre un moteur en V et un six en ligne qui utilise deux rang\u00e9es de trois cylindres d\u00e9cal\u00e9s l&#8217;un par rapport \u00e0 l&#8217;autre. Le style a \u00e9t\u00e9 construit pour qu&#8217;un six cylindres puisse entrer dans un espace con\u00e7u pour un moteur \u00e0 quatre cylindres en ligne. Il est apparu pour la premi\u00e8re fois sous la forme d&#8217;un 2,8 litres dans la Passat B3 et la Corrado, avant de devenir une option sur la Golf MK3 et la troisi\u00e8me g\u00e9n\u00e9ration de la Jetta.<\/p>\n<h3>Populaire dans le Golf VR6<\/h3>\n<p>\nEn 2001, Volkswagen a introduit une version 3,2 litres qui a \u00e9t\u00e9 utilis\u00e9e dans la d\u00e9sormais l\u00e9gendaire Volkswagen Golf R32 et l&#8217;Audi TT. C&#8217;est \u00e9galement le moteur qui a inspir\u00e9 l&#8217;\u00e9pique Bugatti W16, qui a d&#8217;abord \u00e9t\u00e9 envisag\u00e9 comme le W18 utilisant trois rang\u00e9es de VR6. En 2006, le VR6 est devenu un 3,6 litres dans les mod\u00e8les Volkswagen et s&#8217;est r\u00e9pandu pour \u00eatre utilis\u00e9 dans le Porsche Cayenne en version 3,2 litres, puis en version 3,6 litres. Apr\u00e8s 2010, Volkswagen a commenc\u00e9 \u00e0 \u00e9liminer progressivement le VR6 en utilisant des 4 cylindres turbo, mais il a fait un retour dans le VUS Atlas de taille moyenne en 2017. L\u2019Atlas 2023 aura donc \u00e9t\u00e9 le dernier mod\u00e8le \u00e0 recevoir le VR6<\/p>\n<p>Le Volkswagen Atlas de 2023 est disponible avec le VR6, mais l&#8217;Atlas 2024 nouvellement annonc\u00e9 est \u00e9quip\u00e9 d&#8217;un moteur quatre cylindres turbo TSI \u00e0 injection directe. \u00e0 injection directe d\u00e9veloppant 269 chevaux et 273\u00a0lb-pi de couple. C&#8217;est presque aussi puissant que le VR6 en termes de puissance, mais il produit plus de couple sur une plage plus \u00e9tendue.<\/p>\n<p>Avec des renseignements de Carbuzz<\/p>\n<p>Le texte <a rel=\"nofollow\" href=\"https:\/\/annuelauto.ca\/le-moteur-vr6-de-volkswagen-est-mort\/\">Le moteur VR6 de Volkswagen est mort<\/a> provient de <a rel=\"nofollow\" href=\"https:\/\/annuelauto.ca\">L&#8217;annuel de l&#8217;automobile &#8211; Actualit\u00e9 automobile<\/a><\/p>\n<p><\/p>\n","protected":false},"excerpt":{"rendered":"<p>Voil\u00e0 une bien triste nouvelle pour tous les amateurs de performances qui ont appr\u00e9ci\u00e9 au fil des ans les performances de ce moteur unique chez Volkswagen. Avec son retrait du mod\u00e8le Atlas, c\u2019est la fin de ce moteur en Am\u00e9rique du Nord, car il ne r\u00e9pondra plus aux normes environnementales. Il faut dire que le [&hellip;]<\/p>\n","protected":false},"author":8,"featured_media":139959,"comment_status":"close","ping_status":"closed","sticky":false,"template":"","format":"standard","meta":{"_monsterinsights_skip_tracking":false,"_monsterinsights_sitenote_active":false,"_monsterinsights_sitenote_note":"","_monsterinsights_sitenote_category":0,"footnotes":""},"categories":[101],"tags":[],"yoast_head":"<!-- This site is optimized with the Yoast SEO plugin v23.2 - https:\/\/yoast.com\/wordpress\/plugins\/seo\/ -->\n<title>Le moteur VR6 de Volkswagen est mort - CanadaMotorJobs.com<\/title>\n<meta name=\"description\" content=\"Le moteur VR6 de Volkswagen est mort - Benoit Charette - Annuel automobile - CanadaMotorJobs.com.\" \/>\n<meta name=\"robots\" content=\"index, follow, max-snippet:-1, max-image-preview:large, max-video-preview:-1\" \/>\n<meta property=\"og:locale\" content=\"fr_CA\" \/>\n<meta property=\"og:type\" content=\"article\" \/>\n<meta property=\"og:title\" content=\"Le moteur VR6 de Volkswagen est mort - CanadaMotorJobs.com\" \/>\n<meta property=\"og:description\" content=\"Le moteur VR6 de Volkswagen est mort - Benoit Charette - Annuel automobile - CanadaMotorJobs.com.\" \/>\n<meta property=\"og:url\" content=\"https:\/\/news.canadamotorjobs.com\/fr\/le-moteur-vr6-de-volkswagen-est-mort\/\" \/>\n<meta property=\"og:site_name\" content=\"CanadaMotorJobs.com\" \/>\n<meta property=\"article:publisher\" content=\"https:\/\/www.facebook.com\/canadamotorjobs\/\" \/>\n<meta property=\"article:published_time\" content=\"2023-02-12T20:00:44+00:00\" \/>\n<meta property=\"article:modified_time\" content=\"2023-02-12T20:15:55+00:00\" \/>\n<meta property=\"og:image\" content=\"https:\/\/news.canadamotorjobs.com\/wp-content\/uploads\/2023\/02\/S1-volkswagen-corrado-vr6-1991-1995-un-opera-populaire-des-9-000-eur-700386.jpg\" \/>\n\t<meta property=\"og:image:width\" content=\"705\" \/>\n\t<meta property=\"og:image:height\" content=\"363\" \/>\n\t<meta property=\"og:image:type\" content=\"image\/jpeg\" \/>\n<meta name=\"author\" content=\"Benoit Charette\" \/>\n<meta name=\"twitter:card\" content=\"summary_large_image\" \/>\n<meta name=\"twitter:creator\" content=\"@canadamotorjobs\" \/>\n<meta name=\"twitter:site\" content=\"@canadamotorjobs\" \/>\n<meta name=\"twitter:label1\" content=\"\u00c9crit par\" \/>\n\t<meta name=\"twitter:data1\" content=\"Benoit Charette\" \/>\n\t<meta name=\"twitter:label2\" content=\"Estimation du temps de lecture\" \/>\n\t<meta name=\"twitter:data2\" content=\"2 minutes\" \/>\n<!-- \/ Yoast SEO plugin. -->","yoast_head_json":{"title":"Le moteur VR6 de Volkswagen est mort - CanadaMotorJobs.com","description":"Le moteur VR6 de Volkswagen est mort - Benoit Charette - Annuel automobile - CanadaMotorJobs.com.","robots":{"index":"index","follow":"follow","max-snippet":"max-snippet:-1","max-image-preview":"max-image-preview:large","max-video-preview":"max-video-preview:-1"},"og_locale":"fr_CA","og_type":"article","og_title":"Le moteur VR6 de Volkswagen est mort - CanadaMotorJobs.com","og_description":"Le moteur VR6 de Volkswagen est mort - Benoit Charette - Annuel automobile - CanadaMotorJobs.com.","og_url":"https:\/\/news.canadamotorjobs.com\/fr\/le-moteur-vr6-de-volkswagen-est-mort\/","og_site_name":"CanadaMotorJobs.com","article_publisher":"https:\/\/www.facebook.com\/canadamotorjobs\/","article_published_time":"2023-02-12T20:00:44+00:00","article_modified_time":"2023-02-12T20:15:55+00:00","og_image":[{"width":705,"height":363,"url":"https:\/\/news.canadamotorjobs.com\/wp-content\/uploads\/2023\/02\/S1-volkswagen-corrado-vr6-1991-1995-un-opera-populaire-des-9-000-eur-700386.jpg","type":"image\/jpeg"}],"author":"Benoit Charette","twitter_card":"summary_large_image","twitter_creator":"@canadamotorjobs","twitter_site":"@canadamotorjobs","twitter_misc":{"\u00c9crit par":"Benoit Charette","Estimation du temps de lecture":"2 minutes"},"schema":{"@context":"https:\/\/schema.org","@graph":[{"@type":"Article","@id":"https:\/\/news.canadamotorjobs.com\/fr\/le-moteur-vr6-de-volkswagen-est-mort\/#article","isPartOf":{"@id":"https:\/\/news.canadamotorjobs.com\/fr\/le-moteur-vr6-de-volkswagen-est-mort\/"},"author":{"name":"Benoit Charette","@id":"https:\/\/news.canadamotorjobs.com\/#\/schema\/person\/51793d1f87d44011d7bcc2ed99269a90"},"headline":"Le moteur VR6 de Volkswagen est mort","datePublished":"2023-02-12T20:00:44+00:00","dateModified":"2023-02-12T20:15:55+00:00","mainEntityOfPage":{"@id":"https:\/\/news.canadamotorjobs.com\/fr\/le-moteur-vr6-de-volkswagen-est-mort\/"},"wordCount":405,"publisher":{"@id":"https:\/\/news.canadamotorjobs.com\/#organization"},"image":{"@id":"https:\/\/news.canadamotorjobs.com\/fr\/le-moteur-vr6-de-volkswagen-est-mort\/#primaryimage"},"thumbnailUrl":"https:\/\/news.canadamotorjobs.com\/wp-content\/uploads\/2023\/02\/S1-volkswagen-corrado-vr6-1991-1995-un-opera-populaire-des-9-000-eur-700386.jpg","articleSection":["Annuel automobile"],"inLanguage":"fr-CA"},{"@type":"WebPage","@id":"https:\/\/news.canadamotorjobs.com\/fr\/le-moteur-vr6-de-volkswagen-est-mort\/","url":"https:\/\/news.canadamotorjobs.com\/fr\/le-moteur-vr6-de-volkswagen-est-mort\/","name":"Le moteur VR6 de Volkswagen est mort - CanadaMotorJobs.com","isPartOf":{"@id":"https:\/\/news.canadamotorjobs.com\/#website"},"primaryImageOfPage":{"@id":"https:\/\/news.canadamotorjobs.com\/fr\/le-moteur-vr6-de-volkswagen-est-mort\/#primaryimage"},"image":{"@id":"https:\/\/news.canadamotorjobs.com\/fr\/le-moteur-vr6-de-volkswagen-est-mort\/#primaryimage"},"thumbnailUrl":"https:\/\/news.canadamotorjobs.com\/wp-content\/uploads\/2023\/02\/S1-volkswagen-corrado-vr6-1991-1995-un-opera-populaire-des-9-000-eur-700386.jpg","datePublished":"2023-02-12T20:00:44+00:00","dateModified":"2023-02-12T20:15:55+00:00","description":"Le moteur VR6 de Volkswagen est mort - Benoit Charette - Annuel automobile - CanadaMotorJobs.com.","breadcrumb":{"@id":"https:\/\/news.canadamotorjobs.com\/fr\/le-moteur-vr6-de-volkswagen-est-mort\/#breadcrumb"},"inLanguage":"fr-CA","potentialAction":[{"@type":"ReadAction","target":["https:\/\/news.canadamotorjobs.com\/fr\/le-moteur-vr6-de-volkswagen-est-mort\/"]}]},{"@type":"ImageObject","inLanguage":"fr-CA","@id":"https:\/\/news.canadamotorjobs.com\/fr\/le-moteur-vr6-de-volkswagen-est-mort\/#primaryimage","url":"https:\/\/news.canadamotorjobs.com\/wp-content\/uploads\/2023\/02\/S1-volkswagen-corrado-vr6-1991-1995-un-opera-populaire-des-9-000-eur-700386.jpg","contentUrl":"https:\/\/news.canadamotorjobs.com\/wp-content\/uploads\/2023\/02\/S1-volkswagen-corrado-vr6-1991-1995-un-opera-populaire-des-9-000-eur-700386.jpg","width":705,"height":363},{"@type":"BreadcrumbList","@id":"https:\/\/news.canadamotorjobs.com\/fr\/le-moteur-vr6-de-volkswagen-est-mort\/#breadcrumb","itemListElement":[{"@type":"ListItem","position":1,"name":"Home","item":"https:\/\/news.canadamotorjobs.com\/fr\/blog\/"},{"@type":"ListItem","position":2,"name":"Le moteur VR6 de Volkswagen est mort"}]},{"@type":"WebSite","@id":"https:\/\/news.canadamotorjobs.com\/#website","url":"https:\/\/news.canadamotorjobs.com\/","name":"CanadaMotorJobs.com","description":"Automotive Jobs","publisher":{"@id":"https:\/\/news.canadamotorjobs.com\/#organization"},"potentialAction":[{"@type":"SearchAction","target":{"@type":"EntryPoint","urlTemplate":"https:\/\/news.canadamotorjobs.com\/?s={search_term_string}"},"query-input":"required name=search_term_string"}],"inLanguage":"fr-CA"},{"@type":"Organization","@id":"https:\/\/news.canadamotorjobs.com\/#organization","name":"Canada Motor Jobs","url":"https:\/\/news.canadamotorjobs.com\/","logo":{"@type":"ImageObject","inLanguage":"fr-CA","@id":"https:\/\/news.canadamotorjobs.com\/#\/schema\/logo\/image\/","url":"https:\/\/news.canadamotorjobs.com\/wp-content\/uploads\/2022\/10\/logo-canada-motor-jobs-1.png","contentUrl":"https:\/\/news.canadamotorjobs.com\/wp-content\/uploads\/2022\/10\/logo-canada-motor-jobs-1.png","width":800,"height":400,"caption":"Canada Motor Jobs"},"image":{"@id":"https:\/\/news.canadamotorjobs.com\/#\/schema\/logo\/image\/"},"sameAs":["https:\/\/www.facebook.com\/canadamotorjobs\/","https:\/\/x.com\/canadamotorjobs","https:\/\/www.instagram.com\/canadamotorjobs\/","https:\/\/www.linkedin.com\/company\/canadamotorjobs"]},{"@type":"Person","@id":"https:\/\/news.canadamotorjobs.com\/#\/schema\/person\/51793d1f87d44011d7bcc2ed99269a90","name":"Benoit Charette","image":{"@type":"ImageObject","inLanguage":"fr-CA","@id":"https:\/\/news.canadamotorjobs.com\/#\/schema\/person\/image\/","url":"https:\/\/secure.gravatar.com\/avatar\/45f3d2eebcccd909668d7ce7ea7267b6?s=96&d=mm&r=g","contentUrl":"https:\/\/secure.gravatar.com\/avatar\/45f3d2eebcccd909668d7ce7ea7267b6?s=96&d=mm&r=g","caption":"Benoit Charette"},"description":"Benoit Charette \/ Propri\u00e9taire et r\u00e9dacteur en chef Benoit Charette pratique le journalisme automobile depuis bient\u00f4t 30 ans. Il a fait ses classes au c\u00f4t\u00e9 de Daniel H\u00e9raud et au Carnet de route de 1992 \u00e0 2001. Il est fondateur, copropri\u00e9taire et r\u00e9dacteur en chef de L\u2019Annuel de l\u2019automobile, qu\u2019il publie depuis 2001. Il a anim\u00e9 les \u00e9missions RPM et RPM+ sur V et les L\u00e9gendes de la route sur Historia. \u00c0 la radio depuis 1986, il reprend l\u2019antenne cette ann\u00e9e sur les ondes de Cogeco et participe pour la deuxi\u00e8me ann\u00e9e \u00e0 l\u2019\u00e9mission Passion Auto sur RDS en plus de mettre en ligne le site Web officiel de L\u2019Annuel de l\u2019automobile sur annuelauto.ca.","sameAs":["https:\/\/annuelauto.ca\/"],"url":"https:\/\/news.canadamotorjobs.com\/fr\/author\/benoit-charette\/"}]}},"_links":{"self":[{"href":"https:\/\/news.canadamotorjobs.com\/fr\/wp-json\/wp\/v2\/posts\/139957"}],"collection":[{"href":"https:\/\/news.canadamotorjobs.com\/fr\/wp-json\/wp\/v2\/posts"}],"about":[{"href":"https:\/\/news.canadamotorjobs.com\/fr\/wp-json\/wp\/v2\/types\/post"}],"author":[{"embeddable":true,"href":"https:\/\/news.canadamotorjobs.com\/fr\/wp-json\/wp\/v2\/users\/8"}],"replies":[{"embeddable":true,"href":"https:\/\/news.canadamotorjobs.com\/fr\/wp-json\/wp\/v2\/comments?post=139957"}],"version-history":[{"count":2,"href":"https:\/\/news.canadamotorjobs.com\/fr\/wp-json\/wp\/v2\/posts\/139957\/revisions"}],"predecessor-version":[{"id":139961,"href":"https:\/\/news.canadamotorjobs.com\/fr\/wp-json\/wp\/v2\/posts\/139957\/revisions\/139961"}],"wp:featuredmedia":[{"embeddable":true,"href":"https:\/\/news.canadamotorjobs.com\/fr\/wp-json\/wp\/v2\/media\/139959"}],"wp:attachment":[{"href":"https:\/\/news.canadamotorjobs.com\/fr\/wp-json\/wp\/v2\/media?parent=139957"}],"wp:term":[{"taxonomy":"category","embeddable":true,"href":"https:\/\/news.canadamotorjobs.com\/fr\/wp-json\/wp\/v2\/categories?post=139957"},{"taxonomy":"post_tag","embeddable":true,"href":"https:\/\/news.canadamotorjobs.com\/fr\/wp-json\/wp\/v2\/tags?post=139957"}],"curies":[{"name":"wp","href":"https:\/\/api.w.org\/{rel}","templated":true}]}}