{"id":139938,"date":"2023-02-12T12:25:48","date_gmt":"2023-02-12T17:25:48","guid":{"rendered":"https:\/\/news.canadamotorjobs.com\/?p=139938"},"modified":"2023-02-12T12:32:12","modified_gmt":"2023-02-12T17:32:12","slug":"la-premiere-auto-achetee-par-lacteur-michael-caine-est-a-vendre","status":"publish","type":"post","link":"https:\/\/news.canadamotorjobs.com\/fr\/la-premiere-auto-achetee-par-lacteur-michael-caine-est-a-vendre\/","title":{"rendered":"La premi\u00e8re auto achet\u00e9e par l\u2019acteur Michael Caine est \u00e0 vendre"},"content":{"rendered":"<\/p>\n<p>Le 16\u00a0mai\u00a01968, le c\u00e9l\u00e8bre acteur britannique Michael Caine re\u00e7oit la rutilante Rolls-Royce <a href=\"https:\/\/annuelauto.ca\/la-rolls-royce-silver-shadow-1974-de-freddie-mercury-sera-vendue-pour-aider-lukraine\/\" target=\"_blank\" rel=\"noopener noreferrer\">Silver Shadow<\/a> d\u00e9capotable qu\u2019il s\u2019est offerte. Il n\u2019a que 35 ans et c\u2019est sa premi\u00e8re automobile. Mais il ne la conduira jamais puisqu\u2019il n\u2019a m\u00eame pas de permis de conduire\u00a0! En mars prochain, un jour apr\u00e8s le 90e anniversaire de Michael Caine, sa voiture sera offerte aux collectionneurs lors d\u2019une <a href=\"https:\/\/annuelauto.ca\/le-7e-ciel-des-lotus-elan-est-chez-silverstone-auctions\/\" target=\"_blank\" rel=\"noopener noreferrer\">vente aux ench\u00e8res<\/a> de H&amp;H\u00a0Classics, en Angleterre.<\/p>\n<p>Cette automobile est une des 506 d\u00e9capotables construites \u00e0 la main entre 1967 et 1971 par Mulliner\u00a0Park\u00a0Ward. Ce carrossier les qualifiait de \u00ab\u00a0<em>Drophhead Coup\u00e9<\/em>\u00a0\u00bb. Enti\u00e8rement restaur\u00e9e, elle est de couleur noire comme \u00e0 l\u2019origine.<\/p>\n<p>Son int\u00e9rieur est garni d\u2019une somptueuse sellerie de cuir Magnolia, de riches placages de bois et de tapis en laine d&#8217;agneau profonde, les ingr\u00e9dients de la recette d\u2019une voiture superlative. Fait \u00e0 noter, dans cette voiture, seul le si\u00e8ge du passager dispose d\u2019un appuie-t\u00eate, pas celui du conducteur.<\/p>\n<p>Un V8 \u00e0 soupapes en t\u00eate de 6,2\u00a0L entra\u00eene ses roues arri\u00e8re par le biais d\u2019une une bo\u00eete de vitesses automatique Hydramatic de GM \u00e0 quatre rapports. Actuellement, son odom\u00e8tre affiche 59\u00a0299\u00a0mi (95\u00a0430\u00a0km).<\/p>\n<p>Au moment de son lancement, en 1965, <a href=\"https:\/\/annuelauto.ca\/en-attendant-la-spectre-2023-electrique-rolls-royce-devoile-ses-ancetres\/\" target=\"_blank\" rel=\"noopener noreferrer\">Rolls-Royce<\/a> offrait cette d\u00e9capotable \u00e0 partir de 10\u00a0511\u00a0\u00a3, soit assez d\u2019argent pour acheter une Aston\u00a0Martin DB6\u00a0Volante et une Ferrari 330\u00a0GTS\u00a0!<\/p>\n<h3><strong>Historique bien document\u00e9<\/strong><\/h3>\n<p>\nEn 1970, Micheal\u00a0Caine vend sa Rolls-Royce \u00e0 Jack\u00a0Leach, le riche propri\u00e9taire d\u2019un restaurant tr\u00e8s couru de Chelsea appel\u00e9 Gas\u00a0Works. Ce dernier la conservera jusqu\u2019\u00e0 sa mort, en 2013.<\/p>\n<p>Apr\u00e8s un bref hiatus de cinq ans, la voiture refait surface en 2018 chez 1st\u00a0Choice\u00a0Car &amp; Bodyworks, un atelier de carrosserie d\u2019East\u00a0Challow, petit village \u00e0 mi-chemin entre Swindon et Oxford.<\/p>\n<p>Selon H&amp;H, l\u2019atelier qui offre aujourd\u2019hui cette Rolls-Royce aurait d\u00e9pens\u00e9 environ 100\u00a0000\u00a0\u00a3 pour lui redonner son lustre d\u2019antan. Les photos de l\u2019encanteur qui illustrent cet article semblent le confirmer.<\/p>\n<h3><strong>Une voiture surrestaur\u00e9e\u00a0?<\/strong><\/h3>\n<p>\nCertains lecteurs auront sans doute pens\u00e9 en voyant cette Rolls-Royce qu\u2019il s\u2019agissait d\u2019une Corniche. Mais, ce n\u2019est pas le cas, contrairement \u00e0 ce que laissent croire certaines des photos.<\/p>\n<p>En 1965, Rolls-Royce a bel et bien lanc\u00e9 deux variantes de la berline Silver\u00a0Shadow\u00a0: un coup\u00e9 \u00e0 deux portes surnomm\u00e9 <em>Two-Door Saloon<\/em> et la d\u00e9capotable <em>Drophead Coup\u00e9<\/em>. Mais, ce n\u2019est qu\u2019\u00e0 partir de 1971 que le constructeur a attribu\u00e9 l\u2019appellation Corniche \u00e0 la d\u00e9capotable; un mod\u00e8le qui a figur\u00e9 au catalogue de la marque jusqu\u2019en 1980.<\/p>\n<p>Ce nom rappelait l\u2019\u00e9l\u00e9gante berline construite en 1939 par Bentley et carross\u00e9e par Vanvooren \u00e0 Paris; un prototype qui, tristement, n\u2019aura pas de lendemain. En effet, la Seconde Guerre mondiale mit fin \u00e0 ce projet pr\u00e9matur\u00e9ment lorsque, apr\u00e8s une s\u00e9rie d\u2019essais dynamiques r\u00e9alis\u00e9s en France, le prototype fut d\u00e9truit durant un bombardement ciblant le port de Dieppe, o\u00f9 il \u00e9tait en attente d\u2019un d\u00e9part pour l\u2019Angleterre.<\/p>\n<p>Or, il est difficile de croire qu\u2019avec autant d\u2019argent investi par l\u2019actuel propri\u00e9taire, l\u2019\u00e9cusson \u00ab\u00a0Corniche\u00a0\u00bb se soit retrouv\u00e9 sur le couvercle du coffre par m\u00e9garde. Certains restaurateurs ont parfois tendance \u00e0 surrestaurer leurs v\u00e9hicules croyant ainsi leur donner une plus-value monnayable. Serait-ce le cas ici\u00a0?<\/p>\n<p>Quoi qu\u2019il en soit, les sp\u00e9cialistes de H&amp;H estiment la valeur de cette Silver\u00a0Shadow entre 100\u00a0000\u00a0\u00a3 et 150\u00a0000\u00a0\u00a3 (160\u00a0000\u00a0$ et 240\u00a0000\u00a0$). Elle sera mise aux ench\u00e8res le 15\u00a0mars prochain lors de la vente qui sera pr\u00e9sent\u00e9e \u00e0 l\u2019Imperial\u00a0War\u00a0Museum \u00e0 Duxford, ville situ\u00e9e \u00e0 une heure de route au nord de Londres.<\/p>\n<p>Son nouveau propri\u00e9taire aura alors tout loisir de retirer l\u2019\u00e9cusson fautif pour r\u00e9tablir l\u2019identit\u00e9 v\u00e9ritable de cette voiture.<\/p>\n<h3><strong>Michael Caine ne savait pas conduire<\/strong><\/h3>\n<p>\nCe genre de rectitude historique ne titillerait sans doute pas Michael Caine. Au cours des sept\u00a0d\u00e9cennies de sa carri\u00e8re, cet acteur a jou\u00e9 une foule de personnages dans plus de 160\u00a0films. C\u2019est lui, par exemple, qui jouait Charlie\u00a0Croker, le personnage qu\u2019on a vu au volant d\u2019une Mini durant de folles poursuites dans le film <em>The\u00a0Italian\u00a0Job<\/em> de\u00a01969.<\/p>\n<p>Pourtant, lorsqu\u2019il a tourn\u00e9 ce film, en 1968 (ann\u00e9e o\u00f9 il a fait l\u2019achat de sa Rolls-Royce), il n\u2019avait encore jamais conduit une auto\u00a0! D\u2019ailleurs, il n\u2019obtiendra son permis de conduire qu\u2019en 1983, \u00e0 l\u2019\u00e2ge de 50\u00a0ans.<\/p>\n<p>Pour sa Rolls-Royce Silver\u00a0Shadow 1968 d\u00e9capotable, premier mod\u00e8le de cette marque qu\u2019il a achet\u00e9, comme pour les autres automobiles qu\u2019il s\u2019est offertes par la suite, Caine a longtemps eu recours aux services d\u2019un chauffeur. Comme il l\u2019expliquait \u00e0 un journaliste un jour\u00a0: \u00ab\u00a0Le plus grand luxe n&#8217;est pas de conduire. Je n\u2019ai poss\u00e9d\u00e9 aucune voiture avant d\u2019avoir 35\u00a0ans. Et pour cette Rolls-Royce, c&#8217;\u00e9tait moins cher d&#8217;assurer un chauffeur.\u00a0\u00bb<\/p>\n<p>Pour le tournage du film <em>The\u00a0Italian\u00a0Job<\/em>, il a tout de m\u00eame d\u00fb apprendre le maniement du volant. C\u2019est donc \u00e0 Turin, en Italie, et \u00e0 Coventry, en Angleterre, qu\u2019il a \u00e9t\u00e9 form\u00e9 \u00e0 l\u2019art de la conduite. Cet apprentissage, il l\u2019a fait durant le tournage avec des Mini et sur des routes ferm\u00e9es au public.<\/p>\n<p><em>Photos : H&amp;H Classics<\/em><\/p>\n<div id=\"simple-translate\" class=\"simple-translate-light-theme\"><\/p>\n<div><\/p>\n<div class=\"simple-translate-button isShow\" style=\"height: 22px;width: 22px\"><\/div>\n<p><\/p>\n<div class=\"simple-translate-panel \" style=\"width: 300px;height: 200px;font-size: 13px\"><\/p>\n<div class=\"simple-translate-result-wrapper\" style=\"overflow: hidden\"><\/p>\n<div class=\"simple-translate-move\"><\/div>\n<p><\/p>\n<div class=\"simple-translate-result-contents\"><\/p>\n<p class=\"simple-translate-candidate\" dir=\"auto\">\n<\/div>\n<p>\n<\/div>\n<p>\n<\/div>\n<p>\n<\/div>\n<p>\n<\/div>\n<p>Le texte <a rel=\"nofollow\" href=\"https:\/\/annuelauto.ca\/la-premiere-auto-achetee-par-lacteur-michael-caine-est-a-vendre\/\">La premi\u00e8re auto achet\u00e9e par l\u2019acteur Michael Caine est \u00e0 vendre<\/a> provient de <a rel=\"nofollow\" href=\"https:\/\/annuelauto.ca\">L&#8217;annuel de l&#8217;automobile &#8211; Actualit\u00e9 automobile<\/a><\/p>\n<p><\/p>\n","protected":false},"excerpt":{"rendered":"<p>Le 16\u00a0mai\u00a01968, le c\u00e9l\u00e8bre acteur britannique Michael Caine re\u00e7oit la rutilante Rolls-Royce Silver Shadow d\u00e9capotable qu\u2019il s\u2019est offerte. Il n\u2019a que 35 ans et c\u2019est sa premi\u00e8re automobile. Mais il ne la conduira jamais puisqu\u2019il n\u2019a m\u00eame pas de permis de conduire\u00a0! En mars prochain, un jour apr\u00e8s le 90e anniversaire de Michael Caine, sa [&hellip;]<\/p>\n","protected":false},"author":8,"featured_media":139940,"comment_status":"close","ping_status":"closed","sticky":false,"template":"","format":"standard","meta":{"_monsterinsights_skip_tracking":false,"_monsterinsights_sitenote_active":false,"_monsterinsights_sitenote_note":"","_monsterinsights_sitenote_category":0,"footnotes":""},"categories":[101],"tags":[],"yoast_head":"<!-- This site is optimized with the Yoast SEO plugin v23.2 - https:\/\/yoast.com\/wordpress\/plugins\/seo\/ -->\n<title>La premi\u00e8re auto achet\u00e9e par l\u2019acteur Michael Caine est \u00e0 vendre - CanadaMotorJobs.com<\/title>\n<meta name=\"description\" content=\"La premi\u00e8re auto achet\u00e9e par l\u2019acteur Michael Caine est \u00e0 vendre - Benoit Charette - Annuel automobile - CanadaMotorJobs.com.\" \/>\n<meta name=\"robots\" content=\"index, follow, max-snippet:-1, max-image-preview:large, max-video-preview:-1\" \/>\n<meta property=\"og:locale\" content=\"fr_CA\" \/>\n<meta property=\"og:type\" content=\"article\" \/>\n<meta property=\"og:title\" content=\"La premi\u00e8re auto achet\u00e9e par l\u2019acteur Michael Caine est \u00e0 vendre - CanadaMotorJobs.com\" \/>\n<meta property=\"og:description\" content=\"La premi\u00e8re auto achet\u00e9e par l\u2019acteur Michael Caine est \u00e0 vendre - Benoit Charette - Annuel automobile - CanadaMotorJobs.com.\" \/>\n<meta property=\"og:url\" content=\"https:\/\/news.canadamotorjobs.com\/fr\/la-premiere-auto-achetee-par-lacteur-michael-caine-est-a-vendre\/\" \/>\n<meta property=\"og:site_name\" content=\"CanadaMotorJobs.com\" \/>\n<meta property=\"article:publisher\" content=\"https:\/\/www.facebook.com\/canadamotorjobs\/\" \/>\n<meta property=\"article:published_time\" content=\"2023-02-12T17:25:48+00:00\" \/>\n<meta property=\"article:modified_time\" content=\"2023-02-12T17:32:12+00:00\" \/>\n<meta property=\"og:image\" content=\"https:\/\/news.canadamotorjobs.com\/wp-content\/uploads\/2023\/02\/Rolls-Royce-Silver-Shadow-1968-ex-Michael-Caine-6.jpg\" \/>\n\t<meta property=\"og:image:width\" content=\"827\" \/>\n\t<meta property=\"og:image:height\" content=\"551\" \/>\n\t<meta property=\"og:image:type\" content=\"image\/jpeg\" \/>\n<meta name=\"author\" content=\"Benoit Charette\" \/>\n<meta name=\"twitter:card\" content=\"summary_large_image\" \/>\n<meta name=\"twitter:creator\" content=\"@canadamotorjobs\" \/>\n<meta name=\"twitter:site\" content=\"@canadamotorjobs\" \/>\n<meta name=\"twitter:label1\" content=\"\u00c9crit par\" \/>\n\t<meta name=\"twitter:data1\" content=\"Benoit Charette\" \/>\n\t<meta name=\"twitter:label2\" content=\"Estimation du temps de lecture\" \/>\n\t<meta name=\"twitter:data2\" content=\"5 minutes\" \/>\n<!-- \/ Yoast SEO plugin. -->","yoast_head_json":{"title":"La premi\u00e8re auto achet\u00e9e par l\u2019acteur Michael Caine est \u00e0 vendre - CanadaMotorJobs.com","description":"La premi\u00e8re auto achet\u00e9e par l\u2019acteur Michael Caine est \u00e0 vendre - Benoit Charette - Annuel automobile - CanadaMotorJobs.com.","robots":{"index":"index","follow":"follow","max-snippet":"max-snippet:-1","max-image-preview":"max-image-preview:large","max-video-preview":"max-video-preview:-1"},"og_locale":"fr_CA","og_type":"article","og_title":"La premi\u00e8re auto achet\u00e9e par l\u2019acteur Michael Caine est \u00e0 vendre - CanadaMotorJobs.com","og_description":"La premi\u00e8re auto achet\u00e9e par l\u2019acteur Michael Caine est \u00e0 vendre - Benoit Charette - Annuel automobile - CanadaMotorJobs.com.","og_url":"https:\/\/news.canadamotorjobs.com\/fr\/la-premiere-auto-achetee-par-lacteur-michael-caine-est-a-vendre\/","og_site_name":"CanadaMotorJobs.com","article_publisher":"https:\/\/www.facebook.com\/canadamotorjobs\/","article_published_time":"2023-02-12T17:25:48+00:00","article_modified_time":"2023-02-12T17:32:12+00:00","og_image":[{"width":827,"height":551,"url":"https:\/\/news.canadamotorjobs.com\/wp-content\/uploads\/2023\/02\/Rolls-Royce-Silver-Shadow-1968-ex-Michael-Caine-6.jpg","type":"image\/jpeg"}],"author":"Benoit Charette","twitter_card":"summary_large_image","twitter_creator":"@canadamotorjobs","twitter_site":"@canadamotorjobs","twitter_misc":{"\u00c9crit par":"Benoit Charette","Estimation du temps de lecture":"5 minutes"},"schema":{"@context":"https:\/\/schema.org","@graph":[{"@type":"Article","@id":"https:\/\/news.canadamotorjobs.com\/fr\/la-premiere-auto-achetee-par-lacteur-michael-caine-est-a-vendre\/#article","isPartOf":{"@id":"https:\/\/news.canadamotorjobs.com\/fr\/la-premiere-auto-achetee-par-lacteur-michael-caine-est-a-vendre\/"},"author":{"name":"Benoit Charette","@id":"https:\/\/news.canadamotorjobs.com\/#\/schema\/person\/51793d1f87d44011d7bcc2ed99269a90"},"headline":"La premi\u00e8re auto achet\u00e9e par l\u2019acteur Michael Caine est \u00e0 vendre","datePublished":"2023-02-12T17:25:48+00:00","dateModified":"2023-02-12T17:32:12+00:00","mainEntityOfPage":{"@id":"https:\/\/news.canadamotorjobs.com\/fr\/la-premiere-auto-achetee-par-lacteur-michael-caine-est-a-vendre\/"},"wordCount":941,"publisher":{"@id":"https:\/\/news.canadamotorjobs.com\/#organization"},"image":{"@id":"https:\/\/news.canadamotorjobs.com\/fr\/la-premiere-auto-achetee-par-lacteur-michael-caine-est-a-vendre\/#primaryimage"},"thumbnailUrl":"https:\/\/news.canadamotorjobs.com\/wp-content\/uploads\/2023\/02\/Rolls-Royce-Silver-Shadow-1968-ex-Michael-Caine-6.jpg","articleSection":["Annuel automobile"],"inLanguage":"fr-CA"},{"@type":"WebPage","@id":"https:\/\/news.canadamotorjobs.com\/fr\/la-premiere-auto-achetee-par-lacteur-michael-caine-est-a-vendre\/","url":"https:\/\/news.canadamotorjobs.com\/fr\/la-premiere-auto-achetee-par-lacteur-michael-caine-est-a-vendre\/","name":"La premi\u00e8re auto achet\u00e9e par l\u2019acteur Michael Caine est \u00e0 vendre - CanadaMotorJobs.com","isPartOf":{"@id":"https:\/\/news.canadamotorjobs.com\/#website"},"primaryImageOfPage":{"@id":"https:\/\/news.canadamotorjobs.com\/fr\/la-premiere-auto-achetee-par-lacteur-michael-caine-est-a-vendre\/#primaryimage"},"image":{"@id":"https:\/\/news.canadamotorjobs.com\/fr\/la-premiere-auto-achetee-par-lacteur-michael-caine-est-a-vendre\/#primaryimage"},"thumbnailUrl":"https:\/\/news.canadamotorjobs.com\/wp-content\/uploads\/2023\/02\/Rolls-Royce-Silver-Shadow-1968-ex-Michael-Caine-6.jpg","datePublished":"2023-02-12T17:25:48+00:00","dateModified":"2023-02-12T17:32:12+00:00","description":"La premi\u00e8re auto achet\u00e9e par l\u2019acteur Michael Caine est \u00e0 vendre - Benoit Charette - Annuel automobile - CanadaMotorJobs.com.","breadcrumb":{"@id":"https:\/\/news.canadamotorjobs.com\/fr\/la-premiere-auto-achetee-par-lacteur-michael-caine-est-a-vendre\/#breadcrumb"},"inLanguage":"fr-CA","potentialAction":[{"@type":"ReadAction","target":["https:\/\/news.canadamotorjobs.com\/fr\/la-premiere-auto-achetee-par-lacteur-michael-caine-est-a-vendre\/"]}]},{"@type":"ImageObject","inLanguage":"fr-CA","@id":"https:\/\/news.canadamotorjobs.com\/fr\/la-premiere-auto-achetee-par-lacteur-michael-caine-est-a-vendre\/#primaryimage","url":"https:\/\/news.canadamotorjobs.com\/wp-content\/uploads\/2023\/02\/Rolls-Royce-Silver-Shadow-1968-ex-Michael-Caine-6.jpg","contentUrl":"https:\/\/news.canadamotorjobs.com\/wp-content\/uploads\/2023\/02\/Rolls-Royce-Silver-Shadow-1968-ex-Michael-Caine-6.jpg","width":827,"height":551},{"@type":"BreadcrumbList","@id":"https:\/\/news.canadamotorjobs.com\/fr\/la-premiere-auto-achetee-par-lacteur-michael-caine-est-a-vendre\/#breadcrumb","itemListElement":[{"@type":"ListItem","position":1,"name":"Home","item":"https:\/\/news.canadamotorjobs.com\/fr\/blog\/"},{"@type":"ListItem","position":2,"name":"La premi\u00e8re auto achet\u00e9e par l\u2019acteur Michael Caine est \u00e0 vendre"}]},{"@type":"WebSite","@id":"https:\/\/news.canadamotorjobs.com\/#website","url":"https:\/\/news.canadamotorjobs.com\/","name":"CanadaMotorJobs.com","description":"Automotive Jobs","publisher":{"@id":"https:\/\/news.canadamotorjobs.com\/#organization"},"potentialAction":[{"@type":"SearchAction","target":{"@type":"EntryPoint","urlTemplate":"https:\/\/news.canadamotorjobs.com\/?s={search_term_string}"},"query-input":"required name=search_term_string"}],"inLanguage":"fr-CA"},{"@type":"Organization","@id":"https:\/\/news.canadamotorjobs.com\/#organization","name":"Canada Motor Jobs","url":"https:\/\/news.canadamotorjobs.com\/","logo":{"@type":"ImageObject","inLanguage":"fr-CA","@id":"https:\/\/news.canadamotorjobs.com\/#\/schema\/logo\/image\/","url":"https:\/\/news.canadamotorjobs.com\/wp-content\/uploads\/2022\/10\/logo-canada-motor-jobs-1.png","contentUrl":"https:\/\/news.canadamotorjobs.com\/wp-content\/uploads\/2022\/10\/logo-canada-motor-jobs-1.png","width":800,"height":400,"caption":"Canada Motor Jobs"},"image":{"@id":"https:\/\/news.canadamotorjobs.com\/#\/schema\/logo\/image\/"},"sameAs":["https:\/\/www.facebook.com\/canadamotorjobs\/","https:\/\/x.com\/canadamotorjobs","https:\/\/www.instagram.com\/canadamotorjobs\/","https:\/\/www.linkedin.com\/company\/canadamotorjobs"]},{"@type":"Person","@id":"https:\/\/news.canadamotorjobs.com\/#\/schema\/person\/51793d1f87d44011d7bcc2ed99269a90","name":"Benoit Charette","image":{"@type":"ImageObject","inLanguage":"fr-CA","@id":"https:\/\/news.canadamotorjobs.com\/#\/schema\/person\/image\/","url":"https:\/\/secure.gravatar.com\/avatar\/45f3d2eebcccd909668d7ce7ea7267b6?s=96&d=mm&r=g","contentUrl":"https:\/\/secure.gravatar.com\/avatar\/45f3d2eebcccd909668d7ce7ea7267b6?s=96&d=mm&r=g","caption":"Benoit Charette"},"description":"Benoit Charette \/ Propri\u00e9taire et r\u00e9dacteur en chef Benoit Charette pratique le journalisme automobile depuis bient\u00f4t 30 ans. Il a fait ses classes au c\u00f4t\u00e9 de Daniel H\u00e9raud et au Carnet de route de 1992 \u00e0 2001. Il est fondateur, copropri\u00e9taire et r\u00e9dacteur en chef de L\u2019Annuel de l\u2019automobile, qu\u2019il publie depuis 2001. Il a anim\u00e9 les \u00e9missions RPM et RPM+ sur V et les L\u00e9gendes de la route sur Historia. \u00c0 la radio depuis 1986, il reprend l\u2019antenne cette ann\u00e9e sur les ondes de Cogeco et participe pour la deuxi\u00e8me ann\u00e9e \u00e0 l\u2019\u00e9mission Passion Auto sur RDS en plus de mettre en ligne le site Web officiel de L\u2019Annuel de l\u2019automobile sur annuelauto.ca.","sameAs":["https:\/\/annuelauto.ca\/"],"url":"https:\/\/news.canadamotorjobs.com\/fr\/author\/benoit-charette\/"}]}},"_links":{"self":[{"href":"https:\/\/news.canadamotorjobs.com\/fr\/wp-json\/wp\/v2\/posts\/139938"}],"collection":[{"href":"https:\/\/news.canadamotorjobs.com\/fr\/wp-json\/wp\/v2\/posts"}],"about":[{"href":"https:\/\/news.canadamotorjobs.com\/fr\/wp-json\/wp\/v2\/types\/post"}],"author":[{"embeddable":true,"href":"https:\/\/news.canadamotorjobs.com\/fr\/wp-json\/wp\/v2\/users\/8"}],"replies":[{"embeddable":true,"href":"https:\/\/news.canadamotorjobs.com\/fr\/wp-json\/wp\/v2\/comments?post=139938"}],"version-history":[{"count":2,"href":"https:\/\/news.canadamotorjobs.com\/fr\/wp-json\/wp\/v2\/posts\/139938\/revisions"}],"predecessor-version":[{"id":139942,"href":"https:\/\/news.canadamotorjobs.com\/fr\/wp-json\/wp\/v2\/posts\/139938\/revisions\/139942"}],"wp:featuredmedia":[{"embeddable":true,"href":"https:\/\/news.canadamotorjobs.com\/fr\/wp-json\/wp\/v2\/media\/139940"}],"wp:attachment":[{"href":"https:\/\/news.canadamotorjobs.com\/fr\/wp-json\/wp\/v2\/media?parent=139938"}],"wp:term":[{"taxonomy":"category","embeddable":true,"href":"https:\/\/news.canadamotorjobs.com\/fr\/wp-json\/wp\/v2\/categories?post=139938"},{"taxonomy":"post_tag","embeddable":true,"href":"https:\/\/news.canadamotorjobs.com\/fr\/wp-json\/wp\/v2\/tags?post=139938"}],"curies":[{"name":"wp","href":"https:\/\/api.w.org\/{rel}","templated":true}]}}