{"id":139888,"date":"2023-02-11T08:58:07","date_gmt":"2023-02-11T13:58:07","guid":{"rendered":"https:\/\/news.canadamotorjobs.com\/?p=139888"},"modified":"2023-02-11T08:59:30","modified_gmt":"2023-02-11T13:59:30","slug":"pour-beneficier-des-milliards-du-gouvernement-americain-tesla-ouvrir-son-reseau-de-recharge-a-tous","status":"publish","type":"post","link":"https:\/\/news.canadamotorjobs.com\/fr\/pour-beneficier-des-milliards-du-gouvernement-americain-tesla-ouvrir-son-reseau-de-recharge-a-tous\/","title":{"rendered":"Pour b\u00e9n\u00e9ficier des milliards du gouvernement am\u00e9ricain, Tesla ouvrir son r\u00e9seau de recharge \u00e0 tous"},"content":{"rendered":"<\/p>\n<p>Le PDG de Tesla, Elon Musk, a souvent parl\u00e9 d&#8217;ouvrir son r\u00e9seau de recharge rapide \u00e0 la concurrence, mais il ne l&#8217;a jamais fait en Am\u00e9rique du Nord. Aujourd&#8217;hui, Musk pourrait avoir 7,5 milliards de raisons d&#8217;acc\u00e9l\u00e9rer ces projets.<\/p>\n<h3>De l\u2019argent contre le r\u00e9seau<\/h3>\n<p>\nSelon des responsables de l&#8217;administration Biden, le minist\u00e8re des Transports devrait finaliser la semaine prochaine une exigence qui obligera Tesla \u00e0 aller au-del\u00e0 de son \u00e9quipement de charge propri\u00e9taire aux \u00c9tats-Unis et \u00e0 ajouter le chargeur utilis\u00e9 par ses concurrents. Sinon, le constructeur automobile ne pourra pas b\u00e9n\u00e9ficier des 7,5 milliards de dollars de subventions accord\u00e9s par Washington dans le cadre du plan du pr\u00e9sident Joe Biden visant \u00e0 \u00e9quiper le pays de 500\u00a0000 chargeurs de v\u00e9hicules \u00e9lectriques dans les ann\u00e9es \u00e0 venir, contre 100\u00a0000 en 2021.<\/p>\n<h3>Un r\u00e9seau fort pour encourager l\u2019achat de V\u00c9<\/h3>\n<p>\nCe r\u00e9seau est un \u00e9l\u00e9ment central du plan de M.\u00a0Biden visant \u00e0 lutter contre le changement climatique en convertissant 50 % des ventes de nouveaux v\u00e9hicules am\u00e9ricains en v\u00e9hicules \u00e9lectriques d&#8217;ici 2030. La p\u00e9nurie de chargeurs sur les routes am\u00e9ricaines a ralenti la croissance des ventes de VE et leur impact positif sur l&#8217;environnement, selon les d\u00e9fenseurs du projet.<\/p>\n<h3>Domination de Tesla<\/h3>\n<p>\nLe r\u00e9seau de recharge de Tesla est souvent consid\u00e9r\u00e9 comme la r\u00e9f\u00e9rence : rapide, fiable et abondant, il compte environ 40\u00a0000 chargeurs dans le monde. Toutefois, ce r\u00e9seau est exclusif aux propri\u00e9taires de Tesla, gr\u00e2ce \u00e0 une prise qui ne se connecte qu&#8217;aux voitures Tesla. Les conducteurs de Tesla peuvent acheter un adaptateur pour se connecter aux autres chargeurs, ce que ne peuvent pas faire les conducteurs d\u2019autres v\u00e9hicules \u00e9lectriques. L&#8217;ouverture de ses r\u00e9seaux pourrait faire cro\u00eetre une source de financement et de revenus pour Tesla, mais pourrait \u00e9roder l&#8217;exclusivit\u00e9 de la marque et rendre difficile la gestion du r\u00e9seau par le constructeur automobile, selon les analystes.<\/p>\n<h3>Une d\u00e9cision \u00e0 venir la semaine prochaine<\/h3>\n<p>\nLa semaine prochaine, le minist\u00e8re des Transports d\u00e9taillera les exigences finales auxquelles tous les chargeurs de v\u00e9hicules \u00e9lectriques doivent r\u00e9pondre pour \u00eatre admissibles \u00e0 un financement dans le cadre de l&#8217;effort de 7,5 milliards de dollars visant \u00e0 \u00e9lectrifier les autoroutes \u00e0 travers le pays. Les chargeurs qui souhaitent faire partie du programme NEVI (National Electric Vehicle Infrastructure) doivent utiliser un syst\u00e8me de charge combin\u00e9, ou CCS, la norme aux \u00c9tats-Unis sur presque toutes les bornes de charge, \u00e0 l&#8217;exception des populaires Superchargers de Tesla. Tout chargeur qui veut \u00eatre \u00e9ligible aux fonds f\u00e9d\u00e9raux devra r\u00e9pondre \u00e0 la norme CCS une fois que les r\u00e8gles seront finalis\u00e9es la semaine prochaine, ont d\u00e9clar\u00e9 des responsables de l&#8217;administration \u00e0 Reuters.<\/p>\n<p>La balle est dans le camp de Tesla<\/p>\n<p>\u00a0<\/p>\n<p>Avec des renseignements d\u2019Autoblog<\/p>\n<p>Le texte <a rel=\"nofollow\" href=\"https:\/\/annuelauto.ca\/pour-beneficier-des-milliards-du-gouvernement-americain-tesla-ouvrir-son-reseau-de-recharge-a-tous\/\">Pour b\u00e9n\u00e9ficier des milliards du gouvernement am\u00e9ricain, Tesla ouvrir son r\u00e9seau de recharge \u00e0 tous<\/a> provient de <a rel=\"nofollow\" href=\"https:\/\/annuelauto.ca\">L&#8217;annuel de l&#8217;automobile &#8211; Actualit\u00e9 automobile<\/a><\/p>\n<p><\/p>\n","protected":false},"excerpt":{"rendered":"<p>Le PDG de Tesla, Elon Musk, a souvent parl\u00e9 d&#8217;ouvrir son r\u00e9seau de recharge rapide \u00e0 la concurrence, mais il ne l&#8217;a jamais fait en Am\u00e9rique du Nord. Aujourd&#8217;hui, Musk pourrait avoir 7,5 milliards de raisons d&#8217;acc\u00e9l\u00e9rer ces projets. De l\u2019argent contre le r\u00e9seau Selon des responsables de l&#8217;administration Biden, le minist\u00e8re des Transports devrait [&hellip;]<\/p>\n","protected":false},"author":8,"featured_media":139890,"comment_status":"close","ping_status":"closed","sticky":false,"template":"","format":"standard","meta":{"_monsterinsights_skip_tracking":false,"_monsterinsights_sitenote_active":false,"_monsterinsights_sitenote_note":"","_monsterinsights_sitenote_category":0,"footnotes":""},"categories":[101],"tags":[],"yoast_head":"<!-- This site is optimized with the Yoast SEO plugin v23.2 - https:\/\/yoast.com\/wordpress\/plugins\/seo\/ -->\n<title>Pour b\u00e9n\u00e9ficier des milliards du gouvernement am\u00e9ricain, Tesla ouvrir son r\u00e9seau de recharge \u00e0 tous - CanadaMotorJobs.com<\/title>\n<meta name=\"description\" content=\"Pour b\u00e9n\u00e9ficier des milliards du gouvernement am\u00e9ricain, Tesla ouvrir son r\u00e9seau de recharge \u00e0 tous - Benoit Charette - Annuel automobile - CanadaMotorJobs.com.\" \/>\n<meta name=\"robots\" content=\"index, follow, max-snippet:-1, max-image-preview:large, max-video-preview:-1\" \/>\n<meta property=\"og:locale\" content=\"fr_CA\" \/>\n<meta property=\"og:type\" content=\"article\" \/>\n<meta property=\"og:title\" content=\"Pour b\u00e9n\u00e9ficier des milliards du gouvernement am\u00e9ricain, Tesla ouvrir son r\u00e9seau de recharge \u00e0 tous - CanadaMotorJobs.com\" \/>\n<meta property=\"og:description\" content=\"Pour b\u00e9n\u00e9ficier des milliards du gouvernement am\u00e9ricain, Tesla ouvrir son r\u00e9seau de recharge \u00e0 tous - Benoit Charette - Annuel automobile - CanadaMotorJobs.com.\" \/>\n<meta property=\"og:url\" content=\"https:\/\/news.canadamotorjobs.com\/fr\/pour-beneficier-des-milliards-du-gouvernement-americain-tesla-ouvrir-son-reseau-de-recharge-a-tous\/\" \/>\n<meta property=\"og:site_name\" content=\"CanadaMotorJobs.com\" \/>\n<meta property=\"article:publisher\" content=\"https:\/\/www.facebook.com\/canadamotorjobs\/\" \/>\n<meta property=\"article:published_time\" content=\"2023-02-11T13:58:07+00:00\" \/>\n<meta property=\"article:modified_time\" content=\"2023-02-11T13:59:30+00:00\" \/>\n<meta property=\"og:image\" content=\"https:\/\/news.canadamotorjobs.com\/wp-content\/uploads\/2023\/02\/tesla-supercharger.jpg\" \/>\n\t<meta property=\"og:image:width\" content=\"1920\" \/>\n\t<meta property=\"og:image:height\" content=\"1080\" \/>\n\t<meta property=\"og:image:type\" content=\"image\/jpeg\" \/>\n<meta name=\"author\" content=\"Benoit Charette\" \/>\n<meta name=\"twitter:card\" content=\"summary_large_image\" \/>\n<meta name=\"twitter:creator\" content=\"@canadamotorjobs\" \/>\n<meta name=\"twitter:site\" content=\"@canadamotorjobs\" \/>\n<meta name=\"twitter:label1\" content=\"\u00c9crit par\" \/>\n\t<meta name=\"twitter:data1\" content=\"Benoit Charette\" \/>\n\t<meta name=\"twitter:label2\" content=\"Estimation du temps de lecture\" \/>\n\t<meta name=\"twitter:data2\" content=\"2 minutes\" \/>\n<!-- \/ Yoast SEO plugin. -->","yoast_head_json":{"title":"Pour b\u00e9n\u00e9ficier des milliards du gouvernement am\u00e9ricain, Tesla ouvrir son r\u00e9seau de recharge \u00e0 tous - CanadaMotorJobs.com","description":"Pour b\u00e9n\u00e9ficier des milliards du gouvernement am\u00e9ricain, Tesla ouvrir son r\u00e9seau de recharge \u00e0 tous - Benoit Charette - Annuel automobile - CanadaMotorJobs.com.","robots":{"index":"index","follow":"follow","max-snippet":"max-snippet:-1","max-image-preview":"max-image-preview:large","max-video-preview":"max-video-preview:-1"},"og_locale":"fr_CA","og_type":"article","og_title":"Pour b\u00e9n\u00e9ficier des milliards du gouvernement am\u00e9ricain, Tesla ouvrir son r\u00e9seau de recharge \u00e0 tous - CanadaMotorJobs.com","og_description":"Pour b\u00e9n\u00e9ficier des milliards du gouvernement am\u00e9ricain, Tesla ouvrir son r\u00e9seau de recharge \u00e0 tous - Benoit Charette - Annuel automobile - CanadaMotorJobs.com.","og_url":"https:\/\/news.canadamotorjobs.com\/fr\/pour-beneficier-des-milliards-du-gouvernement-americain-tesla-ouvrir-son-reseau-de-recharge-a-tous\/","og_site_name":"CanadaMotorJobs.com","article_publisher":"https:\/\/www.facebook.com\/canadamotorjobs\/","article_published_time":"2023-02-11T13:58:07+00:00","article_modified_time":"2023-02-11T13:59:30+00:00","og_image":[{"width":1920,"height":1080,"url":"https:\/\/news.canadamotorjobs.com\/wp-content\/uploads\/2023\/02\/tesla-supercharger.jpg","type":"image\/jpeg"}],"author":"Benoit Charette","twitter_card":"summary_large_image","twitter_creator":"@canadamotorjobs","twitter_site":"@canadamotorjobs","twitter_misc":{"\u00c9crit par":"Benoit Charette","Estimation du temps de lecture":"2 minutes"},"schema":{"@context":"https:\/\/schema.org","@graph":[{"@type":"Article","@id":"https:\/\/news.canadamotorjobs.com\/fr\/pour-beneficier-des-milliards-du-gouvernement-americain-tesla-ouvrir-son-reseau-de-recharge-a-tous\/#article","isPartOf":{"@id":"https:\/\/news.canadamotorjobs.com\/fr\/pour-beneficier-des-milliards-du-gouvernement-americain-tesla-ouvrir-son-reseau-de-recharge-a-tous\/"},"author":{"name":"Benoit Charette","@id":"https:\/\/news.canadamotorjobs.com\/#\/schema\/person\/51793d1f87d44011d7bcc2ed99269a90"},"headline":"Pour b\u00e9n\u00e9ficier des milliards du gouvernement am\u00e9ricain, Tesla ouvrir son r\u00e9seau de recharge \u00e0 tous","datePublished":"2023-02-11T13:58:07+00:00","dateModified":"2023-02-11T13:59:30+00:00","mainEntityOfPage":{"@id":"https:\/\/news.canadamotorjobs.com\/fr\/pour-beneficier-des-milliards-du-gouvernement-americain-tesla-ouvrir-son-reseau-de-recharge-a-tous\/"},"wordCount":530,"publisher":{"@id":"https:\/\/news.canadamotorjobs.com\/#organization"},"image":{"@id":"https:\/\/news.canadamotorjobs.com\/fr\/pour-beneficier-des-milliards-du-gouvernement-americain-tesla-ouvrir-son-reseau-de-recharge-a-tous\/#primaryimage"},"thumbnailUrl":"https:\/\/news.canadamotorjobs.com\/wp-content\/uploads\/2023\/02\/tesla-supercharger.jpg","articleSection":["Annuel automobile"],"inLanguage":"fr-CA"},{"@type":"WebPage","@id":"https:\/\/news.canadamotorjobs.com\/fr\/pour-beneficier-des-milliards-du-gouvernement-americain-tesla-ouvrir-son-reseau-de-recharge-a-tous\/","url":"https:\/\/news.canadamotorjobs.com\/fr\/pour-beneficier-des-milliards-du-gouvernement-americain-tesla-ouvrir-son-reseau-de-recharge-a-tous\/","name":"Pour b\u00e9n\u00e9ficier des milliards du gouvernement am\u00e9ricain, Tesla ouvrir son r\u00e9seau de recharge \u00e0 tous - CanadaMotorJobs.com","isPartOf":{"@id":"https:\/\/news.canadamotorjobs.com\/#website"},"primaryImageOfPage":{"@id":"https:\/\/news.canadamotorjobs.com\/fr\/pour-beneficier-des-milliards-du-gouvernement-americain-tesla-ouvrir-son-reseau-de-recharge-a-tous\/#primaryimage"},"image":{"@id":"https:\/\/news.canadamotorjobs.com\/fr\/pour-beneficier-des-milliards-du-gouvernement-americain-tesla-ouvrir-son-reseau-de-recharge-a-tous\/#primaryimage"},"thumbnailUrl":"https:\/\/news.canadamotorjobs.com\/wp-content\/uploads\/2023\/02\/tesla-supercharger.jpg","datePublished":"2023-02-11T13:58:07+00:00","dateModified":"2023-02-11T13:59:30+00:00","description":"Pour b\u00e9n\u00e9ficier des milliards du gouvernement am\u00e9ricain, Tesla ouvrir son r\u00e9seau de recharge \u00e0 tous - Benoit Charette - Annuel automobile - CanadaMotorJobs.com.","breadcrumb":{"@id":"https:\/\/news.canadamotorjobs.com\/fr\/pour-beneficier-des-milliards-du-gouvernement-americain-tesla-ouvrir-son-reseau-de-recharge-a-tous\/#breadcrumb"},"inLanguage":"fr-CA","potentialAction":[{"@type":"ReadAction","target":["https:\/\/news.canadamotorjobs.com\/fr\/pour-beneficier-des-milliards-du-gouvernement-americain-tesla-ouvrir-son-reseau-de-recharge-a-tous\/"]}]},{"@type":"ImageObject","inLanguage":"fr-CA","@id":"https:\/\/news.canadamotorjobs.com\/fr\/pour-beneficier-des-milliards-du-gouvernement-americain-tesla-ouvrir-son-reseau-de-recharge-a-tous\/#primaryimage","url":"https:\/\/news.canadamotorjobs.com\/wp-content\/uploads\/2023\/02\/tesla-supercharger.jpg","contentUrl":"https:\/\/news.canadamotorjobs.com\/wp-content\/uploads\/2023\/02\/tesla-supercharger.jpg","width":1920,"height":1080},{"@type":"BreadcrumbList","@id":"https:\/\/news.canadamotorjobs.com\/fr\/pour-beneficier-des-milliards-du-gouvernement-americain-tesla-ouvrir-son-reseau-de-recharge-a-tous\/#breadcrumb","itemListElement":[{"@type":"ListItem","position":1,"name":"Home","item":"https:\/\/news.canadamotorjobs.com\/fr\/blog\/"},{"@type":"ListItem","position":2,"name":"Pour b\u00e9n\u00e9ficier des milliards du gouvernement am\u00e9ricain, Tesla ouvrir son r\u00e9seau de recharge \u00e0 tous"}]},{"@type":"WebSite","@id":"https:\/\/news.canadamotorjobs.com\/#website","url":"https:\/\/news.canadamotorjobs.com\/","name":"CanadaMotorJobs.com","description":"Automotive Jobs","publisher":{"@id":"https:\/\/news.canadamotorjobs.com\/#organization"},"potentialAction":[{"@type":"SearchAction","target":{"@type":"EntryPoint","urlTemplate":"https:\/\/news.canadamotorjobs.com\/?s={search_term_string}"},"query-input":"required name=search_term_string"}],"inLanguage":"fr-CA"},{"@type":"Organization","@id":"https:\/\/news.canadamotorjobs.com\/#organization","name":"Canada Motor Jobs","url":"https:\/\/news.canadamotorjobs.com\/","logo":{"@type":"ImageObject","inLanguage":"fr-CA","@id":"https:\/\/news.canadamotorjobs.com\/#\/schema\/logo\/image\/","url":"https:\/\/news.canadamotorjobs.com\/wp-content\/uploads\/2022\/10\/logo-canada-motor-jobs-1.png","contentUrl":"https:\/\/news.canadamotorjobs.com\/wp-content\/uploads\/2022\/10\/logo-canada-motor-jobs-1.png","width":800,"height":400,"caption":"Canada Motor Jobs"},"image":{"@id":"https:\/\/news.canadamotorjobs.com\/#\/schema\/logo\/image\/"},"sameAs":["https:\/\/www.facebook.com\/canadamotorjobs\/","https:\/\/x.com\/canadamotorjobs","https:\/\/www.instagram.com\/canadamotorjobs\/","https:\/\/www.linkedin.com\/company\/canadamotorjobs"]},{"@type":"Person","@id":"https:\/\/news.canadamotorjobs.com\/#\/schema\/person\/51793d1f87d44011d7bcc2ed99269a90","name":"Benoit Charette","image":{"@type":"ImageObject","inLanguage":"fr-CA","@id":"https:\/\/news.canadamotorjobs.com\/#\/schema\/person\/image\/","url":"https:\/\/secure.gravatar.com\/avatar\/45f3d2eebcccd909668d7ce7ea7267b6?s=96&d=mm&r=g","contentUrl":"https:\/\/secure.gravatar.com\/avatar\/45f3d2eebcccd909668d7ce7ea7267b6?s=96&d=mm&r=g","caption":"Benoit Charette"},"description":"Benoit Charette \/ Propri\u00e9taire et r\u00e9dacteur en chef Benoit Charette pratique le journalisme automobile depuis bient\u00f4t 30 ans. Il a fait ses classes au c\u00f4t\u00e9 de Daniel H\u00e9raud et au Carnet de route de 1992 \u00e0 2001. Il est fondateur, copropri\u00e9taire et r\u00e9dacteur en chef de L\u2019Annuel de l\u2019automobile, qu\u2019il publie depuis 2001. Il a anim\u00e9 les \u00e9missions RPM et RPM+ sur V et les L\u00e9gendes de la route sur Historia. \u00c0 la radio depuis 1986, il reprend l\u2019antenne cette ann\u00e9e sur les ondes de Cogeco et participe pour la deuxi\u00e8me ann\u00e9e \u00e0 l\u2019\u00e9mission Passion Auto sur RDS en plus de mettre en ligne le site Web officiel de L\u2019Annuel de l\u2019automobile sur annuelauto.ca.","sameAs":["https:\/\/annuelauto.ca\/"],"url":"https:\/\/news.canadamotorjobs.com\/fr\/author\/benoit-charette\/"}]}},"_links":{"self":[{"href":"https:\/\/news.canadamotorjobs.com\/fr\/wp-json\/wp\/v2\/posts\/139888"}],"collection":[{"href":"https:\/\/news.canadamotorjobs.com\/fr\/wp-json\/wp\/v2\/posts"}],"about":[{"href":"https:\/\/news.canadamotorjobs.com\/fr\/wp-json\/wp\/v2\/types\/post"}],"author":[{"embeddable":true,"href":"https:\/\/news.canadamotorjobs.com\/fr\/wp-json\/wp\/v2\/users\/8"}],"replies":[{"embeddable":true,"href":"https:\/\/news.canadamotorjobs.com\/fr\/wp-json\/wp\/v2\/comments?post=139888"}],"version-history":[{"count":2,"href":"https:\/\/news.canadamotorjobs.com\/fr\/wp-json\/wp\/v2\/posts\/139888\/revisions"}],"predecessor-version":[{"id":139892,"href":"https:\/\/news.canadamotorjobs.com\/fr\/wp-json\/wp\/v2\/posts\/139888\/revisions\/139892"}],"wp:featuredmedia":[{"embeddable":true,"href":"https:\/\/news.canadamotorjobs.com\/fr\/wp-json\/wp\/v2\/media\/139890"}],"wp:attachment":[{"href":"https:\/\/news.canadamotorjobs.com\/fr\/wp-json\/wp\/v2\/media?parent=139888"}],"wp:term":[{"taxonomy":"category","embeddable":true,"href":"https:\/\/news.canadamotorjobs.com\/fr\/wp-json\/wp\/v2\/categories?post=139888"},{"taxonomy":"post_tag","embeddable":true,"href":"https:\/\/news.canadamotorjobs.com\/fr\/wp-json\/wp\/v2\/tags?post=139888"}],"curies":[{"name":"wp","href":"https:\/\/api.w.org\/{rel}","templated":true}]}}