{"id":139845,"date":"2023-02-10T10:03:18","date_gmt":"2023-02-10T15:03:18","guid":{"rendered":"https:\/\/news.canadamotorjobs.com\/?p=139845"},"modified":"2023-02-10T10:14:51","modified_gmt":"2023-02-10T15:14:51","slug":"1-utilisateur-sur-5-est-insatisfait-du-systeme-de-recharge-publique","status":"publish","type":"post","link":"https:\/\/news.canadamotorjobs.com\/fr\/1-utilisateur-sur-5-est-insatisfait-du-systeme-de-recharge-publique\/","title":{"rendered":"1 utilisateur sur 5 est insatisfait du syst\u00e8me de recharge publique"},"content":{"rendered":"<\/p>\n<p>Voil\u00e0 une des conclusions d\u2019une \u00e9tude men\u00e9e par J.D. Power aux \u00c9tats-Unis. La firme de sondage a examin\u00e9 plus de 26\u00a0500 tentatives de recharge dans les 50 \u00e9tats am\u00e9ricains. Sa derni\u00e8re mise \u00e0 jour a d\u00e9termin\u00e9 que la fiabilit\u00e9 du r\u00e9seau de recharge est rest\u00e9e relativement stable entre le troisi\u00e8me et le quatri\u00e8me trimestre de 2022. Cependant, ce n&#8217;est pas vraiment une bonne nouvelle si l&#8217;on consid\u00e8re que pr\u00e8s d&#8217;une session de recharge sur cinq, soit 21,4\u00a0% de toutes les charges, a donn\u00e9 lieu \u00e0 un probl\u00e8me quelconque. Pour m\u00e9moire, ce chiffre est en hausse par rapport aux 14,3\u00a0% du deuxi\u00e8me trimestre\u00a02021.<\/p>\n<h3>Que se passe-t-il ?<\/h3>\n<p>\nLe r\u00e9seau de recharge le plus probl\u00e9matique aux \u00c9tats-Unis &#8211; qui n&#8217;a pas \u00e9t\u00e9 nomm\u00e9 par l&#8217;agence &#8211; a connu un taux d&#8217;\u00e9chec impressionnant de 39\u00a0% lorsque les propri\u00e9taires ont tent\u00e9 de recharger, soit pr\u00e8s de 2 tentatives de recharge sur 5 qui n&#8217;ont pas permis de fournir la moindre charge au v\u00e9hicule. Au Qu\u00e9bec, plusieurs utilisateurs se sont plaints du r\u00e9seau de recharge rapide de P\u00e9tro-Canada dont les bornes de 350\u00a0kW ne fonctionnent bien que tr\u00e8s rarement. Toutefois, aucune \u00e9tude n\u2019a \u00e9t\u00e9 faite \u00e0 ce sujet. Il y a tout de m\u00eame une bonne nouvelle. J.D Power confirme que les meilleurs r\u00e9seaux de recharge fonctionnent bien dans 97\u00a0% des cas. On d\u00e9note aussi une certaine insatisfaction de la client\u00e8le \u00e0 l\u2019\u00e9gard de la vitesse de recharge. Des gens qui vont \u00e0 une borne de 150\u00a0kW et rechargent \u00e0 une vitesse de seulement 60 ou 70\u00a0kW. D\u2019autres sur des bornes de 350\u00a0kW n\u2019arrivent pas \u00e0 recharger \u00e0 plus de 80 \u00e0 90\u00a0kW.<\/p>\n<h3>Plus de congestion aux bornes<\/h3>\n<p>\nLes propri\u00e9taires ont not\u00e9 une baisse de satisfaction concernant la vitesse de charge et une diminution de la disponibilit\u00e9 des chargeurs. Selon Automotive News, cette situation est probablement li\u00e9e au vieillissement des chargeurs, aux probl\u00e8mes de logiciel (y compris les erreurs de traitement des paiements), au vandalisme et au manque d&#8217;entretien de routine. L&#8217;acc\u00e8s \u00e0 une charge fiable est indispensable pour que l&#8217;adoption des V\u00c9 se d\u00e9roule avec succ\u00e8s au cours de la prochaine d\u00e9cennie, et comme le prouve la mise \u00e0 jour la plus r\u00e9cente de JD Power, les conducteurs de VE deviennent assez rapidement moins satisfaits de la charge.<\/p>\n<p>Avec des renseignements d&#8217;Automotive News<\/p>\n<p>Le texte <a rel=\"nofollow\" href=\"https:\/\/annuelauto.ca\/1-utilisateur-sur-5-est-insatisfait-du-systeme-de-recharge-publique\/\">1 utilisateur sur 5 est insatisfait du syst\u00e8me de recharge publique<\/a> provient de <a rel=\"nofollow\" href=\"https:\/\/annuelauto.ca\">L&#8217;annuel de l&#8217;automobile &#8211; Actualit\u00e9 automobile<\/a><\/p>\n<p><\/p>\n","protected":false},"excerpt":{"rendered":"<p>Voil\u00e0 une des conclusions d\u2019une \u00e9tude men\u00e9e par J.D. Power aux \u00c9tats-Unis. La firme de sondage a examin\u00e9 plus de 26\u00a0500 tentatives de recharge dans les 50 \u00e9tats am\u00e9ricains. Sa derni\u00e8re mise \u00e0 jour a d\u00e9termin\u00e9 que la fiabilit\u00e9 du r\u00e9seau de recharge est rest\u00e9e relativement stable entre le troisi\u00e8me et le quatri\u00e8me trimestre de [&hellip;]<\/p>\n","protected":false},"author":8,"featured_media":139847,"comment_status":"close","ping_status":"closed","sticky":false,"template":"","format":"standard","meta":{"_monsterinsights_skip_tracking":false,"_monsterinsights_sitenote_active":false,"_monsterinsights_sitenote_note":"","_monsterinsights_sitenote_category":0,"footnotes":""},"categories":[101],"tags":[],"yoast_head":"<!-- This site is optimized with the Yoast SEO plugin v23.2 - https:\/\/yoast.com\/wordpress\/plugins\/seo\/ -->\n<title>1 utilisateur sur 5 est insatisfait du syst\u00e8me de recharge publique - CanadaMotorJobs.com<\/title>\n<meta name=\"description\" content=\"1 utilisateur sur 5 est insatisfait du syst\u00e8me de recharge publique - Benoit Charette - Annuel automobile - CanadaMotorJobs.com.\" \/>\n<meta name=\"robots\" content=\"index, follow, max-snippet:-1, max-image-preview:large, max-video-preview:-1\" \/>\n<meta property=\"og:locale\" content=\"fr_CA\" \/>\n<meta property=\"og:type\" content=\"article\" \/>\n<meta property=\"og:title\" content=\"1 utilisateur sur 5 est insatisfait du syst\u00e8me de recharge publique - CanadaMotorJobs.com\" \/>\n<meta property=\"og:description\" content=\"1 utilisateur sur 5 est insatisfait du syst\u00e8me de recharge publique - Benoit Charette - Annuel automobile - CanadaMotorJobs.com.\" \/>\n<meta property=\"og:url\" content=\"https:\/\/news.canadamotorjobs.com\/fr\/1-utilisateur-sur-5-est-insatisfait-du-systeme-de-recharge-publique\/\" \/>\n<meta property=\"og:site_name\" content=\"CanadaMotorJobs.com\" \/>\n<meta property=\"article:publisher\" content=\"https:\/\/www.facebook.com\/canadamotorjobs\/\" \/>\n<meta property=\"article:published_time\" content=\"2023-02-10T15:03:18+00:00\" \/>\n<meta property=\"article:modified_time\" content=\"2023-02-10T15:14:51+00:00\" \/>\n<meta property=\"og:image\" content=\"https:\/\/news.canadamotorjobs.com\/wp-content\/uploads\/2023\/02\/petro-canada-ev-charger_1050.jpg\" \/>\n\t<meta property=\"og:image:width\" content=\"1050\" \/>\n\t<meta property=\"og:image:height\" content=\"551\" \/>\n\t<meta property=\"og:image:type\" content=\"image\/jpeg\" \/>\n<meta name=\"author\" content=\"Benoit Charette\" \/>\n<meta name=\"twitter:card\" content=\"summary_large_image\" \/>\n<meta name=\"twitter:creator\" content=\"@canadamotorjobs\" \/>\n<meta name=\"twitter:site\" content=\"@canadamotorjobs\" \/>\n<meta name=\"twitter:label1\" content=\"\u00c9crit par\" \/>\n\t<meta name=\"twitter:data1\" content=\"Benoit Charette\" \/>\n\t<meta name=\"twitter:label2\" content=\"Estimation du temps de lecture\" \/>\n\t<meta name=\"twitter:data2\" content=\"2 minutes\" \/>\n<!-- \/ Yoast SEO plugin. -->","yoast_head_json":{"title":"1 utilisateur sur 5 est insatisfait du syst\u00e8me de recharge publique - CanadaMotorJobs.com","description":"1 utilisateur sur 5 est insatisfait du syst\u00e8me de recharge publique - Benoit Charette - Annuel automobile - CanadaMotorJobs.com.","robots":{"index":"index","follow":"follow","max-snippet":"max-snippet:-1","max-image-preview":"max-image-preview:large","max-video-preview":"max-video-preview:-1"},"og_locale":"fr_CA","og_type":"article","og_title":"1 utilisateur sur 5 est insatisfait du syst\u00e8me de recharge publique - CanadaMotorJobs.com","og_description":"1 utilisateur sur 5 est insatisfait du syst\u00e8me de recharge publique - Benoit Charette - Annuel automobile - CanadaMotorJobs.com.","og_url":"https:\/\/news.canadamotorjobs.com\/fr\/1-utilisateur-sur-5-est-insatisfait-du-systeme-de-recharge-publique\/","og_site_name":"CanadaMotorJobs.com","article_publisher":"https:\/\/www.facebook.com\/canadamotorjobs\/","article_published_time":"2023-02-10T15:03:18+00:00","article_modified_time":"2023-02-10T15:14:51+00:00","og_image":[{"width":1050,"height":551,"url":"https:\/\/news.canadamotorjobs.com\/wp-content\/uploads\/2023\/02\/petro-canada-ev-charger_1050.jpg","type":"image\/jpeg"}],"author":"Benoit Charette","twitter_card":"summary_large_image","twitter_creator":"@canadamotorjobs","twitter_site":"@canadamotorjobs","twitter_misc":{"\u00c9crit par":"Benoit Charette","Estimation du temps de lecture":"2 minutes"},"schema":{"@context":"https:\/\/schema.org","@graph":[{"@type":"Article","@id":"https:\/\/news.canadamotorjobs.com\/fr\/1-utilisateur-sur-5-est-insatisfait-du-systeme-de-recharge-publique\/#article","isPartOf":{"@id":"https:\/\/news.canadamotorjobs.com\/fr\/1-utilisateur-sur-5-est-insatisfait-du-systeme-de-recharge-publique\/"},"author":{"name":"Benoit Charette","@id":"https:\/\/news.canadamotorjobs.com\/#\/schema\/person\/51793d1f87d44011d7bcc2ed99269a90"},"headline":"1 utilisateur sur 5 est insatisfait du syst\u00e8me de recharge publique","datePublished":"2023-02-10T15:03:18+00:00","dateModified":"2023-02-10T15:14:51+00:00","mainEntityOfPage":{"@id":"https:\/\/news.canadamotorjobs.com\/fr\/1-utilisateur-sur-5-est-insatisfait-du-systeme-de-recharge-publique\/"},"wordCount":439,"publisher":{"@id":"https:\/\/news.canadamotorjobs.com\/#organization"},"image":{"@id":"https:\/\/news.canadamotorjobs.com\/fr\/1-utilisateur-sur-5-est-insatisfait-du-systeme-de-recharge-publique\/#primaryimage"},"thumbnailUrl":"https:\/\/news.canadamotorjobs.com\/wp-content\/uploads\/2023\/02\/petro-canada-ev-charger_1050.jpg","articleSection":["Annuel automobile"],"inLanguage":"fr-CA"},{"@type":"WebPage","@id":"https:\/\/news.canadamotorjobs.com\/fr\/1-utilisateur-sur-5-est-insatisfait-du-systeme-de-recharge-publique\/","url":"https:\/\/news.canadamotorjobs.com\/fr\/1-utilisateur-sur-5-est-insatisfait-du-systeme-de-recharge-publique\/","name":"1 utilisateur sur 5 est insatisfait du syst\u00e8me de recharge publique - CanadaMotorJobs.com","isPartOf":{"@id":"https:\/\/news.canadamotorjobs.com\/#website"},"primaryImageOfPage":{"@id":"https:\/\/news.canadamotorjobs.com\/fr\/1-utilisateur-sur-5-est-insatisfait-du-systeme-de-recharge-publique\/#primaryimage"},"image":{"@id":"https:\/\/news.canadamotorjobs.com\/fr\/1-utilisateur-sur-5-est-insatisfait-du-systeme-de-recharge-publique\/#primaryimage"},"thumbnailUrl":"https:\/\/news.canadamotorjobs.com\/wp-content\/uploads\/2023\/02\/petro-canada-ev-charger_1050.jpg","datePublished":"2023-02-10T15:03:18+00:00","dateModified":"2023-02-10T15:14:51+00:00","description":"1 utilisateur sur 5 est insatisfait du syst\u00e8me de recharge publique - Benoit Charette - Annuel automobile - CanadaMotorJobs.com.","breadcrumb":{"@id":"https:\/\/news.canadamotorjobs.com\/fr\/1-utilisateur-sur-5-est-insatisfait-du-systeme-de-recharge-publique\/#breadcrumb"},"inLanguage":"fr-CA","potentialAction":[{"@type":"ReadAction","target":["https:\/\/news.canadamotorjobs.com\/fr\/1-utilisateur-sur-5-est-insatisfait-du-systeme-de-recharge-publique\/"]}]},{"@type":"ImageObject","inLanguage":"fr-CA","@id":"https:\/\/news.canadamotorjobs.com\/fr\/1-utilisateur-sur-5-est-insatisfait-du-systeme-de-recharge-publique\/#primaryimage","url":"https:\/\/news.canadamotorjobs.com\/wp-content\/uploads\/2023\/02\/petro-canada-ev-charger_1050.jpg","contentUrl":"https:\/\/news.canadamotorjobs.com\/wp-content\/uploads\/2023\/02\/petro-canada-ev-charger_1050.jpg","width":1050,"height":551},{"@type":"BreadcrumbList","@id":"https:\/\/news.canadamotorjobs.com\/fr\/1-utilisateur-sur-5-est-insatisfait-du-systeme-de-recharge-publique\/#breadcrumb","itemListElement":[{"@type":"ListItem","position":1,"name":"Home","item":"https:\/\/news.canadamotorjobs.com\/fr\/blog\/"},{"@type":"ListItem","position":2,"name":"1 utilisateur sur 5 est insatisfait du syst\u00e8me de recharge publique"}]},{"@type":"WebSite","@id":"https:\/\/news.canadamotorjobs.com\/#website","url":"https:\/\/news.canadamotorjobs.com\/","name":"CanadaMotorJobs.com","description":"Automotive Jobs","publisher":{"@id":"https:\/\/news.canadamotorjobs.com\/#organization"},"potentialAction":[{"@type":"SearchAction","target":{"@type":"EntryPoint","urlTemplate":"https:\/\/news.canadamotorjobs.com\/?s={search_term_string}"},"query-input":"required name=search_term_string"}],"inLanguage":"fr-CA"},{"@type":"Organization","@id":"https:\/\/news.canadamotorjobs.com\/#organization","name":"Canada Motor Jobs","url":"https:\/\/news.canadamotorjobs.com\/","logo":{"@type":"ImageObject","inLanguage":"fr-CA","@id":"https:\/\/news.canadamotorjobs.com\/#\/schema\/logo\/image\/","url":"https:\/\/news.canadamotorjobs.com\/wp-content\/uploads\/2022\/10\/logo-canada-motor-jobs-1.png","contentUrl":"https:\/\/news.canadamotorjobs.com\/wp-content\/uploads\/2022\/10\/logo-canada-motor-jobs-1.png","width":800,"height":400,"caption":"Canada Motor Jobs"},"image":{"@id":"https:\/\/news.canadamotorjobs.com\/#\/schema\/logo\/image\/"},"sameAs":["https:\/\/www.facebook.com\/canadamotorjobs\/","https:\/\/x.com\/canadamotorjobs","https:\/\/www.instagram.com\/canadamotorjobs\/","https:\/\/www.linkedin.com\/company\/canadamotorjobs"]},{"@type":"Person","@id":"https:\/\/news.canadamotorjobs.com\/#\/schema\/person\/51793d1f87d44011d7bcc2ed99269a90","name":"Benoit Charette","image":{"@type":"ImageObject","inLanguage":"fr-CA","@id":"https:\/\/news.canadamotorjobs.com\/#\/schema\/person\/image\/","url":"https:\/\/secure.gravatar.com\/avatar\/45f3d2eebcccd909668d7ce7ea7267b6?s=96&d=mm&r=g","contentUrl":"https:\/\/secure.gravatar.com\/avatar\/45f3d2eebcccd909668d7ce7ea7267b6?s=96&d=mm&r=g","caption":"Benoit Charette"},"description":"Benoit Charette \/ Propri\u00e9taire et r\u00e9dacteur en chef Benoit Charette pratique le journalisme automobile depuis bient\u00f4t 30 ans. Il a fait ses classes au c\u00f4t\u00e9 de Daniel H\u00e9raud et au Carnet de route de 1992 \u00e0 2001. Il est fondateur, copropri\u00e9taire et r\u00e9dacteur en chef de L\u2019Annuel de l\u2019automobile, qu\u2019il publie depuis 2001. Il a anim\u00e9 les \u00e9missions RPM et RPM+ sur V et les L\u00e9gendes de la route sur Historia. \u00c0 la radio depuis 1986, il reprend l\u2019antenne cette ann\u00e9e sur les ondes de Cogeco et participe pour la deuxi\u00e8me ann\u00e9e \u00e0 l\u2019\u00e9mission Passion Auto sur RDS en plus de mettre en ligne le site Web officiel de L\u2019Annuel de l\u2019automobile sur annuelauto.ca.","sameAs":["https:\/\/annuelauto.ca\/"],"url":"https:\/\/news.canadamotorjobs.com\/fr\/author\/benoit-charette\/"}]}},"_links":{"self":[{"href":"https:\/\/news.canadamotorjobs.com\/fr\/wp-json\/wp\/v2\/posts\/139845"}],"collection":[{"href":"https:\/\/news.canadamotorjobs.com\/fr\/wp-json\/wp\/v2\/posts"}],"about":[{"href":"https:\/\/news.canadamotorjobs.com\/fr\/wp-json\/wp\/v2\/types\/post"}],"author":[{"embeddable":true,"href":"https:\/\/news.canadamotorjobs.com\/fr\/wp-json\/wp\/v2\/users\/8"}],"replies":[{"embeddable":true,"href":"https:\/\/news.canadamotorjobs.com\/fr\/wp-json\/wp\/v2\/comments?post=139845"}],"version-history":[{"count":2,"href":"https:\/\/news.canadamotorjobs.com\/fr\/wp-json\/wp\/v2\/posts\/139845\/revisions"}],"predecessor-version":[{"id":139849,"href":"https:\/\/news.canadamotorjobs.com\/fr\/wp-json\/wp\/v2\/posts\/139845\/revisions\/139849"}],"wp:featuredmedia":[{"embeddable":true,"href":"https:\/\/news.canadamotorjobs.com\/fr\/wp-json\/wp\/v2\/media\/139847"}],"wp:attachment":[{"href":"https:\/\/news.canadamotorjobs.com\/fr\/wp-json\/wp\/v2\/media?parent=139845"}],"wp:term":[{"taxonomy":"category","embeddable":true,"href":"https:\/\/news.canadamotorjobs.com\/fr\/wp-json\/wp\/v2\/categories?post=139845"},{"taxonomy":"post_tag","embeddable":true,"href":"https:\/\/news.canadamotorjobs.com\/fr\/wp-json\/wp\/v2\/tags?post=139845"}],"curies":[{"name":"wp","href":"https:\/\/api.w.org\/{rel}","templated":true}]}}