{"id":139822,"date":"2023-02-10T09:20:50","date_gmt":"2023-02-10T14:20:50","guid":{"rendered":"https:\/\/news.canadamotorjobs.com\/?p=139822"},"modified":"2023-02-10T09:29:47","modified_gmt":"2023-02-10T14:29:47","slug":"un-volkswagen-atlas-2024-sans-moteur-vr6","status":"publish","type":"post","link":"https:\/\/news.canadamotorjobs.com\/fr\/un-volkswagen-atlas-2024-sans-moteur-vr6\/","title":{"rendered":"Un Volkswagen Atlas 2024 sans moteur VR6"},"content":{"rendered":"<\/p>\n<p>Volkswagen a d\u00e9voil\u00e9 hier une mise \u00e0 jour de son VUS Atlas. Les int\u00e9rieurs ont \u00e9t\u00e9 am\u00e9lior\u00e9s, les ext\u00e9rieurs sont plus \u00e9l\u00e9gant et le 4 cylindres 2,0 litres turbo est d\u00e9sormais le seul moteur livrable dans toutes les versions. Le vieux VR6 a rendu les armes.<\/p>\n<h3>Un habitacle plus moderne<\/h3>\n<p>\nVolkswagen a profit\u00e9 de ce rafra\u00eechissement pour installer un \u00e9cran tactile de 12 pouces, un volant chauffant et des mat\u00e9riaux haut de gamme. Du cuir matelass\u00e9 et un \u00e9clairage d&#8217;ambiance avec 30 choix de couleurs sont disponibles. La nouvelle console centrale a un style unique et sur\u00e9lev\u00e9, accompagn\u00e9 d&#8217;un grand espace de rangement en dessous. Vous avez aussi le Volkswagen Digital Cockpit Pro de 10,25 pouces, le syst\u00e8me d&#8217;aide \u00e0 la conduite IQ DRIVE et bien plus encore.<\/p>\n<h3>Plus contemporain \u00e0 l\u2019ext\u00e9rieur aussi<\/h3>\n<p>\nL&#8217;ext\u00e9rieur profite d\u2019un \u00e9clairage repens\u00e9 \u00e0 l\u2019avant et \u00e0 l\u2019arri\u00e8re pour une visibilit\u00e9 et un style accrus. Chaque VUS re\u00e7oit une large calandre chrom\u00e9e iconique \u00e0 quatre barres entour\u00e9e de phares \u00e0 DEL coupl\u00e9s \u00e0 l&#8217;AFS, qui est d\u00e9sormais une caract\u00e9ristique de s\u00e9rie. L&#8217;arri\u00e8re des deux v\u00e9hicules est dot\u00e9 d&#8217;un becquet plus grand, qui prolonge leur ligne de toit et cr\u00e9e un profil lat\u00e9ral plus \u00e9pur\u00e9. En outre, toutes les variantes adoptent la m\u00eame signature lumineuse \u00e0 l&#8217;arri\u00e8re, avec une barre lumineuse et le logo VW situ\u00e9s entre les feux arri\u00e8re \u00e0 DEL. L&#8217;Atlas Cross Sport re\u00e7oit des touches uniques dans une calandre aux d\u00e9tails noirs brillants et un design en &#8220;X&#8221; noir brillant couvrant le fascia inf\u00e9rieur, ainsi qu&#8217;un diffuseur arri\u00e8re plus agressif.<\/p>\n<h3>Quelques chevaux de plus<\/h3>\n<p>\nLe moteur quatre cylindres turbo de 2,0 litres, d\u00e9sormais de s\u00e9rie sur toute la gamme, a \u00e9t\u00e9 mis \u00e0 jour pour offrir de meilleures performances et une \u00e9conomie de carburant accrue. La puissance est pass\u00e9e \u00e0 269 chevaux et le couple \u00e0 273 lb-pi (contre 235 et 258 respectivement), alimentant la transmission automatique \u00e0 8 rapports et le syst\u00e8me de traction int\u00e9grale 4MOTION de Volkswagen. Les d\u00e9tails concernant le produit, y compris les sp\u00e9cifications et les prix, seront annonc\u00e9s avant sa sortie au d\u00e9but du troisi\u00e8me trimestre.<\/p>\n<p>Source\u00a0: Volkswagen<\/p>\n<p>Le texte <a rel=\"nofollow\" href=\"https:\/\/annuelauto.ca\/un-volkswagen-atlas-2024-sans-moteur-vr6\/\">Un Volkswagen Atlas 2024 sans moteur VR6<\/a> provient de <a rel=\"nofollow\" href=\"https:\/\/annuelauto.ca\">L&#8217;annuel de l&#8217;automobile &#8211; Actualit\u00e9 automobile<\/a><\/p>\n<p><\/p>\n","protected":false},"excerpt":{"rendered":"<p>Volkswagen a d\u00e9voil\u00e9 hier une mise \u00e0 jour de son VUS Atlas. Les int\u00e9rieurs ont \u00e9t\u00e9 am\u00e9lior\u00e9s, les ext\u00e9rieurs sont plus \u00e9l\u00e9gant et le 4 cylindres 2,0 litres turbo est d\u00e9sormais le seul moteur livrable dans toutes les versions. Le vieux VR6 a rendu les armes. Un habitacle plus moderne Volkswagen a profit\u00e9 de ce [&hellip;]<\/p>\n","protected":false},"author":8,"featured_media":139824,"comment_status":"close","ping_status":"closed","sticky":false,"template":"","format":"standard","meta":{"_monsterinsights_skip_tracking":false,"_monsterinsights_sitenote_active":false,"_monsterinsights_sitenote_note":"","_monsterinsights_sitenote_category":0,"footnotes":""},"categories":[101],"tags":[],"yoast_head":"<!-- This site is optimized with the Yoast SEO plugin v23.2 - https:\/\/yoast.com\/wordpress\/plugins\/seo\/ -->\n<title>Un Volkswagen Atlas 2024 sans moteur VR6 - CanadaMotorJobs.com<\/title>\n<meta name=\"description\" content=\"Un Volkswagen Atlas 2024 sans moteur VR6 - Benoit Charette - Annuel automobile - CanadaMotorJobs.com.\" \/>\n<meta name=\"robots\" content=\"index, follow, max-snippet:-1, max-image-preview:large, max-video-preview:-1\" \/>\n<meta property=\"og:locale\" content=\"fr_CA\" \/>\n<meta property=\"og:type\" content=\"article\" \/>\n<meta property=\"og:title\" content=\"Un Volkswagen Atlas 2024 sans moteur VR6 - CanadaMotorJobs.com\" \/>\n<meta property=\"og:description\" content=\"Un Volkswagen Atlas 2024 sans moteur VR6 - Benoit Charette - Annuel automobile - CanadaMotorJobs.com.\" \/>\n<meta property=\"og:url\" content=\"https:\/\/news.canadamotorjobs.com\/fr\/un-volkswagen-atlas-2024-sans-moteur-vr6\/\" \/>\n<meta property=\"og:site_name\" content=\"CanadaMotorJobs.com\" \/>\n<meta property=\"article:publisher\" content=\"https:\/\/www.facebook.com\/canadamotorjobs\/\" \/>\n<meta property=\"article:published_time\" content=\"2023-02-10T14:20:50+00:00\" \/>\n<meta property=\"article:modified_time\" content=\"2023-02-10T14:29:47+00:00\" \/>\n<meta property=\"og:image\" content=\"https:\/\/news.canadamotorjobs.com\/wp-content\/uploads\/2023\/02\/23VW01_Atlas_Exterior_1205.jpg\" \/>\n\t<meta property=\"og:image:width\" content=\"1200\" \/>\n\t<meta property=\"og:image:height\" content=\"800\" \/>\n\t<meta property=\"og:image:type\" content=\"image\/jpeg\" \/>\n<meta name=\"author\" content=\"Benoit Charette\" \/>\n<meta name=\"twitter:card\" content=\"summary_large_image\" \/>\n<meta name=\"twitter:creator\" content=\"@canadamotorjobs\" \/>\n<meta name=\"twitter:site\" content=\"@canadamotorjobs\" \/>\n<meta name=\"twitter:label1\" content=\"\u00c9crit par\" \/>\n\t<meta name=\"twitter:data1\" content=\"Benoit Charette\" \/>\n\t<meta name=\"twitter:label2\" content=\"Estimation du temps de lecture\" \/>\n\t<meta name=\"twitter:data2\" content=\"2 minutes\" \/>\n<!-- \/ Yoast SEO plugin. -->","yoast_head_json":{"title":"Un Volkswagen Atlas 2024 sans moteur VR6 - CanadaMotorJobs.com","description":"Un Volkswagen Atlas 2024 sans moteur VR6 - Benoit Charette - Annuel automobile - CanadaMotorJobs.com.","robots":{"index":"index","follow":"follow","max-snippet":"max-snippet:-1","max-image-preview":"max-image-preview:large","max-video-preview":"max-video-preview:-1"},"og_locale":"fr_CA","og_type":"article","og_title":"Un Volkswagen Atlas 2024 sans moteur VR6 - CanadaMotorJobs.com","og_description":"Un Volkswagen Atlas 2024 sans moteur VR6 - Benoit Charette - Annuel automobile - CanadaMotorJobs.com.","og_url":"https:\/\/news.canadamotorjobs.com\/fr\/un-volkswagen-atlas-2024-sans-moteur-vr6\/","og_site_name":"CanadaMotorJobs.com","article_publisher":"https:\/\/www.facebook.com\/canadamotorjobs\/","article_published_time":"2023-02-10T14:20:50+00:00","article_modified_time":"2023-02-10T14:29:47+00:00","og_image":[{"width":1200,"height":800,"url":"https:\/\/news.canadamotorjobs.com\/wp-content\/uploads\/2023\/02\/23VW01_Atlas_Exterior_1205.jpg","type":"image\/jpeg"}],"author":"Benoit Charette","twitter_card":"summary_large_image","twitter_creator":"@canadamotorjobs","twitter_site":"@canadamotorjobs","twitter_misc":{"\u00c9crit par":"Benoit Charette","Estimation du temps de lecture":"2 minutes"},"schema":{"@context":"https:\/\/schema.org","@graph":[{"@type":"Article","@id":"https:\/\/news.canadamotorjobs.com\/fr\/un-volkswagen-atlas-2024-sans-moteur-vr6\/#article","isPartOf":{"@id":"https:\/\/news.canadamotorjobs.com\/fr\/un-volkswagen-atlas-2024-sans-moteur-vr6\/"},"author":{"name":"Benoit Charette","@id":"https:\/\/news.canadamotorjobs.com\/#\/schema\/person\/51793d1f87d44011d7bcc2ed99269a90"},"headline":"Un Volkswagen Atlas 2024 sans moteur VR6","datePublished":"2023-02-10T14:20:50+00:00","dateModified":"2023-02-10T14:29:47+00:00","mainEntityOfPage":{"@id":"https:\/\/news.canadamotorjobs.com\/fr\/un-volkswagen-atlas-2024-sans-moteur-vr6\/"},"wordCount":405,"publisher":{"@id":"https:\/\/news.canadamotorjobs.com\/#organization"},"image":{"@id":"https:\/\/news.canadamotorjobs.com\/fr\/un-volkswagen-atlas-2024-sans-moteur-vr6\/#primaryimage"},"thumbnailUrl":"https:\/\/news.canadamotorjobs.com\/wp-content\/uploads\/2023\/02\/23VW01_Atlas_Exterior_1205.jpg","articleSection":["Annuel automobile"],"inLanguage":"fr-CA"},{"@type":"WebPage","@id":"https:\/\/news.canadamotorjobs.com\/fr\/un-volkswagen-atlas-2024-sans-moteur-vr6\/","url":"https:\/\/news.canadamotorjobs.com\/fr\/un-volkswagen-atlas-2024-sans-moteur-vr6\/","name":"Un Volkswagen Atlas 2024 sans moteur VR6 - CanadaMotorJobs.com","isPartOf":{"@id":"https:\/\/news.canadamotorjobs.com\/#website"},"primaryImageOfPage":{"@id":"https:\/\/news.canadamotorjobs.com\/fr\/un-volkswagen-atlas-2024-sans-moteur-vr6\/#primaryimage"},"image":{"@id":"https:\/\/news.canadamotorjobs.com\/fr\/un-volkswagen-atlas-2024-sans-moteur-vr6\/#primaryimage"},"thumbnailUrl":"https:\/\/news.canadamotorjobs.com\/wp-content\/uploads\/2023\/02\/23VW01_Atlas_Exterior_1205.jpg","datePublished":"2023-02-10T14:20:50+00:00","dateModified":"2023-02-10T14:29:47+00:00","description":"Un Volkswagen Atlas 2024 sans moteur VR6 - Benoit Charette - Annuel automobile - CanadaMotorJobs.com.","breadcrumb":{"@id":"https:\/\/news.canadamotorjobs.com\/fr\/un-volkswagen-atlas-2024-sans-moteur-vr6\/#breadcrumb"},"inLanguage":"fr-CA","potentialAction":[{"@type":"ReadAction","target":["https:\/\/news.canadamotorjobs.com\/fr\/un-volkswagen-atlas-2024-sans-moteur-vr6\/"]}]},{"@type":"ImageObject","inLanguage":"fr-CA","@id":"https:\/\/news.canadamotorjobs.com\/fr\/un-volkswagen-atlas-2024-sans-moteur-vr6\/#primaryimage","url":"https:\/\/news.canadamotorjobs.com\/wp-content\/uploads\/2023\/02\/23VW01_Atlas_Exterior_1205.jpg","contentUrl":"https:\/\/news.canadamotorjobs.com\/wp-content\/uploads\/2023\/02\/23VW01_Atlas_Exterior_1205.jpg","width":1200,"height":800},{"@type":"BreadcrumbList","@id":"https:\/\/news.canadamotorjobs.com\/fr\/un-volkswagen-atlas-2024-sans-moteur-vr6\/#breadcrumb","itemListElement":[{"@type":"ListItem","position":1,"name":"Home","item":"https:\/\/news.canadamotorjobs.com\/fr\/blog\/"},{"@type":"ListItem","position":2,"name":"Un Volkswagen Atlas 2024 sans moteur VR6"}]},{"@type":"WebSite","@id":"https:\/\/news.canadamotorjobs.com\/#website","url":"https:\/\/news.canadamotorjobs.com\/","name":"CanadaMotorJobs.com","description":"Automotive Jobs","publisher":{"@id":"https:\/\/news.canadamotorjobs.com\/#organization"},"potentialAction":[{"@type":"SearchAction","target":{"@type":"EntryPoint","urlTemplate":"https:\/\/news.canadamotorjobs.com\/?s={search_term_string}"},"query-input":"required name=search_term_string"}],"inLanguage":"fr-CA"},{"@type":"Organization","@id":"https:\/\/news.canadamotorjobs.com\/#organization","name":"Canada Motor Jobs","url":"https:\/\/news.canadamotorjobs.com\/","logo":{"@type":"ImageObject","inLanguage":"fr-CA","@id":"https:\/\/news.canadamotorjobs.com\/#\/schema\/logo\/image\/","url":"https:\/\/news.canadamotorjobs.com\/wp-content\/uploads\/2022\/10\/logo-canada-motor-jobs-1.png","contentUrl":"https:\/\/news.canadamotorjobs.com\/wp-content\/uploads\/2022\/10\/logo-canada-motor-jobs-1.png","width":800,"height":400,"caption":"Canada Motor Jobs"},"image":{"@id":"https:\/\/news.canadamotorjobs.com\/#\/schema\/logo\/image\/"},"sameAs":["https:\/\/www.facebook.com\/canadamotorjobs\/","https:\/\/x.com\/canadamotorjobs","https:\/\/www.instagram.com\/canadamotorjobs\/","https:\/\/www.linkedin.com\/company\/canadamotorjobs"]},{"@type":"Person","@id":"https:\/\/news.canadamotorjobs.com\/#\/schema\/person\/51793d1f87d44011d7bcc2ed99269a90","name":"Benoit Charette","image":{"@type":"ImageObject","inLanguage":"fr-CA","@id":"https:\/\/news.canadamotorjobs.com\/#\/schema\/person\/image\/","url":"https:\/\/secure.gravatar.com\/avatar\/45f3d2eebcccd909668d7ce7ea7267b6?s=96&d=mm&r=g","contentUrl":"https:\/\/secure.gravatar.com\/avatar\/45f3d2eebcccd909668d7ce7ea7267b6?s=96&d=mm&r=g","caption":"Benoit Charette"},"description":"Benoit Charette \/ Propri\u00e9taire et r\u00e9dacteur en chef Benoit Charette pratique le journalisme automobile depuis bient\u00f4t 30 ans. Il a fait ses classes au c\u00f4t\u00e9 de Daniel H\u00e9raud et au Carnet de route de 1992 \u00e0 2001. Il est fondateur, copropri\u00e9taire et r\u00e9dacteur en chef de L\u2019Annuel de l\u2019automobile, qu\u2019il publie depuis 2001. Il a anim\u00e9 les \u00e9missions RPM et RPM+ sur V et les L\u00e9gendes de la route sur Historia. \u00c0 la radio depuis 1986, il reprend l\u2019antenne cette ann\u00e9e sur les ondes de Cogeco et participe pour la deuxi\u00e8me ann\u00e9e \u00e0 l\u2019\u00e9mission Passion Auto sur RDS en plus de mettre en ligne le site Web officiel de L\u2019Annuel de l\u2019automobile sur annuelauto.ca.","sameAs":["https:\/\/annuelauto.ca\/"],"url":"https:\/\/news.canadamotorjobs.com\/fr\/author\/benoit-charette\/"}]}},"_links":{"self":[{"href":"https:\/\/news.canadamotorjobs.com\/fr\/wp-json\/wp\/v2\/posts\/139822"}],"collection":[{"href":"https:\/\/news.canadamotorjobs.com\/fr\/wp-json\/wp\/v2\/posts"}],"about":[{"href":"https:\/\/news.canadamotorjobs.com\/fr\/wp-json\/wp\/v2\/types\/post"}],"author":[{"embeddable":true,"href":"https:\/\/news.canadamotorjobs.com\/fr\/wp-json\/wp\/v2\/users\/8"}],"replies":[{"embeddable":true,"href":"https:\/\/news.canadamotorjobs.com\/fr\/wp-json\/wp\/v2\/comments?post=139822"}],"version-history":[{"count":2,"href":"https:\/\/news.canadamotorjobs.com\/fr\/wp-json\/wp\/v2\/posts\/139822\/revisions"}],"predecessor-version":[{"id":139826,"href":"https:\/\/news.canadamotorjobs.com\/fr\/wp-json\/wp\/v2\/posts\/139822\/revisions\/139826"}],"wp:featuredmedia":[{"embeddable":true,"href":"https:\/\/news.canadamotorjobs.com\/fr\/wp-json\/wp\/v2\/media\/139824"}],"wp:attachment":[{"href":"https:\/\/news.canadamotorjobs.com\/fr\/wp-json\/wp\/v2\/media?parent=139822"}],"wp:term":[{"taxonomy":"category","embeddable":true,"href":"https:\/\/news.canadamotorjobs.com\/fr\/wp-json\/wp\/v2\/categories?post=139822"},{"taxonomy":"post_tag","embeddable":true,"href":"https:\/\/news.canadamotorjobs.com\/fr\/wp-json\/wp\/v2\/tags?post=139822"}],"curies":[{"name":"wp","href":"https:\/\/api.w.org\/{rel}","templated":true}]}}