{"id":139795,"date":"2023-02-09T08:49:40","date_gmt":"2023-02-09T13:49:40","guid":{"rendered":"https:\/\/news.canadamotorjobs.com\/?p=139795"},"modified":"2023-02-09T09:00:25","modified_gmt":"2023-02-09T14:00:25","slug":"toyota-rappelle-16-000-rav4-prime","status":"publish","type":"post","link":"https:\/\/news.canadamotorjobs.com\/fr\/toyota-rappelle-16-000-rav4-prime\/","title":{"rendered":"Toyota rappelle 16\u00a0000 RAV4 Prime"},"content":{"rendered":"<\/p>\n<p>Toyota rappelle environ 16 000 de ses hybrides rechargeables RAV4 Prime 2021 en raison d&#8217;un probl\u00e8me qui pourrait arr\u00eater le syst\u00e8me hybride. Toyota a d\u00e9clar\u00e9 dans un communiqu\u00e9 que le probl\u00e8me concerne l\u2019unit\u00e9 de commande \u00e9lectronique (ECU) du v\u00e9hicule.<\/p>\n<h3>Le v\u00e9hicule s\u2019arr\u00eate sans avertissement<\/h3>\n<p>\nToyota pr\u00e9cise que le syst\u00e8me hybride du RAV4 Prime peut s&#8217;arr\u00eater si le conducteur utilise continuellement le &#8220;mode EV&#8221; par temps froid et que la p\u00e9dale d&#8217;acc\u00e9l\u00e9rateur est enfonc\u00e9e rapidement pour acc\u00e9l\u00e9rer le v\u00e9hicule. Dans ce cas, le syst\u00e8me s&#8217;arr\u00eate et coupe la puissance \u00e0 grande vitesse, ce qui, bien s\u00fbr, augmente le risque d&#8217;accident.<\/p>\n<h3>Le probl\u00e8me<\/h3>\n<p>\nL&#8217;ECU est utilis\u00e9 pour calculer la puissance de la batterie hybride et, en raison d&#8217;un probl\u00e8me dans le syst\u00e8me, il se peut qu&#8217;il ne limite pas cette puissance comme il le faudrait, rapporte Carscoops. Ainsi, si la p\u00e9dale d&#8217;acc\u00e9l\u00e9rateur est enfonc\u00e9e \u00e0 plusieurs reprises, la tension de la batterie peut diminuer et passer en dessous d&#8217;un seuil sp\u00e9cifi\u00e9. Les v\u00e9hicules concern\u00e9s par le d\u00e9faut afficheront un message d&#8217;avertissement sur le tableau de bord.<\/p>\n<h3>La solution<\/h3>\n<p>\nToyota indique que ses concessionnaires mettront gratuitement \u00e0 jour le logiciel du HEV-ECU pour les 16\u00a0679 clients qui seront inform\u00e9s au d\u00e9but du mois d&#8217;avril 2023. Les voitures concern\u00e9es ont \u00e9t\u00e9 construites entre le 25 novembre 2019 et le 24 juin 2021. Le m\u00e9dia rapporte que ce n&#8217;est pas le seul rappel de RAV4 par Toyota au cours des six derniers mois. Il y a quelques mois, les RAV4 \u00e9quip\u00e9s du si\u00e8ge passager avant \u00e0 huit r\u00e9glages \u00e9lectriques ont \u00e9t\u00e9 rappel\u00e9s parce qu&#8217;il y avait un risque qu&#8217;une but\u00e9e dans le cadre du si\u00e8ge interf\u00e8re avec le syst\u00e8me de classification de l&#8217;occupant qui d\u00e9tecte la charge (lire : le poids) de l&#8217;occupant. Si ce syst\u00e8me fonctionne mal, l&#8217;airbag peut ne pas se d\u00e9ployer comme il est cens\u00e9 le faire en cas d&#8217;accident.<\/p>\n<p>Pour le moment, ce rappel touche seulement les mod\u00e8les vendus aux \u00c9tats-Unis, le Canada devrait suivre sous peu.<\/p>\n<p>Avec des renseignements de Jalopnik<\/p>\n<p>Le texte <a rel=\"nofollow\" href=\"https:\/\/annuelauto.ca\/toyota-rappelle-16-000-rav4-prime\/\">Toyota rappelle 16\u00a0000 RAV4 Prime<\/a> provient de <a rel=\"nofollow\" href=\"https:\/\/annuelauto.ca\">L&#8217;annuel de l&#8217;automobile &#8211; Actualit\u00e9 automobile<\/a><\/p>\n<p><\/p>\n","protected":false},"excerpt":{"rendered":"<p>Toyota rappelle environ 16 000 de ses hybrides rechargeables RAV4 Prime 2021 en raison d&#8217;un probl\u00e8me qui pourrait arr\u00eater le syst\u00e8me hybride. Toyota a d\u00e9clar\u00e9 dans un communiqu\u00e9 que le probl\u00e8me concerne l\u2019unit\u00e9 de commande \u00e9lectronique (ECU) du v\u00e9hicule. Le v\u00e9hicule s\u2019arr\u00eate sans avertissement Toyota pr\u00e9cise que le syst\u00e8me hybride du RAV4 Prime peut s&#8217;arr\u00eater [&hellip;]<\/p>\n","protected":false},"author":8,"featured_media":139797,"comment_status":"close","ping_status":"closed","sticky":false,"template":"","format":"standard","meta":{"_monsterinsights_skip_tracking":false,"_monsterinsights_sitenote_active":false,"_monsterinsights_sitenote_note":"","_monsterinsights_sitenote_category":0,"footnotes":""},"categories":[101],"tags":[],"yoast_head":"<!-- This site is optimized with the Yoast SEO plugin v23.2 - https:\/\/yoast.com\/wordpress\/plugins\/seo\/ -->\n<title>Toyota rappelle 16\u00a0000 RAV4 Prime - CanadaMotorJobs.com<\/title>\n<meta name=\"description\" content=\"Toyota rappelle 16\u00a0000 RAV4 Prime - Benoit Charette - Annuel automobile - CanadaMotorJobs.com.\" \/>\n<meta name=\"robots\" content=\"index, follow, max-snippet:-1, max-image-preview:large, max-video-preview:-1\" \/>\n<meta property=\"og:locale\" content=\"fr_CA\" \/>\n<meta property=\"og:type\" content=\"article\" \/>\n<meta property=\"og:title\" content=\"Toyota rappelle 16\u00a0000 RAV4 Prime - CanadaMotorJobs.com\" \/>\n<meta property=\"og:description\" content=\"Toyota rappelle 16\u00a0000 RAV4 Prime - Benoit Charette - Annuel automobile - CanadaMotorJobs.com.\" \/>\n<meta property=\"og:url\" content=\"https:\/\/news.canadamotorjobs.com\/fr\/toyota-rappelle-16-000-rav4-prime\/\" \/>\n<meta property=\"og:site_name\" content=\"CanadaMotorJobs.com\" \/>\n<meta property=\"article:publisher\" content=\"https:\/\/www.facebook.com\/canadamotorjobs\/\" \/>\n<meta property=\"article:published_time\" content=\"2023-02-09T13:49:40+00:00\" \/>\n<meta property=\"article:modified_time\" content=\"2023-02-09T14:00:25+00:00\" \/>\n<meta property=\"og:image\" content=\"https:\/\/news.canadamotorjobs.com\/wp-content\/uploads\/2023\/02\/2021-toyota-rav4-prime.jpg\" \/>\n\t<meta property=\"og:image:width\" content=\"1920\" \/>\n\t<meta property=\"og:image:height\" content=\"1080\" \/>\n\t<meta property=\"og:image:type\" content=\"image\/jpeg\" \/>\n<meta name=\"author\" content=\"Benoit Charette\" \/>\n<meta name=\"twitter:card\" content=\"summary_large_image\" \/>\n<meta name=\"twitter:creator\" content=\"@canadamotorjobs\" \/>\n<meta name=\"twitter:site\" content=\"@canadamotorjobs\" \/>\n<meta name=\"twitter:label1\" content=\"\u00c9crit par\" \/>\n\t<meta name=\"twitter:data1\" content=\"Benoit Charette\" \/>\n\t<meta name=\"twitter:label2\" content=\"Estimation du temps de lecture\" \/>\n\t<meta name=\"twitter:data2\" content=\"2 minutes\" \/>\n<!-- \/ Yoast SEO plugin. -->","yoast_head_json":{"title":"Toyota rappelle 16\u00a0000 RAV4 Prime - CanadaMotorJobs.com","description":"Toyota rappelle 16\u00a0000 RAV4 Prime - Benoit Charette - Annuel automobile - CanadaMotorJobs.com.","robots":{"index":"index","follow":"follow","max-snippet":"max-snippet:-1","max-image-preview":"max-image-preview:large","max-video-preview":"max-video-preview:-1"},"og_locale":"fr_CA","og_type":"article","og_title":"Toyota rappelle 16\u00a0000 RAV4 Prime - CanadaMotorJobs.com","og_description":"Toyota rappelle 16\u00a0000 RAV4 Prime - Benoit Charette - Annuel automobile - CanadaMotorJobs.com.","og_url":"https:\/\/news.canadamotorjobs.com\/fr\/toyota-rappelle-16-000-rav4-prime\/","og_site_name":"CanadaMotorJobs.com","article_publisher":"https:\/\/www.facebook.com\/canadamotorjobs\/","article_published_time":"2023-02-09T13:49:40+00:00","article_modified_time":"2023-02-09T14:00:25+00:00","og_image":[{"width":1920,"height":1080,"url":"https:\/\/news.canadamotorjobs.com\/wp-content\/uploads\/2023\/02\/2021-toyota-rav4-prime.jpg","type":"image\/jpeg"}],"author":"Benoit Charette","twitter_card":"summary_large_image","twitter_creator":"@canadamotorjobs","twitter_site":"@canadamotorjobs","twitter_misc":{"\u00c9crit par":"Benoit Charette","Estimation du temps de lecture":"2 minutes"},"schema":{"@context":"https:\/\/schema.org","@graph":[{"@type":"Article","@id":"https:\/\/news.canadamotorjobs.com\/fr\/toyota-rappelle-16-000-rav4-prime\/#article","isPartOf":{"@id":"https:\/\/news.canadamotorjobs.com\/fr\/toyota-rappelle-16-000-rav4-prime\/"},"author":{"name":"Benoit Charette","@id":"https:\/\/news.canadamotorjobs.com\/#\/schema\/person\/51793d1f87d44011d7bcc2ed99269a90"},"headline":"Toyota rappelle 16\u00a0000 RAV4 Prime","datePublished":"2023-02-09T13:49:40+00:00","dateModified":"2023-02-09T14:00:25+00:00","mainEntityOfPage":{"@id":"https:\/\/news.canadamotorjobs.com\/fr\/toyota-rappelle-16-000-rav4-prime\/"},"wordCount":405,"publisher":{"@id":"https:\/\/news.canadamotorjobs.com\/#organization"},"image":{"@id":"https:\/\/news.canadamotorjobs.com\/fr\/toyota-rappelle-16-000-rav4-prime\/#primaryimage"},"thumbnailUrl":"https:\/\/news.canadamotorjobs.com\/wp-content\/uploads\/2023\/02\/2021-toyota-rav4-prime.jpg","articleSection":["Annuel automobile"],"inLanguage":"fr-CA"},{"@type":"WebPage","@id":"https:\/\/news.canadamotorjobs.com\/fr\/toyota-rappelle-16-000-rav4-prime\/","url":"https:\/\/news.canadamotorjobs.com\/fr\/toyota-rappelle-16-000-rav4-prime\/","name":"Toyota rappelle 16\u00a0000 RAV4 Prime - CanadaMotorJobs.com","isPartOf":{"@id":"https:\/\/news.canadamotorjobs.com\/#website"},"primaryImageOfPage":{"@id":"https:\/\/news.canadamotorjobs.com\/fr\/toyota-rappelle-16-000-rav4-prime\/#primaryimage"},"image":{"@id":"https:\/\/news.canadamotorjobs.com\/fr\/toyota-rappelle-16-000-rav4-prime\/#primaryimage"},"thumbnailUrl":"https:\/\/news.canadamotorjobs.com\/wp-content\/uploads\/2023\/02\/2021-toyota-rav4-prime.jpg","datePublished":"2023-02-09T13:49:40+00:00","dateModified":"2023-02-09T14:00:25+00:00","description":"Toyota rappelle 16\u00a0000 RAV4 Prime - Benoit Charette - Annuel automobile - CanadaMotorJobs.com.","breadcrumb":{"@id":"https:\/\/news.canadamotorjobs.com\/fr\/toyota-rappelle-16-000-rav4-prime\/#breadcrumb"},"inLanguage":"fr-CA","potentialAction":[{"@type":"ReadAction","target":["https:\/\/news.canadamotorjobs.com\/fr\/toyota-rappelle-16-000-rav4-prime\/"]}]},{"@type":"ImageObject","inLanguage":"fr-CA","@id":"https:\/\/news.canadamotorjobs.com\/fr\/toyota-rappelle-16-000-rav4-prime\/#primaryimage","url":"https:\/\/news.canadamotorjobs.com\/wp-content\/uploads\/2023\/02\/2021-toyota-rav4-prime.jpg","contentUrl":"https:\/\/news.canadamotorjobs.com\/wp-content\/uploads\/2023\/02\/2021-toyota-rav4-prime.jpg","width":1920,"height":1080},{"@type":"BreadcrumbList","@id":"https:\/\/news.canadamotorjobs.com\/fr\/toyota-rappelle-16-000-rav4-prime\/#breadcrumb","itemListElement":[{"@type":"ListItem","position":1,"name":"Home","item":"https:\/\/news.canadamotorjobs.com\/fr\/blog\/"},{"@type":"ListItem","position":2,"name":"Toyota rappelle 16\u00a0000 RAV4 Prime"}]},{"@type":"WebSite","@id":"https:\/\/news.canadamotorjobs.com\/#website","url":"https:\/\/news.canadamotorjobs.com\/","name":"CanadaMotorJobs.com","description":"Automotive Jobs","publisher":{"@id":"https:\/\/news.canadamotorjobs.com\/#organization"},"potentialAction":[{"@type":"SearchAction","target":{"@type":"EntryPoint","urlTemplate":"https:\/\/news.canadamotorjobs.com\/?s={search_term_string}"},"query-input":"required name=search_term_string"}],"inLanguage":"fr-CA"},{"@type":"Organization","@id":"https:\/\/news.canadamotorjobs.com\/#organization","name":"Canada Motor Jobs","url":"https:\/\/news.canadamotorjobs.com\/","logo":{"@type":"ImageObject","inLanguage":"fr-CA","@id":"https:\/\/news.canadamotorjobs.com\/#\/schema\/logo\/image\/","url":"https:\/\/news.canadamotorjobs.com\/wp-content\/uploads\/2022\/10\/logo-canada-motor-jobs-1.png","contentUrl":"https:\/\/news.canadamotorjobs.com\/wp-content\/uploads\/2022\/10\/logo-canada-motor-jobs-1.png","width":800,"height":400,"caption":"Canada Motor Jobs"},"image":{"@id":"https:\/\/news.canadamotorjobs.com\/#\/schema\/logo\/image\/"},"sameAs":["https:\/\/www.facebook.com\/canadamotorjobs\/","https:\/\/x.com\/canadamotorjobs","https:\/\/www.instagram.com\/canadamotorjobs\/","https:\/\/www.linkedin.com\/company\/canadamotorjobs"]},{"@type":"Person","@id":"https:\/\/news.canadamotorjobs.com\/#\/schema\/person\/51793d1f87d44011d7bcc2ed99269a90","name":"Benoit Charette","image":{"@type":"ImageObject","inLanguage":"fr-CA","@id":"https:\/\/news.canadamotorjobs.com\/#\/schema\/person\/image\/","url":"https:\/\/secure.gravatar.com\/avatar\/45f3d2eebcccd909668d7ce7ea7267b6?s=96&d=mm&r=g","contentUrl":"https:\/\/secure.gravatar.com\/avatar\/45f3d2eebcccd909668d7ce7ea7267b6?s=96&d=mm&r=g","caption":"Benoit Charette"},"description":"Benoit Charette \/ Propri\u00e9taire et r\u00e9dacteur en chef Benoit Charette pratique le journalisme automobile depuis bient\u00f4t 30 ans. Il a fait ses classes au c\u00f4t\u00e9 de Daniel H\u00e9raud et au Carnet de route de 1992 \u00e0 2001. Il est fondateur, copropri\u00e9taire et r\u00e9dacteur en chef de L\u2019Annuel de l\u2019automobile, qu\u2019il publie depuis 2001. Il a anim\u00e9 les \u00e9missions RPM et RPM+ sur V et les L\u00e9gendes de la route sur Historia. \u00c0 la radio depuis 1986, il reprend l\u2019antenne cette ann\u00e9e sur les ondes de Cogeco et participe pour la deuxi\u00e8me ann\u00e9e \u00e0 l\u2019\u00e9mission Passion Auto sur RDS en plus de mettre en ligne le site Web officiel de L\u2019Annuel de l\u2019automobile sur annuelauto.ca.","sameAs":["https:\/\/annuelauto.ca\/"],"url":"https:\/\/news.canadamotorjobs.com\/fr\/author\/benoit-charette\/"}]}},"_links":{"self":[{"href":"https:\/\/news.canadamotorjobs.com\/fr\/wp-json\/wp\/v2\/posts\/139795"}],"collection":[{"href":"https:\/\/news.canadamotorjobs.com\/fr\/wp-json\/wp\/v2\/posts"}],"about":[{"href":"https:\/\/news.canadamotorjobs.com\/fr\/wp-json\/wp\/v2\/types\/post"}],"author":[{"embeddable":true,"href":"https:\/\/news.canadamotorjobs.com\/fr\/wp-json\/wp\/v2\/users\/8"}],"replies":[{"embeddable":true,"href":"https:\/\/news.canadamotorjobs.com\/fr\/wp-json\/wp\/v2\/comments?post=139795"}],"version-history":[{"count":2,"href":"https:\/\/news.canadamotorjobs.com\/fr\/wp-json\/wp\/v2\/posts\/139795\/revisions"}],"predecessor-version":[{"id":139799,"href":"https:\/\/news.canadamotorjobs.com\/fr\/wp-json\/wp\/v2\/posts\/139795\/revisions\/139799"}],"wp:featuredmedia":[{"embeddable":true,"href":"https:\/\/news.canadamotorjobs.com\/fr\/wp-json\/wp\/v2\/media\/139797"}],"wp:attachment":[{"href":"https:\/\/news.canadamotorjobs.com\/fr\/wp-json\/wp\/v2\/media?parent=139795"}],"wp:term":[{"taxonomy":"category","embeddable":true,"href":"https:\/\/news.canadamotorjobs.com\/fr\/wp-json\/wp\/v2\/categories?post=139795"},{"taxonomy":"post_tag","embeddable":true,"href":"https:\/\/news.canadamotorjobs.com\/fr\/wp-json\/wp\/v2\/tags?post=139795"}],"curies":[{"name":"wp","href":"https:\/\/api.w.org\/{rel}","templated":true}]}}