{"id":139772,"date":"2023-02-09T08:28:50","date_gmt":"2023-02-09T13:28:50","guid":{"rendered":"https:\/\/news.canadamotorjobs.com\/?p=139772"},"modified":"2023-02-09T08:29:40","modified_gmt":"2023-02-09T13:29:40","slug":"un-mercedes-sprinter-en-version-electrique-pour-2024","status":"publish","type":"post","link":"https:\/\/news.canadamotorjobs.com\/fr\/un-mercedes-sprinter-en-version-electrique-pour-2024\/","title":{"rendered":"Un Mercedes Sprinter en version \u00e9lectrique pour 2024"},"content":{"rendered":"<\/p>\n<p>Il se nomme tout simplement l\u2019eSprinter. Il sera offert avec une batterie de 113\u00a0kWh (utilisable). Vous aurez droit \u00e0 deux niveaux de puissance : 134 ou 201 chevaux et les premiers mod\u00e8les arriveront au courant de l\u2019ann\u00e9e.<\/p>\n<h3>Une solution verte \u00e0 la livraison de marchandises<\/h3>\n<p>\nLa livraison de marchandise est devenue une r\u00e9alit\u00e9 qui prend de plus en plus de place dans notre quotidien alors que tous ceux qui font des achats en ligne ont besoin de m\u00e9thode de livraison. La demande est forte pour des moyens plus \u00e9cologiques de livrer diff\u00e9rents colis et de diminuer son empreinte \u00e9cologique en zone urbaine. L&#8217;arriv\u00e9e prochaine du Mercedes-Benz eSprinter est certainement une bonne nouvelle pour toute entreprise qui a besoin d&#8217;un v\u00e9hicule de travail \u00e0 la fois \u00e9conomique en carburant et efficace.<\/p>\n<h3>Au 3<sup>e<\/sup> trimestre de 2023<\/h3>\n<p>\nPour ceux que cela int\u00e9resse, le nouveau v\u00e9hicule arrivera dans la seconde moiti\u00e9 de 2023 au Canada et aux \u00c9tats-Unis. La premi\u00e8re version commercialis\u00e9e au Canada sera une fourgonnette longue avec un toit sur\u00e9lev\u00e9 et un bloc-batterie d&#8217;une capacit\u00e9 de 113\u00a0kWh (utilisables) et une autonomie estim\u00e9e \u00e0 400\u00a0km selon le cycle de calcul WLTP et \u00e0 500\u00a0km selon le cycle de calcul urbain WLTP. Nous pouvons donc nous attendre \u00e0 une autonomie quelque peu r\u00e9duite lorsque le v\u00e9hicule sera r\u00e9\u00e9valu\u00e9 par les agences gouvernementales nord-am\u00e9ricaines dans ce sens.<\/p>\n<h3>Un seul moteur<\/h3>\n<p>\nLe Mercedes-Benz eSprinter est \u00e9quip\u00e9 d&#8217;un seul moteur \u00e9lectrique mont\u00e9 \u00e0 l&#8217;arri\u00e8re, qui peut \u00eatre propos\u00e9 en deux niveaux de puissance : 100 ou 150\u00a0kW (134 ou 201\u00a0ch), tandis que le couple maximal est de 295\u00a0ft-lb. La capacit\u00e9 de charge du v\u00e9hicule est de 115\u00a0kW, ce qui permet au fourgon de recharger sa batterie de 10 \u00e0 80\u00a0% de sa charge en 42 minutes environ.<\/p>\n<h3>Trois modules<\/h3>\n<p>\nMercedes-Benz a d\u00e9velopp\u00e9 son fourgon commercial en trois modules. Le premier module, situ\u00e9 \u00e0 l&#8217;avant, contient tous les composants haute tension et reste le m\u00eame pour toutes les configurations possibles du v\u00e9hicule. Le fourgon peut \u00eatre commercialis\u00e9 avec plusieurs types de carrosserie. Il est \u00e9vident que le constructeur proposera d&#8217;autres niveaux de batterie \u00e0 l&#8217;avenir, mais pour l&#8217;instant, l&#8217;unit\u00e9 de 113\u00a0kWh est celle qui a \u00e9t\u00e9 utilis\u00e9e pour le premier eSprinter nord-am\u00e9ricain.<\/p>\n<p>Le module central est l&#8217;endroit o\u00f9 la batterie est boulonn\u00e9e au-dessous du v\u00e9hicule, comme c&#8217;est le cas pour la grande majorit\u00e9 des VES sur la route. Sans surprise, ce module tr\u00e8s lourd abaisse le centre de gravit\u00e9, ce qui am\u00e9liore la tenue de route. Enfin, le troisi\u00e8me module associe le moteur \u00e9lectrique \u00e0 l&#8217;essieu arri\u00e8re, et il est \u00e9galement commun \u00e0 toutes les variantes du v\u00e9hicule. L&#8217;eSprinter p\u00e8se 4,25 tonnes !<\/p>\n<h3>Un int\u00e9rieur sans dentelle<\/h3>\n<p>\n\u00c0 l&#8217;int\u00e9rieur, le tableau de bord est le m\u00eame depuis 2018, mais le constructeur a \u00e9galement pens\u00e9 aux utilisateurs avec l&#8217;int\u00e9gration du syst\u00e8me d&#8217;activation vocale MBUX, ainsi que du syst\u00e8me de navigation qui peut calculer le meilleur itin\u00e9raire pour \u00e9conomiser un maximum d&#8217;\u00e9nergie dans la batterie. Les premiers exemplaires de l&#8217;eSprinter seront livr\u00e9s \u00e0 partir du second semestre 2023, en tant que mod\u00e8les 2024. Et \u00e0 partir de 2025, le constructeur allemand vendra exclusivement des fourgons \u00e9lectriques. En bref, le r\u00e8gne du Mercedes-Benz Sprinter turbodiesel touche clairement \u00e0 sa fin&#8230; chez nous en tout cas !<\/p>\n<p>Source: Mercedes Benz Canada<\/p>\n<p>Le texte <a rel=\"nofollow\" href=\"https:\/\/annuelauto.ca\/un-mercedes-sprinter-en-version-electrique-pour-2024\/\">Un Mercedes Sprinter en version \u00e9lectrique pour 2024<\/a> provient de <a rel=\"nofollow\" href=\"https:\/\/annuelauto.ca\">L&#8217;annuel de l&#8217;automobile &#8211; Actualit\u00e9 automobile<\/a><\/p>\n<p><\/p>\n","protected":false},"excerpt":{"rendered":"<p>Il se nomme tout simplement l\u2019eSprinter. Il sera offert avec une batterie de 113\u00a0kWh (utilisable). Vous aurez droit \u00e0 deux niveaux de puissance : 134 ou 201 chevaux et les premiers mod\u00e8les arriveront au courant de l\u2019ann\u00e9e. Une solution verte \u00e0 la livraison de marchandises La livraison de marchandise est devenue une r\u00e9alit\u00e9 qui prend [&hellip;]<\/p>\n","protected":false},"author":8,"featured_media":139774,"comment_status":"close","ping_status":"closed","sticky":false,"template":"","format":"standard","meta":{"_monsterinsights_skip_tracking":false,"_monsterinsights_sitenote_active":false,"_monsterinsights_sitenote_note":"","_monsterinsights_sitenote_category":0,"footnotes":""},"categories":[101],"tags":[],"yoast_head":"<!-- This site is optimized with the Yoast SEO plugin v23.2 - https:\/\/yoast.com\/wordpress\/plugins\/seo\/ -->\n<title>Un Mercedes Sprinter en version \u00e9lectrique pour 2024 - CanadaMotorJobs.com<\/title>\n<meta name=\"description\" content=\"Un Mercedes Sprinter en version \u00e9lectrique pour 2024 - Benoit Charette - Annuel automobile - CanadaMotorJobs.com.\" \/>\n<meta name=\"robots\" content=\"index, follow, max-snippet:-1, max-image-preview:large, max-video-preview:-1\" \/>\n<meta property=\"og:locale\" content=\"fr_CA\" \/>\n<meta property=\"og:type\" content=\"article\" \/>\n<meta property=\"og:title\" content=\"Un Mercedes Sprinter en version \u00e9lectrique pour 2024 - CanadaMotorJobs.com\" \/>\n<meta property=\"og:description\" content=\"Un Mercedes Sprinter en version \u00e9lectrique pour 2024 - Benoit Charette - Annuel automobile - CanadaMotorJobs.com.\" \/>\n<meta property=\"og:url\" content=\"https:\/\/news.canadamotorjobs.com\/fr\/un-mercedes-sprinter-en-version-electrique-pour-2024\/\" \/>\n<meta property=\"og:site_name\" content=\"CanadaMotorJobs.com\" \/>\n<meta property=\"article:publisher\" content=\"https:\/\/www.facebook.com\/canadamotorjobs\/\" \/>\n<meta property=\"article:published_time\" content=\"2023-02-09T13:28:50+00:00\" \/>\n<meta property=\"article:modified_time\" content=\"2023-02-09T13:29:40+00:00\" \/>\n<meta property=\"og:image\" content=\"https:\/\/news.canadamotorjobs.com\/wp-content\/uploads\/2023\/02\/22C0362_010.jpg\" \/>\n\t<meta property=\"og:image:width\" content=\"1470\" \/>\n\t<meta property=\"og:image:height\" content=\"800\" \/>\n\t<meta property=\"og:image:type\" content=\"image\/jpeg\" \/>\n<meta name=\"author\" content=\"Benoit Charette\" \/>\n<meta name=\"twitter:card\" content=\"summary_large_image\" \/>\n<meta name=\"twitter:creator\" content=\"@canadamotorjobs\" \/>\n<meta name=\"twitter:site\" content=\"@canadamotorjobs\" \/>\n<meta name=\"twitter:label1\" content=\"\u00c9crit par\" \/>\n\t<meta name=\"twitter:data1\" content=\"Benoit Charette\" \/>\n\t<meta name=\"twitter:label2\" content=\"Estimation du temps de lecture\" \/>\n\t<meta name=\"twitter:data2\" content=\"3 minutes\" \/>\n<!-- \/ Yoast SEO plugin. -->","yoast_head_json":{"title":"Un Mercedes Sprinter en version \u00e9lectrique pour 2024 - CanadaMotorJobs.com","description":"Un Mercedes Sprinter en version \u00e9lectrique pour 2024 - Benoit Charette - Annuel automobile - CanadaMotorJobs.com.","robots":{"index":"index","follow":"follow","max-snippet":"max-snippet:-1","max-image-preview":"max-image-preview:large","max-video-preview":"max-video-preview:-1"},"og_locale":"fr_CA","og_type":"article","og_title":"Un Mercedes Sprinter en version \u00e9lectrique pour 2024 - CanadaMotorJobs.com","og_description":"Un Mercedes Sprinter en version \u00e9lectrique pour 2024 - Benoit Charette - Annuel automobile - CanadaMotorJobs.com.","og_url":"https:\/\/news.canadamotorjobs.com\/fr\/un-mercedes-sprinter-en-version-electrique-pour-2024\/","og_site_name":"CanadaMotorJobs.com","article_publisher":"https:\/\/www.facebook.com\/canadamotorjobs\/","article_published_time":"2023-02-09T13:28:50+00:00","article_modified_time":"2023-02-09T13:29:40+00:00","og_image":[{"width":1470,"height":800,"url":"https:\/\/news.canadamotorjobs.com\/wp-content\/uploads\/2023\/02\/22C0362_010.jpg","type":"image\/jpeg"}],"author":"Benoit Charette","twitter_card":"summary_large_image","twitter_creator":"@canadamotorjobs","twitter_site":"@canadamotorjobs","twitter_misc":{"\u00c9crit par":"Benoit Charette","Estimation du temps de lecture":"3 minutes"},"schema":{"@context":"https:\/\/schema.org","@graph":[{"@type":"Article","@id":"https:\/\/news.canadamotorjobs.com\/fr\/un-mercedes-sprinter-en-version-electrique-pour-2024\/#article","isPartOf":{"@id":"https:\/\/news.canadamotorjobs.com\/fr\/un-mercedes-sprinter-en-version-electrique-pour-2024\/"},"author":{"name":"Benoit Charette","@id":"https:\/\/news.canadamotorjobs.com\/#\/schema\/person\/51793d1f87d44011d7bcc2ed99269a90"},"headline":"Un Mercedes Sprinter en version \u00e9lectrique pour 2024","datePublished":"2023-02-09T13:28:50+00:00","dateModified":"2023-02-09T13:29:40+00:00","mainEntityOfPage":{"@id":"https:\/\/news.canadamotorjobs.com\/fr\/un-mercedes-sprinter-en-version-electrique-pour-2024\/"},"wordCount":594,"publisher":{"@id":"https:\/\/news.canadamotorjobs.com\/#organization"},"image":{"@id":"https:\/\/news.canadamotorjobs.com\/fr\/un-mercedes-sprinter-en-version-electrique-pour-2024\/#primaryimage"},"thumbnailUrl":"https:\/\/news.canadamotorjobs.com\/wp-content\/uploads\/2023\/02\/22C0362_010.jpg","articleSection":["Annuel automobile"],"inLanguage":"fr-CA"},{"@type":"WebPage","@id":"https:\/\/news.canadamotorjobs.com\/fr\/un-mercedes-sprinter-en-version-electrique-pour-2024\/","url":"https:\/\/news.canadamotorjobs.com\/fr\/un-mercedes-sprinter-en-version-electrique-pour-2024\/","name":"Un Mercedes Sprinter en version \u00e9lectrique pour 2024 - CanadaMotorJobs.com","isPartOf":{"@id":"https:\/\/news.canadamotorjobs.com\/#website"},"primaryImageOfPage":{"@id":"https:\/\/news.canadamotorjobs.com\/fr\/un-mercedes-sprinter-en-version-electrique-pour-2024\/#primaryimage"},"image":{"@id":"https:\/\/news.canadamotorjobs.com\/fr\/un-mercedes-sprinter-en-version-electrique-pour-2024\/#primaryimage"},"thumbnailUrl":"https:\/\/news.canadamotorjobs.com\/wp-content\/uploads\/2023\/02\/22C0362_010.jpg","datePublished":"2023-02-09T13:28:50+00:00","dateModified":"2023-02-09T13:29:40+00:00","description":"Un Mercedes Sprinter en version \u00e9lectrique pour 2024 - Benoit Charette - Annuel automobile - CanadaMotorJobs.com.","breadcrumb":{"@id":"https:\/\/news.canadamotorjobs.com\/fr\/un-mercedes-sprinter-en-version-electrique-pour-2024\/#breadcrumb"},"inLanguage":"fr-CA","potentialAction":[{"@type":"ReadAction","target":["https:\/\/news.canadamotorjobs.com\/fr\/un-mercedes-sprinter-en-version-electrique-pour-2024\/"]}]},{"@type":"ImageObject","inLanguage":"fr-CA","@id":"https:\/\/news.canadamotorjobs.com\/fr\/un-mercedes-sprinter-en-version-electrique-pour-2024\/#primaryimage","url":"https:\/\/news.canadamotorjobs.com\/wp-content\/uploads\/2023\/02\/22C0362_010.jpg","contentUrl":"https:\/\/news.canadamotorjobs.com\/wp-content\/uploads\/2023\/02\/22C0362_010.jpg","width":1470,"height":800},{"@type":"BreadcrumbList","@id":"https:\/\/news.canadamotorjobs.com\/fr\/un-mercedes-sprinter-en-version-electrique-pour-2024\/#breadcrumb","itemListElement":[{"@type":"ListItem","position":1,"name":"Home","item":"https:\/\/news.canadamotorjobs.com\/fr\/blog\/"},{"@type":"ListItem","position":2,"name":"Un Mercedes Sprinter en version \u00e9lectrique pour 2024"}]},{"@type":"WebSite","@id":"https:\/\/news.canadamotorjobs.com\/#website","url":"https:\/\/news.canadamotorjobs.com\/","name":"CanadaMotorJobs.com","description":"Automotive Jobs","publisher":{"@id":"https:\/\/news.canadamotorjobs.com\/#organization"},"potentialAction":[{"@type":"SearchAction","target":{"@type":"EntryPoint","urlTemplate":"https:\/\/news.canadamotorjobs.com\/?s={search_term_string}"},"query-input":"required name=search_term_string"}],"inLanguage":"fr-CA"},{"@type":"Organization","@id":"https:\/\/news.canadamotorjobs.com\/#organization","name":"Canada Motor Jobs","url":"https:\/\/news.canadamotorjobs.com\/","logo":{"@type":"ImageObject","inLanguage":"fr-CA","@id":"https:\/\/news.canadamotorjobs.com\/#\/schema\/logo\/image\/","url":"https:\/\/news.canadamotorjobs.com\/wp-content\/uploads\/2022\/10\/logo-canada-motor-jobs-1.png","contentUrl":"https:\/\/news.canadamotorjobs.com\/wp-content\/uploads\/2022\/10\/logo-canada-motor-jobs-1.png","width":800,"height":400,"caption":"Canada Motor Jobs"},"image":{"@id":"https:\/\/news.canadamotorjobs.com\/#\/schema\/logo\/image\/"},"sameAs":["https:\/\/www.facebook.com\/canadamotorjobs\/","https:\/\/x.com\/canadamotorjobs","https:\/\/www.instagram.com\/canadamotorjobs\/","https:\/\/www.linkedin.com\/company\/canadamotorjobs"]},{"@type":"Person","@id":"https:\/\/news.canadamotorjobs.com\/#\/schema\/person\/51793d1f87d44011d7bcc2ed99269a90","name":"Benoit Charette","image":{"@type":"ImageObject","inLanguage":"fr-CA","@id":"https:\/\/news.canadamotorjobs.com\/#\/schema\/person\/image\/","url":"https:\/\/secure.gravatar.com\/avatar\/45f3d2eebcccd909668d7ce7ea7267b6?s=96&d=mm&r=g","contentUrl":"https:\/\/secure.gravatar.com\/avatar\/45f3d2eebcccd909668d7ce7ea7267b6?s=96&d=mm&r=g","caption":"Benoit Charette"},"description":"Benoit Charette \/ Propri\u00e9taire et r\u00e9dacteur en chef Benoit Charette pratique le journalisme automobile depuis bient\u00f4t 30 ans. Il a fait ses classes au c\u00f4t\u00e9 de Daniel H\u00e9raud et au Carnet de route de 1992 \u00e0 2001. Il est fondateur, copropri\u00e9taire et r\u00e9dacteur en chef de L\u2019Annuel de l\u2019automobile, qu\u2019il publie depuis 2001. Il a anim\u00e9 les \u00e9missions RPM et RPM+ sur V et les L\u00e9gendes de la route sur Historia. \u00c0 la radio depuis 1986, il reprend l\u2019antenne cette ann\u00e9e sur les ondes de Cogeco et participe pour la deuxi\u00e8me ann\u00e9e \u00e0 l\u2019\u00e9mission Passion Auto sur RDS en plus de mettre en ligne le site Web officiel de L\u2019Annuel de l\u2019automobile sur annuelauto.ca.","sameAs":["https:\/\/annuelauto.ca\/"],"url":"https:\/\/news.canadamotorjobs.com\/fr\/author\/benoit-charette\/"}]}},"_links":{"self":[{"href":"https:\/\/news.canadamotorjobs.com\/fr\/wp-json\/wp\/v2\/posts\/139772"}],"collection":[{"href":"https:\/\/news.canadamotorjobs.com\/fr\/wp-json\/wp\/v2\/posts"}],"about":[{"href":"https:\/\/news.canadamotorjobs.com\/fr\/wp-json\/wp\/v2\/types\/post"}],"author":[{"embeddable":true,"href":"https:\/\/news.canadamotorjobs.com\/fr\/wp-json\/wp\/v2\/users\/8"}],"replies":[{"embeddable":true,"href":"https:\/\/news.canadamotorjobs.com\/fr\/wp-json\/wp\/v2\/comments?post=139772"}],"version-history":[{"count":2,"href":"https:\/\/news.canadamotorjobs.com\/fr\/wp-json\/wp\/v2\/posts\/139772\/revisions"}],"predecessor-version":[{"id":139776,"href":"https:\/\/news.canadamotorjobs.com\/fr\/wp-json\/wp\/v2\/posts\/139772\/revisions\/139776"}],"wp:featuredmedia":[{"embeddable":true,"href":"https:\/\/news.canadamotorjobs.com\/fr\/wp-json\/wp\/v2\/media\/139774"}],"wp:attachment":[{"href":"https:\/\/news.canadamotorjobs.com\/fr\/wp-json\/wp\/v2\/media?parent=139772"}],"wp:term":[{"taxonomy":"category","embeddable":true,"href":"https:\/\/news.canadamotorjobs.com\/fr\/wp-json\/wp\/v2\/categories?post=139772"},{"taxonomy":"post_tag","embeddable":true,"href":"https:\/\/news.canadamotorjobs.com\/fr\/wp-json\/wp\/v2\/tags?post=139772"}],"curies":[{"name":"wp","href":"https:\/\/api.w.org\/{rel}","templated":true}]}}