{"id":139726,"date":"2023-02-08T07:54:35","date_gmt":"2023-02-08T12:54:35","guid":{"rendered":"https:\/\/news.canadamotorjobs.com\/?p=139726"},"modified":"2023-02-08T07:59:19","modified_gmt":"2023-02-08T12:59:19","slug":"bmw-i7-pour-le-rendement-avant-la-beaute","status":"publish","type":"post","link":"https:\/\/news.canadamotorjobs.com\/fr\/bmw-i7-pour-le-rendement-avant-la-beaute\/","title":{"rendered":"BMW i7: Pour le rendement avant la beaut\u00e9"},"content":{"rendered":"<\/p>\n<p>Vous dire que la BMW i7 m\u2019a impressionn\u00e9 est vrai, mais pas de la mani\u00e8re que vous pourriez penser. Ses phares trop petits qui donnent l\u2019impression d\u2019une personne \u00e0 moiti\u00e9 \u00e9veill\u00e9e un samedi matin combin\u00e9e \u00e0 des naseaux surdimensionn\u00e9s lui donnent une sale gueule. Son profil est aussi trop \u00e9cras\u00e9, comme si le poids des batteries rabattait le v\u00e9hicule au sol. Il y a du travail \u00e0 faire \u00e0 ce chapitre. Ce qui est impressionnant, c\u2019est une fois que vous prenez place \u00e0 bord.<\/p>\n<h3>Une limousine \u00e9lectrique<\/h3>\n<p>\nL\u2019int\u00e9rieur en laine est tr\u00e8s confortable nous fait rapidement oubli\u00e9 le cuir qui reste livrable sur ce mod\u00e8le. Vous aurez beaucoup de travail \u00e0 faire avec le nouveau syst\u00e8me iDrive qui est \u00e0 la fois performant et complexe. Il y a encore beaucoup de menus et nous n\u2019avons pas eu assez d\u2019une semaine pour comprendre tout le syst\u00e8me. Certaines commandes sont demeur\u00e9es un myst\u00e8re, d\u2019autres n\u2019ont pas \u00e9t\u00e9 utilis\u00e9s. C\u2019est beau la technologie, mais c\u2019est compliqu\u00e9. L\u2019autre point que doit \u00eatre soulev\u00e9 est les aides \u00e0 la conduite \u00e9lectronique qui sont d\u2019une part tr\u00e8s sensible et qui ne fonctionnent pas d\u00e8s qu\u2019il y a trois flocons de neige sur la route ou que le thermom\u00e8tre descend sous la barre des -10. Toute la semaine, le v\u00e9hicule a d\u00e9tect\u00e9 des objets qui n\u2019\u00e9taient pas l\u00e0, sonner et beeper pour tout et pour rien et surtout pas moyen de faire taire tout ce vacarme. Outre, ces syst\u00e8mes alarmistes qui jappent constamment comme un chien peureux dans votre entr\u00e9e de maison, la d\u00e9co int\u00e9rieur s\u2019inspire directement de la S\u00e9rie 7. C\u2019est spacieux, opulent et de bon go\u00fbt. Le confort des si\u00e8ges est imp\u00e9rial et vous avez le choix de plusieurs modes qui n\u2019affectent pas seulement la conduite, mais tout l\u2019habitacle. Il y a un mode th\u00e9\u00e2tre qui fait descendre du plafond arri\u00e8re un \u00e9cran de 31 pouces qui transforme les places arri\u00e8re en cin\u00e9ma automobile. On rel\u00e8ve du coup les stores lat\u00e9raux dans les vitres et l\u2019\u00e9cran bloque compl\u00e8tement la lunette arri\u00e8re. Le mode sport donne du son \u00e0 la voiture qui n\u2019en a pas. Le mode relax assombri l\u2019habitable remonte les persiennes et actionne les si\u00e8ges massant. Des raisons qui justifient peut-\u00eatre un peu mieux les 184,800\u00a0$ de notre v\u00e9hicule \u00e0 l\u2019essai. Chaque mode de conduite est une exp\u00e9rience sensorielle qui am\u00e8ne ce genre de v\u00e9hicule dans une autre dimension. On veut vous dire chez BMW que l\u2019\u00e9poque de la sensation m\u00e9canique et de puissance du V12 est une chose du pass\u00e9e, l\u2019\u00e9lectrique vous faire autre chose et c\u2019est ce que la i7 propose.<\/p>\n<h3>2,6 tonnes de bonheur<\/h3>\n<p>\nBMW a install\u00e9 deux moteurs \u00e9lectriques produisant 536 chevaux et 549 livres-pieds de couple capable de pousser les 2,6 tonnes de la b\u00eate \u00e0 100\u00a0km\/h en 4,7 secondes. Vous avez un 4 roues motrices \u00e9lectriques qui s\u2019est tr\u00e8s bien d\u00e9fendu dans la neige. L&#8217;autonomie de la i7 est \u00e9valu\u00e9e \u00e0 plus ou moins 485\u00a0km selon la gamme de pneus s\u00e9lectionn\u00e9e et le moment de l\u2019ann\u00e9e. Dans les froids su mois de janvier, l\u2019autonomie affich\u00e9e tournait autour de 350\u00a0km. Ce sont des chiffres respectables, mais moindres que Tesla, Mercedes ou encore Lucid. La batterie fait portant 101\u00a0kWh et devrait logiquement faire mieux.BMW \u00e9quipe la i7 d&#8217;un chargeur embarqu\u00e9 de 11 kilowatts CA qui prend 10,5 heures pour recharger la batterie, et d&#8217;un chargeur rapide de 195\u00a0kW CC qui peut compl\u00e9ter une charge de 10\u00a0% \u00e0 80\u00a0% en 34 minutes, ou ajouter 130\u00a0km d&#8217;autonomie en 10 minutes, affirme BMW.<\/p>\n<h3>Une exp\u00e9rience sensorielle<\/h3>\n<p>\nC\u2019est \u00e0 ce genre de voiture que le monde \u00e9lectrique nous pr\u00e9pare, une exp\u00e9rience sensorielle qui fait appel \u00e0 nos sens dans une ambiance sereine et feutr\u00e9e. Si elle est agr\u00e9able \u00e0 conduire et bonne routi\u00e8re, BMW doit travailler sur une meilleure autonomie et voir \u00e0 mettre en place des syst\u00e8mes d\u2019aides \u00e0 la conduite moins intrusifs qui fonctionnent aussi l\u2019hiver. Pour le moment, c\u2019est une catastrophe.<\/p>\n<p>\u00a0<\/p>\n<h3>Forces<\/h3>\n<p>\nHaut niveau de confort<\/p>\n<p>Technologie \u00e9volu\u00e9e<\/p>\n<p>Cin\u00e9ma maison impressionnant<\/p>\n<p>\u00a0<\/p>\n<h3>Faiblesses<\/h3>\n<p>\nCo\u00fbt tr\u00e8s \u00e9lev\u00e9<\/p>\n<p>Ergonomie compliqu\u00e9e<\/p>\n<p>Syst\u00e8me d\u2019aides \u00e0 la conduite d\u00e9rout\u00e9e par l\u2019hiver<\/p>\n<p>\u00a0<\/p>\n<p>\u00a0<\/p>\n<p>\u00a0<\/p>\n<p>\u00a0<\/p>\n<p>Le texte <a rel=\"nofollow\" href=\"https:\/\/annuelauto.ca\/bmw-i7-pour-le-rendement-avant-la-beaute\/\">BMW i7: Pour le rendement avant la beaut\u00e9<\/a> provient de <a rel=\"nofollow\" href=\"https:\/\/annuelauto.ca\">L&#8217;annuel de l&#8217;automobile &#8211; Actualit\u00e9 automobile<\/a><\/p>\n<p><\/p>\n","protected":false},"excerpt":{"rendered":"<p>Vous dire que la BMW i7 m\u2019a impressionn\u00e9 est vrai, mais pas de la mani\u00e8re que vous pourriez penser. Ses phares trop petits qui donnent l\u2019impression d\u2019une personne \u00e0 moiti\u00e9 \u00e9veill\u00e9e un samedi matin combin\u00e9e \u00e0 des naseaux surdimensionn\u00e9s lui donnent une sale gueule. Son profil est aussi trop \u00e9cras\u00e9, comme si le poids des [&hellip;]<\/p>\n","protected":false},"author":8,"featured_media":139728,"comment_status":"close","ping_status":"closed","sticky":false,"template":"","format":"standard","meta":{"_monsterinsights_skip_tracking":false,"_monsterinsights_sitenote_active":false,"_monsterinsights_sitenote_note":"","_monsterinsights_sitenote_category":0,"footnotes":""},"categories":[101],"tags":[],"yoast_head":"<!-- This site is optimized with the Yoast SEO plugin v23.2 - https:\/\/yoast.com\/wordpress\/plugins\/seo\/ -->\n<title>BMW i7: Pour le rendement avant la beaut\u00e9 - CanadaMotorJobs.com<\/title>\n<meta name=\"description\" content=\"BMW i7: Pour le rendement avant la beaut\u00e9 - Benoit Charette - Annuel automobile - CanadaMotorJobs.com.\" \/>\n<meta name=\"robots\" content=\"index, follow, max-snippet:-1, max-image-preview:large, max-video-preview:-1\" \/>\n<meta property=\"og:locale\" content=\"fr_CA\" \/>\n<meta property=\"og:type\" content=\"article\" \/>\n<meta property=\"og:title\" content=\"BMW i7: Pour le rendement avant la beaut\u00e9 - CanadaMotorJobs.com\" \/>\n<meta property=\"og:description\" content=\"BMW i7: Pour le rendement avant la beaut\u00e9 - Benoit Charette - Annuel automobile - CanadaMotorJobs.com.\" \/>\n<meta property=\"og:url\" content=\"https:\/\/news.canadamotorjobs.com\/fr\/bmw-i7-pour-le-rendement-avant-la-beaute\/\" \/>\n<meta property=\"og:site_name\" content=\"CanadaMotorJobs.com\" \/>\n<meta property=\"article:publisher\" content=\"https:\/\/www.facebook.com\/canadamotorjobs\/\" \/>\n<meta property=\"article:published_time\" content=\"2023-02-08T12:54:35+00:00\" \/>\n<meta property=\"article:modified_time\" content=\"2023-02-08T12:59:19+00:00\" \/>\n<meta property=\"og:image\" content=\"https:\/\/news.canadamotorjobs.com\/wp-content\/uploads\/2023\/02\/P90486261_highRes_the-new-bmw-i7-xdriv.jpg\" \/>\n\t<meta property=\"og:image:width\" content=\"1200\" \/>\n\t<meta property=\"og:image:height\" content=\"800\" \/>\n\t<meta property=\"og:image:type\" content=\"image\/jpeg\" \/>\n<meta name=\"author\" content=\"Benoit Charette\" \/>\n<meta name=\"twitter:card\" content=\"summary_large_image\" \/>\n<meta name=\"twitter:creator\" content=\"@canadamotorjobs\" \/>\n<meta name=\"twitter:site\" content=\"@canadamotorjobs\" \/>\n<meta name=\"twitter:label1\" content=\"\u00c9crit par\" \/>\n\t<meta name=\"twitter:data1\" content=\"Benoit Charette\" \/>\n\t<meta name=\"twitter:label2\" content=\"Estimation du temps de lecture\" \/>\n\t<meta name=\"twitter:data2\" content=\"4 minutes\" \/>\n<!-- \/ Yoast SEO plugin. -->","yoast_head_json":{"title":"BMW i7: Pour le rendement avant la beaut\u00e9 - CanadaMotorJobs.com","description":"BMW i7: Pour le rendement avant la beaut\u00e9 - Benoit Charette - Annuel automobile - CanadaMotorJobs.com.","robots":{"index":"index","follow":"follow","max-snippet":"max-snippet:-1","max-image-preview":"max-image-preview:large","max-video-preview":"max-video-preview:-1"},"og_locale":"fr_CA","og_type":"article","og_title":"BMW i7: Pour le rendement avant la beaut\u00e9 - CanadaMotorJobs.com","og_description":"BMW i7: Pour le rendement avant la beaut\u00e9 - Benoit Charette - Annuel automobile - CanadaMotorJobs.com.","og_url":"https:\/\/news.canadamotorjobs.com\/fr\/bmw-i7-pour-le-rendement-avant-la-beaute\/","og_site_name":"CanadaMotorJobs.com","article_publisher":"https:\/\/www.facebook.com\/canadamotorjobs\/","article_published_time":"2023-02-08T12:54:35+00:00","article_modified_time":"2023-02-08T12:59:19+00:00","og_image":[{"width":1200,"height":800,"url":"https:\/\/news.canadamotorjobs.com\/wp-content\/uploads\/2023\/02\/P90486261_highRes_the-new-bmw-i7-xdriv.jpg","type":"image\/jpeg"}],"author":"Benoit Charette","twitter_card":"summary_large_image","twitter_creator":"@canadamotorjobs","twitter_site":"@canadamotorjobs","twitter_misc":{"\u00c9crit par":"Benoit Charette","Estimation du temps de lecture":"4 minutes"},"schema":{"@context":"https:\/\/schema.org","@graph":[{"@type":"Article","@id":"https:\/\/news.canadamotorjobs.com\/fr\/bmw-i7-pour-le-rendement-avant-la-beaute\/#article","isPartOf":{"@id":"https:\/\/news.canadamotorjobs.com\/fr\/bmw-i7-pour-le-rendement-avant-la-beaute\/"},"author":{"name":"Benoit Charette","@id":"https:\/\/news.canadamotorjobs.com\/#\/schema\/person\/51793d1f87d44011d7bcc2ed99269a90"},"headline":"BMW i7: Pour le rendement avant la beaut\u00e9","datePublished":"2023-02-08T12:54:35+00:00","dateModified":"2023-02-08T12:59:19+00:00","mainEntityOfPage":{"@id":"https:\/\/news.canadamotorjobs.com\/fr\/bmw-i7-pour-le-rendement-avant-la-beaute\/"},"wordCount":775,"publisher":{"@id":"https:\/\/news.canadamotorjobs.com\/#organization"},"image":{"@id":"https:\/\/news.canadamotorjobs.com\/fr\/bmw-i7-pour-le-rendement-avant-la-beaute\/#primaryimage"},"thumbnailUrl":"https:\/\/news.canadamotorjobs.com\/wp-content\/uploads\/2023\/02\/P90486261_highRes_the-new-bmw-i7-xdriv.jpg","articleSection":["Annuel automobile"],"inLanguage":"fr-CA"},{"@type":"WebPage","@id":"https:\/\/news.canadamotorjobs.com\/fr\/bmw-i7-pour-le-rendement-avant-la-beaute\/","url":"https:\/\/news.canadamotorjobs.com\/fr\/bmw-i7-pour-le-rendement-avant-la-beaute\/","name":"BMW i7: Pour le rendement avant la beaut\u00e9 - CanadaMotorJobs.com","isPartOf":{"@id":"https:\/\/news.canadamotorjobs.com\/#website"},"primaryImageOfPage":{"@id":"https:\/\/news.canadamotorjobs.com\/fr\/bmw-i7-pour-le-rendement-avant-la-beaute\/#primaryimage"},"image":{"@id":"https:\/\/news.canadamotorjobs.com\/fr\/bmw-i7-pour-le-rendement-avant-la-beaute\/#primaryimage"},"thumbnailUrl":"https:\/\/news.canadamotorjobs.com\/wp-content\/uploads\/2023\/02\/P90486261_highRes_the-new-bmw-i7-xdriv.jpg","datePublished":"2023-02-08T12:54:35+00:00","dateModified":"2023-02-08T12:59:19+00:00","description":"BMW i7: Pour le rendement avant la beaut\u00e9 - Benoit Charette - Annuel automobile - CanadaMotorJobs.com.","breadcrumb":{"@id":"https:\/\/news.canadamotorjobs.com\/fr\/bmw-i7-pour-le-rendement-avant-la-beaute\/#breadcrumb"},"inLanguage":"fr-CA","potentialAction":[{"@type":"ReadAction","target":["https:\/\/news.canadamotorjobs.com\/fr\/bmw-i7-pour-le-rendement-avant-la-beaute\/"]}]},{"@type":"ImageObject","inLanguage":"fr-CA","@id":"https:\/\/news.canadamotorjobs.com\/fr\/bmw-i7-pour-le-rendement-avant-la-beaute\/#primaryimage","url":"https:\/\/news.canadamotorjobs.com\/wp-content\/uploads\/2023\/02\/P90486261_highRes_the-new-bmw-i7-xdriv.jpg","contentUrl":"https:\/\/news.canadamotorjobs.com\/wp-content\/uploads\/2023\/02\/P90486261_highRes_the-new-bmw-i7-xdriv.jpg","width":1200,"height":800},{"@type":"BreadcrumbList","@id":"https:\/\/news.canadamotorjobs.com\/fr\/bmw-i7-pour-le-rendement-avant-la-beaute\/#breadcrumb","itemListElement":[{"@type":"ListItem","position":1,"name":"Home","item":"https:\/\/news.canadamotorjobs.com\/fr\/blog\/"},{"@type":"ListItem","position":2,"name":"BMW i7: Pour le rendement avant la beaut\u00e9"}]},{"@type":"WebSite","@id":"https:\/\/news.canadamotorjobs.com\/#website","url":"https:\/\/news.canadamotorjobs.com\/","name":"CanadaMotorJobs.com","description":"Automotive Jobs","publisher":{"@id":"https:\/\/news.canadamotorjobs.com\/#organization"},"potentialAction":[{"@type":"SearchAction","target":{"@type":"EntryPoint","urlTemplate":"https:\/\/news.canadamotorjobs.com\/?s={search_term_string}"},"query-input":"required name=search_term_string"}],"inLanguage":"fr-CA"},{"@type":"Organization","@id":"https:\/\/news.canadamotorjobs.com\/#organization","name":"Canada Motor Jobs","url":"https:\/\/news.canadamotorjobs.com\/","logo":{"@type":"ImageObject","inLanguage":"fr-CA","@id":"https:\/\/news.canadamotorjobs.com\/#\/schema\/logo\/image\/","url":"https:\/\/news.canadamotorjobs.com\/wp-content\/uploads\/2022\/10\/logo-canada-motor-jobs-1.png","contentUrl":"https:\/\/news.canadamotorjobs.com\/wp-content\/uploads\/2022\/10\/logo-canada-motor-jobs-1.png","width":800,"height":400,"caption":"Canada Motor Jobs"},"image":{"@id":"https:\/\/news.canadamotorjobs.com\/#\/schema\/logo\/image\/"},"sameAs":["https:\/\/www.facebook.com\/canadamotorjobs\/","https:\/\/x.com\/canadamotorjobs","https:\/\/www.instagram.com\/canadamotorjobs\/","https:\/\/www.linkedin.com\/company\/canadamotorjobs"]},{"@type":"Person","@id":"https:\/\/news.canadamotorjobs.com\/#\/schema\/person\/51793d1f87d44011d7bcc2ed99269a90","name":"Benoit Charette","image":{"@type":"ImageObject","inLanguage":"fr-CA","@id":"https:\/\/news.canadamotorjobs.com\/#\/schema\/person\/image\/","url":"https:\/\/secure.gravatar.com\/avatar\/45f3d2eebcccd909668d7ce7ea7267b6?s=96&d=mm&r=g","contentUrl":"https:\/\/secure.gravatar.com\/avatar\/45f3d2eebcccd909668d7ce7ea7267b6?s=96&d=mm&r=g","caption":"Benoit Charette"},"description":"Benoit Charette \/ Propri\u00e9taire et r\u00e9dacteur en chef Benoit Charette pratique le journalisme automobile depuis bient\u00f4t 30 ans. Il a fait ses classes au c\u00f4t\u00e9 de Daniel H\u00e9raud et au Carnet de route de 1992 \u00e0 2001. Il est fondateur, copropri\u00e9taire et r\u00e9dacteur en chef de L\u2019Annuel de l\u2019automobile, qu\u2019il publie depuis 2001. Il a anim\u00e9 les \u00e9missions RPM et RPM+ sur V et les L\u00e9gendes de la route sur Historia. \u00c0 la radio depuis 1986, il reprend l\u2019antenne cette ann\u00e9e sur les ondes de Cogeco et participe pour la deuxi\u00e8me ann\u00e9e \u00e0 l\u2019\u00e9mission Passion Auto sur RDS en plus de mettre en ligne le site Web officiel de L\u2019Annuel de l\u2019automobile sur annuelauto.ca.","sameAs":["https:\/\/annuelauto.ca\/"],"url":"https:\/\/news.canadamotorjobs.com\/fr\/author\/benoit-charette\/"}]}},"_links":{"self":[{"href":"https:\/\/news.canadamotorjobs.com\/fr\/wp-json\/wp\/v2\/posts\/139726"}],"collection":[{"href":"https:\/\/news.canadamotorjobs.com\/fr\/wp-json\/wp\/v2\/posts"}],"about":[{"href":"https:\/\/news.canadamotorjobs.com\/fr\/wp-json\/wp\/v2\/types\/post"}],"author":[{"embeddable":true,"href":"https:\/\/news.canadamotorjobs.com\/fr\/wp-json\/wp\/v2\/users\/8"}],"replies":[{"embeddable":true,"href":"https:\/\/news.canadamotorjobs.com\/fr\/wp-json\/wp\/v2\/comments?post=139726"}],"version-history":[{"count":2,"href":"https:\/\/news.canadamotorjobs.com\/fr\/wp-json\/wp\/v2\/posts\/139726\/revisions"}],"predecessor-version":[{"id":139730,"href":"https:\/\/news.canadamotorjobs.com\/fr\/wp-json\/wp\/v2\/posts\/139726\/revisions\/139730"}],"wp:featuredmedia":[{"embeddable":true,"href":"https:\/\/news.canadamotorjobs.com\/fr\/wp-json\/wp\/v2\/media\/139728"}],"wp:attachment":[{"href":"https:\/\/news.canadamotorjobs.com\/fr\/wp-json\/wp\/v2\/media?parent=139726"}],"wp:term":[{"taxonomy":"category","embeddable":true,"href":"https:\/\/news.canadamotorjobs.com\/fr\/wp-json\/wp\/v2\/categories?post=139726"},{"taxonomy":"post_tag","embeddable":true,"href":"https:\/\/news.canadamotorjobs.com\/fr\/wp-json\/wp\/v2\/tags?post=139726"}],"curies":[{"name":"wp","href":"https:\/\/api.w.org\/{rel}","templated":true}]}}