{"id":139707,"date":"2023-02-08T06:31:20","date_gmt":"2023-02-08T11:31:20","guid":{"rendered":"https:\/\/news.canadamotorjobs.com\/?p=139707"},"modified":"2023-02-08T06:44:33","modified_gmt":"2023-02-08T11:44:33","slug":"plus-de-vehicules-electriques-moins-de-problemes-respiratoires","status":"publish","type":"post","link":"https:\/\/news.canadamotorjobs.com\/fr\/plus-de-vehicules-electriques-moins-de-problemes-respiratoires\/","title":{"rendered":"Plus de v\u00e9hicules \u00e9lectriques, moins de probl\u00e8mes respiratoires"},"content":{"rendered":"<\/p>\n<p>On le savait d\u00e9j\u00e0, les v\u00e9hicules \u00e9lectriques sont bons pour la qualit\u00e9 de l\u2019air environnante. On sait maintenant que leur pr\u00e9sence en plus grand nombre a un impact positif direct sur la sant\u00e9 publique. C\u2019est ce qu\u2019indique une \u00e9tude publi\u00e9e \u00e0 la fin de la semaine derni\u00e8re par l\u2019Agence environnementale de la Californie (CARB).<\/p>\n<p>En gros\u00a0: certaines allergies et certaines maladies respiratoires ont tendance \u00e0 dispara\u00eetre dans les quartiers o\u00f9 les v\u00e9hicules \u00e9lectriques sont plus nombreux. Pour arriver \u00e0 cette conclusion, l\u2019\u00e9tude a divis\u00e9 par code postal la r\u00e9partition des v\u00e9hicules \u00e9lectriques pr\u00e9sents en Californie.<\/p>\n<p>Et son calcul est le suivant\u00a0: pour chaque tranche de 20 v\u00e9hicules \u00e9lectriques pr\u00e9sents par 1000 habitants dans un code postal donn\u00e9, on observe une baisse de 3,2\u00a0% des visites \u00e0 l\u2019urgence pour des troubles respiratoires li\u00e9s \u00e0 l\u2019asthme. L\u2019analyse a \u00e9t\u00e9 faite \u00e0 partir des donn\u00e9es les immatriculations de v\u00e9hicules z\u00e9ro \u00e9mission, le nombre d\u2019entr\u00e9es aux urgences et les niveaux de qualit\u00e9 de l\u2019air, tout \u00e7a r\u00e9parti selon le code postal, en Californie entre 2013 et 2019.<\/p>\n<p>Si on prend cette nouvelle \u00e0 l\u2019envers, cela signifie que la pr\u00e9sence toujours plus nombreuse de v\u00e9hicules \u00e0 essence ou de v\u00e9hicules diesel dans les zones urbaines contribue non seulement \u00e0 d\u00e9grader la qualit\u00e9 de l\u2019air en g\u00e9n\u00e9ral, elle affecte aussi directement chaque jour la sant\u00e9 de milliers de personnes.<\/p>\n<p>Car peu importe les normes sur les \u00e9missions des v\u00e9hicules \u00e0 moteur thermique, ils \u00e9mettent des gaz comme le dioxyde d\u2019azote qui contribuent \u00e0 la formation de smog urbain, ce nuage orange-brun qui englobe les grandes villes partout en Am\u00e9rique du Nord.<\/p>\n<p>Voil\u00e0 donc un message puissant \u00e0 la faveur d\u2019un changement dans la mentalit\u00e9 des automobilistes et des autorit\u00e9s pas seulement en Californie, mais partout sur la plan\u00e8te, r\u00e9sume l\u2019auteure de l\u2019\u00e9tude \u00e0 ce sujet et professeure adjointe en sant\u00e9 publique pour l\u2019Universit\u00e9 du sud de la Californie Erika Garcia.<\/p>\n<p>\u00ab\u00a0L\u2019id\u00e9e que des changements apport\u00e9s au niveau local peuvent am\u00e9liorer la sant\u00e9 globale de l\u2019ensemble de la communaut\u00e9 est un message puissant \u00e0 transmettre aux autorit\u00e9s et au public\u00a0\u00bb, dit-elle dans un communiqu\u00e9 accompagnant son \u00e9tude.<\/p>\n<p>Le texte <a rel=\"nofollow\" href=\"https:\/\/annuelauto.ca\/plus-de-vehicules-electriques-moins-de-problemes-respiratoires\/\">Plus de v\u00e9hicules \u00e9lectriques, moins de probl\u00e8mes respiratoires<\/a> provient de <a rel=\"nofollow\" href=\"https:\/\/annuelauto.ca\">L&#8217;annuel de l&#8217;automobile &#8211; Actualit\u00e9 automobile<\/a><\/p>\n<p><\/p>\n","protected":false},"excerpt":{"rendered":"<p>On le savait d\u00e9j\u00e0, les v\u00e9hicules \u00e9lectriques sont bons pour la qualit\u00e9 de l\u2019air environnante. On sait maintenant que leur pr\u00e9sence en plus grand nombre a un impact positif direct sur la sant\u00e9 publique. C\u2019est ce qu\u2019indique une \u00e9tude publi\u00e9e \u00e0 la fin de la semaine derni\u00e8re par l\u2019Agence environnementale de la Californie (CARB). En [&hellip;]<\/p>\n","protected":false},"author":8,"featured_media":139709,"comment_status":"close","ping_status":"closed","sticky":false,"template":"","format":"standard","meta":{"_monsterinsights_skip_tracking":false,"_monsterinsights_sitenote_active":false,"_monsterinsights_sitenote_note":"","_monsterinsights_sitenote_category":0,"footnotes":""},"categories":[101],"tags":[],"yoast_head":"<!-- This site is optimized with the Yoast SEO plugin v23.2 - https:\/\/yoast.com\/wordpress\/plugins\/seo\/ -->\n<title>Plus de v\u00e9hicules \u00e9lectriques, moins de probl\u00e8mes respiratoires - CanadaMotorJobs.com<\/title>\n<meta name=\"description\" content=\"Plus de v\u00e9hicules \u00e9lectriques, moins de probl\u00e8mes respiratoires - Benoit Charette - Annuel automobile - CanadaMotorJobs.com.\" \/>\n<meta name=\"robots\" content=\"index, follow, max-snippet:-1, max-image-preview:large, max-video-preview:-1\" \/>\n<meta property=\"og:locale\" content=\"fr_CA\" \/>\n<meta property=\"og:type\" content=\"article\" \/>\n<meta property=\"og:title\" content=\"Plus de v\u00e9hicules \u00e9lectriques, moins de probl\u00e8mes respiratoires - CanadaMotorJobs.com\" \/>\n<meta property=\"og:description\" content=\"Plus de v\u00e9hicules \u00e9lectriques, moins de probl\u00e8mes respiratoires - Benoit Charette - Annuel automobile - CanadaMotorJobs.com.\" \/>\n<meta property=\"og:url\" content=\"https:\/\/news.canadamotorjobs.com\/fr\/plus-de-vehicules-electriques-moins-de-problemes-respiratoires\/\" \/>\n<meta property=\"og:site_name\" content=\"CanadaMotorJobs.com\" \/>\n<meta property=\"article:publisher\" content=\"https:\/\/www.facebook.com\/canadamotorjobs\/\" \/>\n<meta property=\"article:published_time\" content=\"2023-02-08T11:31:20+00:00\" \/>\n<meta property=\"article:modified_time\" content=\"2023-02-08T11:44:33+00:00\" \/>\n<meta property=\"og:image\" content=\"https:\/\/news.canadamotorjobs.com\/wp-content\/uploads\/2023\/02\/ev-blog-4-930x420-1.jpg\" \/>\n\t<meta property=\"og:image:width\" content=\"930\" \/>\n\t<meta property=\"og:image:height\" content=\"420\" \/>\n\t<meta property=\"og:image:type\" content=\"image\/jpeg\" \/>\n<meta name=\"author\" content=\"Benoit Charette\" \/>\n<meta name=\"twitter:card\" content=\"summary_large_image\" \/>\n<meta name=\"twitter:creator\" content=\"@canadamotorjobs\" \/>\n<meta name=\"twitter:site\" content=\"@canadamotorjobs\" \/>\n<meta name=\"twitter:label1\" content=\"\u00c9crit par\" \/>\n\t<meta name=\"twitter:data1\" content=\"Benoit Charette\" \/>\n\t<meta name=\"twitter:label2\" content=\"Estimation du temps de lecture\" \/>\n\t<meta name=\"twitter:data2\" content=\"2 minutes\" \/>\n<!-- \/ Yoast SEO plugin. -->","yoast_head_json":{"title":"Plus de v\u00e9hicules \u00e9lectriques, moins de probl\u00e8mes respiratoires - CanadaMotorJobs.com","description":"Plus de v\u00e9hicules \u00e9lectriques, moins de probl\u00e8mes respiratoires - Benoit Charette - Annuel automobile - CanadaMotorJobs.com.","robots":{"index":"index","follow":"follow","max-snippet":"max-snippet:-1","max-image-preview":"max-image-preview:large","max-video-preview":"max-video-preview:-1"},"og_locale":"fr_CA","og_type":"article","og_title":"Plus de v\u00e9hicules \u00e9lectriques, moins de probl\u00e8mes respiratoires - CanadaMotorJobs.com","og_description":"Plus de v\u00e9hicules \u00e9lectriques, moins de probl\u00e8mes respiratoires - Benoit Charette - Annuel automobile - CanadaMotorJobs.com.","og_url":"https:\/\/news.canadamotorjobs.com\/fr\/plus-de-vehicules-electriques-moins-de-problemes-respiratoires\/","og_site_name":"CanadaMotorJobs.com","article_publisher":"https:\/\/www.facebook.com\/canadamotorjobs\/","article_published_time":"2023-02-08T11:31:20+00:00","article_modified_time":"2023-02-08T11:44:33+00:00","og_image":[{"width":930,"height":420,"url":"https:\/\/news.canadamotorjobs.com\/wp-content\/uploads\/2023\/02\/ev-blog-4-930x420-1.jpg","type":"image\/jpeg"}],"author":"Benoit Charette","twitter_card":"summary_large_image","twitter_creator":"@canadamotorjobs","twitter_site":"@canadamotorjobs","twitter_misc":{"\u00c9crit par":"Benoit Charette","Estimation du temps de lecture":"2 minutes"},"schema":{"@context":"https:\/\/schema.org","@graph":[{"@type":"Article","@id":"https:\/\/news.canadamotorjobs.com\/fr\/plus-de-vehicules-electriques-moins-de-problemes-respiratoires\/#article","isPartOf":{"@id":"https:\/\/news.canadamotorjobs.com\/fr\/plus-de-vehicules-electriques-moins-de-problemes-respiratoires\/"},"author":{"name":"Benoit Charette","@id":"https:\/\/news.canadamotorjobs.com\/#\/schema\/person\/51793d1f87d44011d7bcc2ed99269a90"},"headline":"Plus de v\u00e9hicules \u00e9lectriques, moins de probl\u00e8mes respiratoires","datePublished":"2023-02-08T11:31:20+00:00","dateModified":"2023-02-08T11:44:33+00:00","mainEntityOfPage":{"@id":"https:\/\/news.canadamotorjobs.com\/fr\/plus-de-vehicules-electriques-moins-de-problemes-respiratoires\/"},"wordCount":415,"publisher":{"@id":"https:\/\/news.canadamotorjobs.com\/#organization"},"image":{"@id":"https:\/\/news.canadamotorjobs.com\/fr\/plus-de-vehicules-electriques-moins-de-problemes-respiratoires\/#primaryimage"},"thumbnailUrl":"https:\/\/news.canadamotorjobs.com\/wp-content\/uploads\/2023\/02\/ev-blog-4-930x420-1.jpg","articleSection":["Annuel automobile"],"inLanguage":"fr-CA"},{"@type":"WebPage","@id":"https:\/\/news.canadamotorjobs.com\/fr\/plus-de-vehicules-electriques-moins-de-problemes-respiratoires\/","url":"https:\/\/news.canadamotorjobs.com\/fr\/plus-de-vehicules-electriques-moins-de-problemes-respiratoires\/","name":"Plus de v\u00e9hicules \u00e9lectriques, moins de probl\u00e8mes respiratoires - CanadaMotorJobs.com","isPartOf":{"@id":"https:\/\/news.canadamotorjobs.com\/#website"},"primaryImageOfPage":{"@id":"https:\/\/news.canadamotorjobs.com\/fr\/plus-de-vehicules-electriques-moins-de-problemes-respiratoires\/#primaryimage"},"image":{"@id":"https:\/\/news.canadamotorjobs.com\/fr\/plus-de-vehicules-electriques-moins-de-problemes-respiratoires\/#primaryimage"},"thumbnailUrl":"https:\/\/news.canadamotorjobs.com\/wp-content\/uploads\/2023\/02\/ev-blog-4-930x420-1.jpg","datePublished":"2023-02-08T11:31:20+00:00","dateModified":"2023-02-08T11:44:33+00:00","description":"Plus de v\u00e9hicules \u00e9lectriques, moins de probl\u00e8mes respiratoires - Benoit Charette - Annuel automobile - CanadaMotorJobs.com.","breadcrumb":{"@id":"https:\/\/news.canadamotorjobs.com\/fr\/plus-de-vehicules-electriques-moins-de-problemes-respiratoires\/#breadcrumb"},"inLanguage":"fr-CA","potentialAction":[{"@type":"ReadAction","target":["https:\/\/news.canadamotorjobs.com\/fr\/plus-de-vehicules-electriques-moins-de-problemes-respiratoires\/"]}]},{"@type":"ImageObject","inLanguage":"fr-CA","@id":"https:\/\/news.canadamotorjobs.com\/fr\/plus-de-vehicules-electriques-moins-de-problemes-respiratoires\/#primaryimage","url":"https:\/\/news.canadamotorjobs.com\/wp-content\/uploads\/2023\/02\/ev-blog-4-930x420-1.jpg","contentUrl":"https:\/\/news.canadamotorjobs.com\/wp-content\/uploads\/2023\/02\/ev-blog-4-930x420-1.jpg","width":930,"height":420},{"@type":"BreadcrumbList","@id":"https:\/\/news.canadamotorjobs.com\/fr\/plus-de-vehicules-electriques-moins-de-problemes-respiratoires\/#breadcrumb","itemListElement":[{"@type":"ListItem","position":1,"name":"Home","item":"https:\/\/news.canadamotorjobs.com\/fr\/blog\/"},{"@type":"ListItem","position":2,"name":"Plus de v\u00e9hicules \u00e9lectriques, moins de probl\u00e8mes respiratoires"}]},{"@type":"WebSite","@id":"https:\/\/news.canadamotorjobs.com\/#website","url":"https:\/\/news.canadamotorjobs.com\/","name":"CanadaMotorJobs.com","description":"Automotive Jobs","publisher":{"@id":"https:\/\/news.canadamotorjobs.com\/#organization"},"potentialAction":[{"@type":"SearchAction","target":{"@type":"EntryPoint","urlTemplate":"https:\/\/news.canadamotorjobs.com\/?s={search_term_string}"},"query-input":"required name=search_term_string"}],"inLanguage":"fr-CA"},{"@type":"Organization","@id":"https:\/\/news.canadamotorjobs.com\/#organization","name":"Canada Motor Jobs","url":"https:\/\/news.canadamotorjobs.com\/","logo":{"@type":"ImageObject","inLanguage":"fr-CA","@id":"https:\/\/news.canadamotorjobs.com\/#\/schema\/logo\/image\/","url":"https:\/\/news.canadamotorjobs.com\/wp-content\/uploads\/2022\/10\/logo-canada-motor-jobs-1.png","contentUrl":"https:\/\/news.canadamotorjobs.com\/wp-content\/uploads\/2022\/10\/logo-canada-motor-jobs-1.png","width":800,"height":400,"caption":"Canada Motor Jobs"},"image":{"@id":"https:\/\/news.canadamotorjobs.com\/#\/schema\/logo\/image\/"},"sameAs":["https:\/\/www.facebook.com\/canadamotorjobs\/","https:\/\/x.com\/canadamotorjobs","https:\/\/www.instagram.com\/canadamotorjobs\/","https:\/\/www.linkedin.com\/company\/canadamotorjobs"]},{"@type":"Person","@id":"https:\/\/news.canadamotorjobs.com\/#\/schema\/person\/51793d1f87d44011d7bcc2ed99269a90","name":"Benoit Charette","image":{"@type":"ImageObject","inLanguage":"fr-CA","@id":"https:\/\/news.canadamotorjobs.com\/#\/schema\/person\/image\/","url":"https:\/\/secure.gravatar.com\/avatar\/45f3d2eebcccd909668d7ce7ea7267b6?s=96&d=mm&r=g","contentUrl":"https:\/\/secure.gravatar.com\/avatar\/45f3d2eebcccd909668d7ce7ea7267b6?s=96&d=mm&r=g","caption":"Benoit Charette"},"description":"Benoit Charette \/ Propri\u00e9taire et r\u00e9dacteur en chef Benoit Charette pratique le journalisme automobile depuis bient\u00f4t 30 ans. Il a fait ses classes au c\u00f4t\u00e9 de Daniel H\u00e9raud et au Carnet de route de 1992 \u00e0 2001. Il est fondateur, copropri\u00e9taire et r\u00e9dacteur en chef de L\u2019Annuel de l\u2019automobile, qu\u2019il publie depuis 2001. Il a anim\u00e9 les \u00e9missions RPM et RPM+ sur V et les L\u00e9gendes de la route sur Historia. \u00c0 la radio depuis 1986, il reprend l\u2019antenne cette ann\u00e9e sur les ondes de Cogeco et participe pour la deuxi\u00e8me ann\u00e9e \u00e0 l\u2019\u00e9mission Passion Auto sur RDS en plus de mettre en ligne le site Web officiel de L\u2019Annuel de l\u2019automobile sur annuelauto.ca.","sameAs":["https:\/\/annuelauto.ca\/"],"url":"https:\/\/news.canadamotorjobs.com\/fr\/author\/benoit-charette\/"}]}},"_links":{"self":[{"href":"https:\/\/news.canadamotorjobs.com\/fr\/wp-json\/wp\/v2\/posts\/139707"}],"collection":[{"href":"https:\/\/news.canadamotorjobs.com\/fr\/wp-json\/wp\/v2\/posts"}],"about":[{"href":"https:\/\/news.canadamotorjobs.com\/fr\/wp-json\/wp\/v2\/types\/post"}],"author":[{"embeddable":true,"href":"https:\/\/news.canadamotorjobs.com\/fr\/wp-json\/wp\/v2\/users\/8"}],"replies":[{"embeddable":true,"href":"https:\/\/news.canadamotorjobs.com\/fr\/wp-json\/wp\/v2\/comments?post=139707"}],"version-history":[{"count":2,"href":"https:\/\/news.canadamotorjobs.com\/fr\/wp-json\/wp\/v2\/posts\/139707\/revisions"}],"predecessor-version":[{"id":139711,"href":"https:\/\/news.canadamotorjobs.com\/fr\/wp-json\/wp\/v2\/posts\/139707\/revisions\/139711"}],"wp:featuredmedia":[{"embeddable":true,"href":"https:\/\/news.canadamotorjobs.com\/fr\/wp-json\/wp\/v2\/media\/139709"}],"wp:attachment":[{"href":"https:\/\/news.canadamotorjobs.com\/fr\/wp-json\/wp\/v2\/media?parent=139707"}],"wp:term":[{"taxonomy":"category","embeddable":true,"href":"https:\/\/news.canadamotorjobs.com\/fr\/wp-json\/wp\/v2\/categories?post=139707"},{"taxonomy":"post_tag","embeddable":true,"href":"https:\/\/news.canadamotorjobs.com\/fr\/wp-json\/wp\/v2\/tags?post=139707"}],"curies":[{"name":"wp","href":"https:\/\/api.w.org\/{rel}","templated":true}]}}