{"id":139684,"date":"2023-02-08T06:42:29","date_gmt":"2023-02-08T11:42:29","guid":{"rendered":"https:\/\/news.canadamotorjobs.com\/?p=139684"},"modified":"2023-02-08T06:44:30","modified_gmt":"2023-02-08T11:44:30","slug":"les-vehicules-autonomes-vont-faire-bondir-les-emissions-polluantes","status":"publish","type":"post","link":"https:\/\/news.canadamotorjobs.com\/fr\/les-vehicules-autonomes-vont-faire-bondir-les-emissions-polluantes\/","title":{"rendered":"Les v\u00e9hicules autonomes vont faire bondir les \u00e9missions polluantes"},"content":{"rendered":"<\/p>\n<p>L\u2019adoption massive de v\u00e9hicules autonomes pourrait ne pas avoir l\u2019effet souhait\u00e9. En fait, plus il y aura de v\u00e9hicules connect\u00e9s et autonomes sur les routes, plus il faut s\u2019attendre \u00e0 ce que ces v\u00e9hicules provoquent une hausse des \u00e9missions polluantes du secteur du transport. Ce n\u2019est pas n\u2019importe qui qui le dit. C\u2019est la conclusion d\u2019une \u00e9tude effectu\u00e9e par le fameux MIT de Boston, qui en conna\u00eet une tranche en mati\u00e8re de nouvelles technologies.<\/p>\n<p>Selon le MIT, donc, tous les ordinateurs et les serveurs n\u00e9cessaires pour faire fonctionner le parc mondial de v\u00e9hicules autonomes finiront par demander une quantit\u00e9 d\u2019\u00e9nergie \u2013 et donc, par extension, des \u00e9missions polluantes \u2013 plus importante que celle de tous les centres de donn\u00e9es d\u00e9j\u00e0 en activit\u00e9 de nos jours. Le MIT calcule qu\u2019il suffirait de voir 1 milliard de v\u00e9hicules autonomes prendre la route pendant une heure chaque jour pour que ces v\u00e9hicules \u00e9mettent l\u2019\u00e9quivalent de la pollution d\u2019un pays comme l\u2019Argentine. Il suffirait de 300 millions de ces v\u00e9hicules sur la route pour que leurs \u00e9missions d\u00e9passent celles du Qu\u00e9bec.<\/p>\n<h3>On d\u00e9nombre en ce moment 1,5 milliard de v\u00e9hicules sur les routes de la plan\u00e8te.<\/h3>\n<p>\n\u00c7a peut sembler banal, comme quantit\u00e9 de pollution, mais dans un contexte o\u00f9 l\u2019objectif principal de la transformation de l\u2019industrie automobile est de devenir carboneutre, ou presque, d\u2019ici 2050, \u00e7a demeure contre-productif. Ce que le MIT sugg\u00e8re, c\u2019est de penser d\u00e8s aujourd\u2019hui \u00e0 une solution qui \u00e9viterait cette hausse de la pollution provoqu\u00e9e par les v\u00e9hicules autonomes. \u00c9videmment, la solution la plus simple serait de miser sur des centres de donn\u00e9es aliment\u00e9s par de l\u2019\u00e9nergie renouvelable, comme l\u2019hydro\u00e9lectricit\u00e9 qu\u00e9b\u00e9coise.<\/p>\n<h3>Le Qu\u00e9bec est d\u00e9j\u00e0 un endroit tr\u00e8s int\u00e9ressant pour les propri\u00e9taires de centres de donn\u00e9es et \u00e7a, Hydro-Qu\u00e9bec est tr\u00e8s au courant (sans jeu de mots).<\/h3>\n<p>\nL\u2019autre solution, qui serait au moins tout aussi sens\u00e9e, serait de concevoir des syst\u00e8mes autonomes plus efficaces et moins \u00e9nergivores, ce qui est tout \u00e0 fait r\u00e9alisable, \u00e0 condition que les constructeurs d\u2019automobiles y mettent l\u2019effort.<\/p>\n<p>Le probl\u00e8me, c\u2019est que les constructeurs ont tendance \u00e0 se soumettre \u00e0 peu pr\u00e8s tout le temps \u00e0 la loi du moindre effort\u2026<\/p>\n<p>\u00a0<\/p>\n<p>Le texte <a rel=\"nofollow\" href=\"https:\/\/annuelauto.ca\/les-vehicules-autonomes-vont-faire-bondir-les-emissions-polluantes\/\">Les v\u00e9hicules autonomes vont faire bondir les \u00e9missions polluantes<\/a> provient de <a rel=\"nofollow\" href=\"https:\/\/annuelauto.ca\">L&#8217;annuel de l&#8217;automobile &#8211; Actualit\u00e9 automobile<\/a><\/p>\n<p><\/p>\n","protected":false},"excerpt":{"rendered":"<p>L\u2019adoption massive de v\u00e9hicules autonomes pourrait ne pas avoir l\u2019effet souhait\u00e9. En fait, plus il y aura de v\u00e9hicules connect\u00e9s et autonomes sur les routes, plus il faut s\u2019attendre \u00e0 ce que ces v\u00e9hicules provoquent une hausse des \u00e9missions polluantes du secteur du transport. Ce n\u2019est pas n\u2019importe qui qui le dit. C\u2019est la conclusion [&hellip;]<\/p>\n","protected":false},"author":8,"featured_media":139686,"comment_status":"close","ping_status":"closed","sticky":false,"template":"","format":"standard","meta":{"_monsterinsights_skip_tracking":false,"_monsterinsights_sitenote_active":false,"_monsterinsights_sitenote_note":"","_monsterinsights_sitenote_category":0,"footnotes":""},"categories":[101],"tags":[],"yoast_head":"<!-- This site is optimized with the Yoast SEO plugin v23.2 - https:\/\/yoast.com\/wordpress\/plugins\/seo\/ -->\n<title>Les v\u00e9hicules autonomes vont faire bondir les \u00e9missions polluantes - CanadaMotorJobs.com<\/title>\n<meta name=\"description\" content=\"Les v\u00e9hicules autonomes vont faire bondir les \u00e9missions polluantes - Benoit Charette - Annuel automobile - CanadaMotorJobs.com.\" \/>\n<meta name=\"robots\" content=\"index, follow, max-snippet:-1, max-image-preview:large, max-video-preview:-1\" \/>\n<meta property=\"og:locale\" content=\"fr_CA\" \/>\n<meta property=\"og:type\" content=\"article\" \/>\n<meta property=\"og:title\" content=\"Les v\u00e9hicules autonomes vont faire bondir les \u00e9missions polluantes - CanadaMotorJobs.com\" \/>\n<meta property=\"og:description\" content=\"Les v\u00e9hicules autonomes vont faire bondir les \u00e9missions polluantes - Benoit Charette - Annuel automobile - CanadaMotorJobs.com.\" \/>\n<meta property=\"og:url\" content=\"https:\/\/news.canadamotorjobs.com\/fr\/les-vehicules-autonomes-vont-faire-bondir-les-emissions-polluantes\/\" \/>\n<meta property=\"og:site_name\" content=\"CanadaMotorJobs.com\" \/>\n<meta property=\"article:publisher\" content=\"https:\/\/www.facebook.com\/canadamotorjobs\/\" \/>\n<meta property=\"article:published_time\" content=\"2023-02-08T11:42:29+00:00\" \/>\n<meta property=\"article:modified_time\" content=\"2023-02-08T11:44:30+00:00\" \/>\n<meta property=\"og:image\" content=\"https:\/\/news.canadamotorjobs.com\/wp-content\/uploads\/2023\/02\/2-2015-Mercedes-Benz-F-015-Luxury-in-Motion-Concept.jpg\" \/>\n\t<meta property=\"og:image:width\" content=\"1048\" \/>\n\t<meta property=\"og:image:height\" content=\"580\" \/>\n\t<meta property=\"og:image:type\" content=\"image\/jpeg\" \/>\n<meta name=\"author\" content=\"Benoit Charette\" \/>\n<meta name=\"twitter:card\" content=\"summary_large_image\" \/>\n<meta name=\"twitter:creator\" content=\"@canadamotorjobs\" \/>\n<meta name=\"twitter:site\" content=\"@canadamotorjobs\" \/>\n<meta name=\"twitter:label1\" content=\"\u00c9crit par\" \/>\n\t<meta name=\"twitter:data1\" content=\"Benoit Charette\" \/>\n\t<meta name=\"twitter:label2\" content=\"Estimation du temps de lecture\" \/>\n\t<meta name=\"twitter:data2\" content=\"2 minutes\" \/>\n<!-- \/ Yoast SEO plugin. -->","yoast_head_json":{"title":"Les v\u00e9hicules autonomes vont faire bondir les \u00e9missions polluantes - CanadaMotorJobs.com","description":"Les v\u00e9hicules autonomes vont faire bondir les \u00e9missions polluantes - Benoit Charette - Annuel automobile - CanadaMotorJobs.com.","robots":{"index":"index","follow":"follow","max-snippet":"max-snippet:-1","max-image-preview":"max-image-preview:large","max-video-preview":"max-video-preview:-1"},"og_locale":"fr_CA","og_type":"article","og_title":"Les v\u00e9hicules autonomes vont faire bondir les \u00e9missions polluantes - CanadaMotorJobs.com","og_description":"Les v\u00e9hicules autonomes vont faire bondir les \u00e9missions polluantes - Benoit Charette - Annuel automobile - CanadaMotorJobs.com.","og_url":"https:\/\/news.canadamotorjobs.com\/fr\/les-vehicules-autonomes-vont-faire-bondir-les-emissions-polluantes\/","og_site_name":"CanadaMotorJobs.com","article_publisher":"https:\/\/www.facebook.com\/canadamotorjobs\/","article_published_time":"2023-02-08T11:42:29+00:00","article_modified_time":"2023-02-08T11:44:30+00:00","og_image":[{"width":1048,"height":580,"url":"https:\/\/news.canadamotorjobs.com\/wp-content\/uploads\/2023\/02\/2-2015-Mercedes-Benz-F-015-Luxury-in-Motion-Concept.jpg","type":"image\/jpeg"}],"author":"Benoit Charette","twitter_card":"summary_large_image","twitter_creator":"@canadamotorjobs","twitter_site":"@canadamotorjobs","twitter_misc":{"\u00c9crit par":"Benoit Charette","Estimation du temps de lecture":"2 minutes"},"schema":{"@context":"https:\/\/schema.org","@graph":[{"@type":"Article","@id":"https:\/\/news.canadamotorjobs.com\/fr\/les-vehicules-autonomes-vont-faire-bondir-les-emissions-polluantes\/#article","isPartOf":{"@id":"https:\/\/news.canadamotorjobs.com\/fr\/les-vehicules-autonomes-vont-faire-bondir-les-emissions-polluantes\/"},"author":{"name":"Benoit Charette","@id":"https:\/\/news.canadamotorjobs.com\/#\/schema\/person\/51793d1f87d44011d7bcc2ed99269a90"},"headline":"Les v\u00e9hicules autonomes vont faire bondir les \u00e9missions polluantes","datePublished":"2023-02-08T11:42:29+00:00","dateModified":"2023-02-08T11:44:30+00:00","mainEntityOfPage":{"@id":"https:\/\/news.canadamotorjobs.com\/fr\/les-vehicules-autonomes-vont-faire-bondir-les-emissions-polluantes\/"},"wordCount":439,"publisher":{"@id":"https:\/\/news.canadamotorjobs.com\/#organization"},"image":{"@id":"https:\/\/news.canadamotorjobs.com\/fr\/les-vehicules-autonomes-vont-faire-bondir-les-emissions-polluantes\/#primaryimage"},"thumbnailUrl":"https:\/\/news.canadamotorjobs.com\/wp-content\/uploads\/2023\/02\/2-2015-Mercedes-Benz-F-015-Luxury-in-Motion-Concept.jpg","articleSection":["Annuel automobile"],"inLanguage":"fr-CA"},{"@type":"WebPage","@id":"https:\/\/news.canadamotorjobs.com\/fr\/les-vehicules-autonomes-vont-faire-bondir-les-emissions-polluantes\/","url":"https:\/\/news.canadamotorjobs.com\/fr\/les-vehicules-autonomes-vont-faire-bondir-les-emissions-polluantes\/","name":"Les v\u00e9hicules autonomes vont faire bondir les \u00e9missions polluantes - CanadaMotorJobs.com","isPartOf":{"@id":"https:\/\/news.canadamotorjobs.com\/#website"},"primaryImageOfPage":{"@id":"https:\/\/news.canadamotorjobs.com\/fr\/les-vehicules-autonomes-vont-faire-bondir-les-emissions-polluantes\/#primaryimage"},"image":{"@id":"https:\/\/news.canadamotorjobs.com\/fr\/les-vehicules-autonomes-vont-faire-bondir-les-emissions-polluantes\/#primaryimage"},"thumbnailUrl":"https:\/\/news.canadamotorjobs.com\/wp-content\/uploads\/2023\/02\/2-2015-Mercedes-Benz-F-015-Luxury-in-Motion-Concept.jpg","datePublished":"2023-02-08T11:42:29+00:00","dateModified":"2023-02-08T11:44:30+00:00","description":"Les v\u00e9hicules autonomes vont faire bondir les \u00e9missions polluantes - Benoit Charette - Annuel automobile - CanadaMotorJobs.com.","breadcrumb":{"@id":"https:\/\/news.canadamotorjobs.com\/fr\/les-vehicules-autonomes-vont-faire-bondir-les-emissions-polluantes\/#breadcrumb"},"inLanguage":"fr-CA","potentialAction":[{"@type":"ReadAction","target":["https:\/\/news.canadamotorjobs.com\/fr\/les-vehicules-autonomes-vont-faire-bondir-les-emissions-polluantes\/"]}]},{"@type":"ImageObject","inLanguage":"fr-CA","@id":"https:\/\/news.canadamotorjobs.com\/fr\/les-vehicules-autonomes-vont-faire-bondir-les-emissions-polluantes\/#primaryimage","url":"https:\/\/news.canadamotorjobs.com\/wp-content\/uploads\/2023\/02\/2-2015-Mercedes-Benz-F-015-Luxury-in-Motion-Concept.jpg","contentUrl":"https:\/\/news.canadamotorjobs.com\/wp-content\/uploads\/2023\/02\/2-2015-Mercedes-Benz-F-015-Luxury-in-Motion-Concept.jpg","width":1048,"height":580},{"@type":"BreadcrumbList","@id":"https:\/\/news.canadamotorjobs.com\/fr\/les-vehicules-autonomes-vont-faire-bondir-les-emissions-polluantes\/#breadcrumb","itemListElement":[{"@type":"ListItem","position":1,"name":"Home","item":"https:\/\/news.canadamotorjobs.com\/fr\/blog\/"},{"@type":"ListItem","position":2,"name":"Les v\u00e9hicules autonomes vont faire bondir les \u00e9missions polluantes"}]},{"@type":"WebSite","@id":"https:\/\/news.canadamotorjobs.com\/#website","url":"https:\/\/news.canadamotorjobs.com\/","name":"CanadaMotorJobs.com","description":"Automotive Jobs","publisher":{"@id":"https:\/\/news.canadamotorjobs.com\/#organization"},"potentialAction":[{"@type":"SearchAction","target":{"@type":"EntryPoint","urlTemplate":"https:\/\/news.canadamotorjobs.com\/?s={search_term_string}"},"query-input":"required name=search_term_string"}],"inLanguage":"fr-CA"},{"@type":"Organization","@id":"https:\/\/news.canadamotorjobs.com\/#organization","name":"Canada Motor Jobs","url":"https:\/\/news.canadamotorjobs.com\/","logo":{"@type":"ImageObject","inLanguage":"fr-CA","@id":"https:\/\/news.canadamotorjobs.com\/#\/schema\/logo\/image\/","url":"https:\/\/news.canadamotorjobs.com\/wp-content\/uploads\/2022\/10\/logo-canada-motor-jobs-1.png","contentUrl":"https:\/\/news.canadamotorjobs.com\/wp-content\/uploads\/2022\/10\/logo-canada-motor-jobs-1.png","width":800,"height":400,"caption":"Canada Motor Jobs"},"image":{"@id":"https:\/\/news.canadamotorjobs.com\/#\/schema\/logo\/image\/"},"sameAs":["https:\/\/www.facebook.com\/canadamotorjobs\/","https:\/\/x.com\/canadamotorjobs","https:\/\/www.instagram.com\/canadamotorjobs\/","https:\/\/www.linkedin.com\/company\/canadamotorjobs"]},{"@type":"Person","@id":"https:\/\/news.canadamotorjobs.com\/#\/schema\/person\/51793d1f87d44011d7bcc2ed99269a90","name":"Benoit Charette","image":{"@type":"ImageObject","inLanguage":"fr-CA","@id":"https:\/\/news.canadamotorjobs.com\/#\/schema\/person\/image\/","url":"https:\/\/secure.gravatar.com\/avatar\/45f3d2eebcccd909668d7ce7ea7267b6?s=96&d=mm&r=g","contentUrl":"https:\/\/secure.gravatar.com\/avatar\/45f3d2eebcccd909668d7ce7ea7267b6?s=96&d=mm&r=g","caption":"Benoit Charette"},"description":"Benoit Charette \/ Propri\u00e9taire et r\u00e9dacteur en chef Benoit Charette pratique le journalisme automobile depuis bient\u00f4t 30 ans. Il a fait ses classes au c\u00f4t\u00e9 de Daniel H\u00e9raud et au Carnet de route de 1992 \u00e0 2001. Il est fondateur, copropri\u00e9taire et r\u00e9dacteur en chef de L\u2019Annuel de l\u2019automobile, qu\u2019il publie depuis 2001. Il a anim\u00e9 les \u00e9missions RPM et RPM+ sur V et les L\u00e9gendes de la route sur Historia. \u00c0 la radio depuis 1986, il reprend l\u2019antenne cette ann\u00e9e sur les ondes de Cogeco et participe pour la deuxi\u00e8me ann\u00e9e \u00e0 l\u2019\u00e9mission Passion Auto sur RDS en plus de mettre en ligne le site Web officiel de L\u2019Annuel de l\u2019automobile sur annuelauto.ca.","sameAs":["https:\/\/annuelauto.ca\/"],"url":"https:\/\/news.canadamotorjobs.com\/fr\/author\/benoit-charette\/"}]}},"_links":{"self":[{"href":"https:\/\/news.canadamotorjobs.com\/fr\/wp-json\/wp\/v2\/posts\/139684"}],"collection":[{"href":"https:\/\/news.canadamotorjobs.com\/fr\/wp-json\/wp\/v2\/posts"}],"about":[{"href":"https:\/\/news.canadamotorjobs.com\/fr\/wp-json\/wp\/v2\/types\/post"}],"author":[{"embeddable":true,"href":"https:\/\/news.canadamotorjobs.com\/fr\/wp-json\/wp\/v2\/users\/8"}],"replies":[{"embeddable":true,"href":"https:\/\/news.canadamotorjobs.com\/fr\/wp-json\/wp\/v2\/comments?post=139684"}],"version-history":[{"count":2,"href":"https:\/\/news.canadamotorjobs.com\/fr\/wp-json\/wp\/v2\/posts\/139684\/revisions"}],"predecessor-version":[{"id":139688,"href":"https:\/\/news.canadamotorjobs.com\/fr\/wp-json\/wp\/v2\/posts\/139684\/revisions\/139688"}],"wp:featuredmedia":[{"embeddable":true,"href":"https:\/\/news.canadamotorjobs.com\/fr\/wp-json\/wp\/v2\/media\/139686"}],"wp:attachment":[{"href":"https:\/\/news.canadamotorjobs.com\/fr\/wp-json\/wp\/v2\/media?parent=139684"}],"wp:term":[{"taxonomy":"category","embeddable":true,"href":"https:\/\/news.canadamotorjobs.com\/fr\/wp-json\/wp\/v2\/categories?post=139684"},{"taxonomy":"post_tag","embeddable":true,"href":"https:\/\/news.canadamotorjobs.com\/fr\/wp-json\/wp\/v2\/tags?post=139684"}],"curies":[{"name":"wp","href":"https:\/\/api.w.org\/{rel}","templated":true}]}}