{"id":139657,"date":"2023-02-07T10:41:15","date_gmt":"2023-02-07T15:41:15","guid":{"rendered":"https:\/\/news.canadamotorjobs.com\/?p=139657"},"modified":"2023-02-07T10:44:06","modified_gmt":"2023-02-07T15:44:06","slug":"mazda-canada-annonce-le-nouveau-cx-90-a-partir-de-45-900","status":"publish","type":"post","link":"https:\/\/news.canadamotorjobs.com\/fr\/mazda-canada-annonce-le-nouveau-cx-90-a-partir-de-45-900\/","title":{"rendered":"Mazda Canada annonce le nouveau CX-90 \u00e0 partir de 45 900\u00a0$"},"content":{"rendered":"<\/p>\n<p>Mazda Canada a annonc\u00e9 aujourd&#8217;hui le prix de base du nouveau CX-90. Le CX-90, qui sera mis en vente ce printemps en tant que mod\u00e8le 2024 d\u00e9bute \u00e0 45 900 $.<\/p>\n<h3>Trois moteurs et neuf versions<\/h3>\n<p>\nLivrables avec un moteur 3.3 turbo, le CX-90 PHEV et le CX-90 3.3 Turbos \u00e0 haut rendement, le VUS multisegment \u00e0 trois rang\u00e9es sera propos\u00e9 en neuf versions. Les mod\u00e8les haut de gamme seront \u00e9quip\u00e9s du moteur six cylindres en ligne e-Skyactiv G 3.3L turbo, qui est le moteur \u00e0 essence de s\u00e9rie le plus puissant d\u00e9velopp\u00e9 par Mazda, produisant jusqu&#8217;\u00e0 340 chevaux et 369\u00a0lb-pi de couple en utilisant le carburant super sans plomb recommand\u00e9, tout en atteignant une \u00e9conomie de carburant estim\u00e9e par NRCan \u00e0 10,3 L\/100km en ville, 8,5 L\/100km sur route et 9,5 L\/100km en mode combin\u00e9.<\/p>\n<h3>Un PHEV de 323 chevaux<\/h3>\n<p>\nLe CX-90 PHEV est \u00e9quip\u00e9 du groupe motopropulseur e-Skyactiv PHEV, qui consiste en un moteur \u00e9lectrique coupl\u00e9 \u00e0 un moteur quatre cylindres \u00e0 aspiration naturelle de 2,5 litres produisant ensemble 323 chevaux et 369\u00a0lb-pi de couple lorsqu&#8217;on utilise le carburant super recommand\u00e9. La batterie de 17,8\u00a0kWh sera en mesure de donner une autonomie qui va sans doute approcher les 60\u00a0km. Le groupe motopropulseur de s\u00e9rie du CX-90 est le moteur e-Skyactiv G 3.3L turbo produisant 280 chevaux et 332\u00a0lb-pi de couple avec du carburant ordinaire qui peut atteindre des cotes de consommation de carburant estim\u00e9es par RNCan de 9,9 L\/100km en ville, 8,4 L\/100km sur route et 9,3 L\/100km en mode combin\u00e9.<\/p>\n<h3>Voici la liste compl\u00e8te des prix<\/h3>\n<p>\nCX-90 GS $45,900<br \/>\nCX-90 GS-L $49,300<br \/>\nCX-90 GS-L Enhanced Package $51,350<br \/>\nCX-90 GT $55,350<br \/>\nCX-90 PHEV GS $54,900<br \/>\nCX-90 PHEV GS-L $59,950<br \/>\nCX-90 PHEV GT $64,350<br \/>\nCX-90 GT-P $59,300<br \/>\nCX-90 Signature $63,300<\/p>\n<p>1 995\u00a0$ POUR LES FRAIS DE TRANSPORT ET DE PR\u00c9PARATION<\/p>\n<p>Le texte <a rel=\"nofollow\" href=\"https:\/\/annuelauto.ca\/mazda-canada-annonce-le-nouveau-cx-90-a-partir-de-45-900\/\">Mazda Canada annonce le nouveau CX-90 \u00e0 partir de 45 900\u00a0$<\/a> provient de <a rel=\"nofollow\" href=\"https:\/\/annuelauto.ca\">L&#8217;annuel de l&#8217;automobile &#8211; Actualit\u00e9 automobile<\/a><\/p>\n<p><\/p>\n","protected":false},"excerpt":{"rendered":"<p>Mazda Canada a annonc\u00e9 aujourd&#8217;hui le prix de base du nouveau CX-90. Le CX-90, qui sera mis en vente ce printemps en tant que mod\u00e8le 2024 d\u00e9bute \u00e0 45 900 $. Trois moteurs et neuf versions Livrables avec un moteur 3.3 turbo, le CX-90 PHEV et le CX-90 3.3 Turbos \u00e0 haut rendement, le VUS [&hellip;]<\/p>\n","protected":false},"author":8,"featured_media":139659,"comment_status":"close","ping_status":"closed","sticky":false,"template":"","format":"standard","meta":{"_monsterinsights_skip_tracking":false,"_monsterinsights_sitenote_active":false,"_monsterinsights_sitenote_note":"","_monsterinsights_sitenote_category":0,"footnotes":""},"categories":[101],"tags":[],"yoast_head":"<!-- This site is optimized with the Yoast SEO plugin v23.2 - https:\/\/yoast.com\/wordpress\/plugins\/seo\/ -->\n<title>Mazda Canada annonce le nouveau CX-90 \u00e0 partir de 45 900\u00a0$ - CanadaMotorJobs.com<\/title>\n<meta name=\"description\" content=\"Mazda Canada annonce le nouveau CX-90 \u00e0 partir de 45 900\u00a0$ - Benoit Charette - Annuel automobile - CanadaMotorJobs.com.\" \/>\n<meta name=\"robots\" content=\"index, follow, max-snippet:-1, max-image-preview:large, max-video-preview:-1\" \/>\n<meta property=\"og:locale\" content=\"fr_CA\" \/>\n<meta property=\"og:type\" content=\"article\" \/>\n<meta property=\"og:title\" content=\"Mazda Canada annonce le nouveau CX-90 \u00e0 partir de 45 900\u00a0$ - CanadaMotorJobs.com\" \/>\n<meta property=\"og:description\" content=\"Mazda Canada annonce le nouveau CX-90 \u00e0 partir de 45 900\u00a0$ - Benoit Charette - Annuel automobile - CanadaMotorJobs.com.\" \/>\n<meta property=\"og:url\" content=\"https:\/\/news.canadamotorjobs.com\/fr\/mazda-canada-annonce-le-nouveau-cx-90-a-partir-de-45-900\/\" \/>\n<meta property=\"og:site_name\" content=\"CanadaMotorJobs.com\" \/>\n<meta property=\"article:publisher\" content=\"https:\/\/www.facebook.com\/canadamotorjobs\/\" \/>\n<meta property=\"article:published_time\" content=\"2023-02-07T15:41:15+00:00\" \/>\n<meta property=\"article:modified_time\" content=\"2023-02-07T15:44:06+00:00\" \/>\n<meta property=\"og:image\" content=\"https:\/\/news.canadamotorjobs.com\/wp-content\/uploads\/2023\/02\/2024-mazda-cx-90-side-view.jpg\" \/>\n\t<meta property=\"og:image:width\" content=\"1920\" \/>\n\t<meta property=\"og:image:height\" content=\"1080\" \/>\n\t<meta property=\"og:image:type\" content=\"image\/jpeg\" \/>\n<meta name=\"author\" content=\"Benoit Charette\" \/>\n<meta name=\"twitter:card\" content=\"summary_large_image\" \/>\n<meta name=\"twitter:creator\" content=\"@canadamotorjobs\" \/>\n<meta name=\"twitter:site\" content=\"@canadamotorjobs\" \/>\n<meta name=\"twitter:label1\" content=\"\u00c9crit par\" \/>\n\t<meta name=\"twitter:data1\" content=\"Benoit Charette\" \/>\n\t<meta name=\"twitter:label2\" content=\"Estimation du temps de lecture\" \/>\n\t<meta name=\"twitter:data2\" content=\"2 minutes\" \/>\n<!-- \/ Yoast SEO plugin. -->","yoast_head_json":{"title":"Mazda Canada annonce le nouveau CX-90 \u00e0 partir de 45 900\u00a0$ - CanadaMotorJobs.com","description":"Mazda Canada annonce le nouveau CX-90 \u00e0 partir de 45 900\u00a0$ - Benoit Charette - Annuel automobile - CanadaMotorJobs.com.","robots":{"index":"index","follow":"follow","max-snippet":"max-snippet:-1","max-image-preview":"max-image-preview:large","max-video-preview":"max-video-preview:-1"},"og_locale":"fr_CA","og_type":"article","og_title":"Mazda Canada annonce le nouveau CX-90 \u00e0 partir de 45 900\u00a0$ - CanadaMotorJobs.com","og_description":"Mazda Canada annonce le nouveau CX-90 \u00e0 partir de 45 900\u00a0$ - Benoit Charette - Annuel automobile - CanadaMotorJobs.com.","og_url":"https:\/\/news.canadamotorjobs.com\/fr\/mazda-canada-annonce-le-nouveau-cx-90-a-partir-de-45-900\/","og_site_name":"CanadaMotorJobs.com","article_publisher":"https:\/\/www.facebook.com\/canadamotorjobs\/","article_published_time":"2023-02-07T15:41:15+00:00","article_modified_time":"2023-02-07T15:44:06+00:00","og_image":[{"width":1920,"height":1080,"url":"https:\/\/news.canadamotorjobs.com\/wp-content\/uploads\/2023\/02\/2024-mazda-cx-90-side-view.jpg","type":"image\/jpeg"}],"author":"Benoit Charette","twitter_card":"summary_large_image","twitter_creator":"@canadamotorjobs","twitter_site":"@canadamotorjobs","twitter_misc":{"\u00c9crit par":"Benoit Charette","Estimation du temps de lecture":"2 minutes"},"schema":{"@context":"https:\/\/schema.org","@graph":[{"@type":"Article","@id":"https:\/\/news.canadamotorjobs.com\/fr\/mazda-canada-annonce-le-nouveau-cx-90-a-partir-de-45-900\/#article","isPartOf":{"@id":"https:\/\/news.canadamotorjobs.com\/fr\/mazda-canada-annonce-le-nouveau-cx-90-a-partir-de-45-900\/"},"author":{"name":"Benoit Charette","@id":"https:\/\/news.canadamotorjobs.com\/#\/schema\/person\/51793d1f87d44011d7bcc2ed99269a90"},"headline":"Mazda Canada annonce le nouveau CX-90 \u00e0 partir de 45 900\u00a0$","datePublished":"2023-02-07T15:41:15+00:00","dateModified":"2023-02-07T15:44:06+00:00","mainEntityOfPage":{"@id":"https:\/\/news.canadamotorjobs.com\/fr\/mazda-canada-annonce-le-nouveau-cx-90-a-partir-de-45-900\/"},"wordCount":313,"publisher":{"@id":"https:\/\/news.canadamotorjobs.com\/#organization"},"image":{"@id":"https:\/\/news.canadamotorjobs.com\/fr\/mazda-canada-annonce-le-nouveau-cx-90-a-partir-de-45-900\/#primaryimage"},"thumbnailUrl":"https:\/\/news.canadamotorjobs.com\/wp-content\/uploads\/2023\/02\/2024-mazda-cx-90-side-view.jpg","articleSection":["Annuel automobile"],"inLanguage":"fr-CA"},{"@type":"WebPage","@id":"https:\/\/news.canadamotorjobs.com\/fr\/mazda-canada-annonce-le-nouveau-cx-90-a-partir-de-45-900\/","url":"https:\/\/news.canadamotorjobs.com\/fr\/mazda-canada-annonce-le-nouveau-cx-90-a-partir-de-45-900\/","name":"Mazda Canada annonce le nouveau CX-90 \u00e0 partir de 45 900\u00a0$ - CanadaMotorJobs.com","isPartOf":{"@id":"https:\/\/news.canadamotorjobs.com\/#website"},"primaryImageOfPage":{"@id":"https:\/\/news.canadamotorjobs.com\/fr\/mazda-canada-annonce-le-nouveau-cx-90-a-partir-de-45-900\/#primaryimage"},"image":{"@id":"https:\/\/news.canadamotorjobs.com\/fr\/mazda-canada-annonce-le-nouveau-cx-90-a-partir-de-45-900\/#primaryimage"},"thumbnailUrl":"https:\/\/news.canadamotorjobs.com\/wp-content\/uploads\/2023\/02\/2024-mazda-cx-90-side-view.jpg","datePublished":"2023-02-07T15:41:15+00:00","dateModified":"2023-02-07T15:44:06+00:00","description":"Mazda Canada annonce le nouveau CX-90 \u00e0 partir de 45 900\u00a0$ - Benoit Charette - Annuel automobile - CanadaMotorJobs.com.","breadcrumb":{"@id":"https:\/\/news.canadamotorjobs.com\/fr\/mazda-canada-annonce-le-nouveau-cx-90-a-partir-de-45-900\/#breadcrumb"},"inLanguage":"fr-CA","potentialAction":[{"@type":"ReadAction","target":["https:\/\/news.canadamotorjobs.com\/fr\/mazda-canada-annonce-le-nouveau-cx-90-a-partir-de-45-900\/"]}]},{"@type":"ImageObject","inLanguage":"fr-CA","@id":"https:\/\/news.canadamotorjobs.com\/fr\/mazda-canada-annonce-le-nouveau-cx-90-a-partir-de-45-900\/#primaryimage","url":"https:\/\/news.canadamotorjobs.com\/wp-content\/uploads\/2023\/02\/2024-mazda-cx-90-side-view.jpg","contentUrl":"https:\/\/news.canadamotorjobs.com\/wp-content\/uploads\/2023\/02\/2024-mazda-cx-90-side-view.jpg","width":1920,"height":1080},{"@type":"BreadcrumbList","@id":"https:\/\/news.canadamotorjobs.com\/fr\/mazda-canada-annonce-le-nouveau-cx-90-a-partir-de-45-900\/#breadcrumb","itemListElement":[{"@type":"ListItem","position":1,"name":"Home","item":"https:\/\/news.canadamotorjobs.com\/fr\/blog\/"},{"@type":"ListItem","position":2,"name":"Mazda Canada annonce le nouveau CX-90 \u00e0 partir de 45 900\u00a0$"}]},{"@type":"WebSite","@id":"https:\/\/news.canadamotorjobs.com\/#website","url":"https:\/\/news.canadamotorjobs.com\/","name":"CanadaMotorJobs.com","description":"Automotive Jobs","publisher":{"@id":"https:\/\/news.canadamotorjobs.com\/#organization"},"potentialAction":[{"@type":"SearchAction","target":{"@type":"EntryPoint","urlTemplate":"https:\/\/news.canadamotorjobs.com\/?s={search_term_string}"},"query-input":"required name=search_term_string"}],"inLanguage":"fr-CA"},{"@type":"Organization","@id":"https:\/\/news.canadamotorjobs.com\/#organization","name":"Canada Motor Jobs","url":"https:\/\/news.canadamotorjobs.com\/","logo":{"@type":"ImageObject","inLanguage":"fr-CA","@id":"https:\/\/news.canadamotorjobs.com\/#\/schema\/logo\/image\/","url":"https:\/\/news.canadamotorjobs.com\/wp-content\/uploads\/2022\/10\/logo-canada-motor-jobs-1.png","contentUrl":"https:\/\/news.canadamotorjobs.com\/wp-content\/uploads\/2022\/10\/logo-canada-motor-jobs-1.png","width":800,"height":400,"caption":"Canada Motor Jobs"},"image":{"@id":"https:\/\/news.canadamotorjobs.com\/#\/schema\/logo\/image\/"},"sameAs":["https:\/\/www.facebook.com\/canadamotorjobs\/","https:\/\/x.com\/canadamotorjobs","https:\/\/www.instagram.com\/canadamotorjobs\/","https:\/\/www.linkedin.com\/company\/canadamotorjobs"]},{"@type":"Person","@id":"https:\/\/news.canadamotorjobs.com\/#\/schema\/person\/51793d1f87d44011d7bcc2ed99269a90","name":"Benoit Charette","image":{"@type":"ImageObject","inLanguage":"fr-CA","@id":"https:\/\/news.canadamotorjobs.com\/#\/schema\/person\/image\/","url":"https:\/\/secure.gravatar.com\/avatar\/45f3d2eebcccd909668d7ce7ea7267b6?s=96&d=mm&r=g","contentUrl":"https:\/\/secure.gravatar.com\/avatar\/45f3d2eebcccd909668d7ce7ea7267b6?s=96&d=mm&r=g","caption":"Benoit Charette"},"description":"Benoit Charette \/ Propri\u00e9taire et r\u00e9dacteur en chef Benoit Charette pratique le journalisme automobile depuis bient\u00f4t 30 ans. Il a fait ses classes au c\u00f4t\u00e9 de Daniel H\u00e9raud et au Carnet de route de 1992 \u00e0 2001. Il est fondateur, copropri\u00e9taire et r\u00e9dacteur en chef de L\u2019Annuel de l\u2019automobile, qu\u2019il publie depuis 2001. Il a anim\u00e9 les \u00e9missions RPM et RPM+ sur V et les L\u00e9gendes de la route sur Historia. \u00c0 la radio depuis 1986, il reprend l\u2019antenne cette ann\u00e9e sur les ondes de Cogeco et participe pour la deuxi\u00e8me ann\u00e9e \u00e0 l\u2019\u00e9mission Passion Auto sur RDS en plus de mettre en ligne le site Web officiel de L\u2019Annuel de l\u2019automobile sur annuelauto.ca.","sameAs":["https:\/\/annuelauto.ca\/"],"url":"https:\/\/news.canadamotorjobs.com\/fr\/author\/benoit-charette\/"}]}},"_links":{"self":[{"href":"https:\/\/news.canadamotorjobs.com\/fr\/wp-json\/wp\/v2\/posts\/139657"}],"collection":[{"href":"https:\/\/news.canadamotorjobs.com\/fr\/wp-json\/wp\/v2\/posts"}],"about":[{"href":"https:\/\/news.canadamotorjobs.com\/fr\/wp-json\/wp\/v2\/types\/post"}],"author":[{"embeddable":true,"href":"https:\/\/news.canadamotorjobs.com\/fr\/wp-json\/wp\/v2\/users\/8"}],"replies":[{"embeddable":true,"href":"https:\/\/news.canadamotorjobs.com\/fr\/wp-json\/wp\/v2\/comments?post=139657"}],"version-history":[{"count":2,"href":"https:\/\/news.canadamotorjobs.com\/fr\/wp-json\/wp\/v2\/posts\/139657\/revisions"}],"predecessor-version":[{"id":139661,"href":"https:\/\/news.canadamotorjobs.com\/fr\/wp-json\/wp\/v2\/posts\/139657\/revisions\/139661"}],"wp:featuredmedia":[{"embeddable":true,"href":"https:\/\/news.canadamotorjobs.com\/fr\/wp-json\/wp\/v2\/media\/139659"}],"wp:attachment":[{"href":"https:\/\/news.canadamotorjobs.com\/fr\/wp-json\/wp\/v2\/media?parent=139657"}],"wp:term":[{"taxonomy":"category","embeddable":true,"href":"https:\/\/news.canadamotorjobs.com\/fr\/wp-json\/wp\/v2\/categories?post=139657"},{"taxonomy":"post_tag","embeddable":true,"href":"https:\/\/news.canadamotorjobs.com\/fr\/wp-json\/wp\/v2\/tags?post=139657"}],"curies":[{"name":"wp","href":"https:\/\/api.w.org\/{rel}","templated":true}]}}