{"id":139634,"date":"2023-02-06T19:33:56","date_gmt":"2023-02-07T00:33:56","guid":{"rendered":"https:\/\/news.canadamotorjobs.com\/?p=139634"},"modified":"2023-02-06T19:48:32","modified_gmt":"2023-02-07T00:48:32","slug":"le-mitsubishi-outlander-phev-des-campeurs-de-fin-de-semaine","status":"publish","type":"post","link":"https:\/\/news.canadamotorjobs.com\/fr\/le-mitsubishi-outlander-phev-des-campeurs-de-fin-de-semaine\/","title":{"rendered":"Le Mitsubishi Outlander PHEV des campeurs de fin de semaine"},"content":{"rendered":"<\/p>\n<p>Un concessionnaire japonais a imagin\u00e9 une fa\u00e7on originale d\u2019adapter l\u2019<a href=\"https:\/\/annuelauto.ca\/mitsubishi-outlander-phev-2023\/\" target=\"_blank\" rel=\"noopener noreferrer\">Outlander\u00a0PHEV<\/a> aux besoins des campeurs de fin de semaine. Nishiowari, le concessionnaire de produits Mitsubishi du groupe Sun Auto d\u2019Ichinomiya, a lanc\u00e9 l\u2019Outlander\u00a0PHEV\u00a0E:Pop, un v\u00e9hicule polyvalent \u00e0 toit ouvrant qui permet \u00e0 une petite famille de profiter du plein air, comme \u00e0 l\u2019\u00e9poque des premiers Volkswagen transform\u00e9s par Westfalia.<\/p>\n<p>Ce concessionnaire situ\u00e9 dans la pr\u00e9fecture d&#8217;Aichi, sur l&#8217;\u00eele de Honsh\u016b, est un sp\u00e9cialiste du travail de la carrosserie de longue date. Depuis 2010, il transforme \u00e9galement des utilitaires et des fourgonnettes Mitsubishi en <a href=\"https:\/\/annuelauto.ca\/winnebago-laisse-entrevoir-un-futur-electrifie-avec-son-concept-erv2\/\" target=\"_blank\" rel=\"noopener noreferrer\">autocaravanes<\/a>.<\/p>\n<p>L\u2019Outlander PHEV E:Pop est sa plus r\u00e9cente cr\u00e9ation. Ce v\u00e9hicule a d\u2019abord \u00e9t\u00e9 d\u00e9voil\u00e9 sous forme de prototype au Japan Camping Car Show l\u2019an dernier. Puis, cette ann\u00e9e, au m\u00eame salon pr\u00e9sent\u00e9 au Makuhari\u00a0Messe \u00e0 Tokyo, du 3 au 6\u00a0f\u00e9vrier, Nishiowari a pr\u00e9sent\u00e9 la version finale de ce v\u00e9hicule.<\/p>\n<p>Cette nouvelle autocaravane dispose d\u2019ailleurs de la quatri\u00e8me g\u00e9n\u00e9ration de toit ouvrant mis au point par Nishiowari pour des v\u00e9hicules de cette taille. Il est offert pour les versions \u00e0 5 et \u00e0 7 places de ce <a href=\"https:\/\/annuelauto.ca\/mitsubishi-met-fin-a-la-production-de-la-mirage-au-japon\/\" target=\"_blank\" rel=\"noopener noreferrer\">Mitsubishi<\/a>.<\/p>\n<h3><strong>Une chambre \u00e0 coucher sur roues<\/strong><\/h3>\n<p>\nLa transformation ajoute le toit ouvrant E:Pop, de m\u00eame qu\u2019un lit amovible E:Bed de 1\u00a0820\u00a0x\u00a01\u00a0100\u00a0mm. Ce dernier recouvre les banquettes m\u00e9diane et arri\u00e8re repli\u00e9es.<\/p>\n<p>En soulevant le toit, non seulement accro\u00eet-on le d\u00e9gagement vertical dans ce que l\u2019on pourrait qualifier de \u00ab\u00a0chambre des ma\u00eetres\u00a0\u00bb, mais on procure aussi un second espace pour le sommeil \u00e0 \u00ab\u00a0l\u2019\u00e9tage sup\u00e9rieur\u00a0\u00bb. Ce lit de toit amovible fait 1\u00a0820\u00a0x\u00a01\u00a0050\u00a0mm. Notons, enfin, que la toile qui se d\u00e9ploie en soulevant le toit peut servir de plusieurs fa\u00e7ons.<\/p>\n<p>L\u2019E:Pop fait du v\u00e9hicule de transport familial qu\u2019est l\u2019Outlander une petite autocaravane convenant \u00e0 une famille de quatre personnes. C\u2019est l\u2019id\u00e9al pour partir \u00e0 tout instant, et sans attendre, pour vivre un s\u00e9jour d&#8217;aventures quelques jours durant \u00e0 la montagne ou sur la c\u00f4te.<\/p>\n<h3><strong>Voyager avec sa propre centrale \u00e9lectrique<\/strong><\/h3>\n<p>\nLa motorisation hybride branchable de l\u2019Outlander\u00a0PHEV offre un autre avantage \u00e0 ses campeurs, estime Nishiowari. Sa batterie au lithium-ion de 20\u00a0kWh peut faire fonctionner le chauffage ou la climatisation du v\u00e9hicule, sans intervention du moteur thermique, afin d\u2019optimiser la temp\u00e9rature dans l\u2019habitacle pour favoriser le sommeil. De plus, deux prises de courant alternatif permettent d\u2019utiliser de petits accessoires \u00e9lectriques au besoin.<\/p>\n<p>L&#8217;Outlander PHEV E:Pop est naturellement con\u00e7u pour du camping sans chichi. Les f\u00e9rus des VR de classe\u00a0A diront du camping minimaliste. Apr\u00e8s tout, ce v\u00e9hicule n\u2019a ni toilette, ni douche, ni cuisinette. En revanche, rien n\u2019emp\u00eache d\u2019arrimer \u00e0 sa carrosserie une tente ou un abri pour accro\u00eetre la surface prot\u00e9g\u00e9e du soleil, de la pluie ou des moustiques.<\/p>\n<h3><strong>R\u00e9serv\u00e9 aux Japonais<\/strong><\/h3>\n<p>\nIl faut aussi vivre au Japon pour pouvoir s\u2019en offrir un puisqu\u2019il n\u2019est pas vendu de ce c\u00f4t\u00e9 du Pacifique. De plus, son toit ouvrant rend impossible l\u2019installation d\u2019un coffre \u00e0 bagages du genre Thule.<\/p>\n<p>Au Japon, l\u2019Outlander PHEV\u00a0E:Pop avec int\u00e9rieur \u00e0 5 places est offert \u00e0 partir de 5\u00a0741\u00a0100\u00a0\u00a5 (environ 59\u00a0000\u00a0$) et la version \u00e0 7 places \u00e0 partir de 6\u00a0171\u00a0200\u00a0\u00a5 (environ 63\u00a0500\u00a0$).<\/p>\n<p><em>Photos : Nishiowari\/Sun Auto Group<\/em><\/p>\n<p>Le texte <a rel=\"nofollow\" href=\"https:\/\/annuelauto.ca\/le-mitsubishi-outlander-phev-des-campeurs-de-fin-de-semaine\/\">Le Mitsubishi Outlander PHEV des campeurs de fin de semaine<\/a> provient de <a rel=\"nofollow\" href=\"https:\/\/annuelauto.ca\">L&#8217;annuel de l&#8217;automobile &#8211; Actualit\u00e9 automobile<\/a><\/p>\n<p><\/p>\n","protected":false},"excerpt":{"rendered":"<p>Un concessionnaire japonais a imagin\u00e9 une fa\u00e7on originale d\u2019adapter l\u2019Outlander\u00a0PHEV aux besoins des campeurs de fin de semaine. Nishiowari, le concessionnaire de produits Mitsubishi du groupe Sun Auto d\u2019Ichinomiya, a lanc\u00e9 l\u2019Outlander\u00a0PHEV\u00a0E:Pop, un v\u00e9hicule polyvalent \u00e0 toit ouvrant qui permet \u00e0 une petite famille de profiter du plein air, comme \u00e0 l\u2019\u00e9poque des premiers Volkswagen [&hellip;]<\/p>\n","protected":false},"author":8,"featured_media":139636,"comment_status":"close","ping_status":"closed","sticky":false,"template":"","format":"standard","meta":{"_monsterinsights_skip_tracking":false,"_monsterinsights_sitenote_active":false,"_monsterinsights_sitenote_note":"","_monsterinsights_sitenote_category":0,"footnotes":""},"categories":[101],"tags":[],"yoast_head":"<!-- This site is optimized with the Yoast SEO plugin v23.2 - https:\/\/yoast.com\/wordpress\/plugins\/seo\/ -->\n<title>Le Mitsubishi Outlander PHEV des campeurs de fin de semaine - CanadaMotorJobs.com<\/title>\n<meta name=\"description\" content=\"Le Mitsubishi Outlander PHEV des campeurs de fin de semaine - Benoit Charette - Annuel automobile - CanadaMotorJobs.com.\" \/>\n<meta name=\"robots\" content=\"index, follow, max-snippet:-1, max-image-preview:large, max-video-preview:-1\" \/>\n<meta property=\"og:locale\" content=\"fr_CA\" \/>\n<meta property=\"og:type\" content=\"article\" \/>\n<meta property=\"og:title\" content=\"Le Mitsubishi Outlander PHEV des campeurs de fin de semaine - CanadaMotorJobs.com\" \/>\n<meta property=\"og:description\" content=\"Le Mitsubishi Outlander PHEV des campeurs de fin de semaine - Benoit Charette - Annuel automobile - CanadaMotorJobs.com.\" \/>\n<meta property=\"og:url\" content=\"https:\/\/news.canadamotorjobs.com\/fr\/le-mitsubishi-outlander-phev-des-campeurs-de-fin-de-semaine\/\" \/>\n<meta property=\"og:site_name\" content=\"CanadaMotorJobs.com\" \/>\n<meta property=\"article:publisher\" content=\"https:\/\/www.facebook.com\/canadamotorjobs\/\" \/>\n<meta property=\"article:published_time\" content=\"2023-02-07T00:33:56+00:00\" \/>\n<meta property=\"article:modified_time\" content=\"2023-02-07T00:48:32+00:00\" \/>\n<meta property=\"og:image\" content=\"https:\/\/news.canadamotorjobs.com\/wp-content\/uploads\/2023\/02\/Mitsubishi-Outlander-PHEV-E-Pop-2023-1.jpg\" \/>\n\t<meta property=\"og:image:width\" content=\"1500\" \/>\n\t<meta property=\"og:image:height\" content=\"1000\" \/>\n\t<meta property=\"og:image:type\" content=\"image\/jpeg\" \/>\n<meta name=\"author\" content=\"Benoit Charette\" \/>\n<meta name=\"twitter:card\" content=\"summary_large_image\" \/>\n<meta name=\"twitter:creator\" content=\"@canadamotorjobs\" \/>\n<meta name=\"twitter:site\" content=\"@canadamotorjobs\" \/>\n<meta name=\"twitter:label1\" content=\"\u00c9crit par\" \/>\n\t<meta name=\"twitter:data1\" content=\"Benoit Charette\" \/>\n\t<meta name=\"twitter:label2\" content=\"Estimation du temps de lecture\" \/>\n\t<meta name=\"twitter:data2\" content=\"3 minutes\" \/>\n<!-- \/ Yoast SEO plugin. -->","yoast_head_json":{"title":"Le Mitsubishi Outlander PHEV des campeurs de fin de semaine - CanadaMotorJobs.com","description":"Le Mitsubishi Outlander PHEV des campeurs de fin de semaine - Benoit Charette - Annuel automobile - CanadaMotorJobs.com.","robots":{"index":"index","follow":"follow","max-snippet":"max-snippet:-1","max-image-preview":"max-image-preview:large","max-video-preview":"max-video-preview:-1"},"og_locale":"fr_CA","og_type":"article","og_title":"Le Mitsubishi Outlander PHEV des campeurs de fin de semaine - CanadaMotorJobs.com","og_description":"Le Mitsubishi Outlander PHEV des campeurs de fin de semaine - Benoit Charette - Annuel automobile - CanadaMotorJobs.com.","og_url":"https:\/\/news.canadamotorjobs.com\/fr\/le-mitsubishi-outlander-phev-des-campeurs-de-fin-de-semaine\/","og_site_name":"CanadaMotorJobs.com","article_publisher":"https:\/\/www.facebook.com\/canadamotorjobs\/","article_published_time":"2023-02-07T00:33:56+00:00","article_modified_time":"2023-02-07T00:48:32+00:00","og_image":[{"width":1500,"height":1000,"url":"https:\/\/news.canadamotorjobs.com\/wp-content\/uploads\/2023\/02\/Mitsubishi-Outlander-PHEV-E-Pop-2023-1.jpg","type":"image\/jpeg"}],"author":"Benoit Charette","twitter_card":"summary_large_image","twitter_creator":"@canadamotorjobs","twitter_site":"@canadamotorjobs","twitter_misc":{"\u00c9crit par":"Benoit Charette","Estimation du temps de lecture":"3 minutes"},"schema":{"@context":"https:\/\/schema.org","@graph":[{"@type":"Article","@id":"https:\/\/news.canadamotorjobs.com\/fr\/le-mitsubishi-outlander-phev-des-campeurs-de-fin-de-semaine\/#article","isPartOf":{"@id":"https:\/\/news.canadamotorjobs.com\/fr\/le-mitsubishi-outlander-phev-des-campeurs-de-fin-de-semaine\/"},"author":{"name":"Benoit Charette","@id":"https:\/\/news.canadamotorjobs.com\/#\/schema\/person\/51793d1f87d44011d7bcc2ed99269a90"},"headline":"Le Mitsubishi Outlander PHEV des campeurs de fin de semaine","datePublished":"2023-02-07T00:33:56+00:00","dateModified":"2023-02-07T00:48:32+00:00","mainEntityOfPage":{"@id":"https:\/\/news.canadamotorjobs.com\/fr\/le-mitsubishi-outlander-phev-des-campeurs-de-fin-de-semaine\/"},"wordCount":608,"publisher":{"@id":"https:\/\/news.canadamotorjobs.com\/#organization"},"image":{"@id":"https:\/\/news.canadamotorjobs.com\/fr\/le-mitsubishi-outlander-phev-des-campeurs-de-fin-de-semaine\/#primaryimage"},"thumbnailUrl":"https:\/\/news.canadamotorjobs.com\/wp-content\/uploads\/2023\/02\/Mitsubishi-Outlander-PHEV-E-Pop-2023-1.jpg","articleSection":["Annuel automobile"],"inLanguage":"fr-CA"},{"@type":"WebPage","@id":"https:\/\/news.canadamotorjobs.com\/fr\/le-mitsubishi-outlander-phev-des-campeurs-de-fin-de-semaine\/","url":"https:\/\/news.canadamotorjobs.com\/fr\/le-mitsubishi-outlander-phev-des-campeurs-de-fin-de-semaine\/","name":"Le Mitsubishi Outlander PHEV des campeurs de fin de semaine - CanadaMotorJobs.com","isPartOf":{"@id":"https:\/\/news.canadamotorjobs.com\/#website"},"primaryImageOfPage":{"@id":"https:\/\/news.canadamotorjobs.com\/fr\/le-mitsubishi-outlander-phev-des-campeurs-de-fin-de-semaine\/#primaryimage"},"image":{"@id":"https:\/\/news.canadamotorjobs.com\/fr\/le-mitsubishi-outlander-phev-des-campeurs-de-fin-de-semaine\/#primaryimage"},"thumbnailUrl":"https:\/\/news.canadamotorjobs.com\/wp-content\/uploads\/2023\/02\/Mitsubishi-Outlander-PHEV-E-Pop-2023-1.jpg","datePublished":"2023-02-07T00:33:56+00:00","dateModified":"2023-02-07T00:48:32+00:00","description":"Le Mitsubishi Outlander PHEV des campeurs de fin de semaine - Benoit Charette - Annuel automobile - CanadaMotorJobs.com.","breadcrumb":{"@id":"https:\/\/news.canadamotorjobs.com\/fr\/le-mitsubishi-outlander-phev-des-campeurs-de-fin-de-semaine\/#breadcrumb"},"inLanguage":"fr-CA","potentialAction":[{"@type":"ReadAction","target":["https:\/\/news.canadamotorjobs.com\/fr\/le-mitsubishi-outlander-phev-des-campeurs-de-fin-de-semaine\/"]}]},{"@type":"ImageObject","inLanguage":"fr-CA","@id":"https:\/\/news.canadamotorjobs.com\/fr\/le-mitsubishi-outlander-phev-des-campeurs-de-fin-de-semaine\/#primaryimage","url":"https:\/\/news.canadamotorjobs.com\/wp-content\/uploads\/2023\/02\/Mitsubishi-Outlander-PHEV-E-Pop-2023-1.jpg","contentUrl":"https:\/\/news.canadamotorjobs.com\/wp-content\/uploads\/2023\/02\/Mitsubishi-Outlander-PHEV-E-Pop-2023-1.jpg","width":1500,"height":1000},{"@type":"BreadcrumbList","@id":"https:\/\/news.canadamotorjobs.com\/fr\/le-mitsubishi-outlander-phev-des-campeurs-de-fin-de-semaine\/#breadcrumb","itemListElement":[{"@type":"ListItem","position":1,"name":"Home","item":"https:\/\/news.canadamotorjobs.com\/fr\/blog\/"},{"@type":"ListItem","position":2,"name":"Le Mitsubishi Outlander PHEV des campeurs de fin de semaine"}]},{"@type":"WebSite","@id":"https:\/\/news.canadamotorjobs.com\/#website","url":"https:\/\/news.canadamotorjobs.com\/","name":"CanadaMotorJobs.com","description":"Automotive Jobs","publisher":{"@id":"https:\/\/news.canadamotorjobs.com\/#organization"},"potentialAction":[{"@type":"SearchAction","target":{"@type":"EntryPoint","urlTemplate":"https:\/\/news.canadamotorjobs.com\/?s={search_term_string}"},"query-input":"required name=search_term_string"}],"inLanguage":"fr-CA"},{"@type":"Organization","@id":"https:\/\/news.canadamotorjobs.com\/#organization","name":"Canada Motor Jobs","url":"https:\/\/news.canadamotorjobs.com\/","logo":{"@type":"ImageObject","inLanguage":"fr-CA","@id":"https:\/\/news.canadamotorjobs.com\/#\/schema\/logo\/image\/","url":"https:\/\/news.canadamotorjobs.com\/wp-content\/uploads\/2022\/10\/logo-canada-motor-jobs-1.png","contentUrl":"https:\/\/news.canadamotorjobs.com\/wp-content\/uploads\/2022\/10\/logo-canada-motor-jobs-1.png","width":800,"height":400,"caption":"Canada Motor Jobs"},"image":{"@id":"https:\/\/news.canadamotorjobs.com\/#\/schema\/logo\/image\/"},"sameAs":["https:\/\/www.facebook.com\/canadamotorjobs\/","https:\/\/x.com\/canadamotorjobs","https:\/\/www.instagram.com\/canadamotorjobs\/","https:\/\/www.linkedin.com\/company\/canadamotorjobs"]},{"@type":"Person","@id":"https:\/\/news.canadamotorjobs.com\/#\/schema\/person\/51793d1f87d44011d7bcc2ed99269a90","name":"Benoit Charette","image":{"@type":"ImageObject","inLanguage":"fr-CA","@id":"https:\/\/news.canadamotorjobs.com\/#\/schema\/person\/image\/","url":"https:\/\/secure.gravatar.com\/avatar\/45f3d2eebcccd909668d7ce7ea7267b6?s=96&d=mm&r=g","contentUrl":"https:\/\/secure.gravatar.com\/avatar\/45f3d2eebcccd909668d7ce7ea7267b6?s=96&d=mm&r=g","caption":"Benoit Charette"},"description":"Benoit Charette \/ Propri\u00e9taire et r\u00e9dacteur en chef Benoit Charette pratique le journalisme automobile depuis bient\u00f4t 30 ans. Il a fait ses classes au c\u00f4t\u00e9 de Daniel H\u00e9raud et au Carnet de route de 1992 \u00e0 2001. Il est fondateur, copropri\u00e9taire et r\u00e9dacteur en chef de L\u2019Annuel de l\u2019automobile, qu\u2019il publie depuis 2001. Il a anim\u00e9 les \u00e9missions RPM et RPM+ sur V et les L\u00e9gendes de la route sur Historia. \u00c0 la radio depuis 1986, il reprend l\u2019antenne cette ann\u00e9e sur les ondes de Cogeco et participe pour la deuxi\u00e8me ann\u00e9e \u00e0 l\u2019\u00e9mission Passion Auto sur RDS en plus de mettre en ligne le site Web officiel de L\u2019Annuel de l\u2019automobile sur annuelauto.ca.","sameAs":["https:\/\/annuelauto.ca\/"],"url":"https:\/\/news.canadamotorjobs.com\/fr\/author\/benoit-charette\/"}]}},"_links":{"self":[{"href":"https:\/\/news.canadamotorjobs.com\/fr\/wp-json\/wp\/v2\/posts\/139634"}],"collection":[{"href":"https:\/\/news.canadamotorjobs.com\/fr\/wp-json\/wp\/v2\/posts"}],"about":[{"href":"https:\/\/news.canadamotorjobs.com\/fr\/wp-json\/wp\/v2\/types\/post"}],"author":[{"embeddable":true,"href":"https:\/\/news.canadamotorjobs.com\/fr\/wp-json\/wp\/v2\/users\/8"}],"replies":[{"embeddable":true,"href":"https:\/\/news.canadamotorjobs.com\/fr\/wp-json\/wp\/v2\/comments?post=139634"}],"version-history":[{"count":2,"href":"https:\/\/news.canadamotorjobs.com\/fr\/wp-json\/wp\/v2\/posts\/139634\/revisions"}],"predecessor-version":[{"id":139638,"href":"https:\/\/news.canadamotorjobs.com\/fr\/wp-json\/wp\/v2\/posts\/139634\/revisions\/139638"}],"wp:featuredmedia":[{"embeddable":true,"href":"https:\/\/news.canadamotorjobs.com\/fr\/wp-json\/wp\/v2\/media\/139636"}],"wp:attachment":[{"href":"https:\/\/news.canadamotorjobs.com\/fr\/wp-json\/wp\/v2\/media?parent=139634"}],"wp:term":[{"taxonomy":"category","embeddable":true,"href":"https:\/\/news.canadamotorjobs.com\/fr\/wp-json\/wp\/v2\/categories?post=139634"},{"taxonomy":"post_tag","embeddable":true,"href":"https:\/\/news.canadamotorjobs.com\/fr\/wp-json\/wp\/v2\/tags?post=139634"}],"curies":[{"name":"wp","href":"https:\/\/api.w.org\/{rel}","templated":true}]}}