{"id":139607,"date":"2023-02-06T16:18:09","date_gmt":"2023-02-06T21:18:09","guid":{"rendered":"https:\/\/news.canadamotorjobs.com\/?p=139607"},"modified":"2023-02-06T16:29:03","modified_gmt":"2023-02-06T21:29:03","slug":"82-des-concessionnaires-automobiles-canadiens-nont-pas-de-vehicules-en-inventaire","status":"publish","type":"post","link":"https:\/\/news.canadamotorjobs.com\/fr\/82-des-concessionnaires-automobiles-canadiens-nont-pas-de-vehicules-en-inventaire\/","title":{"rendered":"82\u00a0% des concessionnaires automobiles canadiens n\u2019ont pas de v\u00e9hicules en inventaire"},"content":{"rendered":"<\/p>\n<p>Une \u00e9tude sur l&#8217;offre de v\u00e9hicules \u00e0 z\u00e9ro \u00e9mission (ZEV), command\u00e9e par Transports Canada \u00e0 Dunsky Energy + Climate Advisors, r\u00e9v\u00e8le que les niveaux d&#8217;inventaire ont consid\u00e9rablement diminu\u00e9 alors que la demande de v\u00e9hicules plus \u00e9cologiques continue d&#8217;augmenter. En mars 2022, la firme a constat\u00e9 que 82 pour cent des concessionnaires au Canada n&#8217;avaient aucun v\u00e9hicule VZE en inventaire, comparativement \u00e0 54\u00a0% pour cent en f\u00e9vrier 2021&#8243;, peut-on lire dans le rapport. &#8220;Sur les 18 pour cent de concessionnaires ayant des VZE, pr\u00e8s de la moiti\u00e9 n&#8217;avaient qu&#8217;un seul v\u00e9hicule en inventaire.&#8221;<\/p>\n<h3>Une situation qui a pris du mieux<\/h3>\n<p>\nBrian Kingston, PDG de l&#8217;Association canadienne des constructeurs de v\u00e9hicules, a d\u00e9clar\u00e9 que les d\u00e9fis de la cha\u00eene d&#8217;approvisionnement ont r\u00e9duit l&#8217;inventaire total des v\u00e9hicules au Canada de 79\u00a0% pendant la dur\u00e9e de l&#8217;\u00e9tude. Il a ajout\u00e9 que les probl\u00e8mes d&#8217;approvisionnement existent toujours, surtout en ce qui concerne les micropuces.<br \/>\nL\u2019espoir est que d&#8217;ici la fin de 2023, le march\u00e9 mondial des semi-conducteurs sera aussi proche de l&#8217;\u00e9quilibre que possible, et que certains de ces d\u00e9fis de production auxquels l&#8217;industrie a \u00e9t\u00e9 confront\u00e9e depuis le d\u00e9but de la pand\u00e9mie [COVID-19] seront derri\u00e8re nous.&#8221;<\/p>\n<h3>Le manque de stocks a entra\u00een\u00e9 des temps d&#8217;attente plus longs.<\/h3>\n<p>\nDunsky a constat\u00e9 que parmi les concessionnaires n&#8217;ayant pas de VZE disponibles, 38\u00a0% ont d\u00e9clar\u00e9 que le temps d&#8217;attente pour une nouvelle commande serait sup\u00e9rieur \u00e0 six mois, contre 31\u00a0% en 2021. Les mod\u00e8les disponibles continuent d&#8217;\u00eatre concentr\u00e9s en Colombie-Britannique, au Qu\u00e9bec et, dans une moindre mesure, en Ontario, ce qui laisse aux autres provinces des miettes.<\/p>\n<h3>Plus de choix en vue<\/h3>\n<p>\nSelon les responsables de l\u2019\u00e9tude, il y aura 120 mod\u00e8les de v\u00e9hicules \u00e9lectriques disponibles \u00e0 l&#8217;achat au Canada d&#8217;ici la fin de 2023. En 2020 et 2021, il y avait environ 40 mod\u00e8les. Pour la premi\u00e8re fois depuis 2018, la Colombie-Britannique a pris la t\u00eate du nombre de VZE disponible pour 100\u00a0000 habitants (10 VZE), d\u00e9passant le Qu\u00e9bec (huit VZE), qui \u00e9tait historiquement la province en t\u00eate.<\/p>\n<p>Avec des renseignements d\u2019Automotive News Canada<\/p>\n<p>Le texte <a rel=\"nofollow\" href=\"https:\/\/annuelauto.ca\/82-des-concessionnaires-automobiles-canadiens-nont-pas-de-vehicules-en-inventaire\/\">82\u00a0% des concessionnaires automobiles canadiens n\u2019ont pas de v\u00e9hicules en inventaire<\/a> provient de <a rel=\"nofollow\" href=\"https:\/\/annuelauto.ca\">L&#8217;annuel de l&#8217;automobile &#8211; Actualit\u00e9 automobile<\/a><\/p>\n<p><\/p>\n","protected":false},"excerpt":{"rendered":"<p>Une \u00e9tude sur l&#8217;offre de v\u00e9hicules \u00e0 z\u00e9ro \u00e9mission (ZEV), command\u00e9e par Transports Canada \u00e0 Dunsky Energy + Climate Advisors, r\u00e9v\u00e8le que les niveaux d&#8217;inventaire ont consid\u00e9rablement diminu\u00e9 alors que la demande de v\u00e9hicules plus \u00e9cologiques continue d&#8217;augmenter. En mars 2022, la firme a constat\u00e9 que 82 pour cent des concessionnaires au Canada n&#8217;avaient aucun [&hellip;]<\/p>\n","protected":false},"author":8,"featured_media":139609,"comment_status":"close","ping_status":"closed","sticky":false,"template":"","format":"standard","meta":{"_monsterinsights_skip_tracking":false,"_monsterinsights_sitenote_active":false,"_monsterinsights_sitenote_note":"","_monsterinsights_sitenote_category":0,"footnotes":""},"categories":[101],"tags":[],"yoast_head":"<!-- This site is optimized with the Yoast SEO plugin v23.2 - https:\/\/yoast.com\/wordpress\/plugins\/seo\/ -->\n<title>82\u00a0% des concessionnaires automobiles canadiens n\u2019ont pas de v\u00e9hicules en inventaire - CanadaMotorJobs.com<\/title>\n<meta name=\"description\" content=\"82\u00a0% des concessionnaires automobiles canadiens n\u2019ont pas de v\u00e9hicules en inventaire - Benoit Charette - Annuel automobile - CanadaMotorJobs.com.\" \/>\n<meta name=\"robots\" content=\"index, follow, max-snippet:-1, max-image-preview:large, max-video-preview:-1\" \/>\n<meta property=\"og:locale\" content=\"fr_CA\" \/>\n<meta property=\"og:type\" content=\"article\" \/>\n<meta property=\"og:title\" content=\"82\u00a0% des concessionnaires automobiles canadiens n\u2019ont pas de v\u00e9hicules en inventaire - CanadaMotorJobs.com\" \/>\n<meta property=\"og:description\" content=\"82\u00a0% des concessionnaires automobiles canadiens n\u2019ont pas de v\u00e9hicules en inventaire - Benoit Charette - Annuel automobile - CanadaMotorJobs.com.\" \/>\n<meta property=\"og:url\" content=\"https:\/\/news.canadamotorjobs.com\/fr\/82-des-concessionnaires-automobiles-canadiens-nont-pas-de-vehicules-en-inventaire\/\" \/>\n<meta property=\"og:site_name\" content=\"CanadaMotorJobs.com\" \/>\n<meta property=\"article:publisher\" content=\"https:\/\/www.facebook.com\/canadamotorjobs\/\" \/>\n<meta property=\"article:published_time\" content=\"2023-02-06T21:18:09+00:00\" \/>\n<meta property=\"article:modified_time\" content=\"2023-02-06T21:29:03+00:00\" \/>\n<meta property=\"og:image\" content=\"https:\/\/news.canadamotorjobs.com\/wp-content\/uploads\/2023\/02\/IMG_0278-002.jpg\" \/>\n\t<meta property=\"og:image:width\" content=\"2006\" \/>\n\t<meta property=\"og:image:height\" content=\"1190\" \/>\n\t<meta property=\"og:image:type\" content=\"image\/jpeg\" \/>\n<meta name=\"author\" content=\"Benoit Charette\" \/>\n<meta name=\"twitter:card\" content=\"summary_large_image\" \/>\n<meta name=\"twitter:creator\" content=\"@canadamotorjobs\" \/>\n<meta name=\"twitter:site\" content=\"@canadamotorjobs\" \/>\n<meta name=\"twitter:label1\" content=\"\u00c9crit par\" \/>\n\t<meta name=\"twitter:data1\" content=\"Benoit Charette\" \/>\n\t<meta name=\"twitter:label2\" content=\"Estimation du temps de lecture\" \/>\n\t<meta name=\"twitter:data2\" content=\"2 minutes\" \/>\n<!-- \/ Yoast SEO plugin. -->","yoast_head_json":{"title":"82\u00a0% des concessionnaires automobiles canadiens n\u2019ont pas de v\u00e9hicules en inventaire - CanadaMotorJobs.com","description":"82\u00a0% des concessionnaires automobiles canadiens n\u2019ont pas de v\u00e9hicules en inventaire - Benoit Charette - Annuel automobile - CanadaMotorJobs.com.","robots":{"index":"index","follow":"follow","max-snippet":"max-snippet:-1","max-image-preview":"max-image-preview:large","max-video-preview":"max-video-preview:-1"},"og_locale":"fr_CA","og_type":"article","og_title":"82\u00a0% des concessionnaires automobiles canadiens n\u2019ont pas de v\u00e9hicules en inventaire - CanadaMotorJobs.com","og_description":"82\u00a0% des concessionnaires automobiles canadiens n\u2019ont pas de v\u00e9hicules en inventaire - Benoit Charette - Annuel automobile - CanadaMotorJobs.com.","og_url":"https:\/\/news.canadamotorjobs.com\/fr\/82-des-concessionnaires-automobiles-canadiens-nont-pas-de-vehicules-en-inventaire\/","og_site_name":"CanadaMotorJobs.com","article_publisher":"https:\/\/www.facebook.com\/canadamotorjobs\/","article_published_time":"2023-02-06T21:18:09+00:00","article_modified_time":"2023-02-06T21:29:03+00:00","og_image":[{"width":2006,"height":1190,"url":"https:\/\/news.canadamotorjobs.com\/wp-content\/uploads\/2023\/02\/IMG_0278-002.jpg","type":"image\/jpeg"}],"author":"Benoit Charette","twitter_card":"summary_large_image","twitter_creator":"@canadamotorjobs","twitter_site":"@canadamotorjobs","twitter_misc":{"\u00c9crit par":"Benoit Charette","Estimation du temps de lecture":"2 minutes"},"schema":{"@context":"https:\/\/schema.org","@graph":[{"@type":"Article","@id":"https:\/\/news.canadamotorjobs.com\/fr\/82-des-concessionnaires-automobiles-canadiens-nont-pas-de-vehicules-en-inventaire\/#article","isPartOf":{"@id":"https:\/\/news.canadamotorjobs.com\/fr\/82-des-concessionnaires-automobiles-canadiens-nont-pas-de-vehicules-en-inventaire\/"},"author":{"name":"Benoit Charette","@id":"https:\/\/news.canadamotorjobs.com\/#\/schema\/person\/51793d1f87d44011d7bcc2ed99269a90"},"headline":"82\u00a0% des concessionnaires automobiles canadiens n\u2019ont pas de v\u00e9hicules en inventaire","datePublished":"2023-02-06T21:18:09+00:00","dateModified":"2023-02-06T21:29:03+00:00","mainEntityOfPage":{"@id":"https:\/\/news.canadamotorjobs.com\/fr\/82-des-concessionnaires-automobiles-canadiens-nont-pas-de-vehicules-en-inventaire\/"},"wordCount":410,"publisher":{"@id":"https:\/\/news.canadamotorjobs.com\/#organization"},"image":{"@id":"https:\/\/news.canadamotorjobs.com\/fr\/82-des-concessionnaires-automobiles-canadiens-nont-pas-de-vehicules-en-inventaire\/#primaryimage"},"thumbnailUrl":"https:\/\/news.canadamotorjobs.com\/wp-content\/uploads\/2023\/02\/IMG_0278-002.jpg","articleSection":["Annuel automobile"],"inLanguage":"fr-CA"},{"@type":"WebPage","@id":"https:\/\/news.canadamotorjobs.com\/fr\/82-des-concessionnaires-automobiles-canadiens-nont-pas-de-vehicules-en-inventaire\/","url":"https:\/\/news.canadamotorjobs.com\/fr\/82-des-concessionnaires-automobiles-canadiens-nont-pas-de-vehicules-en-inventaire\/","name":"82\u00a0% des concessionnaires automobiles canadiens n\u2019ont pas de v\u00e9hicules en inventaire - CanadaMotorJobs.com","isPartOf":{"@id":"https:\/\/news.canadamotorjobs.com\/#website"},"primaryImageOfPage":{"@id":"https:\/\/news.canadamotorjobs.com\/fr\/82-des-concessionnaires-automobiles-canadiens-nont-pas-de-vehicules-en-inventaire\/#primaryimage"},"image":{"@id":"https:\/\/news.canadamotorjobs.com\/fr\/82-des-concessionnaires-automobiles-canadiens-nont-pas-de-vehicules-en-inventaire\/#primaryimage"},"thumbnailUrl":"https:\/\/news.canadamotorjobs.com\/wp-content\/uploads\/2023\/02\/IMG_0278-002.jpg","datePublished":"2023-02-06T21:18:09+00:00","dateModified":"2023-02-06T21:29:03+00:00","description":"82\u00a0% des concessionnaires automobiles canadiens n\u2019ont pas de v\u00e9hicules en inventaire - Benoit Charette - Annuel automobile - CanadaMotorJobs.com.","breadcrumb":{"@id":"https:\/\/news.canadamotorjobs.com\/fr\/82-des-concessionnaires-automobiles-canadiens-nont-pas-de-vehicules-en-inventaire\/#breadcrumb"},"inLanguage":"fr-CA","potentialAction":[{"@type":"ReadAction","target":["https:\/\/news.canadamotorjobs.com\/fr\/82-des-concessionnaires-automobiles-canadiens-nont-pas-de-vehicules-en-inventaire\/"]}]},{"@type":"ImageObject","inLanguage":"fr-CA","@id":"https:\/\/news.canadamotorjobs.com\/fr\/82-des-concessionnaires-automobiles-canadiens-nont-pas-de-vehicules-en-inventaire\/#primaryimage","url":"https:\/\/news.canadamotorjobs.com\/wp-content\/uploads\/2023\/02\/IMG_0278-002.jpg","contentUrl":"https:\/\/news.canadamotorjobs.com\/wp-content\/uploads\/2023\/02\/IMG_0278-002.jpg","width":2006,"height":1190},{"@type":"BreadcrumbList","@id":"https:\/\/news.canadamotorjobs.com\/fr\/82-des-concessionnaires-automobiles-canadiens-nont-pas-de-vehicules-en-inventaire\/#breadcrumb","itemListElement":[{"@type":"ListItem","position":1,"name":"Home","item":"https:\/\/news.canadamotorjobs.com\/fr\/blog\/"},{"@type":"ListItem","position":2,"name":"82\u00a0% des concessionnaires automobiles canadiens n\u2019ont pas de v\u00e9hicules en inventaire"}]},{"@type":"WebSite","@id":"https:\/\/news.canadamotorjobs.com\/#website","url":"https:\/\/news.canadamotorjobs.com\/","name":"CanadaMotorJobs.com","description":"Automotive Jobs","publisher":{"@id":"https:\/\/news.canadamotorjobs.com\/#organization"},"potentialAction":[{"@type":"SearchAction","target":{"@type":"EntryPoint","urlTemplate":"https:\/\/news.canadamotorjobs.com\/?s={search_term_string}"},"query-input":"required name=search_term_string"}],"inLanguage":"fr-CA"},{"@type":"Organization","@id":"https:\/\/news.canadamotorjobs.com\/#organization","name":"Canada Motor Jobs","url":"https:\/\/news.canadamotorjobs.com\/","logo":{"@type":"ImageObject","inLanguage":"fr-CA","@id":"https:\/\/news.canadamotorjobs.com\/#\/schema\/logo\/image\/","url":"https:\/\/news.canadamotorjobs.com\/wp-content\/uploads\/2022\/10\/logo-canada-motor-jobs-1.png","contentUrl":"https:\/\/news.canadamotorjobs.com\/wp-content\/uploads\/2022\/10\/logo-canada-motor-jobs-1.png","width":800,"height":400,"caption":"Canada Motor Jobs"},"image":{"@id":"https:\/\/news.canadamotorjobs.com\/#\/schema\/logo\/image\/"},"sameAs":["https:\/\/www.facebook.com\/canadamotorjobs\/","https:\/\/x.com\/canadamotorjobs","https:\/\/www.instagram.com\/canadamotorjobs\/","https:\/\/www.linkedin.com\/company\/canadamotorjobs"]},{"@type":"Person","@id":"https:\/\/news.canadamotorjobs.com\/#\/schema\/person\/51793d1f87d44011d7bcc2ed99269a90","name":"Benoit Charette","image":{"@type":"ImageObject","inLanguage":"fr-CA","@id":"https:\/\/news.canadamotorjobs.com\/#\/schema\/person\/image\/","url":"https:\/\/secure.gravatar.com\/avatar\/45f3d2eebcccd909668d7ce7ea7267b6?s=96&d=mm&r=g","contentUrl":"https:\/\/secure.gravatar.com\/avatar\/45f3d2eebcccd909668d7ce7ea7267b6?s=96&d=mm&r=g","caption":"Benoit Charette"},"description":"Benoit Charette \/ Propri\u00e9taire et r\u00e9dacteur en chef Benoit Charette pratique le journalisme automobile depuis bient\u00f4t 30 ans. Il a fait ses classes au c\u00f4t\u00e9 de Daniel H\u00e9raud et au Carnet de route de 1992 \u00e0 2001. Il est fondateur, copropri\u00e9taire et r\u00e9dacteur en chef de L\u2019Annuel de l\u2019automobile, qu\u2019il publie depuis 2001. Il a anim\u00e9 les \u00e9missions RPM et RPM+ sur V et les L\u00e9gendes de la route sur Historia. \u00c0 la radio depuis 1986, il reprend l\u2019antenne cette ann\u00e9e sur les ondes de Cogeco et participe pour la deuxi\u00e8me ann\u00e9e \u00e0 l\u2019\u00e9mission Passion Auto sur RDS en plus de mettre en ligne le site Web officiel de L\u2019Annuel de l\u2019automobile sur annuelauto.ca.","sameAs":["https:\/\/annuelauto.ca\/"],"url":"https:\/\/news.canadamotorjobs.com\/fr\/author\/benoit-charette\/"}]}},"_links":{"self":[{"href":"https:\/\/news.canadamotorjobs.com\/fr\/wp-json\/wp\/v2\/posts\/139607"}],"collection":[{"href":"https:\/\/news.canadamotorjobs.com\/fr\/wp-json\/wp\/v2\/posts"}],"about":[{"href":"https:\/\/news.canadamotorjobs.com\/fr\/wp-json\/wp\/v2\/types\/post"}],"author":[{"embeddable":true,"href":"https:\/\/news.canadamotorjobs.com\/fr\/wp-json\/wp\/v2\/users\/8"}],"replies":[{"embeddable":true,"href":"https:\/\/news.canadamotorjobs.com\/fr\/wp-json\/wp\/v2\/comments?post=139607"}],"version-history":[{"count":2,"href":"https:\/\/news.canadamotorjobs.com\/fr\/wp-json\/wp\/v2\/posts\/139607\/revisions"}],"predecessor-version":[{"id":139611,"href":"https:\/\/news.canadamotorjobs.com\/fr\/wp-json\/wp\/v2\/posts\/139607\/revisions\/139611"}],"wp:featuredmedia":[{"embeddable":true,"href":"https:\/\/news.canadamotorjobs.com\/fr\/wp-json\/wp\/v2\/media\/139609"}],"wp:attachment":[{"href":"https:\/\/news.canadamotorjobs.com\/fr\/wp-json\/wp\/v2\/media?parent=139607"}],"wp:term":[{"taxonomy":"category","embeddable":true,"href":"https:\/\/news.canadamotorjobs.com\/fr\/wp-json\/wp\/v2\/categories?post=139607"},{"taxonomy":"post_tag","embeddable":true,"href":"https:\/\/news.canadamotorjobs.com\/fr\/wp-json\/wp\/v2\/tags?post=139607"}],"curies":[{"name":"wp","href":"https:\/\/api.w.org\/{rel}","templated":true}]}}