{"id":139588,"date":"2023-02-06T15:46:19","date_gmt":"2023-02-06T20:46:19","guid":{"rendered":"https:\/\/news.canadamotorjobs.com\/?p=139588"},"modified":"2023-02-06T16:02:05","modified_gmt":"2023-02-06T21:02:05","slug":"le-chemin-de-lavenir-electrique-est-pave-de-bonnes-intentions","status":"publish","type":"post","link":"https:\/\/news.canadamotorjobs.com\/fr\/le-chemin-de-lavenir-electrique-est-pave-de-bonnes-intentions\/","title":{"rendered":"Le chemin de l\u2019avenir \u00e9lectrique est pav\u00e9 de bonnes intentions"},"content":{"rendered":"<\/p>\n<p>Nous connaissons tous cette m\u00e9taphore du chemin de l\u2019enfer qui est pav\u00e9 de bonnes intentions. Cela se d\u00e9finit souvent par la volont\u00e9 d&#8217;agir ou le d\u00e9sir de bien faire en constatant que cela ne suffit tant que des actes ne suivent pas et que l&#8217;on peut former un grand nombre de bonnes r\u00e9solutions sans pour autant les mener \u00e0 leur fin.<\/p>\n<h3>Des normes audacieuses en place<\/h3>\n<p>\nIl faut d\u2019une part saluer le courage du gouvernement f\u00e9d\u00e9ral qui oblige les constructeurs \u00e0 vendre 20\u00a0% de v\u00e9hicules l\u00e9gers \u2014 incluant les VUS \u2014 z\u00e9ro \u00e9missions d\u00e8s 2026. Ce seuil progressera annuellement pour s\u2019\u00e9tablir \u00e0 60\u00a0% en 2030 et jusqu\u2019\u00e0 100\u00a0% d\u00e8s 2035. Nous sommes en ce moment, \u00e0 l\u2019\u00e9chelle nationale autour de 9,5\u00a0% avec moins de trois ans pour atteindre la premi\u00e8re cible. Il faut dire merci au Qu\u00e9bec et \u00e0 la Colombie-Britannique qui rel\u00e8ve la moyenne nationale<\/p>\n<h3>On ne tient pas compte de l\u2019offre<\/h3>\n<p>\nUn r\u00e8glement n\u2019est bon \u00e0 rien si les conditions pour r\u00e9aliser les objectifs n\u2019existent pas. C\u2019est pr\u00e9cis\u00e9ment le probl\u00e8me qui se pose en ce moment. L\u2019attente pour un mod\u00e8le hybride branchable ou 100\u00a0% \u00e9lectrique est de tout pr\u00e8s de deux ans. Cela nous am\u00e8ne au printemps de 2025 pour ceux qui commandent un de ces mod\u00e8les maintenant. Comment sera-t-il possible de doubler le pourcentage actuel si tout le monde est sur une liste d\u2019attente. Si l\u2019offre n\u2019existe pas, il sera tr\u00e8s difficile de rencontrer les normes impos\u00e9es par le gouvernement f\u00e9d\u00e9ral.<\/p>\n<h3>On ne tient pas compte du prix<\/h3>\n<p>\nSi nous voulons en tant que soci\u00e9t\u00e9 qu\u2019un jour, le v\u00e9hicule \u00e9lectrique devienne la norme, il faudra que ces derniers soient \u00e0 la port\u00e9e de toutes les bourses. Avez-vous vu le prix des v\u00e9hicules \u00e9lectriques sur le march\u00e9 en ce moment. Il y a beaucoup de nouveaut\u00e9s qui s\u2019en viennent, mais la moyenne des prix d\u00e9passe facilement les 60\u00a0000 \u00e0 70 000\u00a0$. Si nous voulons qu\u2019il y ait vraiment une r\u00e9volution \u00e9lectrique, il faudra amener des v\u00e9hicules \u00e0 30 000\u00a0$ et moins que la classe moyenne pourra prendre en consid\u00e9ration. Tous les jours, des gens me disent qu\u2019ils aimeraient bien faire l\u2019acquisition d\u2019un V\u00c9, mais cela d\u00e9passe de loin leur budget. Faut-il demander aux constructeurs de baisser les prix des V\u00c9S et de cesser de faire des v\u00e9hicules \u00e9lectriques qui sont des vitrines technologiques (qui co\u00fbtent une fortune) pour mettre en march\u00e9 un v\u00e9hicule avec une bonne autonomie, sans artifices. Faut-il demander \u00e0 toutes les provinces canadiennes d\u2019ajouter un rabais provincial \u00e0 celui du f\u00e9d\u00e9ral pour pousser la vente de V\u00c9 ?<\/p>\n<h3>De gros progr\u00e8s \u00e0 faire<\/h3>\n<p>\nEn 2022, il s\u2019est vendu environ 1,5 million de v\u00e9hicules neufs au Canada. De ce nombre environ 150\u00a0000 \u00e9taient des mod\u00e8les hybrides branchables ou \u00e9lectriques. Ce chiffre devra doubler \u00e0 la fin de 2025. Consid\u00e9rant qu\u2019une bonne ann\u00e9e de vente au canada tourne autour de 2 millions de v\u00e9hicules, il faudra donc \u00e2tre tout pr\u00e8s de 400\u00a0000 en 2026 et 1,2 million en 2030. La p\u00e9nalit\u00e9 pour les constructeurs automobiles en cas de non-conformit\u00e9 peut atteindre 20\u00a0000 dollars par v\u00e9hicule.<\/p>\n<p>Faut-il s&#8217;\u00e9tonner que l&#8217;industrie automobile n&#8217;aime pas du tout le mandat f\u00e9d\u00e9ral de vente de v\u00e9hicules ZEV ? En supposant que la loi soit adopt\u00e9e, ne croyez-vous pas que le gouvernement a mis la charrue devant les b\u0153ufs\u00a0?<\/p>\n<p>Le texte <a rel=\"nofollow\" href=\"https:\/\/annuelauto.ca\/le-chemin-de-lavenir-electrique-est-pave-de-bonnes-intentions\/\">Le chemin de l\u2019avenir \u00e9lectrique est pav\u00e9 de bonnes intentions<\/a> provient de <a rel=\"nofollow\" href=\"https:\/\/annuelauto.ca\">L&#8217;annuel de l&#8217;automobile &#8211; Actualit\u00e9 automobile<\/a><\/p>\n<p><\/p>\n","protected":false},"excerpt":{"rendered":"<p>Nous connaissons tous cette m\u00e9taphore du chemin de l\u2019enfer qui est pav\u00e9 de bonnes intentions. Cela se d\u00e9finit souvent par la volont\u00e9 d&#8217;agir ou le d\u00e9sir de bien faire en constatant que cela ne suffit tant que des actes ne suivent pas et que l&#8217;on peut former un grand nombre de bonnes r\u00e9solutions sans pour [&hellip;]<\/p>\n","protected":false},"author":8,"featured_media":139590,"comment_status":"close","ping_status":"closed","sticky":false,"template":"","format":"standard","meta":{"_monsterinsights_skip_tracking":false,"_monsterinsights_sitenote_active":false,"_monsterinsights_sitenote_note":"","_monsterinsights_sitenote_category":0,"footnotes":""},"categories":[101],"tags":[],"yoast_head":"<!-- This site is optimized with the Yoast SEO plugin v23.2 - https:\/\/yoast.com\/wordpress\/plugins\/seo\/ -->\n<title>Le chemin de l\u2019avenir \u00e9lectrique est pav\u00e9 de bonnes intentions - CanadaMotorJobs.com<\/title>\n<meta name=\"description\" content=\"Le chemin de l\u2019avenir \u00e9lectrique est pav\u00e9 de bonnes intentions - Benoit Charette - Annuel automobile - CanadaMotorJobs.com.\" \/>\n<meta name=\"robots\" content=\"index, follow, max-snippet:-1, max-image-preview:large, max-video-preview:-1\" \/>\n<meta property=\"og:locale\" content=\"fr_CA\" \/>\n<meta property=\"og:type\" content=\"article\" \/>\n<meta property=\"og:title\" content=\"Le chemin de l\u2019avenir \u00e9lectrique est pav\u00e9 de bonnes intentions - CanadaMotorJobs.com\" \/>\n<meta property=\"og:description\" content=\"Le chemin de l\u2019avenir \u00e9lectrique est pav\u00e9 de bonnes intentions - Benoit Charette - Annuel automobile - CanadaMotorJobs.com.\" \/>\n<meta property=\"og:url\" content=\"https:\/\/news.canadamotorjobs.com\/fr\/le-chemin-de-lavenir-electrique-est-pave-de-bonnes-intentions\/\" \/>\n<meta property=\"og:site_name\" content=\"CanadaMotorJobs.com\" \/>\n<meta property=\"article:publisher\" content=\"https:\/\/www.facebook.com\/canadamotorjobs\/\" \/>\n<meta property=\"article:published_time\" content=\"2023-02-06T20:46:19+00:00\" \/>\n<meta property=\"article:modified_time\" content=\"2023-02-06T21:02:05+00:00\" \/>\n<meta property=\"og:image\" content=\"https:\/\/news.canadamotorjobs.com\/wp-content\/uploads\/2023\/02\/hyudai-kona-Virta-0119-set1-12-1.jpg\" \/>\n\t<meta property=\"og:image:width\" content=\"1000\" \/>\n\t<meta property=\"og:image:height\" content=\"667\" \/>\n\t<meta property=\"og:image:type\" content=\"image\/jpeg\" \/>\n<meta name=\"author\" content=\"Benoit Charette\" \/>\n<meta name=\"twitter:card\" content=\"summary_large_image\" \/>\n<meta name=\"twitter:creator\" content=\"@canadamotorjobs\" \/>\n<meta name=\"twitter:site\" content=\"@canadamotorjobs\" \/>\n<meta name=\"twitter:label1\" content=\"\u00c9crit par\" \/>\n\t<meta name=\"twitter:data1\" content=\"Benoit Charette\" \/>\n\t<meta name=\"twitter:label2\" content=\"Estimation du temps de lecture\" \/>\n\t<meta name=\"twitter:data2\" content=\"3 minutes\" \/>\n<!-- \/ Yoast SEO plugin. -->","yoast_head_json":{"title":"Le chemin de l\u2019avenir \u00e9lectrique est pav\u00e9 de bonnes intentions - CanadaMotorJobs.com","description":"Le chemin de l\u2019avenir \u00e9lectrique est pav\u00e9 de bonnes intentions - Benoit Charette - Annuel automobile - CanadaMotorJobs.com.","robots":{"index":"index","follow":"follow","max-snippet":"max-snippet:-1","max-image-preview":"max-image-preview:large","max-video-preview":"max-video-preview:-1"},"og_locale":"fr_CA","og_type":"article","og_title":"Le chemin de l\u2019avenir \u00e9lectrique est pav\u00e9 de bonnes intentions - CanadaMotorJobs.com","og_description":"Le chemin de l\u2019avenir \u00e9lectrique est pav\u00e9 de bonnes intentions - Benoit Charette - Annuel automobile - CanadaMotorJobs.com.","og_url":"https:\/\/news.canadamotorjobs.com\/fr\/le-chemin-de-lavenir-electrique-est-pave-de-bonnes-intentions\/","og_site_name":"CanadaMotorJobs.com","article_publisher":"https:\/\/www.facebook.com\/canadamotorjobs\/","article_published_time":"2023-02-06T20:46:19+00:00","article_modified_time":"2023-02-06T21:02:05+00:00","og_image":[{"width":1000,"height":667,"url":"https:\/\/news.canadamotorjobs.com\/wp-content\/uploads\/2023\/02\/hyudai-kona-Virta-0119-set1-12-1.jpg","type":"image\/jpeg"}],"author":"Benoit Charette","twitter_card":"summary_large_image","twitter_creator":"@canadamotorjobs","twitter_site":"@canadamotorjobs","twitter_misc":{"\u00c9crit par":"Benoit Charette","Estimation du temps de lecture":"3 minutes"},"schema":{"@context":"https:\/\/schema.org","@graph":[{"@type":"Article","@id":"https:\/\/news.canadamotorjobs.com\/fr\/le-chemin-de-lavenir-electrique-est-pave-de-bonnes-intentions\/#article","isPartOf":{"@id":"https:\/\/news.canadamotorjobs.com\/fr\/le-chemin-de-lavenir-electrique-est-pave-de-bonnes-intentions\/"},"author":{"name":"Benoit Charette","@id":"https:\/\/news.canadamotorjobs.com\/#\/schema\/person\/51793d1f87d44011d7bcc2ed99269a90"},"headline":"Le chemin de l\u2019avenir \u00e9lectrique est pav\u00e9 de bonnes intentions","datePublished":"2023-02-06T20:46:19+00:00","dateModified":"2023-02-06T21:02:05+00:00","mainEntityOfPage":{"@id":"https:\/\/news.canadamotorjobs.com\/fr\/le-chemin-de-lavenir-electrique-est-pave-de-bonnes-intentions\/"},"wordCount":622,"publisher":{"@id":"https:\/\/news.canadamotorjobs.com\/#organization"},"image":{"@id":"https:\/\/news.canadamotorjobs.com\/fr\/le-chemin-de-lavenir-electrique-est-pave-de-bonnes-intentions\/#primaryimage"},"thumbnailUrl":"https:\/\/news.canadamotorjobs.com\/wp-content\/uploads\/2023\/02\/hyudai-kona-Virta-0119-set1-12-1.jpg","articleSection":["Annuel automobile"],"inLanguage":"fr-CA"},{"@type":"WebPage","@id":"https:\/\/news.canadamotorjobs.com\/fr\/le-chemin-de-lavenir-electrique-est-pave-de-bonnes-intentions\/","url":"https:\/\/news.canadamotorjobs.com\/fr\/le-chemin-de-lavenir-electrique-est-pave-de-bonnes-intentions\/","name":"Le chemin de l\u2019avenir \u00e9lectrique est pav\u00e9 de bonnes intentions - CanadaMotorJobs.com","isPartOf":{"@id":"https:\/\/news.canadamotorjobs.com\/#website"},"primaryImageOfPage":{"@id":"https:\/\/news.canadamotorjobs.com\/fr\/le-chemin-de-lavenir-electrique-est-pave-de-bonnes-intentions\/#primaryimage"},"image":{"@id":"https:\/\/news.canadamotorjobs.com\/fr\/le-chemin-de-lavenir-electrique-est-pave-de-bonnes-intentions\/#primaryimage"},"thumbnailUrl":"https:\/\/news.canadamotorjobs.com\/wp-content\/uploads\/2023\/02\/hyudai-kona-Virta-0119-set1-12-1.jpg","datePublished":"2023-02-06T20:46:19+00:00","dateModified":"2023-02-06T21:02:05+00:00","description":"Le chemin de l\u2019avenir \u00e9lectrique est pav\u00e9 de bonnes intentions - Benoit Charette - Annuel automobile - CanadaMotorJobs.com.","breadcrumb":{"@id":"https:\/\/news.canadamotorjobs.com\/fr\/le-chemin-de-lavenir-electrique-est-pave-de-bonnes-intentions\/#breadcrumb"},"inLanguage":"fr-CA","potentialAction":[{"@type":"ReadAction","target":["https:\/\/news.canadamotorjobs.com\/fr\/le-chemin-de-lavenir-electrique-est-pave-de-bonnes-intentions\/"]}]},{"@type":"ImageObject","inLanguage":"fr-CA","@id":"https:\/\/news.canadamotorjobs.com\/fr\/le-chemin-de-lavenir-electrique-est-pave-de-bonnes-intentions\/#primaryimage","url":"https:\/\/news.canadamotorjobs.com\/wp-content\/uploads\/2023\/02\/hyudai-kona-Virta-0119-set1-12-1.jpg","contentUrl":"https:\/\/news.canadamotorjobs.com\/wp-content\/uploads\/2023\/02\/hyudai-kona-Virta-0119-set1-12-1.jpg","width":1000,"height":667},{"@type":"BreadcrumbList","@id":"https:\/\/news.canadamotorjobs.com\/fr\/le-chemin-de-lavenir-electrique-est-pave-de-bonnes-intentions\/#breadcrumb","itemListElement":[{"@type":"ListItem","position":1,"name":"Home","item":"https:\/\/news.canadamotorjobs.com\/fr\/blog\/"},{"@type":"ListItem","position":2,"name":"Le chemin de l\u2019avenir \u00e9lectrique est pav\u00e9 de bonnes intentions"}]},{"@type":"WebSite","@id":"https:\/\/news.canadamotorjobs.com\/#website","url":"https:\/\/news.canadamotorjobs.com\/","name":"CanadaMotorJobs.com","description":"Automotive Jobs","publisher":{"@id":"https:\/\/news.canadamotorjobs.com\/#organization"},"potentialAction":[{"@type":"SearchAction","target":{"@type":"EntryPoint","urlTemplate":"https:\/\/news.canadamotorjobs.com\/?s={search_term_string}"},"query-input":"required name=search_term_string"}],"inLanguage":"fr-CA"},{"@type":"Organization","@id":"https:\/\/news.canadamotorjobs.com\/#organization","name":"Canada Motor Jobs","url":"https:\/\/news.canadamotorjobs.com\/","logo":{"@type":"ImageObject","inLanguage":"fr-CA","@id":"https:\/\/news.canadamotorjobs.com\/#\/schema\/logo\/image\/","url":"https:\/\/news.canadamotorjobs.com\/wp-content\/uploads\/2022\/10\/logo-canada-motor-jobs-1.png","contentUrl":"https:\/\/news.canadamotorjobs.com\/wp-content\/uploads\/2022\/10\/logo-canada-motor-jobs-1.png","width":800,"height":400,"caption":"Canada Motor Jobs"},"image":{"@id":"https:\/\/news.canadamotorjobs.com\/#\/schema\/logo\/image\/"},"sameAs":["https:\/\/www.facebook.com\/canadamotorjobs\/","https:\/\/x.com\/canadamotorjobs","https:\/\/www.instagram.com\/canadamotorjobs\/","https:\/\/www.linkedin.com\/company\/canadamotorjobs"]},{"@type":"Person","@id":"https:\/\/news.canadamotorjobs.com\/#\/schema\/person\/51793d1f87d44011d7bcc2ed99269a90","name":"Benoit Charette","image":{"@type":"ImageObject","inLanguage":"fr-CA","@id":"https:\/\/news.canadamotorjobs.com\/#\/schema\/person\/image\/","url":"https:\/\/secure.gravatar.com\/avatar\/45f3d2eebcccd909668d7ce7ea7267b6?s=96&d=mm&r=g","contentUrl":"https:\/\/secure.gravatar.com\/avatar\/45f3d2eebcccd909668d7ce7ea7267b6?s=96&d=mm&r=g","caption":"Benoit Charette"},"description":"Benoit Charette \/ Propri\u00e9taire et r\u00e9dacteur en chef Benoit Charette pratique le journalisme automobile depuis bient\u00f4t 30 ans. Il a fait ses classes au c\u00f4t\u00e9 de Daniel H\u00e9raud et au Carnet de route de 1992 \u00e0 2001. Il est fondateur, copropri\u00e9taire et r\u00e9dacteur en chef de L\u2019Annuel de l\u2019automobile, qu\u2019il publie depuis 2001. Il a anim\u00e9 les \u00e9missions RPM et RPM+ sur V et les L\u00e9gendes de la route sur Historia. \u00c0 la radio depuis 1986, il reprend l\u2019antenne cette ann\u00e9e sur les ondes de Cogeco et participe pour la deuxi\u00e8me ann\u00e9e \u00e0 l\u2019\u00e9mission Passion Auto sur RDS en plus de mettre en ligne le site Web officiel de L\u2019Annuel de l\u2019automobile sur annuelauto.ca.","sameAs":["https:\/\/annuelauto.ca\/"],"url":"https:\/\/news.canadamotorjobs.com\/fr\/author\/benoit-charette\/"}]}},"_links":{"self":[{"href":"https:\/\/news.canadamotorjobs.com\/fr\/wp-json\/wp\/v2\/posts\/139588"}],"collection":[{"href":"https:\/\/news.canadamotorjobs.com\/fr\/wp-json\/wp\/v2\/posts"}],"about":[{"href":"https:\/\/news.canadamotorjobs.com\/fr\/wp-json\/wp\/v2\/types\/post"}],"author":[{"embeddable":true,"href":"https:\/\/news.canadamotorjobs.com\/fr\/wp-json\/wp\/v2\/users\/8"}],"replies":[{"embeddable":true,"href":"https:\/\/news.canadamotorjobs.com\/fr\/wp-json\/wp\/v2\/comments?post=139588"}],"version-history":[{"count":2,"href":"https:\/\/news.canadamotorjobs.com\/fr\/wp-json\/wp\/v2\/posts\/139588\/revisions"}],"predecessor-version":[{"id":139592,"href":"https:\/\/news.canadamotorjobs.com\/fr\/wp-json\/wp\/v2\/posts\/139588\/revisions\/139592"}],"wp:featuredmedia":[{"embeddable":true,"href":"https:\/\/news.canadamotorjobs.com\/fr\/wp-json\/wp\/v2\/media\/139590"}],"wp:attachment":[{"href":"https:\/\/news.canadamotorjobs.com\/fr\/wp-json\/wp\/v2\/media?parent=139588"}],"wp:term":[{"taxonomy":"category","embeddable":true,"href":"https:\/\/news.canadamotorjobs.com\/fr\/wp-json\/wp\/v2\/categories?post=139588"},{"taxonomy":"post_tag","embeddable":true,"href":"https:\/\/news.canadamotorjobs.com\/fr\/wp-json\/wp\/v2\/tags?post=139588"}],"curies":[{"name":"wp","href":"https:\/\/api.w.org\/{rel}","templated":true}]}}