{"id":139546,"date":"2023-02-06T14:29:28","date_gmt":"2023-02-06T19:29:28","guid":{"rendered":"https:\/\/news.canadamotorjobs.com\/?p=139546"},"modified":"2023-02-06T14:30:54","modified_gmt":"2023-02-06T19:30:54","slug":"renault-revient-en-amerique-pour-la-premiere-fois-depuis-des-decennies","status":"publish","type":"post","link":"https:\/\/news.canadamotorjobs.com\/fr\/renault-revient-en-amerique-pour-la-premiere-fois-depuis-des-decennies\/","title":{"rendered":"Renault revient en Am\u00e9rique pour la premi\u00e8re fois depuis des d\u00e9cennies"},"content":{"rendered":"<\/p>\n<p>La restructuration de l&#8217;alliance Renault-Nissan am\u00e8ne le partenaire automobile fran\u00e7ais aux portes de l&#8217;Am\u00e9rique pour la premi\u00e8re fois depuis 20 ans avec un mod\u00e8le Renault qui sera construit au Mexique. Ce mod\u00e8le ne sera pas vendu au Canada o\u00f9 aux \u00c9tats-Unis, mais le partenaire junior de l\u2019alliance Mitsubishi pourra d\u00e9velopper un mod\u00e8le pour ces deux march\u00e9s.<\/p>\n<h3>Renault voudrait revenir en Am\u00e9rique du Nord<\/h3>\n<p>\nLes mod\u00e8les du groupe Renault ont \u00e9t\u00e9 vendus pour la derni\u00e8re fois au nord de la fronti\u00e8re am\u00e9ricaine au d\u00e9but des ann\u00e9es 1990, mais le PDG Luca de Meo a d\u00e9clar\u00e9 qu&#8217;il n&#8217;y avait aucun projet imminent de retour sur ce march\u00e9. Toutefois, Renault a l\u2019intention de faire de l\u2019Am\u00e9rique du Nord un moteur de revenus important pour sa marque de voitures de sport Alpine. L&#8217;entreprise souhaite vendre deux mod\u00e8les aux \u00c9tats-Unis, dont un VUS \u00e9lectrique de taille moyenne, \u00e0 partir de 2027 ou 2028. Reste maintenant \u00e0 savoir si les mod\u00e8les Alpine viendront chez nous et si Renault va tranquillement s\u2019installer dans les 4 \u00e0 5 prochaines ann\u00e9es.<\/p>\n<h3>Mitsubishi veut profiter des produits \u00e0 sa disposition<\/h3>\n<p>\nPendant ce temps, Mitsubishi a d\u00e9clar\u00e9 qu&#8217;elle s&#8217;attendait \u00e0 b\u00e9n\u00e9ficier de l&#8217;alliance restructur\u00e9e en \u00e9largissant sa gamme de produits pour l&#8217;Am\u00e9rique du Nord et l&#8217;Europe. &#8220;L&#8217;Europe et l&#8217;Am\u00e9rique du Nord sont des march\u00e9s potentiels o\u00f9 nous pouvons utiliser les actifs de l&#8217;alliance&#8221;, a d\u00e9clar\u00e9 Takao Kato, PDG de Mitsubishi. &#8220;Par exemple, l&#8217;Am\u00e9rique du Nord est un champ de collaboration prometteur, o\u00f9 nous nous appuyons naturellement sur Nissan pour enrichir notre gamme de voitures.&#8221; Mitsubishi est int\u00e9gr\u00e9 dans l&#8217;alliance par le biais de la participation majoritaire de 34 % que Nissan d\u00e9tient dans le petit constructeur japonais. Renault n&#8217;a pas de participation directe dans Mitsubishi.<\/p>\n<p>Avec des renseignements d\u2019Automotive News<\/p>\n<p>Le texte <a rel=\"nofollow\" href=\"https:\/\/annuelauto.ca\/renault-revient-en-amerique-pour-la-premiere-fois-depuis-des-decennies\/\">Renault revient en Am\u00e9rique pour la premi\u00e8re fois depuis des d\u00e9cennies<\/a> provient de <a rel=\"nofollow\" href=\"https:\/\/annuelauto.ca\">L&#8217;annuel de l&#8217;automobile &#8211; Actualit\u00e9 automobile<\/a><\/p>\n<p><\/p>\n","protected":false},"excerpt":{"rendered":"<p>La restructuration de l&#8217;alliance Renault-Nissan am\u00e8ne le partenaire automobile fran\u00e7ais aux portes de l&#8217;Am\u00e9rique pour la premi\u00e8re fois depuis 20 ans avec un mod\u00e8le Renault qui sera construit au Mexique. Ce mod\u00e8le ne sera pas vendu au Canada o\u00f9 aux \u00c9tats-Unis, mais le partenaire junior de l\u2019alliance Mitsubishi pourra d\u00e9velopper un mod\u00e8le pour ces deux [&hellip;]<\/p>\n","protected":false},"author":8,"featured_media":139548,"comment_status":"close","ping_status":"closed","sticky":false,"template":"","format":"standard","meta":{"_monsterinsights_skip_tracking":false,"_monsterinsights_sitenote_active":false,"_monsterinsights_sitenote_note":"","_monsterinsights_sitenote_category":0,"footnotes":""},"categories":[101],"tags":[],"yoast_head":"<!-- This site is optimized with the Yoast SEO plugin v23.2 - https:\/\/yoast.com\/wordpress\/plugins\/seo\/ -->\n<title>Renault revient en Am\u00e9rique pour la premi\u00e8re fois depuis des d\u00e9cennies - CanadaMotorJobs.com<\/title>\n<meta name=\"description\" content=\"Renault revient en Am\u00e9rique pour la premi\u00e8re fois depuis des d\u00e9cennies - Benoit Charette - Annuel automobile - CanadaMotorJobs.com.\" \/>\n<meta name=\"robots\" content=\"index, follow, max-snippet:-1, max-image-preview:large, max-video-preview:-1\" \/>\n<meta property=\"og:locale\" content=\"fr_CA\" \/>\n<meta property=\"og:type\" content=\"article\" \/>\n<meta property=\"og:title\" content=\"Renault revient en Am\u00e9rique pour la premi\u00e8re fois depuis des d\u00e9cennies - CanadaMotorJobs.com\" \/>\n<meta property=\"og:description\" content=\"Renault revient en Am\u00e9rique pour la premi\u00e8re fois depuis des d\u00e9cennies - Benoit Charette - Annuel automobile - CanadaMotorJobs.com.\" \/>\n<meta property=\"og:url\" content=\"https:\/\/news.canadamotorjobs.com\/fr\/renault-revient-en-amerique-pour-la-premiere-fois-depuis-des-decennies\/\" \/>\n<meta property=\"og:site_name\" content=\"CanadaMotorJobs.com\" \/>\n<meta property=\"article:publisher\" content=\"https:\/\/www.facebook.com\/canadamotorjobs\/\" \/>\n<meta property=\"article:published_time\" content=\"2023-02-06T19:29:28+00:00\" \/>\n<meta property=\"article:modified_time\" content=\"2023-02-06T19:30:54+00:00\" \/>\n<meta property=\"og:image\" content=\"https:\/\/news.canadamotorjobs.com\/wp-content\/uploads\/2023\/02\/508141-renault-nissan-et-mitsubishi-font-de-l-electrique-le-nouveau-ciment-de-leur-alliance.jpg\" \/>\n\t<meta property=\"og:image:width\" content=\"1024\" \/>\n\t<meta property=\"og:image:height\" content=\"640\" \/>\n\t<meta property=\"og:image:type\" content=\"image\/jpeg\" \/>\n<meta name=\"author\" content=\"Benoit Charette\" \/>\n<meta name=\"twitter:card\" content=\"summary_large_image\" \/>\n<meta name=\"twitter:creator\" content=\"@canadamotorjobs\" \/>\n<meta name=\"twitter:site\" content=\"@canadamotorjobs\" \/>\n<meta name=\"twitter:label1\" content=\"\u00c9crit par\" \/>\n\t<meta name=\"twitter:data1\" content=\"Benoit Charette\" \/>\n\t<meta name=\"twitter:label2\" content=\"Estimation du temps de lecture\" \/>\n\t<meta name=\"twitter:data2\" content=\"2 minutes\" \/>\n<!-- \/ Yoast SEO plugin. -->","yoast_head_json":{"title":"Renault revient en Am\u00e9rique pour la premi\u00e8re fois depuis des d\u00e9cennies - CanadaMotorJobs.com","description":"Renault revient en Am\u00e9rique pour la premi\u00e8re fois depuis des d\u00e9cennies - Benoit Charette - Annuel automobile - CanadaMotorJobs.com.","robots":{"index":"index","follow":"follow","max-snippet":"max-snippet:-1","max-image-preview":"max-image-preview:large","max-video-preview":"max-video-preview:-1"},"og_locale":"fr_CA","og_type":"article","og_title":"Renault revient en Am\u00e9rique pour la premi\u00e8re fois depuis des d\u00e9cennies - CanadaMotorJobs.com","og_description":"Renault revient en Am\u00e9rique pour la premi\u00e8re fois depuis des d\u00e9cennies - Benoit Charette - Annuel automobile - CanadaMotorJobs.com.","og_url":"https:\/\/news.canadamotorjobs.com\/fr\/renault-revient-en-amerique-pour-la-premiere-fois-depuis-des-decennies\/","og_site_name":"CanadaMotorJobs.com","article_publisher":"https:\/\/www.facebook.com\/canadamotorjobs\/","article_published_time":"2023-02-06T19:29:28+00:00","article_modified_time":"2023-02-06T19:30:54+00:00","og_image":[{"width":1024,"height":640,"url":"https:\/\/news.canadamotorjobs.com\/wp-content\/uploads\/2023\/02\/508141-renault-nissan-et-mitsubishi-font-de-l-electrique-le-nouveau-ciment-de-leur-alliance.jpg","type":"image\/jpeg"}],"author":"Benoit Charette","twitter_card":"summary_large_image","twitter_creator":"@canadamotorjobs","twitter_site":"@canadamotorjobs","twitter_misc":{"\u00c9crit par":"Benoit Charette","Estimation du temps de lecture":"2 minutes"},"schema":{"@context":"https:\/\/schema.org","@graph":[{"@type":"Article","@id":"https:\/\/news.canadamotorjobs.com\/fr\/renault-revient-en-amerique-pour-la-premiere-fois-depuis-des-decennies\/#article","isPartOf":{"@id":"https:\/\/news.canadamotorjobs.com\/fr\/renault-revient-en-amerique-pour-la-premiere-fois-depuis-des-decennies\/"},"author":{"name":"Benoit Charette","@id":"https:\/\/news.canadamotorjobs.com\/#\/schema\/person\/51793d1f87d44011d7bcc2ed99269a90"},"headline":"Renault revient en Am\u00e9rique pour la premi\u00e8re fois depuis des d\u00e9cennies","datePublished":"2023-02-06T19:29:28+00:00","dateModified":"2023-02-06T19:30:54+00:00","mainEntityOfPage":{"@id":"https:\/\/news.canadamotorjobs.com\/fr\/renault-revient-en-amerique-pour-la-premiere-fois-depuis-des-decennies\/"},"wordCount":368,"publisher":{"@id":"https:\/\/news.canadamotorjobs.com\/#organization"},"image":{"@id":"https:\/\/news.canadamotorjobs.com\/fr\/renault-revient-en-amerique-pour-la-premiere-fois-depuis-des-decennies\/#primaryimage"},"thumbnailUrl":"https:\/\/news.canadamotorjobs.com\/wp-content\/uploads\/2023\/02\/508141-renault-nissan-et-mitsubishi-font-de-l-electrique-le-nouveau-ciment-de-leur-alliance.jpg","articleSection":["Annuel automobile"],"inLanguage":"fr-CA"},{"@type":"WebPage","@id":"https:\/\/news.canadamotorjobs.com\/fr\/renault-revient-en-amerique-pour-la-premiere-fois-depuis-des-decennies\/","url":"https:\/\/news.canadamotorjobs.com\/fr\/renault-revient-en-amerique-pour-la-premiere-fois-depuis-des-decennies\/","name":"Renault revient en Am\u00e9rique pour la premi\u00e8re fois depuis des d\u00e9cennies - CanadaMotorJobs.com","isPartOf":{"@id":"https:\/\/news.canadamotorjobs.com\/#website"},"primaryImageOfPage":{"@id":"https:\/\/news.canadamotorjobs.com\/fr\/renault-revient-en-amerique-pour-la-premiere-fois-depuis-des-decennies\/#primaryimage"},"image":{"@id":"https:\/\/news.canadamotorjobs.com\/fr\/renault-revient-en-amerique-pour-la-premiere-fois-depuis-des-decennies\/#primaryimage"},"thumbnailUrl":"https:\/\/news.canadamotorjobs.com\/wp-content\/uploads\/2023\/02\/508141-renault-nissan-et-mitsubishi-font-de-l-electrique-le-nouveau-ciment-de-leur-alliance.jpg","datePublished":"2023-02-06T19:29:28+00:00","dateModified":"2023-02-06T19:30:54+00:00","description":"Renault revient en Am\u00e9rique pour la premi\u00e8re fois depuis des d\u00e9cennies - Benoit Charette - Annuel automobile - CanadaMotorJobs.com.","breadcrumb":{"@id":"https:\/\/news.canadamotorjobs.com\/fr\/renault-revient-en-amerique-pour-la-premiere-fois-depuis-des-decennies\/#breadcrumb"},"inLanguage":"fr-CA","potentialAction":[{"@type":"ReadAction","target":["https:\/\/news.canadamotorjobs.com\/fr\/renault-revient-en-amerique-pour-la-premiere-fois-depuis-des-decennies\/"]}]},{"@type":"ImageObject","inLanguage":"fr-CA","@id":"https:\/\/news.canadamotorjobs.com\/fr\/renault-revient-en-amerique-pour-la-premiere-fois-depuis-des-decennies\/#primaryimage","url":"https:\/\/news.canadamotorjobs.com\/wp-content\/uploads\/2023\/02\/508141-renault-nissan-et-mitsubishi-font-de-l-electrique-le-nouveau-ciment-de-leur-alliance.jpg","contentUrl":"https:\/\/news.canadamotorjobs.com\/wp-content\/uploads\/2023\/02\/508141-renault-nissan-et-mitsubishi-font-de-l-electrique-le-nouveau-ciment-de-leur-alliance.jpg","width":1024,"height":640},{"@type":"BreadcrumbList","@id":"https:\/\/news.canadamotorjobs.com\/fr\/renault-revient-en-amerique-pour-la-premiere-fois-depuis-des-decennies\/#breadcrumb","itemListElement":[{"@type":"ListItem","position":1,"name":"Home","item":"https:\/\/news.canadamotorjobs.com\/fr\/blog\/"},{"@type":"ListItem","position":2,"name":"Renault revient en Am\u00e9rique pour la premi\u00e8re fois depuis des d\u00e9cennies"}]},{"@type":"WebSite","@id":"https:\/\/news.canadamotorjobs.com\/#website","url":"https:\/\/news.canadamotorjobs.com\/","name":"CanadaMotorJobs.com","description":"Automotive Jobs","publisher":{"@id":"https:\/\/news.canadamotorjobs.com\/#organization"},"potentialAction":[{"@type":"SearchAction","target":{"@type":"EntryPoint","urlTemplate":"https:\/\/news.canadamotorjobs.com\/?s={search_term_string}"},"query-input":"required name=search_term_string"}],"inLanguage":"fr-CA"},{"@type":"Organization","@id":"https:\/\/news.canadamotorjobs.com\/#organization","name":"Canada Motor Jobs","url":"https:\/\/news.canadamotorjobs.com\/","logo":{"@type":"ImageObject","inLanguage":"fr-CA","@id":"https:\/\/news.canadamotorjobs.com\/#\/schema\/logo\/image\/","url":"https:\/\/news.canadamotorjobs.com\/wp-content\/uploads\/2022\/10\/logo-canada-motor-jobs-1.png","contentUrl":"https:\/\/news.canadamotorjobs.com\/wp-content\/uploads\/2022\/10\/logo-canada-motor-jobs-1.png","width":800,"height":400,"caption":"Canada Motor Jobs"},"image":{"@id":"https:\/\/news.canadamotorjobs.com\/#\/schema\/logo\/image\/"},"sameAs":["https:\/\/www.facebook.com\/canadamotorjobs\/","https:\/\/x.com\/canadamotorjobs","https:\/\/www.instagram.com\/canadamotorjobs\/","https:\/\/www.linkedin.com\/company\/canadamotorjobs"]},{"@type":"Person","@id":"https:\/\/news.canadamotorjobs.com\/#\/schema\/person\/51793d1f87d44011d7bcc2ed99269a90","name":"Benoit Charette","image":{"@type":"ImageObject","inLanguage":"fr-CA","@id":"https:\/\/news.canadamotorjobs.com\/#\/schema\/person\/image\/","url":"https:\/\/secure.gravatar.com\/avatar\/45f3d2eebcccd909668d7ce7ea7267b6?s=96&d=mm&r=g","contentUrl":"https:\/\/secure.gravatar.com\/avatar\/45f3d2eebcccd909668d7ce7ea7267b6?s=96&d=mm&r=g","caption":"Benoit Charette"},"description":"Benoit Charette \/ Propri\u00e9taire et r\u00e9dacteur en chef Benoit Charette pratique le journalisme automobile depuis bient\u00f4t 30 ans. Il a fait ses classes au c\u00f4t\u00e9 de Daniel H\u00e9raud et au Carnet de route de 1992 \u00e0 2001. Il est fondateur, copropri\u00e9taire et r\u00e9dacteur en chef de L\u2019Annuel de l\u2019automobile, qu\u2019il publie depuis 2001. Il a anim\u00e9 les \u00e9missions RPM et RPM+ sur V et les L\u00e9gendes de la route sur Historia. \u00c0 la radio depuis 1986, il reprend l\u2019antenne cette ann\u00e9e sur les ondes de Cogeco et participe pour la deuxi\u00e8me ann\u00e9e \u00e0 l\u2019\u00e9mission Passion Auto sur RDS en plus de mettre en ligne le site Web officiel de L\u2019Annuel de l\u2019automobile sur annuelauto.ca.","sameAs":["https:\/\/annuelauto.ca\/"],"url":"https:\/\/news.canadamotorjobs.com\/fr\/author\/benoit-charette\/"}]}},"_links":{"self":[{"href":"https:\/\/news.canadamotorjobs.com\/fr\/wp-json\/wp\/v2\/posts\/139546"}],"collection":[{"href":"https:\/\/news.canadamotorjobs.com\/fr\/wp-json\/wp\/v2\/posts"}],"about":[{"href":"https:\/\/news.canadamotorjobs.com\/fr\/wp-json\/wp\/v2\/types\/post"}],"author":[{"embeddable":true,"href":"https:\/\/news.canadamotorjobs.com\/fr\/wp-json\/wp\/v2\/users\/8"}],"replies":[{"embeddable":true,"href":"https:\/\/news.canadamotorjobs.com\/fr\/wp-json\/wp\/v2\/comments?post=139546"}],"version-history":[{"count":2,"href":"https:\/\/news.canadamotorjobs.com\/fr\/wp-json\/wp\/v2\/posts\/139546\/revisions"}],"predecessor-version":[{"id":139550,"href":"https:\/\/news.canadamotorjobs.com\/fr\/wp-json\/wp\/v2\/posts\/139546\/revisions\/139550"}],"wp:featuredmedia":[{"embeddable":true,"href":"https:\/\/news.canadamotorjobs.com\/fr\/wp-json\/wp\/v2\/media\/139548"}],"wp:attachment":[{"href":"https:\/\/news.canadamotorjobs.com\/fr\/wp-json\/wp\/v2\/media?parent=139546"}],"wp:term":[{"taxonomy":"category","embeddable":true,"href":"https:\/\/news.canadamotorjobs.com\/fr\/wp-json\/wp\/v2\/categories?post=139546"},{"taxonomy":"post_tag","embeddable":true,"href":"https:\/\/news.canadamotorjobs.com\/fr\/wp-json\/wp\/v2\/tags?post=139546"}],"curies":[{"name":"wp","href":"https:\/\/api.w.org\/{rel}","templated":true}]}}