{"id":139519,"date":"2023-02-05T08:28:07","date_gmt":"2023-02-05T13:28:07","guid":{"rendered":"https:\/\/news.canadamotorjobs.com\/?p=139519"},"modified":"2023-02-05T08:34:54","modified_gmt":"2023-02-05T13:34:54","slug":"du-cafe-des-coquilles-doeufs-et-des-lentilles-pour-habiller-les-habitacles-de-voitures","status":"publish","type":"post","link":"https:\/\/news.canadamotorjobs.com\/fr\/du-cafe-des-coquilles-doeufs-et-des-lentilles-pour-habiller-les-habitacles-de-voitures\/","title":{"rendered":"Du caf\u00e9, des coquilles d\u2019\u0153ufs et des lentilles pour habiller les habitacles de voitures"},"content":{"rendered":"<\/p>\n<p>L\u2019environnement est au c\u0153ur des pr\u00e9occupations de tous les constructeurs automobiles. Au-del\u00e0 de simplement remplacer le moteur \u00e0 combustion interne par des batteries, les constructeurs s\u2019int\u00e9ressent \u00e0 l&#8217;impact environnemental d&#8217;autres \u00e9l\u00e9ments. Dans cette optique, Callum, la soci\u00e9t\u00e9 de design fond\u00e9e par le designer automobile Ian Callum, a remodel\u00e9 l&#8217;int\u00e9rieur d&#8217;une Porsche 911 en utilisant des produits fabriqu\u00e9s \u00e0 partir de d\u00e9chets alimentaires.<\/p>\n<h3>Des coquilles d\u2019\u0153ufs pour remplacer le plastique<\/h3>\n<p>\nLes concepteurs ont identifi\u00e9 la pulpe de caf\u00e9, les coquilles d&#8217;\u0153uf, les lentilles rouges, les noix et le riz comme des mat\u00e9riaux viables \u00e0 utiliser dans les futurs int\u00e9rieurs de voiture d&#8217;ici 2030. Par exemple, des coquilles d&#8217;\u0153uf ont \u00e9t\u00e9 m\u00e9lang\u00e9es \u00e0 de la r\u00e9sine pour cr\u00e9er un mat\u00e9riau lisse et opaque qui pourrait servir de substitut au plastique, a indiqu\u00e9 l&#8217;entreprise. Ce mat\u00e9riau peut avoir une finition brillante ou mate, et a \u00e9t\u00e9 utilis\u00e9 pour la garniture autour des interrupteurs de fen\u00eatre. Des coquilles de noix peuvent \u00e9galement \u00eatre ajout\u00e9es, ce qui fait passer le contenu recycl\u00e9 total du mat\u00e9riau de 78\u00a0% \u00e0 84\u00a0%.<\/p>\n<h3>Un tableau de bord en pulpe de caf\u00e9<\/h3>\n<p>\nLe riz ou les lentilles p\u00e9rim\u00e9s peuvent \u00eatre transform\u00e9s en un mat\u00e9riau lisse et translucide pour les cache-feux ou les interrupteurs lumineux, tandis que la pulpe de caf\u00e9 pourrait remplacer les plastiques utilis\u00e9s pour les pi\u00e8ces de garniture du tableau de bord, selon l&#8217;entreprise. Certains mat\u00e9riaux pourraient \u00e9galement convenir \u00e0 leur couleur. M. Callum a fait remarquer que la pulpe de carotte violette produit une couleur semblable \u00e0 celle de la m\u00fbre, tandis que les feuilles d&#8217;arbre peuvent former un mat\u00e9riau solide fonc\u00e9 comme alternative aux placages de bois traditionnels.<\/p>\n<h3>Recycler les v\u00eatements us\u00e9s<\/h3>\n<p>\nLes d\u00e9chets de v\u00eatements constituent une autre possibilit\u00e9. Des entreprises prennent d\u00e9j\u00e0 des jeans mis au rebut, les d\u00e9chiquettent et les pressent avec de l&#8217;amidon de pomme de terre ou de ma\u00efs pour cr\u00e9er un mat\u00e9riau dur qui pourrait \u00eatre utilis\u00e9 pour les coques de si\u00e8ge ou les pi\u00e8ces de tableau de bord, selon M. Callum. L&#8217;int\u00e9rieur de la 911 comprend \u00e9galement du Camira, un tissu fabriqu\u00e9 \u00e0 partir de polyester recycl\u00e9, pour les rev\u00eatements centraux des si\u00e8ges, et un tissu fabriqu\u00e9 \u00e0 partir de bouteilles en plastique PET recycl\u00e9es, pour les traversins. Enfin, la moquette est fabriqu\u00e9e en Econyl, un mat\u00e9riau compos\u00e9 de moquettes en nylon et de filets de p\u00eache recycl\u00e9s.<\/p>\n<h3>D\u2019autres exp\u00e9rimentations sont en cours<\/h3>\n<p>\nLes constructeurs automobiles exp\u00e9rimentent les mat\u00e9riaux durables depuis un certain temps, en remontant \u00e0 la paille de bl\u00e9 canadienne dans le Ford Flex il y a une dizaine d&#8217;ann\u00e9es. Plus r\u00e9cemment, la Fisker Ocean 2023 et la Volvo EX90 2024 ont incorpor\u00e9 des moquettes faites de filets de p\u00eache recycl\u00e9s. Audi et Polestar se sont engag\u00e9s \u00e0 utiliser davantage de mat\u00e9riaux recycl\u00e9s dans leurs futures voitures \u00e9galement, et BMW a explor\u00e9 cette id\u00e9e avec le concept i Vision Circular d\u00e9voil\u00e9 en 2021.<\/p>\n<p>Avec des renseignements de Motor Authority<\/p>\n<p>Le texte <a rel=\"nofollow\" href=\"https:\/\/annuelauto.ca\/du-cafe-des-coquilles-doeufs-et-des-lentilles-pour-habiller-les-habitacles-de-voitures\/\">Du caf\u00e9, des coquilles d\u2019\u0153ufs et des lentilles pour habiller les habitacles de voitures<\/a> provient de <a rel=\"nofollow\" href=\"https:\/\/annuelauto.ca\">L&#8217;annuel de l&#8217;automobile &#8211; Actualit\u00e9 automobile<\/a><\/p>\n<p><\/p>\n","protected":false},"excerpt":{"rendered":"<p>L\u2019environnement est au c\u0153ur des pr\u00e9occupations de tous les constructeurs automobiles. Au-del\u00e0 de simplement remplacer le moteur \u00e0 combustion interne par des batteries, les constructeurs s\u2019int\u00e9ressent \u00e0 l&#8217;impact environnemental d&#8217;autres \u00e9l\u00e9ments. Dans cette optique, Callum, la soci\u00e9t\u00e9 de design fond\u00e9e par le designer automobile Ian Callum, a remodel\u00e9 l&#8217;int\u00e9rieur d&#8217;une Porsche 911 en utilisant des [&hellip;]<\/p>\n","protected":false},"author":8,"featured_media":139521,"comment_status":"close","ping_status":"closed","sticky":false,"template":"","format":"standard","meta":{"_monsterinsights_skip_tracking":false,"_monsterinsights_sitenote_active":false,"_monsterinsights_sitenote_note":"","_monsterinsights_sitenote_category":0,"footnotes":""},"categories":[101],"tags":[],"yoast_head":"<!-- This site is optimized with the Yoast SEO plugin v23.2 - https:\/\/yoast.com\/wordpress\/plugins\/seo\/ -->\n<title>Du caf\u00e9, des coquilles d\u2019\u0153ufs et des lentilles pour habiller les habitacles de voitures - CanadaMotorJobs.com<\/title>\n<meta name=\"description\" content=\"Du caf\u00e9, des coquilles d\u2019\u0153ufs et des lentilles pour habiller les habitacles de voitures - Benoit Charette - Annuel automobile - CanadaMotorJobs.com.\" \/>\n<meta name=\"robots\" content=\"index, follow, max-snippet:-1, max-image-preview:large, max-video-preview:-1\" \/>\n<meta property=\"og:locale\" content=\"fr_CA\" \/>\n<meta property=\"og:type\" content=\"article\" \/>\n<meta property=\"og:title\" content=\"Du caf\u00e9, des coquilles d\u2019\u0153ufs et des lentilles pour habiller les habitacles de voitures - CanadaMotorJobs.com\" \/>\n<meta property=\"og:description\" content=\"Du caf\u00e9, des coquilles d\u2019\u0153ufs et des lentilles pour habiller les habitacles de voitures - Benoit Charette - Annuel automobile - CanadaMotorJobs.com.\" \/>\n<meta property=\"og:url\" content=\"https:\/\/news.canadamotorjobs.com\/fr\/du-cafe-des-coquilles-doeufs-et-des-lentilles-pour-habiller-les-habitacles-de-voitures\/\" \/>\n<meta property=\"og:site_name\" content=\"CanadaMotorJobs.com\" \/>\n<meta property=\"article:publisher\" content=\"https:\/\/www.facebook.com\/canadamotorjobs\/\" \/>\n<meta property=\"article:published_time\" content=\"2023-02-05T13:28:07+00:00\" \/>\n<meta property=\"article:modified_time\" content=\"2023-02-05T13:34:54+00:00\" \/>\n<meta property=\"og:image\" content=\"https:\/\/news.canadamotorjobs.com\/wp-content\/uploads\/2023\/02\/Callum-Design-Porsche-911-1n.jpg\" \/>\n\t<meta property=\"og:image:width\" content=\"1920\" \/>\n\t<meta property=\"og:image:height\" content=\"1040\" \/>\n\t<meta property=\"og:image:type\" content=\"image\/jpeg\" \/>\n<meta name=\"author\" content=\"Benoit Charette\" \/>\n<meta name=\"twitter:card\" content=\"summary_large_image\" \/>\n<meta name=\"twitter:creator\" content=\"@canadamotorjobs\" \/>\n<meta name=\"twitter:site\" content=\"@canadamotorjobs\" \/>\n<meta name=\"twitter:label1\" content=\"\u00c9crit par\" \/>\n\t<meta name=\"twitter:data1\" content=\"Benoit Charette\" \/>\n\t<meta name=\"twitter:label2\" content=\"Estimation du temps de lecture\" \/>\n\t<meta name=\"twitter:data2\" content=\"3 minutes\" \/>\n<!-- \/ Yoast SEO plugin. -->","yoast_head_json":{"title":"Du caf\u00e9, des coquilles d\u2019\u0153ufs et des lentilles pour habiller les habitacles de voitures - CanadaMotorJobs.com","description":"Du caf\u00e9, des coquilles d\u2019\u0153ufs et des lentilles pour habiller les habitacles de voitures - Benoit Charette - Annuel automobile - CanadaMotorJobs.com.","robots":{"index":"index","follow":"follow","max-snippet":"max-snippet:-1","max-image-preview":"max-image-preview:large","max-video-preview":"max-video-preview:-1"},"og_locale":"fr_CA","og_type":"article","og_title":"Du caf\u00e9, des coquilles d\u2019\u0153ufs et des lentilles pour habiller les habitacles de voitures - CanadaMotorJobs.com","og_description":"Du caf\u00e9, des coquilles d\u2019\u0153ufs et des lentilles pour habiller les habitacles de voitures - Benoit Charette - Annuel automobile - CanadaMotorJobs.com.","og_url":"https:\/\/news.canadamotorjobs.com\/fr\/du-cafe-des-coquilles-doeufs-et-des-lentilles-pour-habiller-les-habitacles-de-voitures\/","og_site_name":"CanadaMotorJobs.com","article_publisher":"https:\/\/www.facebook.com\/canadamotorjobs\/","article_published_time":"2023-02-05T13:28:07+00:00","article_modified_time":"2023-02-05T13:34:54+00:00","og_image":[{"width":1920,"height":1040,"url":"https:\/\/news.canadamotorjobs.com\/wp-content\/uploads\/2023\/02\/Callum-Design-Porsche-911-1n.jpg","type":"image\/jpeg"}],"author":"Benoit Charette","twitter_card":"summary_large_image","twitter_creator":"@canadamotorjobs","twitter_site":"@canadamotorjobs","twitter_misc":{"\u00c9crit par":"Benoit Charette","Estimation du temps de lecture":"3 minutes"},"schema":{"@context":"https:\/\/schema.org","@graph":[{"@type":"Article","@id":"https:\/\/news.canadamotorjobs.com\/fr\/du-cafe-des-coquilles-doeufs-et-des-lentilles-pour-habiller-les-habitacles-de-voitures\/#article","isPartOf":{"@id":"https:\/\/news.canadamotorjobs.com\/fr\/du-cafe-des-coquilles-doeufs-et-des-lentilles-pour-habiller-les-habitacles-de-voitures\/"},"author":{"name":"Benoit Charette","@id":"https:\/\/news.canadamotorjobs.com\/#\/schema\/person\/51793d1f87d44011d7bcc2ed99269a90"},"headline":"Du caf\u00e9, des coquilles d\u2019\u0153ufs et des lentilles pour habiller les habitacles de voitures","datePublished":"2023-02-05T13:28:07+00:00","dateModified":"2023-02-05T13:34:54+00:00","mainEntityOfPage":{"@id":"https:\/\/news.canadamotorjobs.com\/fr\/du-cafe-des-coquilles-doeufs-et-des-lentilles-pour-habiller-les-habitacles-de-voitures\/"},"wordCount":580,"publisher":{"@id":"https:\/\/news.canadamotorjobs.com\/#organization"},"image":{"@id":"https:\/\/news.canadamotorjobs.com\/fr\/du-cafe-des-coquilles-doeufs-et-des-lentilles-pour-habiller-les-habitacles-de-voitures\/#primaryimage"},"thumbnailUrl":"https:\/\/news.canadamotorjobs.com\/wp-content\/uploads\/2023\/02\/Callum-Design-Porsche-911-1n.jpg","articleSection":["Annuel automobile"],"inLanguage":"fr-CA"},{"@type":"WebPage","@id":"https:\/\/news.canadamotorjobs.com\/fr\/du-cafe-des-coquilles-doeufs-et-des-lentilles-pour-habiller-les-habitacles-de-voitures\/","url":"https:\/\/news.canadamotorjobs.com\/fr\/du-cafe-des-coquilles-doeufs-et-des-lentilles-pour-habiller-les-habitacles-de-voitures\/","name":"Du caf\u00e9, des coquilles d\u2019\u0153ufs et des lentilles pour habiller les habitacles de voitures - CanadaMotorJobs.com","isPartOf":{"@id":"https:\/\/news.canadamotorjobs.com\/#website"},"primaryImageOfPage":{"@id":"https:\/\/news.canadamotorjobs.com\/fr\/du-cafe-des-coquilles-doeufs-et-des-lentilles-pour-habiller-les-habitacles-de-voitures\/#primaryimage"},"image":{"@id":"https:\/\/news.canadamotorjobs.com\/fr\/du-cafe-des-coquilles-doeufs-et-des-lentilles-pour-habiller-les-habitacles-de-voitures\/#primaryimage"},"thumbnailUrl":"https:\/\/news.canadamotorjobs.com\/wp-content\/uploads\/2023\/02\/Callum-Design-Porsche-911-1n.jpg","datePublished":"2023-02-05T13:28:07+00:00","dateModified":"2023-02-05T13:34:54+00:00","description":"Du caf\u00e9, des coquilles d\u2019\u0153ufs et des lentilles pour habiller les habitacles de voitures - Benoit Charette - Annuel automobile - CanadaMotorJobs.com.","breadcrumb":{"@id":"https:\/\/news.canadamotorjobs.com\/fr\/du-cafe-des-coquilles-doeufs-et-des-lentilles-pour-habiller-les-habitacles-de-voitures\/#breadcrumb"},"inLanguage":"fr-CA","potentialAction":[{"@type":"ReadAction","target":["https:\/\/news.canadamotorjobs.com\/fr\/du-cafe-des-coquilles-doeufs-et-des-lentilles-pour-habiller-les-habitacles-de-voitures\/"]}]},{"@type":"ImageObject","inLanguage":"fr-CA","@id":"https:\/\/news.canadamotorjobs.com\/fr\/du-cafe-des-coquilles-doeufs-et-des-lentilles-pour-habiller-les-habitacles-de-voitures\/#primaryimage","url":"https:\/\/news.canadamotorjobs.com\/wp-content\/uploads\/2023\/02\/Callum-Design-Porsche-911-1n.jpg","contentUrl":"https:\/\/news.canadamotorjobs.com\/wp-content\/uploads\/2023\/02\/Callum-Design-Porsche-911-1n.jpg","width":1920,"height":1040},{"@type":"BreadcrumbList","@id":"https:\/\/news.canadamotorjobs.com\/fr\/du-cafe-des-coquilles-doeufs-et-des-lentilles-pour-habiller-les-habitacles-de-voitures\/#breadcrumb","itemListElement":[{"@type":"ListItem","position":1,"name":"Home","item":"https:\/\/news.canadamotorjobs.com\/fr\/blog\/"},{"@type":"ListItem","position":2,"name":"Du caf\u00e9, des coquilles d\u2019\u0153ufs et des lentilles pour habiller les habitacles de voitures"}]},{"@type":"WebSite","@id":"https:\/\/news.canadamotorjobs.com\/#website","url":"https:\/\/news.canadamotorjobs.com\/","name":"CanadaMotorJobs.com","description":"Automotive Jobs","publisher":{"@id":"https:\/\/news.canadamotorjobs.com\/#organization"},"potentialAction":[{"@type":"SearchAction","target":{"@type":"EntryPoint","urlTemplate":"https:\/\/news.canadamotorjobs.com\/?s={search_term_string}"},"query-input":"required name=search_term_string"}],"inLanguage":"fr-CA"},{"@type":"Organization","@id":"https:\/\/news.canadamotorjobs.com\/#organization","name":"Canada Motor Jobs","url":"https:\/\/news.canadamotorjobs.com\/","logo":{"@type":"ImageObject","inLanguage":"fr-CA","@id":"https:\/\/news.canadamotorjobs.com\/#\/schema\/logo\/image\/","url":"https:\/\/news.canadamotorjobs.com\/wp-content\/uploads\/2022\/10\/logo-canada-motor-jobs-1.png","contentUrl":"https:\/\/news.canadamotorjobs.com\/wp-content\/uploads\/2022\/10\/logo-canada-motor-jobs-1.png","width":800,"height":400,"caption":"Canada Motor Jobs"},"image":{"@id":"https:\/\/news.canadamotorjobs.com\/#\/schema\/logo\/image\/"},"sameAs":["https:\/\/www.facebook.com\/canadamotorjobs\/","https:\/\/x.com\/canadamotorjobs","https:\/\/www.instagram.com\/canadamotorjobs\/","https:\/\/www.linkedin.com\/company\/canadamotorjobs"]},{"@type":"Person","@id":"https:\/\/news.canadamotorjobs.com\/#\/schema\/person\/51793d1f87d44011d7bcc2ed99269a90","name":"Benoit Charette","image":{"@type":"ImageObject","inLanguage":"fr-CA","@id":"https:\/\/news.canadamotorjobs.com\/#\/schema\/person\/image\/","url":"https:\/\/secure.gravatar.com\/avatar\/45f3d2eebcccd909668d7ce7ea7267b6?s=96&d=mm&r=g","contentUrl":"https:\/\/secure.gravatar.com\/avatar\/45f3d2eebcccd909668d7ce7ea7267b6?s=96&d=mm&r=g","caption":"Benoit Charette"},"description":"Benoit Charette \/ Propri\u00e9taire et r\u00e9dacteur en chef Benoit Charette pratique le journalisme automobile depuis bient\u00f4t 30 ans. Il a fait ses classes au c\u00f4t\u00e9 de Daniel H\u00e9raud et au Carnet de route de 1992 \u00e0 2001. Il est fondateur, copropri\u00e9taire et r\u00e9dacteur en chef de L\u2019Annuel de l\u2019automobile, qu\u2019il publie depuis 2001. Il a anim\u00e9 les \u00e9missions RPM et RPM+ sur V et les L\u00e9gendes de la route sur Historia. \u00c0 la radio depuis 1986, il reprend l\u2019antenne cette ann\u00e9e sur les ondes de Cogeco et participe pour la deuxi\u00e8me ann\u00e9e \u00e0 l\u2019\u00e9mission Passion Auto sur RDS en plus de mettre en ligne le site Web officiel de L\u2019Annuel de l\u2019automobile sur annuelauto.ca.","sameAs":["https:\/\/annuelauto.ca\/"],"url":"https:\/\/news.canadamotorjobs.com\/fr\/author\/benoit-charette\/"}]}},"_links":{"self":[{"href":"https:\/\/news.canadamotorjobs.com\/fr\/wp-json\/wp\/v2\/posts\/139519"}],"collection":[{"href":"https:\/\/news.canadamotorjobs.com\/fr\/wp-json\/wp\/v2\/posts"}],"about":[{"href":"https:\/\/news.canadamotorjobs.com\/fr\/wp-json\/wp\/v2\/types\/post"}],"author":[{"embeddable":true,"href":"https:\/\/news.canadamotorjobs.com\/fr\/wp-json\/wp\/v2\/users\/8"}],"replies":[{"embeddable":true,"href":"https:\/\/news.canadamotorjobs.com\/fr\/wp-json\/wp\/v2\/comments?post=139519"}],"version-history":[{"count":2,"href":"https:\/\/news.canadamotorjobs.com\/fr\/wp-json\/wp\/v2\/posts\/139519\/revisions"}],"predecessor-version":[{"id":139523,"href":"https:\/\/news.canadamotorjobs.com\/fr\/wp-json\/wp\/v2\/posts\/139519\/revisions\/139523"}],"wp:featuredmedia":[{"embeddable":true,"href":"https:\/\/news.canadamotorjobs.com\/fr\/wp-json\/wp\/v2\/media\/139521"}],"wp:attachment":[{"href":"https:\/\/news.canadamotorjobs.com\/fr\/wp-json\/wp\/v2\/media?parent=139519"}],"wp:term":[{"taxonomy":"category","embeddable":true,"href":"https:\/\/news.canadamotorjobs.com\/fr\/wp-json\/wp\/v2\/categories?post=139519"},{"taxonomy":"post_tag","embeddable":true,"href":"https:\/\/news.canadamotorjobs.com\/fr\/wp-json\/wp\/v2\/tags?post=139519"}],"curies":[{"name":"wp","href":"https:\/\/api.w.org\/{rel}","templated":true}]}}