{"id":139454,"date":"2023-02-04T09:35:04","date_gmt":"2023-02-04T14:35:04","guid":{"rendered":"https:\/\/news.canadamotorjobs.com\/?p=139454"},"modified":"2023-02-04T09:44:19","modified_gmt":"2023-02-04T14:44:19","slug":"19-million-de-ford-explorer-font-lobjet-dune-enquete","status":"publish","type":"post","link":"https:\/\/news.canadamotorjobs.com\/fr\/19-million-de-ford-explorer-font-lobjet-dune-enquete\/","title":{"rendered":"1,9 million de Ford Explorer font l\u2019objet d\u2019une enqu\u00eate"},"content":{"rendered":"<\/p>\n<p>La National Highway Traffic Safety Administration m\u00e8ne une enqu\u00eate pr\u00e9liminaire sur les Ford Explorers fabriqu\u00e9s entre 2011 et 2019. Plus de 160 plaintes ont \u00e9t\u00e9 re\u00e7ues concernant des pi\u00e8ces de garniture de pare-brise qui se d\u00e9tachent \u00e0 des vitesses \u00e9lev\u00e9es. Si un rappel est \u00e9mis, il pourrait concerner 1,86 million de v\u00e9hicules au total.<\/p>\n<h3>Des morceaux de pare-brise qui s\u2019envolent<\/h3>\n<p>\nSelon la NHTSA, elle a re\u00e7u 164 plaintes diff\u00e9rentes concernant des garnitures de pare-brise qui se d\u00e9tachent de Ford Explorers. Plus pr\u00e9cis\u00e9ment, le dossier d&#8217;enqu\u00eate indique que &#8220;Un panneau de garniture de pare-brise peut se d\u00e9tacher lors de la conduite \u00e0 grande vitesse. La pi\u00e8ce d\u00e9tach\u00e9e peut alors heurter le pare-brise d&#8217;un v\u00e9hicule, ou m\u00eame d&#8217;un motocycliste, qui suivent le v\u00e9hicule en question et provoquer une perte de contr\u00f4le du v\u00e9hicule et un accident.&#8221; L&#8217;article poursuit en disant que les conducteurs qui suivent les Ford Explorers concern\u00e9s par ce probl\u00e8me ont \u00e9t\u00e9 &#8220;surpris&#8221; par les d\u00e9bris volants.<\/p>\n<h3>Diverses pi\u00e8ces se d\u00e9tachent du v\u00e9hicule<\/h3>\n<p>\nLes morceaux qui se d\u00e9tachent du v\u00e9hicule varient. Certains propri\u00e9taires mentionnent que la garniture lat\u00e9rale du pare-brise avant s&#8217;est d\u00e9tach\u00e9e pendant la conduite alors que d\u2019autres des pi\u00e8ces du c\u00f4t\u00e9 passager. Il n\u2019y a jamais de rappels \u00e0 ce sujet et apr\u00e8s 164 plaintes de propri\u00e9taires, la NHTSA a d\u00e9cid\u00e9 de mener une enqu\u00eate. Un dossier \u00e0 suivre<\/p>\n<p>\u00a0<\/p>\n<p>Avec des renseignements de Carscoop<\/p>\n<p>Le texte <a rel=\"nofollow\" href=\"https:\/\/annuelauto.ca\/19-million-de-ford-explorer-font-lobjet-dune-enquete\/\">1,9 million de Ford Explorer font l\u2019objet d\u2019une enqu\u00eate<\/a> provient de <a rel=\"nofollow\" href=\"https:\/\/annuelauto.ca\">L&#8217;annuel de l&#8217;automobile &#8211; Actualit\u00e9 automobile<\/a><\/p>\n<p><\/p>\n","protected":false},"excerpt":{"rendered":"<p>La National Highway Traffic Safety Administration m\u00e8ne une enqu\u00eate pr\u00e9liminaire sur les Ford Explorers fabriqu\u00e9s entre 2011 et 2019. Plus de 160 plaintes ont \u00e9t\u00e9 re\u00e7ues concernant des pi\u00e8ces de garniture de pare-brise qui se d\u00e9tachent \u00e0 des vitesses \u00e9lev\u00e9es. Si un rappel est \u00e9mis, il pourrait concerner 1,86 million de v\u00e9hicules au total. Des [&hellip;]<\/p>\n","protected":false},"author":8,"featured_media":139456,"comment_status":"close","ping_status":"closed","sticky":false,"template":"","format":"standard","meta":{"_monsterinsights_skip_tracking":false,"_monsterinsights_sitenote_active":false,"_monsterinsights_sitenote_note":"","_monsterinsights_sitenote_category":0,"footnotes":""},"categories":[101],"tags":[],"yoast_head":"<!-- This site is optimized with the Yoast SEO plugin v23.2 - https:\/\/yoast.com\/wordpress\/plugins\/seo\/ -->\n<title>1,9 million de Ford Explorer font l\u2019objet d\u2019une enqu\u00eate - CanadaMotorJobs.com<\/title>\n<meta name=\"description\" content=\"1,9 million de Ford Explorer font l\u2019objet d\u2019une enqu\u00eate - Benoit Charette - Annuel automobile - CanadaMotorJobs.com.\" \/>\n<meta name=\"robots\" content=\"index, follow, max-snippet:-1, max-image-preview:large, max-video-preview:-1\" \/>\n<meta property=\"og:locale\" content=\"fr_CA\" \/>\n<meta property=\"og:type\" content=\"article\" \/>\n<meta property=\"og:title\" content=\"1,9 million de Ford Explorer font l\u2019objet d\u2019une enqu\u00eate - CanadaMotorJobs.com\" \/>\n<meta property=\"og:description\" content=\"1,9 million de Ford Explorer font l\u2019objet d\u2019une enqu\u00eate - Benoit Charette - Annuel automobile - CanadaMotorJobs.com.\" \/>\n<meta property=\"og:url\" content=\"https:\/\/news.canadamotorjobs.com\/fr\/19-million-de-ford-explorer-font-lobjet-dune-enquete\/\" \/>\n<meta property=\"og:site_name\" content=\"CanadaMotorJobs.com\" \/>\n<meta property=\"article:publisher\" content=\"https:\/\/www.facebook.com\/canadamotorjobs\/\" \/>\n<meta property=\"article:published_time\" content=\"2023-02-04T14:35:04+00:00\" \/>\n<meta property=\"article:modified_time\" content=\"2023-02-04T14:44:19+00:00\" \/>\n<meta property=\"og:image\" content=\"https:\/\/news.canadamotorjobs.com\/wp-content\/uploads\/2023\/02\/ExplorerXLTSport-2017-2.jpg\" \/>\n\t<meta property=\"og:image:width\" content=\"1500\" \/>\n\t<meta property=\"og:image:height\" content=\"1000\" \/>\n\t<meta property=\"og:image:type\" content=\"image\/jpeg\" \/>\n<meta name=\"author\" content=\"Benoit Charette\" \/>\n<meta name=\"twitter:card\" content=\"summary_large_image\" \/>\n<meta name=\"twitter:creator\" content=\"@canadamotorjobs\" \/>\n<meta name=\"twitter:site\" content=\"@canadamotorjobs\" \/>\n<meta name=\"twitter:label1\" content=\"\u00c9crit par\" \/>\n\t<meta name=\"twitter:data1\" content=\"Benoit Charette\" \/>\n\t<meta name=\"twitter:label2\" content=\"Estimation du temps de lecture\" \/>\n\t<meta name=\"twitter:data2\" content=\"1 minute\" \/>\n<!-- \/ Yoast SEO plugin. -->","yoast_head_json":{"title":"1,9 million de Ford Explorer font l\u2019objet d\u2019une enqu\u00eate - CanadaMotorJobs.com","description":"1,9 million de Ford Explorer font l\u2019objet d\u2019une enqu\u00eate - Benoit Charette - Annuel automobile - CanadaMotorJobs.com.","robots":{"index":"index","follow":"follow","max-snippet":"max-snippet:-1","max-image-preview":"max-image-preview:large","max-video-preview":"max-video-preview:-1"},"og_locale":"fr_CA","og_type":"article","og_title":"1,9 million de Ford Explorer font l\u2019objet d\u2019une enqu\u00eate - CanadaMotorJobs.com","og_description":"1,9 million de Ford Explorer font l\u2019objet d\u2019une enqu\u00eate - Benoit Charette - Annuel automobile - CanadaMotorJobs.com.","og_url":"https:\/\/news.canadamotorjobs.com\/fr\/19-million-de-ford-explorer-font-lobjet-dune-enquete\/","og_site_name":"CanadaMotorJobs.com","article_publisher":"https:\/\/www.facebook.com\/canadamotorjobs\/","article_published_time":"2023-02-04T14:35:04+00:00","article_modified_time":"2023-02-04T14:44:19+00:00","og_image":[{"width":1500,"height":1000,"url":"https:\/\/news.canadamotorjobs.com\/wp-content\/uploads\/2023\/02\/ExplorerXLTSport-2017-2.jpg","type":"image\/jpeg"}],"author":"Benoit Charette","twitter_card":"summary_large_image","twitter_creator":"@canadamotorjobs","twitter_site":"@canadamotorjobs","twitter_misc":{"\u00c9crit par":"Benoit Charette","Estimation du temps de lecture":"1 minute"},"schema":{"@context":"https:\/\/schema.org","@graph":[{"@type":"Article","@id":"https:\/\/news.canadamotorjobs.com\/fr\/19-million-de-ford-explorer-font-lobjet-dune-enquete\/#article","isPartOf":{"@id":"https:\/\/news.canadamotorjobs.com\/fr\/19-million-de-ford-explorer-font-lobjet-dune-enquete\/"},"author":{"name":"Benoit Charette","@id":"https:\/\/news.canadamotorjobs.com\/#\/schema\/person\/51793d1f87d44011d7bcc2ed99269a90"},"headline":"1,9 million de Ford Explorer font l\u2019objet d\u2019une enqu\u00eate","datePublished":"2023-02-04T14:35:04+00:00","dateModified":"2023-02-04T14:44:19+00:00","mainEntityOfPage":{"@id":"https:\/\/news.canadamotorjobs.com\/fr\/19-million-de-ford-explorer-font-lobjet-dune-enquete\/"},"wordCount":299,"publisher":{"@id":"https:\/\/news.canadamotorjobs.com\/#organization"},"image":{"@id":"https:\/\/news.canadamotorjobs.com\/fr\/19-million-de-ford-explorer-font-lobjet-dune-enquete\/#primaryimage"},"thumbnailUrl":"https:\/\/news.canadamotorjobs.com\/wp-content\/uploads\/2023\/02\/ExplorerXLTSport-2017-2.jpg","articleSection":["Annuel automobile"],"inLanguage":"fr-CA"},{"@type":"WebPage","@id":"https:\/\/news.canadamotorjobs.com\/fr\/19-million-de-ford-explorer-font-lobjet-dune-enquete\/","url":"https:\/\/news.canadamotorjobs.com\/fr\/19-million-de-ford-explorer-font-lobjet-dune-enquete\/","name":"1,9 million de Ford Explorer font l\u2019objet d\u2019une enqu\u00eate - CanadaMotorJobs.com","isPartOf":{"@id":"https:\/\/news.canadamotorjobs.com\/#website"},"primaryImageOfPage":{"@id":"https:\/\/news.canadamotorjobs.com\/fr\/19-million-de-ford-explorer-font-lobjet-dune-enquete\/#primaryimage"},"image":{"@id":"https:\/\/news.canadamotorjobs.com\/fr\/19-million-de-ford-explorer-font-lobjet-dune-enquete\/#primaryimage"},"thumbnailUrl":"https:\/\/news.canadamotorjobs.com\/wp-content\/uploads\/2023\/02\/ExplorerXLTSport-2017-2.jpg","datePublished":"2023-02-04T14:35:04+00:00","dateModified":"2023-02-04T14:44:19+00:00","description":"1,9 million de Ford Explorer font l\u2019objet d\u2019une enqu\u00eate - Benoit Charette - Annuel automobile - CanadaMotorJobs.com.","breadcrumb":{"@id":"https:\/\/news.canadamotorjobs.com\/fr\/19-million-de-ford-explorer-font-lobjet-dune-enquete\/#breadcrumb"},"inLanguage":"fr-CA","potentialAction":[{"@type":"ReadAction","target":["https:\/\/news.canadamotorjobs.com\/fr\/19-million-de-ford-explorer-font-lobjet-dune-enquete\/"]}]},{"@type":"ImageObject","inLanguage":"fr-CA","@id":"https:\/\/news.canadamotorjobs.com\/fr\/19-million-de-ford-explorer-font-lobjet-dune-enquete\/#primaryimage","url":"https:\/\/news.canadamotorjobs.com\/wp-content\/uploads\/2023\/02\/ExplorerXLTSport-2017-2.jpg","contentUrl":"https:\/\/news.canadamotorjobs.com\/wp-content\/uploads\/2023\/02\/ExplorerXLTSport-2017-2.jpg","width":1500,"height":1000},{"@type":"BreadcrumbList","@id":"https:\/\/news.canadamotorjobs.com\/fr\/19-million-de-ford-explorer-font-lobjet-dune-enquete\/#breadcrumb","itemListElement":[{"@type":"ListItem","position":1,"name":"Home","item":"https:\/\/news.canadamotorjobs.com\/fr\/blog\/"},{"@type":"ListItem","position":2,"name":"1,9 million de Ford Explorer font l\u2019objet d\u2019une enqu\u00eate"}]},{"@type":"WebSite","@id":"https:\/\/news.canadamotorjobs.com\/#website","url":"https:\/\/news.canadamotorjobs.com\/","name":"CanadaMotorJobs.com","description":"Automotive Jobs","publisher":{"@id":"https:\/\/news.canadamotorjobs.com\/#organization"},"potentialAction":[{"@type":"SearchAction","target":{"@type":"EntryPoint","urlTemplate":"https:\/\/news.canadamotorjobs.com\/?s={search_term_string}"},"query-input":"required name=search_term_string"}],"inLanguage":"fr-CA"},{"@type":"Organization","@id":"https:\/\/news.canadamotorjobs.com\/#organization","name":"Canada Motor Jobs","url":"https:\/\/news.canadamotorjobs.com\/","logo":{"@type":"ImageObject","inLanguage":"fr-CA","@id":"https:\/\/news.canadamotorjobs.com\/#\/schema\/logo\/image\/","url":"https:\/\/news.canadamotorjobs.com\/wp-content\/uploads\/2022\/10\/logo-canada-motor-jobs-1.png","contentUrl":"https:\/\/news.canadamotorjobs.com\/wp-content\/uploads\/2022\/10\/logo-canada-motor-jobs-1.png","width":800,"height":400,"caption":"Canada Motor Jobs"},"image":{"@id":"https:\/\/news.canadamotorjobs.com\/#\/schema\/logo\/image\/"},"sameAs":["https:\/\/www.facebook.com\/canadamotorjobs\/","https:\/\/x.com\/canadamotorjobs","https:\/\/www.instagram.com\/canadamotorjobs\/","https:\/\/www.linkedin.com\/company\/canadamotorjobs"]},{"@type":"Person","@id":"https:\/\/news.canadamotorjobs.com\/#\/schema\/person\/51793d1f87d44011d7bcc2ed99269a90","name":"Benoit Charette","image":{"@type":"ImageObject","inLanguage":"fr-CA","@id":"https:\/\/news.canadamotorjobs.com\/#\/schema\/person\/image\/","url":"https:\/\/secure.gravatar.com\/avatar\/45f3d2eebcccd909668d7ce7ea7267b6?s=96&d=mm&r=g","contentUrl":"https:\/\/secure.gravatar.com\/avatar\/45f3d2eebcccd909668d7ce7ea7267b6?s=96&d=mm&r=g","caption":"Benoit Charette"},"description":"Benoit Charette \/ Propri\u00e9taire et r\u00e9dacteur en chef Benoit Charette pratique le journalisme automobile depuis bient\u00f4t 30 ans. Il a fait ses classes au c\u00f4t\u00e9 de Daniel H\u00e9raud et au Carnet de route de 1992 \u00e0 2001. Il est fondateur, copropri\u00e9taire et r\u00e9dacteur en chef de L\u2019Annuel de l\u2019automobile, qu\u2019il publie depuis 2001. Il a anim\u00e9 les \u00e9missions RPM et RPM+ sur V et les L\u00e9gendes de la route sur Historia. \u00c0 la radio depuis 1986, il reprend l\u2019antenne cette ann\u00e9e sur les ondes de Cogeco et participe pour la deuxi\u00e8me ann\u00e9e \u00e0 l\u2019\u00e9mission Passion Auto sur RDS en plus de mettre en ligne le site Web officiel de L\u2019Annuel de l\u2019automobile sur annuelauto.ca.","sameAs":["https:\/\/annuelauto.ca\/"],"url":"https:\/\/news.canadamotorjobs.com\/fr\/author\/benoit-charette\/"}]}},"_links":{"self":[{"href":"https:\/\/news.canadamotorjobs.com\/fr\/wp-json\/wp\/v2\/posts\/139454"}],"collection":[{"href":"https:\/\/news.canadamotorjobs.com\/fr\/wp-json\/wp\/v2\/posts"}],"about":[{"href":"https:\/\/news.canadamotorjobs.com\/fr\/wp-json\/wp\/v2\/types\/post"}],"author":[{"embeddable":true,"href":"https:\/\/news.canadamotorjobs.com\/fr\/wp-json\/wp\/v2\/users\/8"}],"replies":[{"embeddable":true,"href":"https:\/\/news.canadamotorjobs.com\/fr\/wp-json\/wp\/v2\/comments?post=139454"}],"version-history":[{"count":2,"href":"https:\/\/news.canadamotorjobs.com\/fr\/wp-json\/wp\/v2\/posts\/139454\/revisions"}],"predecessor-version":[{"id":139458,"href":"https:\/\/news.canadamotorjobs.com\/fr\/wp-json\/wp\/v2\/posts\/139454\/revisions\/139458"}],"wp:featuredmedia":[{"embeddable":true,"href":"https:\/\/news.canadamotorjobs.com\/fr\/wp-json\/wp\/v2\/media\/139456"}],"wp:attachment":[{"href":"https:\/\/news.canadamotorjobs.com\/fr\/wp-json\/wp\/v2\/media?parent=139454"}],"wp:term":[{"taxonomy":"category","embeddable":true,"href":"https:\/\/news.canadamotorjobs.com\/fr\/wp-json\/wp\/v2\/categories?post=139454"},{"taxonomy":"post_tag","embeddable":true,"href":"https:\/\/news.canadamotorjobs.com\/fr\/wp-json\/wp\/v2\/tags?post=139454"}],"curies":[{"name":"wp","href":"https:\/\/api.w.org\/{rel}","templated":true}]}}