{"id":139435,"date":"2023-02-03T09:21:59","date_gmt":"2023-02-03T14:21:59","guid":{"rendered":"https:\/\/news.canadamotorjobs.com\/?p=139435"},"modified":"2023-02-03T09:29:38","modified_gmt":"2023-02-03T14:29:38","slug":"cest-officiel-ford-revient-en-f1-en-2026","status":"publish","type":"post","link":"https:\/\/news.canadamotorjobs.com\/fr\/cest-officiel-ford-revient-en-f1-en-2026\/","title":{"rendered":"C\u2019est officiel\u00a0: Ford revient en F1 en 2026"},"content":{"rendered":"<\/p>\n<p>Ford a annonc\u00e9 aujourd\u2019hui son retour en Formule 1 pour la saison 2026. Le g\u00e9ant de Dearborn a sign\u00e9 une entente avec Red Bull dans le cadre d\u2019un partenariat de motoriste. Red Bull fera son annonce aussi dans la journ\u00e9e, &#8220;C&#8217;est le d\u00e9but d&#8217;un nouveau chapitre passionnant de l&#8217;histoire du sport automobile de Ford, qui a commenc\u00e9 lorsque mon arri\u00e8re-grand-p\u00e8re a remport\u00e9 une course qui a contribu\u00e9 \u00e0 lancer notre entreprise&#8221;, a d\u00e9clar\u00e9 Bill Ford, pr\u00e9sident ex\u00e9cutif de Ford Motor Company.<\/p>\n<h3>Une bonne nouvelle pour les amateurs<\/h3>\n<p>\nApr\u00e8s avoir quitt\u00e9 la Formule 1 \u00e0 la fin de la saison 2004, lorsqu&#8217;elle a mis fin \u00e0 l&#8217;exploitation Jaguar et des moteurs Cosworth, Ford aura \u00e9t\u00e9 absente des courses der F1 pendant 22 ans. Ford \u00e9tait en pourparlers avec Red Bull depuis de nombreux mois et il semble qu&#8217;un accord soit en place et qu&#8217;il devrait \u00eatre annonc\u00e9 lors du lancement de la voiture de l&#8217;\u00e9quipe bas\u00e9e \u00e0 Milton Keynes. Red Bull a bien avanc\u00e9 dans la conception d&#8217;une unit\u00e9 de puissance pour la F1 en 2026 et a ouvertement exprim\u00e9 son d\u00e9sir d&#8217;avoir un partenaire constructeur pour fournir un apport technique et potentiellement supporter le projet.<\/p>\n<h3>Un mod\u00e8le de F1 plus responsable \u00e0 compter de 2026<\/h3>\n<p>\nIl semble que les dirigeants de la F1 ont eu raison de modifier les r\u00e8gles du jeu \u00e0 partir de 2026 car plusieurs constructeurs y compris Audi, Porsche et maintenant Ford vont se remettre dans l\u2019ar\u00e8ne. Voici en gros de quoi va avoir l\u2019air le sport de la F1 en 2026.<\/p>\n<ul><\/p>\n<li>Un message environnemental fort : carburant 100 % durable, efficacit\u00e9 globale et recentrage sur l&#8217;\u00e9nergie \u00e9lectrique.<\/li>\n<p><\/p>\n<li>Une r\u00e9duction significative des co\u00fbts : r\u00e9glementations techniques, op\u00e9rationnelles et financi\u00e8res.<\/li>\n<p><\/p>\n<li>Nouveaux arrivants : leur permettre de rejoindre le sport \u00e0 un niveau comp\u00e9titif.<\/li>\n<p><\/p>\n<li>Prot\u00e9ger le spectacle : moteurs puissants et \u00e0 haut r\u00e9gime, performance des voitures, son, capacit\u00e9 des pilotes \u00e0 d\u00e9passer, \u00e9viter une diff\u00e9renciation excessive entre les \u00e9quipes.<\/li>\n<p>\n<\/ul>\n<p><\/p>\n<h3>Le r\u00e8glement 2026 sur les groupes motopropulseurs sera bas\u00e9 sur 4 piliers :<\/h3>\n<p><\/p>\n<ul><\/p>\n<li>Conserver le moteur V6 de 1,6 litre<\/li>\n<p><\/p>\n<li>Augmenter la puissance \u00e9lectrique \u00e0 350kW (475 ch)<\/li>\n<p><\/p>\n<li>\u00c9limination du MGU-H<\/li>\n<p><\/p>\n<li>Introduction d&#8217;un plafond budg\u00e9taire pour les moteurs<\/li>\n<p>\n<\/ul>\n<p>\nLa F1 veut donner les chances \u00e9gales \u00e0 tous et \u00e9viter les escalades budg\u00e9taires qui favorisent les \u00e9curies \u00e0 gros budgets et nuit souvent au spectacle.<\/p>\n<p>\u00a0<\/p>\n<p>Le texte <a rel=\"nofollow\" href=\"https:\/\/annuelauto.ca\/cest-officiel-ford-revient-en-f1-en-2026\/\">C\u2019est officiel\u00a0: Ford revient en F1 en 2026<\/a> provient de <a rel=\"nofollow\" href=\"https:\/\/annuelauto.ca\">L&#8217;annuel de l&#8217;automobile &#8211; Actualit\u00e9 automobile<\/a><\/p>\n<p><\/p>\n","protected":false},"excerpt":{"rendered":"<p>Ford a annonc\u00e9 aujourd\u2019hui son retour en Formule 1 pour la saison 2026. Le g\u00e9ant de Dearborn a sign\u00e9 une entente avec Red Bull dans le cadre d\u2019un partenariat de motoriste. Red Bull fera son annonce aussi dans la journ\u00e9e, &#8220;C&#8217;est le d\u00e9but d&#8217;un nouveau chapitre passionnant de l&#8217;histoire du sport automobile de Ford, qui [&hellip;]<\/p>\n","protected":false},"author":8,"featured_media":139437,"comment_status":"close","ping_status":"closed","sticky":false,"template":"","format":"standard","meta":{"_monsterinsights_skip_tracking":false,"_monsterinsights_sitenote_active":false,"_monsterinsights_sitenote_note":"","_monsterinsights_sitenote_category":0,"footnotes":""},"categories":[101],"tags":[],"yoast_head":"<!-- This site is optimized with the Yoast SEO plugin v23.2 - https:\/\/yoast.com\/wordpress\/plugins\/seo\/ -->\n<title>C\u2019est officiel\u00a0: Ford revient en F1 en 2026 - CanadaMotorJobs.com<\/title>\n<meta name=\"description\" content=\"C\u2019est officiel\u00a0: Ford revient en F1 en 2026 - Benoit Charette - Annuel automobile - CanadaMotorJobs.com.\" \/>\n<meta name=\"robots\" content=\"index, follow, max-snippet:-1, max-image-preview:large, max-video-preview:-1\" \/>\n<meta property=\"og:locale\" content=\"fr_CA\" \/>\n<meta property=\"og:type\" content=\"article\" \/>\n<meta property=\"og:title\" content=\"C\u2019est officiel\u00a0: Ford revient en F1 en 2026 - CanadaMotorJobs.com\" \/>\n<meta property=\"og:description\" content=\"C\u2019est officiel\u00a0: Ford revient en F1 en 2026 - Benoit Charette - Annuel automobile - CanadaMotorJobs.com.\" \/>\n<meta property=\"og:url\" content=\"https:\/\/news.canadamotorjobs.com\/fr\/cest-officiel-ford-revient-en-f1-en-2026\/\" \/>\n<meta property=\"og:site_name\" content=\"CanadaMotorJobs.com\" \/>\n<meta property=\"article:publisher\" content=\"https:\/\/www.facebook.com\/canadamotorjobs\/\" \/>\n<meta property=\"article:published_time\" content=\"2023-02-03T14:21:59+00:00\" \/>\n<meta property=\"article:modified_time\" content=\"2023-02-03T14:29:38+00:00\" \/>\n<meta property=\"og:image\" content=\"https:\/\/news.canadamotorjobs.com\/wp-content\/uploads\/2023\/02\/1366_2000.jpeg\" \/>\n\t<meta property=\"og:image:width\" content=\"1024\" \/>\n\t<meta property=\"og:image:height\" content=\"545\" \/>\n\t<meta property=\"og:image:type\" content=\"image\/jpeg\" \/>\n<meta name=\"author\" content=\"Benoit Charette\" \/>\n<meta name=\"twitter:card\" content=\"summary_large_image\" \/>\n<meta name=\"twitter:creator\" content=\"@canadamotorjobs\" \/>\n<meta name=\"twitter:site\" content=\"@canadamotorjobs\" \/>\n<meta name=\"twitter:label1\" content=\"\u00c9crit par\" \/>\n\t<meta name=\"twitter:data1\" content=\"Benoit Charette\" \/>\n\t<meta name=\"twitter:label2\" content=\"Estimation du temps de lecture\" \/>\n\t<meta name=\"twitter:data2\" content=\"2 minutes\" \/>\n<!-- \/ Yoast SEO plugin. -->","yoast_head_json":{"title":"C\u2019est officiel\u00a0: Ford revient en F1 en 2026 - CanadaMotorJobs.com","description":"C\u2019est officiel\u00a0: Ford revient en F1 en 2026 - Benoit Charette - Annuel automobile - CanadaMotorJobs.com.","robots":{"index":"index","follow":"follow","max-snippet":"max-snippet:-1","max-image-preview":"max-image-preview:large","max-video-preview":"max-video-preview:-1"},"og_locale":"fr_CA","og_type":"article","og_title":"C\u2019est officiel\u00a0: Ford revient en F1 en 2026 - CanadaMotorJobs.com","og_description":"C\u2019est officiel\u00a0: Ford revient en F1 en 2026 - Benoit Charette - Annuel automobile - CanadaMotorJobs.com.","og_url":"https:\/\/news.canadamotorjobs.com\/fr\/cest-officiel-ford-revient-en-f1-en-2026\/","og_site_name":"CanadaMotorJobs.com","article_publisher":"https:\/\/www.facebook.com\/canadamotorjobs\/","article_published_time":"2023-02-03T14:21:59+00:00","article_modified_time":"2023-02-03T14:29:38+00:00","og_image":[{"width":1024,"height":545,"url":"https:\/\/news.canadamotorjobs.com\/wp-content\/uploads\/2023\/02\/1366_2000.jpeg","type":"image\/jpeg"}],"author":"Benoit Charette","twitter_card":"summary_large_image","twitter_creator":"@canadamotorjobs","twitter_site":"@canadamotorjobs","twitter_misc":{"\u00c9crit par":"Benoit Charette","Estimation du temps de lecture":"2 minutes"},"schema":{"@context":"https:\/\/schema.org","@graph":[{"@type":"Article","@id":"https:\/\/news.canadamotorjobs.com\/fr\/cest-officiel-ford-revient-en-f1-en-2026\/#article","isPartOf":{"@id":"https:\/\/news.canadamotorjobs.com\/fr\/cest-officiel-ford-revient-en-f1-en-2026\/"},"author":{"name":"Benoit Charette","@id":"https:\/\/news.canadamotorjobs.com\/#\/schema\/person\/51793d1f87d44011d7bcc2ed99269a90"},"headline":"C\u2019est officiel\u00a0: Ford revient en F1 en 2026","datePublished":"2023-02-03T14:21:59+00:00","dateModified":"2023-02-03T14:29:38+00:00","mainEntityOfPage":{"@id":"https:\/\/news.canadamotorjobs.com\/fr\/cest-officiel-ford-revient-en-f1-en-2026\/"},"wordCount":425,"publisher":{"@id":"https:\/\/news.canadamotorjobs.com\/#organization"},"image":{"@id":"https:\/\/news.canadamotorjobs.com\/fr\/cest-officiel-ford-revient-en-f1-en-2026\/#primaryimage"},"thumbnailUrl":"https:\/\/news.canadamotorjobs.com\/wp-content\/uploads\/2023\/02\/1366_2000.jpeg","articleSection":["Annuel automobile"],"inLanguage":"fr-CA"},{"@type":"WebPage","@id":"https:\/\/news.canadamotorjobs.com\/fr\/cest-officiel-ford-revient-en-f1-en-2026\/","url":"https:\/\/news.canadamotorjobs.com\/fr\/cest-officiel-ford-revient-en-f1-en-2026\/","name":"C\u2019est officiel\u00a0: Ford revient en F1 en 2026 - CanadaMotorJobs.com","isPartOf":{"@id":"https:\/\/news.canadamotorjobs.com\/#website"},"primaryImageOfPage":{"@id":"https:\/\/news.canadamotorjobs.com\/fr\/cest-officiel-ford-revient-en-f1-en-2026\/#primaryimage"},"image":{"@id":"https:\/\/news.canadamotorjobs.com\/fr\/cest-officiel-ford-revient-en-f1-en-2026\/#primaryimage"},"thumbnailUrl":"https:\/\/news.canadamotorjobs.com\/wp-content\/uploads\/2023\/02\/1366_2000.jpeg","datePublished":"2023-02-03T14:21:59+00:00","dateModified":"2023-02-03T14:29:38+00:00","description":"C\u2019est officiel\u00a0: Ford revient en F1 en 2026 - Benoit Charette - Annuel automobile - CanadaMotorJobs.com.","breadcrumb":{"@id":"https:\/\/news.canadamotorjobs.com\/fr\/cest-officiel-ford-revient-en-f1-en-2026\/#breadcrumb"},"inLanguage":"fr-CA","potentialAction":[{"@type":"ReadAction","target":["https:\/\/news.canadamotorjobs.com\/fr\/cest-officiel-ford-revient-en-f1-en-2026\/"]}]},{"@type":"ImageObject","inLanguage":"fr-CA","@id":"https:\/\/news.canadamotorjobs.com\/fr\/cest-officiel-ford-revient-en-f1-en-2026\/#primaryimage","url":"https:\/\/news.canadamotorjobs.com\/wp-content\/uploads\/2023\/02\/1366_2000.jpeg","contentUrl":"https:\/\/news.canadamotorjobs.com\/wp-content\/uploads\/2023\/02\/1366_2000.jpeg","width":1024,"height":545},{"@type":"BreadcrumbList","@id":"https:\/\/news.canadamotorjobs.com\/fr\/cest-officiel-ford-revient-en-f1-en-2026\/#breadcrumb","itemListElement":[{"@type":"ListItem","position":1,"name":"Home","item":"https:\/\/news.canadamotorjobs.com\/fr\/blog\/"},{"@type":"ListItem","position":2,"name":"C\u2019est officiel\u00a0: Ford revient en F1 en 2026"}]},{"@type":"WebSite","@id":"https:\/\/news.canadamotorjobs.com\/#website","url":"https:\/\/news.canadamotorjobs.com\/","name":"CanadaMotorJobs.com","description":"Automotive Jobs","publisher":{"@id":"https:\/\/news.canadamotorjobs.com\/#organization"},"potentialAction":[{"@type":"SearchAction","target":{"@type":"EntryPoint","urlTemplate":"https:\/\/news.canadamotorjobs.com\/?s={search_term_string}"},"query-input":"required name=search_term_string"}],"inLanguage":"fr-CA"},{"@type":"Organization","@id":"https:\/\/news.canadamotorjobs.com\/#organization","name":"Canada Motor Jobs","url":"https:\/\/news.canadamotorjobs.com\/","logo":{"@type":"ImageObject","inLanguage":"fr-CA","@id":"https:\/\/news.canadamotorjobs.com\/#\/schema\/logo\/image\/","url":"https:\/\/news.canadamotorjobs.com\/wp-content\/uploads\/2022\/10\/logo-canada-motor-jobs-1.png","contentUrl":"https:\/\/news.canadamotorjobs.com\/wp-content\/uploads\/2022\/10\/logo-canada-motor-jobs-1.png","width":800,"height":400,"caption":"Canada Motor Jobs"},"image":{"@id":"https:\/\/news.canadamotorjobs.com\/#\/schema\/logo\/image\/"},"sameAs":["https:\/\/www.facebook.com\/canadamotorjobs\/","https:\/\/x.com\/canadamotorjobs","https:\/\/www.instagram.com\/canadamotorjobs\/","https:\/\/www.linkedin.com\/company\/canadamotorjobs"]},{"@type":"Person","@id":"https:\/\/news.canadamotorjobs.com\/#\/schema\/person\/51793d1f87d44011d7bcc2ed99269a90","name":"Benoit Charette","image":{"@type":"ImageObject","inLanguage":"fr-CA","@id":"https:\/\/news.canadamotorjobs.com\/#\/schema\/person\/image\/","url":"https:\/\/secure.gravatar.com\/avatar\/45f3d2eebcccd909668d7ce7ea7267b6?s=96&d=mm&r=g","contentUrl":"https:\/\/secure.gravatar.com\/avatar\/45f3d2eebcccd909668d7ce7ea7267b6?s=96&d=mm&r=g","caption":"Benoit Charette"},"description":"Benoit Charette \/ Propri\u00e9taire et r\u00e9dacteur en chef Benoit Charette pratique le journalisme automobile depuis bient\u00f4t 30 ans. Il a fait ses classes au c\u00f4t\u00e9 de Daniel H\u00e9raud et au Carnet de route de 1992 \u00e0 2001. Il est fondateur, copropri\u00e9taire et r\u00e9dacteur en chef de L\u2019Annuel de l\u2019automobile, qu\u2019il publie depuis 2001. Il a anim\u00e9 les \u00e9missions RPM et RPM+ sur V et les L\u00e9gendes de la route sur Historia. \u00c0 la radio depuis 1986, il reprend l\u2019antenne cette ann\u00e9e sur les ondes de Cogeco et participe pour la deuxi\u00e8me ann\u00e9e \u00e0 l\u2019\u00e9mission Passion Auto sur RDS en plus de mettre en ligne le site Web officiel de L\u2019Annuel de l\u2019automobile sur annuelauto.ca.","sameAs":["https:\/\/annuelauto.ca\/"],"url":"https:\/\/news.canadamotorjobs.com\/fr\/author\/benoit-charette\/"}]}},"_links":{"self":[{"href":"https:\/\/news.canadamotorjobs.com\/fr\/wp-json\/wp\/v2\/posts\/139435"}],"collection":[{"href":"https:\/\/news.canadamotorjobs.com\/fr\/wp-json\/wp\/v2\/posts"}],"about":[{"href":"https:\/\/news.canadamotorjobs.com\/fr\/wp-json\/wp\/v2\/types\/post"}],"author":[{"embeddable":true,"href":"https:\/\/news.canadamotorjobs.com\/fr\/wp-json\/wp\/v2\/users\/8"}],"replies":[{"embeddable":true,"href":"https:\/\/news.canadamotorjobs.com\/fr\/wp-json\/wp\/v2\/comments?post=139435"}],"version-history":[{"count":2,"href":"https:\/\/news.canadamotorjobs.com\/fr\/wp-json\/wp\/v2\/posts\/139435\/revisions"}],"predecessor-version":[{"id":139439,"href":"https:\/\/news.canadamotorjobs.com\/fr\/wp-json\/wp\/v2\/posts\/139435\/revisions\/139439"}],"wp:featuredmedia":[{"embeddable":true,"href":"https:\/\/news.canadamotorjobs.com\/fr\/wp-json\/wp\/v2\/media\/139437"}],"wp:attachment":[{"href":"https:\/\/news.canadamotorjobs.com\/fr\/wp-json\/wp\/v2\/media?parent=139435"}],"wp:term":[{"taxonomy":"category","embeddable":true,"href":"https:\/\/news.canadamotorjobs.com\/fr\/wp-json\/wp\/v2\/categories?post=139435"},{"taxonomy":"post_tag","embeddable":true,"href":"https:\/\/news.canadamotorjobs.com\/fr\/wp-json\/wp\/v2\/tags?post=139435"}],"curies":[{"name":"wp","href":"https:\/\/api.w.org\/{rel}","templated":true}]}}