{"id":139404,"date":"2023-02-03T08:44:02","date_gmt":"2023-02-03T13:44:02","guid":{"rendered":"https:\/\/news.canadamotorjobs.com\/?p=139404"},"modified":"2023-02-03T08:46:03","modified_gmt":"2023-02-03T13:46:03","slug":"une-annee-de-ventes-record-pour-ferrari","status":"publish","type":"post","link":"https:\/\/news.canadamotorjobs.com\/fr\/une-annee-de-ventes-record-pour-ferrari\/","title":{"rendered":"Une ann\u00e9e de ventes record pour Ferrari"},"content":{"rendered":"<\/p>\n<p>Alors que la majorit\u00e9 des constructeurs ont connu une ann\u00e9e difficile, les marques de luxe continuent de bien se tirer d\u2019affaire. \u00c0 preuve, Ferrari atteint un nouveau sommet de 13 221 voitures en 2022 &#8211; une ann\u00e9e au cours de laquelle la plupart des marques du segment exotique ont enregistr\u00e9 des chiffres records.<\/p>\n<h3>Ni la cha\u00eene d\u2019approvisionnement, ni la guerre en Ukraine<\/h3>\n<p>\nMalgr\u00e9 la guerre en Ukraine, les crises de l&#8217;\u00e9nergie et de l&#8217;inflation, et les ruptures d&#8217;approvisionnement, Ferrari a r\u00e9ussi \u00e0 augmenter ses livraisons en 2022 de 2 066 voitures, soit une hausse de 18,5\u00a0% par rapport au r\u00e9sultat de 2021. Ce chiffre est bas\u00e9 sur les livraisons de neuf mod\u00e8les, dont trois hybrides, a pr\u00e9cis\u00e9 le constructeur. Le d\u00e9compte comprend \u00e9galement les livraisons de mod\u00e8les sp\u00e9ciaux \u00e0 faible volume comme la Monza SP1 et SP2, et la Daytona SP3.<\/p>\n<h3>Les mod\u00e8les \u00e0 venir ne sont pas inclus<\/h3>\n<p>\nIl ne comprend pas les livraisons du nouveau VUS Purosangue, qui pourrait potentiellement devenir le mod\u00e8le le plus populaire du Cheval Cabr\u00e9 en raison de son public cible plus large. La Purosangue commencera \u00e0 \u00eatre livr\u00e9e au troisi\u00e8me trimestre de 2023 et verra probablement Ferrari \u00e9tablir de nouveaux records. De mani\u00e8re impressionnante, Ferrari a augment\u00e9 ses revenus plus rapidement que les livraisons, ses revenus nets pour 2022 s&#8217;\u00e9levant \u00e0 5,095 milliards d&#8217;euros (environ 7,443 milliards de dollars), en hausse de 19,3\u00a0% par rapport \u00e0 l&#8217;ann\u00e9e pr\u00e9c\u00e9dente. Il en r\u00e9sulte un b\u00e9n\u00e9fice net de 939 millions d&#8217;euros (1,372 milliard de dollars), qui, selon Ferrari, constitue \u00e9galement un record.<\/p>\n<h3>Les riches sont encore plus riches<\/h3>\n<p>\nFerrari a d\u00e9clar\u00e9 que les livraisons \u00e9taient en hausse dans toutes les r\u00e9gions g\u00e9ographiques. La croissance la plus importante a \u00e9t\u00e9 enregistr\u00e9e en Chine, o\u00f9 les ventes ont augment\u00e9 de 72,6\u00a0% par rapport \u00e0 l&#8217;ann\u00e9e pr\u00e9c\u00e9dente. Les Am\u00e9riques ont \u00e9galement connu une forte croissance avec une hausse de 21,8\u00a0% par rapport \u00e0 l&#8217;ann\u00e9e pr\u00e9c\u00e9dente. La seule crainte de Ferrari en ce moment est de savoir comment la marque va prendre le virage vers le tout \u00e9lectrique. Ferrari pr\u00e9voit de lancer son premier v\u00e9hicule \u00e9lectrique en 2025, probablement un VUS ou un mod\u00e8le GT, et selon les informations du brevet, le constructeur automobile \u00e9tudie l&#8217;utilisation d&#8217;un g\u00e9n\u00e9rateur de son avanc\u00e9 pour ses mod\u00e8les quasi silencieux.<br \/>\nAvant de voir une Ferrari EV, le constructeur va sortir une version hardcore de la SF90 Stradale. Il travaille \u00e9galement sur un successeur pour le mod\u00e8le de s\u00e9rie sp\u00e9ciale LaFerrari, un cabriolet Roma, et peut-\u00eatre un successeur pour la 812.<\/p>\n<p>Avec des renseignements de Motor Authority<\/p>\n<p>Le texte <a rel=\"nofollow\" href=\"https:\/\/annuelauto.ca\/une-annee-de-ventes-record-pour-ferrari\/\">Une ann\u00e9e de ventes record pour Ferrari<\/a> provient de <a rel=\"nofollow\" href=\"https:\/\/annuelauto.ca\">L&#8217;annuel de l&#8217;automobile &#8211; Actualit\u00e9 automobile<\/a><\/p>\n<p><\/p>\n","protected":false},"excerpt":{"rendered":"<p>Alors que la majorit\u00e9 des constructeurs ont connu une ann\u00e9e difficile, les marques de luxe continuent de bien se tirer d\u2019affaire. \u00c0 preuve, Ferrari atteint un nouveau sommet de 13 221 voitures en 2022 &#8211; une ann\u00e9e au cours de laquelle la plupart des marques du segment exotique ont enregistr\u00e9 des chiffres records. Ni la [&hellip;]<\/p>\n","protected":false},"author":8,"featured_media":139406,"comment_status":"close","ping_status":"closed","sticky":false,"template":"","format":"standard","meta":{"_monsterinsights_skip_tracking":false,"_monsterinsights_sitenote_active":false,"_monsterinsights_sitenote_note":"","_monsterinsights_sitenote_category":0,"footnotes":""},"categories":[101],"tags":[],"yoast_head":"<!-- This site is optimized with the Yoast SEO plugin v23.2 - https:\/\/yoast.com\/wordpress\/plugins\/seo\/ -->\n<title>Une ann\u00e9e de ventes record pour Ferrari - CanadaMotorJobs.com<\/title>\n<meta name=\"description\" content=\"Une ann\u00e9e de ventes record pour Ferrari - Benoit Charette - Annuel automobile - CanadaMotorJobs.com.\" \/>\n<meta name=\"robots\" content=\"index, follow, max-snippet:-1, max-image-preview:large, max-video-preview:-1\" \/>\n<meta property=\"og:locale\" content=\"fr_CA\" \/>\n<meta property=\"og:type\" content=\"article\" \/>\n<meta property=\"og:title\" content=\"Une ann\u00e9e de ventes record pour Ferrari - CanadaMotorJobs.com\" \/>\n<meta property=\"og:description\" content=\"Une ann\u00e9e de ventes record pour Ferrari - Benoit Charette - Annuel automobile - CanadaMotorJobs.com.\" \/>\n<meta property=\"og:url\" content=\"https:\/\/news.canadamotorjobs.com\/fr\/une-annee-de-ventes-record-pour-ferrari\/\" \/>\n<meta property=\"og:site_name\" content=\"CanadaMotorJobs.com\" \/>\n<meta property=\"article:publisher\" content=\"https:\/\/www.facebook.com\/canadamotorjobs\/\" \/>\n<meta property=\"article:published_time\" content=\"2023-02-03T13:44:02+00:00\" \/>\n<meta property=\"article:modified_time\" content=\"2023-02-03T13:46:03+00:00\" \/>\n<meta property=\"og:image\" content=\"https:\/\/news.canadamotorjobs.com\/wp-content\/uploads\/2023\/02\/Ferrari-Logo-1931.png\" \/>\n\t<meta property=\"og:image:width\" content=\"3840\" \/>\n\t<meta property=\"og:image:height\" content=\"2160\" \/>\n\t<meta property=\"og:image:type\" content=\"image\/png\" \/>\n<meta name=\"author\" content=\"Benoit Charette\" \/>\n<meta name=\"twitter:card\" content=\"summary_large_image\" \/>\n<meta name=\"twitter:creator\" content=\"@canadamotorjobs\" \/>\n<meta name=\"twitter:site\" content=\"@canadamotorjobs\" \/>\n<meta name=\"twitter:label1\" content=\"\u00c9crit par\" \/>\n\t<meta name=\"twitter:data1\" content=\"Benoit Charette\" \/>\n\t<meta name=\"twitter:label2\" content=\"Estimation du temps de lecture\" \/>\n\t<meta name=\"twitter:data2\" content=\"2 minutes\" \/>\n<!-- \/ Yoast SEO plugin. -->","yoast_head_json":{"title":"Une ann\u00e9e de ventes record pour Ferrari - CanadaMotorJobs.com","description":"Une ann\u00e9e de ventes record pour Ferrari - Benoit Charette - Annuel automobile - CanadaMotorJobs.com.","robots":{"index":"index","follow":"follow","max-snippet":"max-snippet:-1","max-image-preview":"max-image-preview:large","max-video-preview":"max-video-preview:-1"},"og_locale":"fr_CA","og_type":"article","og_title":"Une ann\u00e9e de ventes record pour Ferrari - CanadaMotorJobs.com","og_description":"Une ann\u00e9e de ventes record pour Ferrari - Benoit Charette - Annuel automobile - CanadaMotorJobs.com.","og_url":"https:\/\/news.canadamotorjobs.com\/fr\/une-annee-de-ventes-record-pour-ferrari\/","og_site_name":"CanadaMotorJobs.com","article_publisher":"https:\/\/www.facebook.com\/canadamotorjobs\/","article_published_time":"2023-02-03T13:44:02+00:00","article_modified_time":"2023-02-03T13:46:03+00:00","og_image":[{"width":3840,"height":2160,"url":"https:\/\/news.canadamotorjobs.com\/wp-content\/uploads\/2023\/02\/Ferrari-Logo-1931.png","type":"image\/png"}],"author":"Benoit Charette","twitter_card":"summary_large_image","twitter_creator":"@canadamotorjobs","twitter_site":"@canadamotorjobs","twitter_misc":{"\u00c9crit par":"Benoit Charette","Estimation du temps de lecture":"2 minutes"},"schema":{"@context":"https:\/\/schema.org","@graph":[{"@type":"Article","@id":"https:\/\/news.canadamotorjobs.com\/fr\/une-annee-de-ventes-record-pour-ferrari\/#article","isPartOf":{"@id":"https:\/\/news.canadamotorjobs.com\/fr\/une-annee-de-ventes-record-pour-ferrari\/"},"author":{"name":"Benoit Charette","@id":"https:\/\/news.canadamotorjobs.com\/#\/schema\/person\/51793d1f87d44011d7bcc2ed99269a90"},"headline":"Une ann\u00e9e de ventes record pour Ferrari","datePublished":"2023-02-03T13:44:02+00:00","dateModified":"2023-02-03T13:46:03+00:00","mainEntityOfPage":{"@id":"https:\/\/news.canadamotorjobs.com\/fr\/une-annee-de-ventes-record-pour-ferrari\/"},"wordCount":476,"publisher":{"@id":"https:\/\/news.canadamotorjobs.com\/#organization"},"image":{"@id":"https:\/\/news.canadamotorjobs.com\/fr\/une-annee-de-ventes-record-pour-ferrari\/#primaryimage"},"thumbnailUrl":"https:\/\/news.canadamotorjobs.com\/wp-content\/uploads\/2023\/02\/Ferrari-Logo-1931.png","articleSection":["Annuel automobile"],"inLanguage":"fr-CA"},{"@type":"WebPage","@id":"https:\/\/news.canadamotorjobs.com\/fr\/une-annee-de-ventes-record-pour-ferrari\/","url":"https:\/\/news.canadamotorjobs.com\/fr\/une-annee-de-ventes-record-pour-ferrari\/","name":"Une ann\u00e9e de ventes record pour Ferrari - CanadaMotorJobs.com","isPartOf":{"@id":"https:\/\/news.canadamotorjobs.com\/#website"},"primaryImageOfPage":{"@id":"https:\/\/news.canadamotorjobs.com\/fr\/une-annee-de-ventes-record-pour-ferrari\/#primaryimage"},"image":{"@id":"https:\/\/news.canadamotorjobs.com\/fr\/une-annee-de-ventes-record-pour-ferrari\/#primaryimage"},"thumbnailUrl":"https:\/\/news.canadamotorjobs.com\/wp-content\/uploads\/2023\/02\/Ferrari-Logo-1931.png","datePublished":"2023-02-03T13:44:02+00:00","dateModified":"2023-02-03T13:46:03+00:00","description":"Une ann\u00e9e de ventes record pour Ferrari - Benoit Charette - Annuel automobile - CanadaMotorJobs.com.","breadcrumb":{"@id":"https:\/\/news.canadamotorjobs.com\/fr\/une-annee-de-ventes-record-pour-ferrari\/#breadcrumb"},"inLanguage":"fr-CA","potentialAction":[{"@type":"ReadAction","target":["https:\/\/news.canadamotorjobs.com\/fr\/une-annee-de-ventes-record-pour-ferrari\/"]}]},{"@type":"ImageObject","inLanguage":"fr-CA","@id":"https:\/\/news.canadamotorjobs.com\/fr\/une-annee-de-ventes-record-pour-ferrari\/#primaryimage","url":"https:\/\/news.canadamotorjobs.com\/wp-content\/uploads\/2023\/02\/Ferrari-Logo-1931.png","contentUrl":"https:\/\/news.canadamotorjobs.com\/wp-content\/uploads\/2023\/02\/Ferrari-Logo-1931.png","width":3840,"height":2160},{"@type":"BreadcrumbList","@id":"https:\/\/news.canadamotorjobs.com\/fr\/une-annee-de-ventes-record-pour-ferrari\/#breadcrumb","itemListElement":[{"@type":"ListItem","position":1,"name":"Home","item":"https:\/\/news.canadamotorjobs.com\/fr\/blog\/"},{"@type":"ListItem","position":2,"name":"Une ann\u00e9e de ventes record pour Ferrari"}]},{"@type":"WebSite","@id":"https:\/\/news.canadamotorjobs.com\/#website","url":"https:\/\/news.canadamotorjobs.com\/","name":"CanadaMotorJobs.com","description":"Automotive Jobs","publisher":{"@id":"https:\/\/news.canadamotorjobs.com\/#organization"},"potentialAction":[{"@type":"SearchAction","target":{"@type":"EntryPoint","urlTemplate":"https:\/\/news.canadamotorjobs.com\/?s={search_term_string}"},"query-input":"required name=search_term_string"}],"inLanguage":"fr-CA"},{"@type":"Organization","@id":"https:\/\/news.canadamotorjobs.com\/#organization","name":"Canada Motor Jobs","url":"https:\/\/news.canadamotorjobs.com\/","logo":{"@type":"ImageObject","inLanguage":"fr-CA","@id":"https:\/\/news.canadamotorjobs.com\/#\/schema\/logo\/image\/","url":"https:\/\/news.canadamotorjobs.com\/wp-content\/uploads\/2022\/10\/logo-canada-motor-jobs-1.png","contentUrl":"https:\/\/news.canadamotorjobs.com\/wp-content\/uploads\/2022\/10\/logo-canada-motor-jobs-1.png","width":800,"height":400,"caption":"Canada Motor Jobs"},"image":{"@id":"https:\/\/news.canadamotorjobs.com\/#\/schema\/logo\/image\/"},"sameAs":["https:\/\/www.facebook.com\/canadamotorjobs\/","https:\/\/x.com\/canadamotorjobs","https:\/\/www.instagram.com\/canadamotorjobs\/","https:\/\/www.linkedin.com\/company\/canadamotorjobs"]},{"@type":"Person","@id":"https:\/\/news.canadamotorjobs.com\/#\/schema\/person\/51793d1f87d44011d7bcc2ed99269a90","name":"Benoit Charette","image":{"@type":"ImageObject","inLanguage":"fr-CA","@id":"https:\/\/news.canadamotorjobs.com\/#\/schema\/person\/image\/","url":"https:\/\/secure.gravatar.com\/avatar\/45f3d2eebcccd909668d7ce7ea7267b6?s=96&d=mm&r=g","contentUrl":"https:\/\/secure.gravatar.com\/avatar\/45f3d2eebcccd909668d7ce7ea7267b6?s=96&d=mm&r=g","caption":"Benoit Charette"},"description":"Benoit Charette \/ Propri\u00e9taire et r\u00e9dacteur en chef Benoit Charette pratique le journalisme automobile depuis bient\u00f4t 30 ans. Il a fait ses classes au c\u00f4t\u00e9 de Daniel H\u00e9raud et au Carnet de route de 1992 \u00e0 2001. Il est fondateur, copropri\u00e9taire et r\u00e9dacteur en chef de L\u2019Annuel de l\u2019automobile, qu\u2019il publie depuis 2001. Il a anim\u00e9 les \u00e9missions RPM et RPM+ sur V et les L\u00e9gendes de la route sur Historia. \u00c0 la radio depuis 1986, il reprend l\u2019antenne cette ann\u00e9e sur les ondes de Cogeco et participe pour la deuxi\u00e8me ann\u00e9e \u00e0 l\u2019\u00e9mission Passion Auto sur RDS en plus de mettre en ligne le site Web officiel de L\u2019Annuel de l\u2019automobile sur annuelauto.ca.","sameAs":["https:\/\/annuelauto.ca\/"],"url":"https:\/\/news.canadamotorjobs.com\/fr\/author\/benoit-charette\/"}]}},"_links":{"self":[{"href":"https:\/\/news.canadamotorjobs.com\/fr\/wp-json\/wp\/v2\/posts\/139404"}],"collection":[{"href":"https:\/\/news.canadamotorjobs.com\/fr\/wp-json\/wp\/v2\/posts"}],"about":[{"href":"https:\/\/news.canadamotorjobs.com\/fr\/wp-json\/wp\/v2\/types\/post"}],"author":[{"embeddable":true,"href":"https:\/\/news.canadamotorjobs.com\/fr\/wp-json\/wp\/v2\/users\/8"}],"replies":[{"embeddable":true,"href":"https:\/\/news.canadamotorjobs.com\/fr\/wp-json\/wp\/v2\/comments?post=139404"}],"version-history":[{"count":2,"href":"https:\/\/news.canadamotorjobs.com\/fr\/wp-json\/wp\/v2\/posts\/139404\/revisions"}],"predecessor-version":[{"id":139408,"href":"https:\/\/news.canadamotorjobs.com\/fr\/wp-json\/wp\/v2\/posts\/139404\/revisions\/139408"}],"wp:featuredmedia":[{"embeddable":true,"href":"https:\/\/news.canadamotorjobs.com\/fr\/wp-json\/wp\/v2\/media\/139406"}],"wp:attachment":[{"href":"https:\/\/news.canadamotorjobs.com\/fr\/wp-json\/wp\/v2\/media?parent=139404"}],"wp:term":[{"taxonomy":"category","embeddable":true,"href":"https:\/\/news.canadamotorjobs.com\/fr\/wp-json\/wp\/v2\/categories?post=139404"},{"taxonomy":"post_tag","embeddable":true,"href":"https:\/\/news.canadamotorjobs.com\/fr\/wp-json\/wp\/v2\/tags?post=139404"}],"curies":[{"name":"wp","href":"https:\/\/api.w.org\/{rel}","templated":true}]}}