{"id":139373,"date":"2023-02-03T07:59:19","date_gmt":"2023-02-03T12:59:19","guid":{"rendered":"https:\/\/news.canadamotorjobs.com\/?p=139373"},"modified":"2023-02-03T08:15:37","modified_gmt":"2023-02-03T13:15:37","slug":"les-rappels-ont-coute-2-milliards-de-dollars-a-ford-en-2022","status":"publish","type":"post","link":"https:\/\/news.canadamotorjobs.com\/fr\/les-rappels-ont-coute-2-milliards-de-dollars-a-ford-en-2022\/","title":{"rendered":"Les rappels ont co\u00fbt\u00e9 2 milliards de dollars \u00e0 Ford en 2022"},"content":{"rendered":"<\/p>\n<p>Le PDG de Ford Jim Farley se dit frustr\u00e9 d\u2019avoir laiss\u00e9 2 milliards de dollars sur la table en raison de la mauvaise ex\u00e9cution des v\u00e9hicules de la marque et promet de s\u2019adresser au probl\u00e8me. Cela n\u2019a pas emp\u00each\u00e9 le g\u00e9ant am\u00e9ricain de faire un b\u00e9n\u00e9fice ajust\u00e9 avant imp\u00f4t de 10,4 milliards de dollars l\u2019an dernier.<\/p>\n<h3>Revoir la fa\u00e7on de faire<\/h3>\n<p>\n&#8220;Nous avons des probl\u00e8mes profond\u00e9ment ancr\u00e9s dans notre syst\u00e8me industriel qui se sont av\u00e9r\u00e9s difficiles \u00e0 \u00e9radiquer. Franchement, la force de nos produits et de nos revenus a masqu\u00e9 ce dysfonctionnement pendant longtemps.&#8221; a soulign\u00e9 Jim Farley.<\/p>\n<h3>Chaque employ\u00e9 de Ford va recevoir un peu plus de 9 000\u00a0$<\/h3>\n<p>\nFord a d\u00e9clar\u00e9 des b\u00e9n\u00e9fices de 9,2 milliards de dollars pour l&#8217;ann\u00e9e 2022 en Am\u00e9rique du Nord, ce qui signifie qu&#8217;environ 56\u00a0000 employ\u00e9s repr\u00e9sent\u00e9s par l&#8217;UAW recevront un ch\u00e8que de participation aux b\u00e9n\u00e9fices de 9 176 dollars en moyenne. Les ch\u00e8ques seront distribu\u00e9s en mars, a pr\u00e9cis\u00e9 Ford. Les employ\u00e9s de General Motors repr\u00e9sent\u00e9s par le m\u00eame syndicat recevront des ch\u00e8ques de participation aux b\u00e9n\u00e9fices d&#8217;un montant moyen de 12\u00a0750 dollars.<\/p>\n<h3>Une am\u00e9lioration des produits est au menu<\/h3>\n<p>\nFord admet qu\u2019il devra am\u00e9liorer la qualit\u00e9 des produits et r\u00e9duire les co\u00fbts maintenant. Pour 2023, Ford a d\u00e9clar\u00e9 qu&#8217;elle s&#8217;attendait \u00e0 gagner entre 9 et 11 milliards de dollars. Ces pr\u00e9visions tiennent compte d&#8217;une &#8221; l\u00e9g\u00e8re r\u00e9cession &#8221; aux \u00c9tats-Unis et d&#8217;une &#8221; r\u00e9cession mod\u00e9r\u00e9e &#8221; en Europe.<\/p>\n<p>Avec des renseignements d\u2019Automotive News<\/p>\n<p>Le texte <a rel=\"nofollow\" href=\"https:\/\/annuelauto.ca\/les-rappels-ont-coute-2-milliards-de-dollars-a-ford-en-2022\/\">Les rappels ont co\u00fbt\u00e9 2 milliards de dollars \u00e0 Ford en 2022<\/a> provient de <a rel=\"nofollow\" href=\"https:\/\/annuelauto.ca\">L&#8217;annuel de l&#8217;automobile &#8211; Actualit\u00e9 automobile<\/a><\/p>\n<p><\/p>\n","protected":false},"excerpt":{"rendered":"<p>Le PDG de Ford Jim Farley se dit frustr\u00e9 d\u2019avoir laiss\u00e9 2 milliards de dollars sur la table en raison de la mauvaise ex\u00e9cution des v\u00e9hicules de la marque et promet de s\u2019adresser au probl\u00e8me. Cela n\u2019a pas emp\u00each\u00e9 le g\u00e9ant am\u00e9ricain de faire un b\u00e9n\u00e9fice ajust\u00e9 avant imp\u00f4t de 10,4 milliards de dollars l\u2019an [&hellip;]<\/p>\n","protected":false},"author":8,"featured_media":139375,"comment_status":"close","ping_status":"closed","sticky":false,"template":"","format":"standard","meta":{"_monsterinsights_skip_tracking":false,"_monsterinsights_sitenote_active":false,"_monsterinsights_sitenote_note":"","_monsterinsights_sitenote_category":0,"footnotes":""},"categories":[101],"tags":[],"yoast_head":"<!-- This site is optimized with the Yoast SEO plugin v23.2 - https:\/\/yoast.com\/wordpress\/plugins\/seo\/ -->\n<title>Les rappels ont co\u00fbt\u00e9 2 milliards de dollars \u00e0 Ford en 2022 - CanadaMotorJobs.com<\/title>\n<meta name=\"description\" content=\"Les rappels ont co\u00fbt\u00e9 2 milliards de dollars \u00e0 Ford en 2022 - Benoit Charette - Annuel automobile - CanadaMotorJobs.com.\" \/>\n<meta name=\"robots\" content=\"index, follow, max-snippet:-1, max-image-preview:large, max-video-preview:-1\" \/>\n<meta property=\"og:locale\" content=\"fr_CA\" \/>\n<meta property=\"og:type\" content=\"article\" \/>\n<meta property=\"og:title\" content=\"Les rappels ont co\u00fbt\u00e9 2 milliards de dollars \u00e0 Ford en 2022 - CanadaMotorJobs.com\" \/>\n<meta property=\"og:description\" content=\"Les rappels ont co\u00fbt\u00e9 2 milliards de dollars \u00e0 Ford en 2022 - Benoit Charette - Annuel automobile - CanadaMotorJobs.com.\" \/>\n<meta property=\"og:url\" content=\"https:\/\/news.canadamotorjobs.com\/fr\/les-rappels-ont-coute-2-milliards-de-dollars-a-ford-en-2022\/\" \/>\n<meta property=\"og:site_name\" content=\"CanadaMotorJobs.com\" \/>\n<meta property=\"article:publisher\" content=\"https:\/\/www.facebook.com\/canadamotorjobs\/\" \/>\n<meta property=\"article:published_time\" content=\"2023-02-03T12:59:19+00:00\" \/>\n<meta property=\"article:modified_time\" content=\"2023-02-03T13:15:37+00:00\" \/>\n<meta property=\"og:image\" content=\"https:\/\/news.canadamotorjobs.com\/wp-content\/uploads\/2023\/02\/ford-logo-2017.png\" \/>\n\t<meta property=\"og:image:width\" content=\"2050\" \/>\n\t<meta property=\"og:image:height\" content=\"800\" \/>\n\t<meta property=\"og:image:type\" content=\"image\/png\" \/>\n<meta name=\"author\" content=\"Benoit Charette\" \/>\n<meta name=\"twitter:card\" content=\"summary_large_image\" \/>\n<meta name=\"twitter:creator\" content=\"@canadamotorjobs\" \/>\n<meta name=\"twitter:site\" content=\"@canadamotorjobs\" \/>\n<meta name=\"twitter:label1\" content=\"\u00c9crit par\" \/>\n\t<meta name=\"twitter:data1\" content=\"Benoit Charette\" \/>\n\t<meta name=\"twitter:label2\" content=\"Estimation du temps de lecture\" \/>\n\t<meta name=\"twitter:data2\" content=\"1 minute\" \/>\n<!-- \/ Yoast SEO plugin. -->","yoast_head_json":{"title":"Les rappels ont co\u00fbt\u00e9 2 milliards de dollars \u00e0 Ford en 2022 - CanadaMotorJobs.com","description":"Les rappels ont co\u00fbt\u00e9 2 milliards de dollars \u00e0 Ford en 2022 - Benoit Charette - Annuel automobile - CanadaMotorJobs.com.","robots":{"index":"index","follow":"follow","max-snippet":"max-snippet:-1","max-image-preview":"max-image-preview:large","max-video-preview":"max-video-preview:-1"},"og_locale":"fr_CA","og_type":"article","og_title":"Les rappels ont co\u00fbt\u00e9 2 milliards de dollars \u00e0 Ford en 2022 - CanadaMotorJobs.com","og_description":"Les rappels ont co\u00fbt\u00e9 2 milliards de dollars \u00e0 Ford en 2022 - Benoit Charette - Annuel automobile - CanadaMotorJobs.com.","og_url":"https:\/\/news.canadamotorjobs.com\/fr\/les-rappels-ont-coute-2-milliards-de-dollars-a-ford-en-2022\/","og_site_name":"CanadaMotorJobs.com","article_publisher":"https:\/\/www.facebook.com\/canadamotorjobs\/","article_published_time":"2023-02-03T12:59:19+00:00","article_modified_time":"2023-02-03T13:15:37+00:00","og_image":[{"width":2050,"height":800,"url":"https:\/\/news.canadamotorjobs.com\/wp-content\/uploads\/2023\/02\/ford-logo-2017.png","type":"image\/png"}],"author":"Benoit Charette","twitter_card":"summary_large_image","twitter_creator":"@canadamotorjobs","twitter_site":"@canadamotorjobs","twitter_misc":{"\u00c9crit par":"Benoit Charette","Estimation du temps de lecture":"1 minute"},"schema":{"@context":"https:\/\/schema.org","@graph":[{"@type":"Article","@id":"https:\/\/news.canadamotorjobs.com\/fr\/les-rappels-ont-coute-2-milliards-de-dollars-a-ford-en-2022\/#article","isPartOf":{"@id":"https:\/\/news.canadamotorjobs.com\/fr\/les-rappels-ont-coute-2-milliards-de-dollars-a-ford-en-2022\/"},"author":{"name":"Benoit Charette","@id":"https:\/\/news.canadamotorjobs.com\/#\/schema\/person\/51793d1f87d44011d7bcc2ed99269a90"},"headline":"Les rappels ont co\u00fbt\u00e9 2 milliards de dollars \u00e0 Ford en 2022","datePublished":"2023-02-03T12:59:19+00:00","dateModified":"2023-02-03T13:15:37+00:00","mainEntityOfPage":{"@id":"https:\/\/news.canadamotorjobs.com\/fr\/les-rappels-ont-coute-2-milliards-de-dollars-a-ford-en-2022\/"},"wordCount":317,"publisher":{"@id":"https:\/\/news.canadamotorjobs.com\/#organization"},"image":{"@id":"https:\/\/news.canadamotorjobs.com\/fr\/les-rappels-ont-coute-2-milliards-de-dollars-a-ford-en-2022\/#primaryimage"},"thumbnailUrl":"https:\/\/news.canadamotorjobs.com\/wp-content\/uploads\/2023\/02\/ford-logo-2017.png","articleSection":["Annuel automobile"],"inLanguage":"fr-CA"},{"@type":"WebPage","@id":"https:\/\/news.canadamotorjobs.com\/fr\/les-rappels-ont-coute-2-milliards-de-dollars-a-ford-en-2022\/","url":"https:\/\/news.canadamotorjobs.com\/fr\/les-rappels-ont-coute-2-milliards-de-dollars-a-ford-en-2022\/","name":"Les rappels ont co\u00fbt\u00e9 2 milliards de dollars \u00e0 Ford en 2022 - CanadaMotorJobs.com","isPartOf":{"@id":"https:\/\/news.canadamotorjobs.com\/#website"},"primaryImageOfPage":{"@id":"https:\/\/news.canadamotorjobs.com\/fr\/les-rappels-ont-coute-2-milliards-de-dollars-a-ford-en-2022\/#primaryimage"},"image":{"@id":"https:\/\/news.canadamotorjobs.com\/fr\/les-rappels-ont-coute-2-milliards-de-dollars-a-ford-en-2022\/#primaryimage"},"thumbnailUrl":"https:\/\/news.canadamotorjobs.com\/wp-content\/uploads\/2023\/02\/ford-logo-2017.png","datePublished":"2023-02-03T12:59:19+00:00","dateModified":"2023-02-03T13:15:37+00:00","description":"Les rappels ont co\u00fbt\u00e9 2 milliards de dollars \u00e0 Ford en 2022 - Benoit Charette - Annuel automobile - CanadaMotorJobs.com.","breadcrumb":{"@id":"https:\/\/news.canadamotorjobs.com\/fr\/les-rappels-ont-coute-2-milliards-de-dollars-a-ford-en-2022\/#breadcrumb"},"inLanguage":"fr-CA","potentialAction":[{"@type":"ReadAction","target":["https:\/\/news.canadamotorjobs.com\/fr\/les-rappels-ont-coute-2-milliards-de-dollars-a-ford-en-2022\/"]}]},{"@type":"ImageObject","inLanguage":"fr-CA","@id":"https:\/\/news.canadamotorjobs.com\/fr\/les-rappels-ont-coute-2-milliards-de-dollars-a-ford-en-2022\/#primaryimage","url":"https:\/\/news.canadamotorjobs.com\/wp-content\/uploads\/2023\/02\/ford-logo-2017.png","contentUrl":"https:\/\/news.canadamotorjobs.com\/wp-content\/uploads\/2023\/02\/ford-logo-2017.png","width":2050,"height":800},{"@type":"BreadcrumbList","@id":"https:\/\/news.canadamotorjobs.com\/fr\/les-rappels-ont-coute-2-milliards-de-dollars-a-ford-en-2022\/#breadcrumb","itemListElement":[{"@type":"ListItem","position":1,"name":"Home","item":"https:\/\/news.canadamotorjobs.com\/fr\/blog\/"},{"@type":"ListItem","position":2,"name":"Les rappels ont co\u00fbt\u00e9 2 milliards de dollars \u00e0 Ford en 2022"}]},{"@type":"WebSite","@id":"https:\/\/news.canadamotorjobs.com\/#website","url":"https:\/\/news.canadamotorjobs.com\/","name":"CanadaMotorJobs.com","description":"Automotive Jobs","publisher":{"@id":"https:\/\/news.canadamotorjobs.com\/#organization"},"potentialAction":[{"@type":"SearchAction","target":{"@type":"EntryPoint","urlTemplate":"https:\/\/news.canadamotorjobs.com\/?s={search_term_string}"},"query-input":"required name=search_term_string"}],"inLanguage":"fr-CA"},{"@type":"Organization","@id":"https:\/\/news.canadamotorjobs.com\/#organization","name":"Canada Motor Jobs","url":"https:\/\/news.canadamotorjobs.com\/","logo":{"@type":"ImageObject","inLanguage":"fr-CA","@id":"https:\/\/news.canadamotorjobs.com\/#\/schema\/logo\/image\/","url":"https:\/\/news.canadamotorjobs.com\/wp-content\/uploads\/2022\/10\/logo-canada-motor-jobs-1.png","contentUrl":"https:\/\/news.canadamotorjobs.com\/wp-content\/uploads\/2022\/10\/logo-canada-motor-jobs-1.png","width":800,"height":400,"caption":"Canada Motor Jobs"},"image":{"@id":"https:\/\/news.canadamotorjobs.com\/#\/schema\/logo\/image\/"},"sameAs":["https:\/\/www.facebook.com\/canadamotorjobs\/","https:\/\/x.com\/canadamotorjobs","https:\/\/www.instagram.com\/canadamotorjobs\/","https:\/\/www.linkedin.com\/company\/canadamotorjobs"]},{"@type":"Person","@id":"https:\/\/news.canadamotorjobs.com\/#\/schema\/person\/51793d1f87d44011d7bcc2ed99269a90","name":"Benoit Charette","image":{"@type":"ImageObject","inLanguage":"fr-CA","@id":"https:\/\/news.canadamotorjobs.com\/#\/schema\/person\/image\/","url":"https:\/\/secure.gravatar.com\/avatar\/45f3d2eebcccd909668d7ce7ea7267b6?s=96&d=mm&r=g","contentUrl":"https:\/\/secure.gravatar.com\/avatar\/45f3d2eebcccd909668d7ce7ea7267b6?s=96&d=mm&r=g","caption":"Benoit Charette"},"description":"Benoit Charette \/ Propri\u00e9taire et r\u00e9dacteur en chef Benoit Charette pratique le journalisme automobile depuis bient\u00f4t 30 ans. Il a fait ses classes au c\u00f4t\u00e9 de Daniel H\u00e9raud et au Carnet de route de 1992 \u00e0 2001. Il est fondateur, copropri\u00e9taire et r\u00e9dacteur en chef de L\u2019Annuel de l\u2019automobile, qu\u2019il publie depuis 2001. Il a anim\u00e9 les \u00e9missions RPM et RPM+ sur V et les L\u00e9gendes de la route sur Historia. \u00c0 la radio depuis 1986, il reprend l\u2019antenne cette ann\u00e9e sur les ondes de Cogeco et participe pour la deuxi\u00e8me ann\u00e9e \u00e0 l\u2019\u00e9mission Passion Auto sur RDS en plus de mettre en ligne le site Web officiel de L\u2019Annuel de l\u2019automobile sur annuelauto.ca.","sameAs":["https:\/\/annuelauto.ca\/"],"url":"https:\/\/news.canadamotorjobs.com\/fr\/author\/benoit-charette\/"}]}},"_links":{"self":[{"href":"https:\/\/news.canadamotorjobs.com\/fr\/wp-json\/wp\/v2\/posts\/139373"}],"collection":[{"href":"https:\/\/news.canadamotorjobs.com\/fr\/wp-json\/wp\/v2\/posts"}],"about":[{"href":"https:\/\/news.canadamotorjobs.com\/fr\/wp-json\/wp\/v2\/types\/post"}],"author":[{"embeddable":true,"href":"https:\/\/news.canadamotorjobs.com\/fr\/wp-json\/wp\/v2\/users\/8"}],"replies":[{"embeddable":true,"href":"https:\/\/news.canadamotorjobs.com\/fr\/wp-json\/wp\/v2\/comments?post=139373"}],"version-history":[{"count":2,"href":"https:\/\/news.canadamotorjobs.com\/fr\/wp-json\/wp\/v2\/posts\/139373\/revisions"}],"predecessor-version":[{"id":139377,"href":"https:\/\/news.canadamotorjobs.com\/fr\/wp-json\/wp\/v2\/posts\/139373\/revisions\/139377"}],"wp:featuredmedia":[{"embeddable":true,"href":"https:\/\/news.canadamotorjobs.com\/fr\/wp-json\/wp\/v2\/media\/139375"}],"wp:attachment":[{"href":"https:\/\/news.canadamotorjobs.com\/fr\/wp-json\/wp\/v2\/media?parent=139373"}],"wp:term":[{"taxonomy":"category","embeddable":true,"href":"https:\/\/news.canadamotorjobs.com\/fr\/wp-json\/wp\/v2\/categories?post=139373"},{"taxonomy":"post_tag","embeddable":true,"href":"https:\/\/news.canadamotorjobs.com\/fr\/wp-json\/wp\/v2\/tags?post=139373"}],"curies":[{"name":"wp","href":"https:\/\/api.w.org\/{rel}","templated":true}]}}