{"id":139354,"date":"2023-02-02T15:21:46","date_gmt":"2023-02-02T20:21:46","guid":{"rendered":"https:\/\/news.canadamotorjobs.com\/?p=139354"},"modified":"2023-02-02T15:30:08","modified_gmt":"2023-02-02T20:30:08","slug":"le-congres-americain-sattaque-aux-vols-de-convertisseurs-catalytiques-avec-un-nouveau-projet-de-loi","status":"publish","type":"post","link":"https:\/\/news.canadamotorjobs.com\/fr\/le-congres-americain-sattaque-aux-vols-de-convertisseurs-catalytiques-avec-un-nouveau-projet-de-loi\/","title":{"rendered":"Le Congr\u00e8s am\u00e9ricain s\u2019attaque aux vols de convertisseurs catalytiques avec un nouveau projet de loi."},"content":{"rendered":"<\/p>\n<p>Les v\u00e9hicules neufs devront d\u00e9sormais porter le num\u00e9ro d&#8217;identification du v\u00e9hicule (NIV) sur ce composant souvent vol\u00e9. Selon Automotive News, les l\u00e9gislateurs ont r\u00e9introduit un projet de loi visant \u00e0 lutter contre le fl\u00e9au des vols de convertisseurs catalytiques, qui continue de toucher les automobilistes partout aux \u00c9tats-Unis.<\/p>\n<h3>Une loi qui devrait aussi \u00eatre introduite au Canada<\/h3>\n<p>\nLa loi PART (Preventing Auto Recycling Theft Act) exigera que le num\u00e9ro d&#8217;identification de tous les nouveaux v\u00e9hicules soit imprim\u00e9 sur le convertisseur. Il sera ainsi plus difficile pour les criminels de vendre des pi\u00e8ces vol\u00e9es et les forces de l&#8217;ordre pourront \u00e9tablir un lien entre les pi\u00e8ces et le v\u00e9hicule d&#8217;origine. La loi PART pr\u00e9voit \u00e9galement la cr\u00e9ation d&#8217;une subvention permettant \u00e0 des entit\u00e9s telles que les ateliers de r\u00e9paration et les concessionnaires d&#8217;estampiller les num\u00e9ros d&#8217;identification des v\u00e9hicules plus anciens \u00e9quip\u00e9s de convertisseurs catalytiques. Plus important encore, la loi cr\u00e9erait \u00e9galement des sanctions p\u00e9nales f\u00e9d\u00e9rales li\u00e9es au vol, au trafic, \u00e0 la vente ou \u00e0 l&#8217;achat connu de ces composants vol\u00e9s.<\/p>\n<h3>Des revendeurs certifi\u00e9s<\/h3>\n<p>\nIl sera ill\u00e9gal en Californie et dans d\u2019autres \u00e9tats d&#8217;acheter des convertisseurs catalytiques \u00e0 quiconque n&#8217;est pas un recycleur ou un concessionnaire automobile certifi\u00e9\u00a0\u00bb mentionne le gouverneur de la Californie Gary Newsom. Selon le National Insurance Crime Bureau (NICB), 14 433 catalyseurs ont \u00e9t\u00e9 vol\u00e9s aux \u00c9tats-Unis en 2020. Une hausse rapide puisque, deux ans auparavant, seulement 1 298 cas de vol de pots catalytiques avaient \u00e9t\u00e9 signal\u00e9s. Les forces de l&#8217;ordre ont proc\u00e9d\u00e9 \u00e0 plusieurs arrestations importantes l&#8217;ann\u00e9e derni\u00e8re et ont d\u00e9mantel\u00e9 une s\u00e9rie de grands r\u00e9seaux criminels de convertisseurs catalytiques. Une organisation \u00e9tait \u00e0 elle seule responsable du vol de 44 000 unit\u00e9s d&#8217;une valeur de 22 millions de dollars. Le m\u00eame mois, la police texane a d\u00e9couvert des convertisseurs catalytiques d&#8217;une valeur de 12 millions de dollars dissimul\u00e9s dans sept endroits diff\u00e9rents.<\/p>\n<h3>M\u00eame les constructeurs embarquent<\/h3>\n<p>\nLes fabricants cherchent \u00e9galement des moyens de pr\u00e9venir ce probl\u00e8me. La nouvelle Toyota Prius, par exemple, peut \u00eatre \u00e9quip\u00e9e d&#8217;un dispositif antivol MillerCAT. \u00c0 140 dollars, c&#8217;est beaucoup moins cher que de remplacer votre catalyseur vol\u00e9. Le bouclier m\u00e9tallique ne prot\u00e8ge peut-\u00eatre pas enti\u00e8rement le composant recherch\u00e9, mais il rend la t\u00e2che de le voler beaucoup plus difficile qu&#8217;auparavant. Esp\u00e9rons que la loi PART et d&#8217;autres mesures d&#8217;att\u00e9nuation mettront fin \u00e0 cette tendance et que les automobilistes pourront recommencer \u00e0 ne pas s&#8217;inqui\u00e9ter de voir les pi\u00e8ces de leur v\u00e9hicule vol\u00e9es du jour au lendemain.<\/p>\n<p>\u00a0<\/p>\n<p>Avec des renseignements d\u2019Automotive News<\/p>\n<p>\u00a0<\/p>\n<p>Le texte <a rel=\"nofollow\" href=\"https:\/\/annuelauto.ca\/le-congres-americain-sattaque-aux-vols-de-convertisseurs-catalytiques-avec-un-nouveau-projet-de-loi\/\">Le Congr\u00e8s am\u00e9ricain s\u2019attaque aux vols de convertisseurs catalytiques avec un nouveau projet de loi.<\/a> provient de <a rel=\"nofollow\" href=\"https:\/\/annuelauto.ca\">L&#8217;annuel de l&#8217;automobile &#8211; Actualit\u00e9 automobile<\/a><\/p>\n<p><\/p>\n","protected":false},"excerpt":{"rendered":"<p>Les v\u00e9hicules neufs devront d\u00e9sormais porter le num\u00e9ro d&#8217;identification du v\u00e9hicule (NIV) sur ce composant souvent vol\u00e9. Selon Automotive News, les l\u00e9gislateurs ont r\u00e9introduit un projet de loi visant \u00e0 lutter contre le fl\u00e9au des vols de convertisseurs catalytiques, qui continue de toucher les automobilistes partout aux \u00c9tats-Unis. Une loi qui devrait aussi \u00eatre introduite [&hellip;]<\/p>\n","protected":false},"author":8,"featured_media":139356,"comment_status":"close","ping_status":"closed","sticky":false,"template":"","format":"standard","meta":{"_monsterinsights_skip_tracking":false,"_monsterinsights_sitenote_active":false,"_monsterinsights_sitenote_note":"","_monsterinsights_sitenote_category":0,"footnotes":""},"categories":[101],"tags":[],"yoast_head":"<!-- This site is optimized with the Yoast SEO plugin v23.2 - https:\/\/yoast.com\/wordpress\/plugins\/seo\/ -->\n<title>Le Congr\u00e8s am\u00e9ricain s\u2019attaque aux vols de convertisseurs catalytiques avec un nouveau projet de loi. - CanadaMotorJobs.com<\/title>\n<meta name=\"description\" content=\"Le Congr\u00e8s am\u00e9ricain s\u2019attaque aux vols de convertisseurs catalytiques avec un nouveau projet de loi. - Benoit Charette - Annuel automobile - CanadaMotorJobs.com.\" \/>\n<meta name=\"robots\" content=\"index, follow, max-snippet:-1, max-image-preview:large, max-video-preview:-1\" \/>\n<meta property=\"og:locale\" content=\"fr_CA\" \/>\n<meta property=\"og:type\" content=\"article\" \/>\n<meta property=\"og:title\" content=\"Le Congr\u00e8s am\u00e9ricain s\u2019attaque aux vols de convertisseurs catalytiques avec un nouveau projet de loi. - CanadaMotorJobs.com\" \/>\n<meta property=\"og:description\" content=\"Le Congr\u00e8s am\u00e9ricain s\u2019attaque aux vols de convertisseurs catalytiques avec un nouveau projet de loi. - Benoit Charette - Annuel automobile - CanadaMotorJobs.com.\" \/>\n<meta property=\"og:url\" content=\"https:\/\/news.canadamotorjobs.com\/fr\/le-congres-americain-sattaque-aux-vols-de-convertisseurs-catalytiques-avec-un-nouveau-projet-de-loi\/\" \/>\n<meta property=\"og:site_name\" content=\"CanadaMotorJobs.com\" \/>\n<meta property=\"article:publisher\" content=\"https:\/\/www.facebook.com\/canadamotorjobs\/\" \/>\n<meta property=\"article:published_time\" content=\"2023-02-02T20:21:46+00:00\" \/>\n<meta property=\"article:modified_time\" content=\"2023-02-02T20:30:08+00:00\" \/>\n<meta property=\"og:image\" content=\"https:\/\/news.canadamotorjobs.com\/wp-content\/uploads\/2023\/02\/495e38d3-be1c-4655-838f-7dc2d6b260d6-large16x9_IMG3464.jpg\" \/>\n\t<meta property=\"og:image:width\" content=\"1015\" \/>\n\t<meta property=\"og:image:height\" content=\"571\" \/>\n\t<meta property=\"og:image:type\" content=\"image\/jpeg\" \/>\n<meta name=\"author\" content=\"Benoit Charette\" \/>\n<meta name=\"twitter:card\" content=\"summary_large_image\" \/>\n<meta name=\"twitter:creator\" content=\"@canadamotorjobs\" \/>\n<meta name=\"twitter:site\" content=\"@canadamotorjobs\" \/>\n<meta name=\"twitter:label1\" content=\"\u00c9crit par\" \/>\n\t<meta name=\"twitter:data1\" content=\"Benoit Charette\" \/>\n\t<meta name=\"twitter:label2\" content=\"Estimation du temps de lecture\" \/>\n\t<meta name=\"twitter:data2\" content=\"2 minutes\" \/>\n<!-- \/ Yoast SEO plugin. -->","yoast_head_json":{"title":"Le Congr\u00e8s am\u00e9ricain s\u2019attaque aux vols de convertisseurs catalytiques avec un nouveau projet de loi. - CanadaMotorJobs.com","description":"Le Congr\u00e8s am\u00e9ricain s\u2019attaque aux vols de convertisseurs catalytiques avec un nouveau projet de loi. - Benoit Charette - Annuel automobile - CanadaMotorJobs.com.","robots":{"index":"index","follow":"follow","max-snippet":"max-snippet:-1","max-image-preview":"max-image-preview:large","max-video-preview":"max-video-preview:-1"},"og_locale":"fr_CA","og_type":"article","og_title":"Le Congr\u00e8s am\u00e9ricain s\u2019attaque aux vols de convertisseurs catalytiques avec un nouveau projet de loi. - CanadaMotorJobs.com","og_description":"Le Congr\u00e8s am\u00e9ricain s\u2019attaque aux vols de convertisseurs catalytiques avec un nouveau projet de loi. - Benoit Charette - Annuel automobile - CanadaMotorJobs.com.","og_url":"https:\/\/news.canadamotorjobs.com\/fr\/le-congres-americain-sattaque-aux-vols-de-convertisseurs-catalytiques-avec-un-nouveau-projet-de-loi\/","og_site_name":"CanadaMotorJobs.com","article_publisher":"https:\/\/www.facebook.com\/canadamotorjobs\/","article_published_time":"2023-02-02T20:21:46+00:00","article_modified_time":"2023-02-02T20:30:08+00:00","og_image":[{"width":1015,"height":571,"url":"https:\/\/news.canadamotorjobs.com\/wp-content\/uploads\/2023\/02\/495e38d3-be1c-4655-838f-7dc2d6b260d6-large16x9_IMG3464.jpg","type":"image\/jpeg"}],"author":"Benoit Charette","twitter_card":"summary_large_image","twitter_creator":"@canadamotorjobs","twitter_site":"@canadamotorjobs","twitter_misc":{"\u00c9crit par":"Benoit Charette","Estimation du temps de lecture":"2 minutes"},"schema":{"@context":"https:\/\/schema.org","@graph":[{"@type":"Article","@id":"https:\/\/news.canadamotorjobs.com\/fr\/le-congres-americain-sattaque-aux-vols-de-convertisseurs-catalytiques-avec-un-nouveau-projet-de-loi\/#article","isPartOf":{"@id":"https:\/\/news.canadamotorjobs.com\/fr\/le-congres-americain-sattaque-aux-vols-de-convertisseurs-catalytiques-avec-un-nouveau-projet-de-loi\/"},"author":{"name":"Benoit Charette","@id":"https:\/\/news.canadamotorjobs.com\/#\/schema\/person\/51793d1f87d44011d7bcc2ed99269a90"},"headline":"Le Congr\u00e8s am\u00e9ricain s\u2019attaque aux vols de convertisseurs catalytiques avec un nouveau projet de loi.","datePublished":"2023-02-02T20:21:46+00:00","dateModified":"2023-02-02T20:30:08+00:00","mainEntityOfPage":{"@id":"https:\/\/news.canadamotorjobs.com\/fr\/le-congres-americain-sattaque-aux-vols-de-convertisseurs-catalytiques-avec-un-nouveau-projet-de-loi\/"},"wordCount":518,"publisher":{"@id":"https:\/\/news.canadamotorjobs.com\/#organization"},"image":{"@id":"https:\/\/news.canadamotorjobs.com\/fr\/le-congres-americain-sattaque-aux-vols-de-convertisseurs-catalytiques-avec-un-nouveau-projet-de-loi\/#primaryimage"},"thumbnailUrl":"https:\/\/news.canadamotorjobs.com\/wp-content\/uploads\/2023\/02\/495e38d3-be1c-4655-838f-7dc2d6b260d6-large16x9_IMG3464.jpg","articleSection":["Annuel automobile"],"inLanguage":"fr-CA"},{"@type":"WebPage","@id":"https:\/\/news.canadamotorjobs.com\/fr\/le-congres-americain-sattaque-aux-vols-de-convertisseurs-catalytiques-avec-un-nouveau-projet-de-loi\/","url":"https:\/\/news.canadamotorjobs.com\/fr\/le-congres-americain-sattaque-aux-vols-de-convertisseurs-catalytiques-avec-un-nouveau-projet-de-loi\/","name":"Le Congr\u00e8s am\u00e9ricain s\u2019attaque aux vols de convertisseurs catalytiques avec un nouveau projet de loi. - CanadaMotorJobs.com","isPartOf":{"@id":"https:\/\/news.canadamotorjobs.com\/#website"},"primaryImageOfPage":{"@id":"https:\/\/news.canadamotorjobs.com\/fr\/le-congres-americain-sattaque-aux-vols-de-convertisseurs-catalytiques-avec-un-nouveau-projet-de-loi\/#primaryimage"},"image":{"@id":"https:\/\/news.canadamotorjobs.com\/fr\/le-congres-americain-sattaque-aux-vols-de-convertisseurs-catalytiques-avec-un-nouveau-projet-de-loi\/#primaryimage"},"thumbnailUrl":"https:\/\/news.canadamotorjobs.com\/wp-content\/uploads\/2023\/02\/495e38d3-be1c-4655-838f-7dc2d6b260d6-large16x9_IMG3464.jpg","datePublished":"2023-02-02T20:21:46+00:00","dateModified":"2023-02-02T20:30:08+00:00","description":"Le Congr\u00e8s am\u00e9ricain s\u2019attaque aux vols de convertisseurs catalytiques avec un nouveau projet de loi. - Benoit Charette - Annuel automobile - CanadaMotorJobs.com.","breadcrumb":{"@id":"https:\/\/news.canadamotorjobs.com\/fr\/le-congres-americain-sattaque-aux-vols-de-convertisseurs-catalytiques-avec-un-nouveau-projet-de-loi\/#breadcrumb"},"inLanguage":"fr-CA","potentialAction":[{"@type":"ReadAction","target":["https:\/\/news.canadamotorjobs.com\/fr\/le-congres-americain-sattaque-aux-vols-de-convertisseurs-catalytiques-avec-un-nouveau-projet-de-loi\/"]}]},{"@type":"ImageObject","inLanguage":"fr-CA","@id":"https:\/\/news.canadamotorjobs.com\/fr\/le-congres-americain-sattaque-aux-vols-de-convertisseurs-catalytiques-avec-un-nouveau-projet-de-loi\/#primaryimage","url":"https:\/\/news.canadamotorjobs.com\/wp-content\/uploads\/2023\/02\/495e38d3-be1c-4655-838f-7dc2d6b260d6-large16x9_IMG3464.jpg","contentUrl":"https:\/\/news.canadamotorjobs.com\/wp-content\/uploads\/2023\/02\/495e38d3-be1c-4655-838f-7dc2d6b260d6-large16x9_IMG3464.jpg","width":1015,"height":571},{"@type":"BreadcrumbList","@id":"https:\/\/news.canadamotorjobs.com\/fr\/le-congres-americain-sattaque-aux-vols-de-convertisseurs-catalytiques-avec-un-nouveau-projet-de-loi\/#breadcrumb","itemListElement":[{"@type":"ListItem","position":1,"name":"Home","item":"https:\/\/news.canadamotorjobs.com\/fr\/blog\/"},{"@type":"ListItem","position":2,"name":"Le Congr\u00e8s am\u00e9ricain s\u2019attaque aux vols de convertisseurs catalytiques avec un nouveau projet de loi."}]},{"@type":"WebSite","@id":"https:\/\/news.canadamotorjobs.com\/#website","url":"https:\/\/news.canadamotorjobs.com\/","name":"CanadaMotorJobs.com","description":"Automotive Jobs","publisher":{"@id":"https:\/\/news.canadamotorjobs.com\/#organization"},"potentialAction":[{"@type":"SearchAction","target":{"@type":"EntryPoint","urlTemplate":"https:\/\/news.canadamotorjobs.com\/?s={search_term_string}"},"query-input":"required name=search_term_string"}],"inLanguage":"fr-CA"},{"@type":"Organization","@id":"https:\/\/news.canadamotorjobs.com\/#organization","name":"Canada Motor Jobs","url":"https:\/\/news.canadamotorjobs.com\/","logo":{"@type":"ImageObject","inLanguage":"fr-CA","@id":"https:\/\/news.canadamotorjobs.com\/#\/schema\/logo\/image\/","url":"https:\/\/news.canadamotorjobs.com\/wp-content\/uploads\/2022\/10\/logo-canada-motor-jobs-1.png","contentUrl":"https:\/\/news.canadamotorjobs.com\/wp-content\/uploads\/2022\/10\/logo-canada-motor-jobs-1.png","width":800,"height":400,"caption":"Canada Motor Jobs"},"image":{"@id":"https:\/\/news.canadamotorjobs.com\/#\/schema\/logo\/image\/"},"sameAs":["https:\/\/www.facebook.com\/canadamotorjobs\/","https:\/\/x.com\/canadamotorjobs","https:\/\/www.instagram.com\/canadamotorjobs\/","https:\/\/www.linkedin.com\/company\/canadamotorjobs"]},{"@type":"Person","@id":"https:\/\/news.canadamotorjobs.com\/#\/schema\/person\/51793d1f87d44011d7bcc2ed99269a90","name":"Benoit Charette","image":{"@type":"ImageObject","inLanguage":"fr-CA","@id":"https:\/\/news.canadamotorjobs.com\/#\/schema\/person\/image\/","url":"https:\/\/secure.gravatar.com\/avatar\/45f3d2eebcccd909668d7ce7ea7267b6?s=96&d=mm&r=g","contentUrl":"https:\/\/secure.gravatar.com\/avatar\/45f3d2eebcccd909668d7ce7ea7267b6?s=96&d=mm&r=g","caption":"Benoit Charette"},"description":"Benoit Charette \/ Propri\u00e9taire et r\u00e9dacteur en chef Benoit Charette pratique le journalisme automobile depuis bient\u00f4t 30 ans. Il a fait ses classes au c\u00f4t\u00e9 de Daniel H\u00e9raud et au Carnet de route de 1992 \u00e0 2001. Il est fondateur, copropri\u00e9taire et r\u00e9dacteur en chef de L\u2019Annuel de l\u2019automobile, qu\u2019il publie depuis 2001. Il a anim\u00e9 les \u00e9missions RPM et RPM+ sur V et les L\u00e9gendes de la route sur Historia. \u00c0 la radio depuis 1986, il reprend l\u2019antenne cette ann\u00e9e sur les ondes de Cogeco et participe pour la deuxi\u00e8me ann\u00e9e \u00e0 l\u2019\u00e9mission Passion Auto sur RDS en plus de mettre en ligne le site Web officiel de L\u2019Annuel de l\u2019automobile sur annuelauto.ca.","sameAs":["https:\/\/annuelauto.ca\/"],"url":"https:\/\/news.canadamotorjobs.com\/fr\/author\/benoit-charette\/"}]}},"_links":{"self":[{"href":"https:\/\/news.canadamotorjobs.com\/fr\/wp-json\/wp\/v2\/posts\/139354"}],"collection":[{"href":"https:\/\/news.canadamotorjobs.com\/fr\/wp-json\/wp\/v2\/posts"}],"about":[{"href":"https:\/\/news.canadamotorjobs.com\/fr\/wp-json\/wp\/v2\/types\/post"}],"author":[{"embeddable":true,"href":"https:\/\/news.canadamotorjobs.com\/fr\/wp-json\/wp\/v2\/users\/8"}],"replies":[{"embeddable":true,"href":"https:\/\/news.canadamotorjobs.com\/fr\/wp-json\/wp\/v2\/comments?post=139354"}],"version-history":[{"count":2,"href":"https:\/\/news.canadamotorjobs.com\/fr\/wp-json\/wp\/v2\/posts\/139354\/revisions"}],"predecessor-version":[{"id":139358,"href":"https:\/\/news.canadamotorjobs.com\/fr\/wp-json\/wp\/v2\/posts\/139354\/revisions\/139358"}],"wp:featuredmedia":[{"embeddable":true,"href":"https:\/\/news.canadamotorjobs.com\/fr\/wp-json\/wp\/v2\/media\/139356"}],"wp:attachment":[{"href":"https:\/\/news.canadamotorjobs.com\/fr\/wp-json\/wp\/v2\/media?parent=139354"}],"wp:term":[{"taxonomy":"category","embeddable":true,"href":"https:\/\/news.canadamotorjobs.com\/fr\/wp-json\/wp\/v2\/categories?post=139354"},{"taxonomy":"post_tag","embeddable":true,"href":"https:\/\/news.canadamotorjobs.com\/fr\/wp-json\/wp\/v2\/tags?post=139354"}],"curies":[{"name":"wp","href":"https:\/\/api.w.org\/{rel}","templated":true}]}}