{"id":139331,"date":"2023-02-02T08:38:34","date_gmt":"2023-02-02T13:38:34","guid":{"rendered":"https:\/\/news.canadamotorjobs.com\/?p=139331"},"modified":"2023-02-02T08:45:22","modified_gmt":"2023-02-02T13:45:22","slug":"voici-la-lucid-air","status":"publish","type":"post","link":"https:\/\/news.canadamotorjobs.com\/fr\/voici-la-lucid-air\/","title":{"rendered":"Voici la Lucid Air"},"content":{"rendered":"<\/p>\n<p>La Californie n\u2019est pas seulement le plus gros march\u00e9 automobile en Am\u00e9rique du Nord, ni seulement le plus gros march\u00e9 de v\u00e9hicules \u00e9lectriques sur le continent, c\u2019est aussi apparemment l\u00e0 o\u00f9 l\u2019industrie automobile \u00e9lectrique est en train de s\u2019installer de la fa\u00e7on la plus remarquable. On connaissait d\u00e9j\u00e0 Tesla et voil\u00e0 que Lucid Motors fait lentement mais s\u00fbrement son arriv\u00e9e sur le march\u00e9 automobile, avec sa berline Air qui commence ces jours-ci \u00e0 prendre la route jusque chez nous, au Qu\u00e9bec.<\/p>\n<h3>On l&#8217;attend depuis quelques ann\u00e9es<\/h3>\n<p>\nLa Lucid Air est une berline qui a mis du temps \u00e0 \u00eatre commercialis\u00e9e. Lucid a commenc\u00e9 \u00e0 en parler en 2016. Puis on a crois\u00e9 des prototypes sur la c\u00f4te ouest am\u00e9ricaine entre 2018 et 2019. Et l\u00e0, on voit enfin sur la route sa version \u00ab haut de gamme \u00bb, m\u00eame s\u2019il existe des versions compl\u00e8tement d\u00e9jant\u00e9es de cette voiture qui seront ajout\u00e9es au catalogue bient\u00f4t. Cette version-l\u00e0 est la Grand Touring, ou GT. Elle est anim\u00e9e par deux gros moteurs, un par essieu, qui produisent ensemble une puissance totale de 800 chevaux. C\u2019est \u00e9norme, et \u00e7a permet de boucler le 0-100 km\/h en environ 3 secondes, malgr\u00e9 le poids de la berline qui est sup\u00e9rieur \u00e0 2700 kilos. Notez qu\u2019il existe des versions de 1050 et de 1111 chevaux de la Air, et qu\u2019une version de 1200 chevaux \u00e0 trois moteurs est dans les plans.<\/p>\n<h3>800 km d&#8217;autonomie<\/h3>\n<p>\nMalgr\u00e9 tout \u00e7a, la Air qui est livr\u00e9e aux premiers acheteurs ces jours-ci a une autonomie qui avoisine les 800 kilom\u00e8tres par charge. C\u2019est pas mal! \u00c7a explique aussi un peu pourquoi Lucid se permet de vendre sa voiture au gros prix : 191 000 $ pour la GT. Il y aura d\u2019ici la fin de l\u2019ann\u00e9e deux variations plus abordables de la Lucid Air\u00a0: la Touring et la Pure, qui se co\u00fbteront respectivement 131\u00a0000 et 107\u00a0000 $. Leur puissance et leur autonomie sont plus modestes. On parle de 480 chevaux et de 650 km d\u2019autonomie pour la Air Pure.<\/p>\n<h3>Elle fend l&#8217;air<\/h3>\n<p>\nDeux choses permettent \u00e0 cette voiture-l\u00e0 d\u2019obtenir de bons r\u00e9sultats sur la route\u00a0: son design est tr\u00e8s a\u00e9rodynamique, avec un coefficient de 0,22, parmi les meilleurs sur le march\u00e9. Son pare-brise aide beaucoup\u00a0: il a un angle tr\u00e8s prononc\u00e9 et surtout, il se rend jusqu\u2019\u00e0 la moiti\u00e9 de l\u2019habitacle (gare aux impacts de cailloux\u00a0: \u00e7a co\u00fbte plus de 2000$ le remplacer). L\u2019autre d\u00e9tail\u00a0: la m\u00e9canique a \u00e9t\u00e9 d\u00e9velopp\u00e9e \u00e0 partir d\u2019une architecture de 900 volts, ce qui rend le moteur plus efficace, d\u2019une part, et permet des recharges plus rapides, quand on la branche \u00e0 la bonne borne. On peut r\u00e9cup\u00e9rer 500 km d\u2019autonomie en 18 minutes.<\/p>\n<h3>Un int\u00e9rieur minimaliste<\/h3>\n<p>\nAu volant, on ne remarque pas vraiment le poids \u00e9lev\u00e9 de la berline. La conduite est r\u00e9glable en trois degr\u00e9s de puissance, et dans les trois cas, les acc\u00e9l\u00e9rations sont plus que suffisantes peu importe les circonstances. Le tableau de bord est tr\u00e8s minimal. On trouve des \u00e9crans tactiles de chaque c\u00f4t\u00e9 du volant et sur la console centrale. Il faut s\u2019y faire, tout le monde fait la m\u00eame chose\u2026 Peu importe le mode, la voiture a un comportement tr\u00e8s rassurant. M\u00eame sur la neige vive, elle tient bien la route. Elle a le poids qu\u2019il faut pour y arriver\u2026 Et des freins assez gros pour arr\u00eater tout \u00e7a tr\u00e8s sec. C\u00f4t\u00e9 connectivit\u00e9, on n\u2019a pas encore Android Auto ni CarPlay, mais on me dit que \u00e7a s\u2019en vient. Une mise \u00e0 jour du logiciel devrait activer ces interfaces-l\u00e0 dans les prochains mois. Il faut dire que le directeur financier de Lucid est un ancien d\u2019Apple, alors\u2026<\/p>\n<h3>Un financement assur\u00e9<\/h3>\n<p>\nParlant de direction, Lucid Motors dit avoir les moyens d\u2019assurer sa survie financi\u00e8re \u00e0 long terme. Un VUS va bient\u00f4t s\u2019ajouter au catalogue et d\u2019autres produits vont s\u2019ajouter par la suite. L\u2019usine en Airzona est en train de quadrupler de taille et une autre usine en Arabie Saoudite est dans les plans. D\u2019ailleurs, si vous pr\u00e9voyez acheter une Lucid, sachez ceci : l\u2019entreprise est financ\u00e9e par le fonds souverain d\u2019Arabie Saoudite, un pays qui n\u2019est pas particuli\u00e8rement reconnu pour son progressisme, ni pour son respect de l\u2019environnement, ni pour son respect des droits humains. Des gens f\u00e2ch\u00e9s par l\u2019attitude d\u2019Elon Musk \u00e0 la t\u00eate de Twitter qui refusent d\u2019acheter une Tesla par principe, et qui d\u00e9cideraient plut\u00f4t d\u2019acheter une Lucid\u2026 disons que \u00e7a n\u2019envoie pas exactement le message qu\u2019ils esp\u00e8rent peut-\u00eatre envoyer\u2026<\/p>\n<p>\u00a0<\/p>\n<p>\u00a0<\/p>\n<p>Le texte <a rel=\"nofollow\" href=\"https:\/\/annuelauto.ca\/voici-la-lucid-air\/\">Voici la Lucid Air<\/a> provient de <a rel=\"nofollow\" href=\"https:\/\/annuelauto.ca\">L&#8217;annuel de l&#8217;automobile &#8211; Actualit\u00e9 automobile<\/a><\/p>\n<p><\/p>\n","protected":false},"excerpt":{"rendered":"<p>La Californie n\u2019est pas seulement le plus gros march\u00e9 automobile en Am\u00e9rique du Nord, ni seulement le plus gros march\u00e9 de v\u00e9hicules \u00e9lectriques sur le continent, c\u2019est aussi apparemment l\u00e0 o\u00f9 l\u2019industrie automobile \u00e9lectrique est en train de s\u2019installer de la fa\u00e7on la plus remarquable. On connaissait d\u00e9j\u00e0 Tesla et voil\u00e0 que Lucid Motors fait [&hellip;]<\/p>\n","protected":false},"author":8,"featured_media":139333,"comment_status":"close","ping_status":"closed","sticky":false,"template":"","format":"standard","meta":{"_monsterinsights_skip_tracking":false,"_monsterinsights_sitenote_active":false,"_monsterinsights_sitenote_note":"","_monsterinsights_sitenote_category":0,"footnotes":""},"categories":[101],"tags":[],"yoast_head":"<!-- This site is optimized with the Yoast SEO plugin v23.2 - https:\/\/yoast.com\/wordpress\/plugins\/seo\/ -->\n<title>Voici la Lucid Air - CanadaMotorJobs.com<\/title>\n<meta name=\"description\" content=\"Voici la Lucid Air - Benoit Charette - Annuel automobile - CanadaMotorJobs.com.\" \/>\n<meta name=\"robots\" content=\"index, follow, max-snippet:-1, max-image-preview:large, max-video-preview:-1\" \/>\n<meta property=\"og:locale\" content=\"fr_CA\" \/>\n<meta property=\"og:type\" content=\"article\" \/>\n<meta property=\"og:title\" content=\"Voici la Lucid Air - CanadaMotorJobs.com\" \/>\n<meta property=\"og:description\" content=\"Voici la Lucid Air - Benoit Charette - Annuel automobile - CanadaMotorJobs.com.\" \/>\n<meta property=\"og:url\" content=\"https:\/\/news.canadamotorjobs.com\/fr\/voici-la-lucid-air\/\" \/>\n<meta property=\"og:site_name\" content=\"CanadaMotorJobs.com\" \/>\n<meta property=\"article:publisher\" content=\"https:\/\/www.facebook.com\/canadamotorjobs\/\" \/>\n<meta property=\"article:published_time\" content=\"2023-02-02T13:38:34+00:00\" \/>\n<meta property=\"article:modified_time\" content=\"2023-02-02T13:45:22+00:00\" \/>\n<meta property=\"og:image\" content=\"https:\/\/news.canadamotorjobs.com\/wp-content\/uploads\/2023\/02\/04-touring-SF-side-profile.jpg\" \/>\n\t<meta property=\"og:image:width\" content=\"1200\" \/>\n\t<meta property=\"og:image:height\" content=\"800\" \/>\n\t<meta property=\"og:image:type\" content=\"image\/jpeg\" \/>\n<meta name=\"author\" content=\"Benoit Charette\" \/>\n<meta name=\"twitter:card\" content=\"summary_large_image\" \/>\n<meta name=\"twitter:creator\" content=\"@canadamotorjobs\" \/>\n<meta name=\"twitter:site\" content=\"@canadamotorjobs\" \/>\n<meta name=\"twitter:label1\" content=\"\u00c9crit par\" \/>\n\t<meta name=\"twitter:data1\" content=\"Benoit Charette\" \/>\n\t<meta name=\"twitter:label2\" content=\"Estimation du temps de lecture\" \/>\n\t<meta name=\"twitter:data2\" content=\"4 minutes\" \/>\n<!-- \/ Yoast SEO plugin. -->","yoast_head_json":{"title":"Voici la Lucid Air - CanadaMotorJobs.com","description":"Voici la Lucid Air - Benoit Charette - Annuel automobile - CanadaMotorJobs.com.","robots":{"index":"index","follow":"follow","max-snippet":"max-snippet:-1","max-image-preview":"max-image-preview:large","max-video-preview":"max-video-preview:-1"},"og_locale":"fr_CA","og_type":"article","og_title":"Voici la Lucid Air - CanadaMotorJobs.com","og_description":"Voici la Lucid Air - Benoit Charette - Annuel automobile - CanadaMotorJobs.com.","og_url":"https:\/\/news.canadamotorjobs.com\/fr\/voici-la-lucid-air\/","og_site_name":"CanadaMotorJobs.com","article_publisher":"https:\/\/www.facebook.com\/canadamotorjobs\/","article_published_time":"2023-02-02T13:38:34+00:00","article_modified_time":"2023-02-02T13:45:22+00:00","og_image":[{"width":1200,"height":800,"url":"https:\/\/news.canadamotorjobs.com\/wp-content\/uploads\/2023\/02\/04-touring-SF-side-profile.jpg","type":"image\/jpeg"}],"author":"Benoit Charette","twitter_card":"summary_large_image","twitter_creator":"@canadamotorjobs","twitter_site":"@canadamotorjobs","twitter_misc":{"\u00c9crit par":"Benoit Charette","Estimation du temps de lecture":"4 minutes"},"schema":{"@context":"https:\/\/schema.org","@graph":[{"@type":"Article","@id":"https:\/\/news.canadamotorjobs.com\/fr\/voici-la-lucid-air\/#article","isPartOf":{"@id":"https:\/\/news.canadamotorjobs.com\/fr\/voici-la-lucid-air\/"},"author":{"name":"Benoit Charette","@id":"https:\/\/news.canadamotorjobs.com\/#\/schema\/person\/51793d1f87d44011d7bcc2ed99269a90"},"headline":"Voici la Lucid Air","datePublished":"2023-02-02T13:38:34+00:00","dateModified":"2023-02-02T13:45:22+00:00","mainEntityOfPage":{"@id":"https:\/\/news.canadamotorjobs.com\/fr\/voici-la-lucid-air\/"},"wordCount":825,"publisher":{"@id":"https:\/\/news.canadamotorjobs.com\/#organization"},"image":{"@id":"https:\/\/news.canadamotorjobs.com\/fr\/voici-la-lucid-air\/#primaryimage"},"thumbnailUrl":"https:\/\/news.canadamotorjobs.com\/wp-content\/uploads\/2023\/02\/04-touring-SF-side-profile.jpg","articleSection":["Annuel automobile"],"inLanguage":"fr-CA"},{"@type":"WebPage","@id":"https:\/\/news.canadamotorjobs.com\/fr\/voici-la-lucid-air\/","url":"https:\/\/news.canadamotorjobs.com\/fr\/voici-la-lucid-air\/","name":"Voici la Lucid Air - CanadaMotorJobs.com","isPartOf":{"@id":"https:\/\/news.canadamotorjobs.com\/#website"},"primaryImageOfPage":{"@id":"https:\/\/news.canadamotorjobs.com\/fr\/voici-la-lucid-air\/#primaryimage"},"image":{"@id":"https:\/\/news.canadamotorjobs.com\/fr\/voici-la-lucid-air\/#primaryimage"},"thumbnailUrl":"https:\/\/news.canadamotorjobs.com\/wp-content\/uploads\/2023\/02\/04-touring-SF-side-profile.jpg","datePublished":"2023-02-02T13:38:34+00:00","dateModified":"2023-02-02T13:45:22+00:00","description":"Voici la Lucid Air - Benoit Charette - Annuel automobile - CanadaMotorJobs.com.","breadcrumb":{"@id":"https:\/\/news.canadamotorjobs.com\/fr\/voici-la-lucid-air\/#breadcrumb"},"inLanguage":"fr-CA","potentialAction":[{"@type":"ReadAction","target":["https:\/\/news.canadamotorjobs.com\/fr\/voici-la-lucid-air\/"]}]},{"@type":"ImageObject","inLanguage":"fr-CA","@id":"https:\/\/news.canadamotorjobs.com\/fr\/voici-la-lucid-air\/#primaryimage","url":"https:\/\/news.canadamotorjobs.com\/wp-content\/uploads\/2023\/02\/04-touring-SF-side-profile.jpg","contentUrl":"https:\/\/news.canadamotorjobs.com\/wp-content\/uploads\/2023\/02\/04-touring-SF-side-profile.jpg","width":1200,"height":800},{"@type":"BreadcrumbList","@id":"https:\/\/news.canadamotorjobs.com\/fr\/voici-la-lucid-air\/#breadcrumb","itemListElement":[{"@type":"ListItem","position":1,"name":"Home","item":"https:\/\/news.canadamotorjobs.com\/fr\/blog\/"},{"@type":"ListItem","position":2,"name":"Voici la Lucid Air"}]},{"@type":"WebSite","@id":"https:\/\/news.canadamotorjobs.com\/#website","url":"https:\/\/news.canadamotorjobs.com\/","name":"CanadaMotorJobs.com","description":"Automotive Jobs","publisher":{"@id":"https:\/\/news.canadamotorjobs.com\/#organization"},"potentialAction":[{"@type":"SearchAction","target":{"@type":"EntryPoint","urlTemplate":"https:\/\/news.canadamotorjobs.com\/?s={search_term_string}"},"query-input":"required name=search_term_string"}],"inLanguage":"fr-CA"},{"@type":"Organization","@id":"https:\/\/news.canadamotorjobs.com\/#organization","name":"Canada Motor Jobs","url":"https:\/\/news.canadamotorjobs.com\/","logo":{"@type":"ImageObject","inLanguage":"fr-CA","@id":"https:\/\/news.canadamotorjobs.com\/#\/schema\/logo\/image\/","url":"https:\/\/news.canadamotorjobs.com\/wp-content\/uploads\/2022\/10\/logo-canada-motor-jobs-1.png","contentUrl":"https:\/\/news.canadamotorjobs.com\/wp-content\/uploads\/2022\/10\/logo-canada-motor-jobs-1.png","width":800,"height":400,"caption":"Canada Motor Jobs"},"image":{"@id":"https:\/\/news.canadamotorjobs.com\/#\/schema\/logo\/image\/"},"sameAs":["https:\/\/www.facebook.com\/canadamotorjobs\/","https:\/\/x.com\/canadamotorjobs","https:\/\/www.instagram.com\/canadamotorjobs\/","https:\/\/www.linkedin.com\/company\/canadamotorjobs"]},{"@type":"Person","@id":"https:\/\/news.canadamotorjobs.com\/#\/schema\/person\/51793d1f87d44011d7bcc2ed99269a90","name":"Benoit Charette","image":{"@type":"ImageObject","inLanguage":"fr-CA","@id":"https:\/\/news.canadamotorjobs.com\/#\/schema\/person\/image\/","url":"https:\/\/secure.gravatar.com\/avatar\/45f3d2eebcccd909668d7ce7ea7267b6?s=96&d=mm&r=g","contentUrl":"https:\/\/secure.gravatar.com\/avatar\/45f3d2eebcccd909668d7ce7ea7267b6?s=96&d=mm&r=g","caption":"Benoit Charette"},"description":"Benoit Charette \/ Propri\u00e9taire et r\u00e9dacteur en chef Benoit Charette pratique le journalisme automobile depuis bient\u00f4t 30 ans. Il a fait ses classes au c\u00f4t\u00e9 de Daniel H\u00e9raud et au Carnet de route de 1992 \u00e0 2001. Il est fondateur, copropri\u00e9taire et r\u00e9dacteur en chef de L\u2019Annuel de l\u2019automobile, qu\u2019il publie depuis 2001. Il a anim\u00e9 les \u00e9missions RPM et RPM+ sur V et les L\u00e9gendes de la route sur Historia. \u00c0 la radio depuis 1986, il reprend l\u2019antenne cette ann\u00e9e sur les ondes de Cogeco et participe pour la deuxi\u00e8me ann\u00e9e \u00e0 l\u2019\u00e9mission Passion Auto sur RDS en plus de mettre en ligne le site Web officiel de L\u2019Annuel de l\u2019automobile sur annuelauto.ca.","sameAs":["https:\/\/annuelauto.ca\/"],"url":"https:\/\/news.canadamotorjobs.com\/fr\/author\/benoit-charette\/"}]}},"_links":{"self":[{"href":"https:\/\/news.canadamotorjobs.com\/fr\/wp-json\/wp\/v2\/posts\/139331"}],"collection":[{"href":"https:\/\/news.canadamotorjobs.com\/fr\/wp-json\/wp\/v2\/posts"}],"about":[{"href":"https:\/\/news.canadamotorjobs.com\/fr\/wp-json\/wp\/v2\/types\/post"}],"author":[{"embeddable":true,"href":"https:\/\/news.canadamotorjobs.com\/fr\/wp-json\/wp\/v2\/users\/8"}],"replies":[{"embeddable":true,"href":"https:\/\/news.canadamotorjobs.com\/fr\/wp-json\/wp\/v2\/comments?post=139331"}],"version-history":[{"count":2,"href":"https:\/\/news.canadamotorjobs.com\/fr\/wp-json\/wp\/v2\/posts\/139331\/revisions"}],"predecessor-version":[{"id":139335,"href":"https:\/\/news.canadamotorjobs.com\/fr\/wp-json\/wp\/v2\/posts\/139331\/revisions\/139335"}],"wp:featuredmedia":[{"embeddable":true,"href":"https:\/\/news.canadamotorjobs.com\/fr\/wp-json\/wp\/v2\/media\/139333"}],"wp:attachment":[{"href":"https:\/\/news.canadamotorjobs.com\/fr\/wp-json\/wp\/v2\/media?parent=139331"}],"wp:term":[{"taxonomy":"category","embeddable":true,"href":"https:\/\/news.canadamotorjobs.com\/fr\/wp-json\/wp\/v2\/categories?post=139331"},{"taxonomy":"post_tag","embeddable":true,"href":"https:\/\/news.canadamotorjobs.com\/fr\/wp-json\/wp\/v2\/tags?post=139331"}],"curies":[{"name":"wp","href":"https:\/\/api.w.org\/{rel}","templated":true}]}}