{"id":139274,"date":"2023-02-01T15:19:01","date_gmt":"2023-02-01T20:19:01","guid":{"rendered":"https:\/\/news.canadamotorjobs.com\/?p=139274"},"modified":"2023-02-01T15:28:41","modified_gmt":"2023-02-01T20:28:41","slug":"toyota-revient-a-la-charge-contre-les-autos-electriques","status":"publish","type":"post","link":"https:\/\/news.canadamotorjobs.com\/fr\/toyota-revient-a-la-charge-contre-les-autos-electriques\/","title":{"rendered":"Toyota revient \u00e0 la charge contre les autos \u00e9lectriques"},"content":{"rendered":"<\/p>\n<p>Le scientifique en chef du groupe Toyota Gill Pratt persiste et signe. On savait d\u00e9j\u00e0 que Toyota \u00e9tait un des constructeurs d\u2019automobiles les plus r\u00e9ticents \u00e0 se lancer dans l\u2019\u00e9lectrification compl\u00e8te de ses v\u00e9hicules. C\u2019est ironique, dans la mesure o\u00f9 Toyota est quand m\u00eame un pionnier en la mati\u00e8re vu l\u2019omnipr\u00e9sence des moteurs hybrides dans sa gamme. Mais, voil\u00e0, plut\u00f4t que passer \u00e0 l\u2019\u00e9tape du tout \u00e9lectrique, Toyota entre en guerre contre ceux qui en font la promotion.<\/p>\n<p>Entre en sc\u00e8ne Gill Pratt, donc, qui dit en gros que le probl\u00e8me en ce moment dans l\u2019automobile, c\u2019est que nous sommes incapables d\u2019avoir une discussion sens\u00e9e entre adultes sur la question de la pollution automobile. Il rappelle en passant que selon lui, la plan\u00e8te ne contient pas assez de lithium pour ins\u00e9rer une batterie dans tous les v\u00e9hicules actuellement sur la route.<\/p>\n<p>La m\u00eame chose vaut pour le mangan\u00e8se et le nickel, d\u2019ailleurs. Il y a des \u00e9tudes qui disent qu\u2019on sera \u00e0 court de ces m\u00e9taux strat\u00e9giques aussi t\u00f4t qu\u2019en 2040.<\/p>\n<p>Gill Pratt a v\u00e9cu une sorte d\u2019\u00e9veil cosmique \u00e0 ce sujet quand il a pris le volant du Model X de Tesla que conduit quotidiennement son \u00e9pouse (ce qui, en soit, est d\u00e9j\u00e0 pas mal ironique). Celle-ci ne parcourt jamais plus de 50 kilom\u00e8tres par jour mais elle voulait un gros VUS capable d\u2019en faire 600 par charge.<\/p>\n<p>C\u2019est, selon lui, un \u00e9norme gaspillage. Et l\u00e0-dessus, il n\u2019a vraiment pas tort. L\u00e0 o\u00f9 \u00e7a se complique, c\u2019est dans les solutions propos\u00e9es par Toyota. Car on le sait, le groupe japonais r\u00eave plut\u00f4t de voir l\u2019automobile de demain carburer \u00e0 l\u2019hydrog\u00e8ne propre. Malheureusement, il est \u00e0 peu pr\u00e8s le seul dans ce bateau-l\u00e0 \u00e0 l\u2019heure actuelle. On voit l\u2019hydrog\u00e8ne composer pas beaucoup plus que 3% du march\u00e9 de l\u2019\u00e9nergie en 2040\u2026<\/p>\n<p>\u00c9videmment, peut-\u00eatre que la vraie solution serait de revoir le cocktail des moyens de transport \u00e0 notre disposition. Plus de transport collectif et public r\u00e9ellement accessible, plus de TGV, plus de transport actif\u2026 Si tout \u00e7a peut aider \u00e0 r\u00e9duire le nombre de voitures sur la route, tout le monde y gagnera.<\/p>\n<p>Le texte <a rel=\"nofollow\" href=\"https:\/\/annuelauto.ca\/toyota-revient-a-la-charge-contre-les-autos-electriques\/\">Toyota revient \u00e0 la charge contre les autos \u00e9lectriques<\/a> provient de <a rel=\"nofollow\" href=\"https:\/\/annuelauto.ca\">L&#8217;annuel de l&#8217;automobile &#8211; Actualit\u00e9 automobile<\/a><\/p>\n<p><\/p>\n","protected":false},"excerpt":{"rendered":"<p>Le scientifique en chef du groupe Toyota Gill Pratt persiste et signe. On savait d\u00e9j\u00e0 que Toyota \u00e9tait un des constructeurs d\u2019automobiles les plus r\u00e9ticents \u00e0 se lancer dans l\u2019\u00e9lectrification compl\u00e8te de ses v\u00e9hicules. C\u2019est ironique, dans la mesure o\u00f9 Toyota est quand m\u00eame un pionnier en la mati\u00e8re vu l\u2019omnipr\u00e9sence des moteurs hybrides dans [&hellip;]<\/p>\n","protected":false},"author":8,"featured_media":139276,"comment_status":"close","ping_status":"closed","sticky":false,"template":"","format":"standard","meta":{"_monsterinsights_skip_tracking":false,"_monsterinsights_sitenote_active":false,"_monsterinsights_sitenote_note":"","_monsterinsights_sitenote_category":0,"footnotes":""},"categories":[101],"tags":[],"yoast_head":"<!-- This site is optimized with the Yoast SEO plugin v23.2 - https:\/\/yoast.com\/wordpress\/plugins\/seo\/ -->\n<title>Toyota revient \u00e0 la charge contre les autos \u00e9lectriques - CanadaMotorJobs.com<\/title>\n<meta name=\"description\" content=\"Toyota revient \u00e0 la charge contre les autos \u00e9lectriques - Benoit Charette - Annuel automobile - CanadaMotorJobs.com.\" \/>\n<meta name=\"robots\" content=\"index, follow, max-snippet:-1, max-image-preview:large, max-video-preview:-1\" \/>\n<meta property=\"og:locale\" content=\"fr_CA\" \/>\n<meta property=\"og:type\" content=\"article\" \/>\n<meta property=\"og:title\" content=\"Toyota revient \u00e0 la charge contre les autos \u00e9lectriques - CanadaMotorJobs.com\" \/>\n<meta property=\"og:description\" content=\"Toyota revient \u00e0 la charge contre les autos \u00e9lectriques - Benoit Charette - Annuel automobile - CanadaMotorJobs.com.\" \/>\n<meta property=\"og:url\" content=\"https:\/\/news.canadamotorjobs.com\/fr\/toyota-revient-a-la-charge-contre-les-autos-electriques\/\" \/>\n<meta property=\"og:site_name\" content=\"CanadaMotorJobs.com\" \/>\n<meta property=\"article:publisher\" content=\"https:\/\/www.facebook.com\/canadamotorjobs\/\" \/>\n<meta property=\"article:published_time\" content=\"2023-02-01T20:19:01+00:00\" \/>\n<meta property=\"article:modified_time\" content=\"2023-02-01T20:28:41+00:00\" \/>\n<meta property=\"og:image\" content=\"https:\/\/news.canadamotorjobs.com\/wp-content\/uploads\/2023\/02\/268337_RAV4_Electric_b7118c24-23e6-45c2-acc8-4a8c0c6c8356-prv.jpg\" \/>\n\t<meta property=\"og:image:width\" content=\"640\" \/>\n\t<meta property=\"og:image:height\" content=\"427\" \/>\n\t<meta property=\"og:image:type\" content=\"image\/jpeg\" \/>\n<meta name=\"author\" content=\"Benoit Charette\" \/>\n<meta name=\"twitter:card\" content=\"summary_large_image\" \/>\n<meta name=\"twitter:creator\" content=\"@canadamotorjobs\" \/>\n<meta name=\"twitter:site\" content=\"@canadamotorjobs\" \/>\n<meta name=\"twitter:label1\" content=\"\u00c9crit par\" \/>\n\t<meta name=\"twitter:data1\" content=\"Benoit Charette\" \/>\n\t<meta name=\"twitter:label2\" content=\"Estimation du temps de lecture\" \/>\n\t<meta name=\"twitter:data2\" content=\"2 minutes\" \/>\n<!-- \/ Yoast SEO plugin. -->","yoast_head_json":{"title":"Toyota revient \u00e0 la charge contre les autos \u00e9lectriques - CanadaMotorJobs.com","description":"Toyota revient \u00e0 la charge contre les autos \u00e9lectriques - Benoit Charette - Annuel automobile - CanadaMotorJobs.com.","robots":{"index":"index","follow":"follow","max-snippet":"max-snippet:-1","max-image-preview":"max-image-preview:large","max-video-preview":"max-video-preview:-1"},"og_locale":"fr_CA","og_type":"article","og_title":"Toyota revient \u00e0 la charge contre les autos \u00e9lectriques - CanadaMotorJobs.com","og_description":"Toyota revient \u00e0 la charge contre les autos \u00e9lectriques - Benoit Charette - Annuel automobile - CanadaMotorJobs.com.","og_url":"https:\/\/news.canadamotorjobs.com\/fr\/toyota-revient-a-la-charge-contre-les-autos-electriques\/","og_site_name":"CanadaMotorJobs.com","article_publisher":"https:\/\/www.facebook.com\/canadamotorjobs\/","article_published_time":"2023-02-01T20:19:01+00:00","article_modified_time":"2023-02-01T20:28:41+00:00","og_image":[{"width":640,"height":427,"url":"https:\/\/news.canadamotorjobs.com\/wp-content\/uploads\/2023\/02\/268337_RAV4_Electric_b7118c24-23e6-45c2-acc8-4a8c0c6c8356-prv.jpg","type":"image\/jpeg"}],"author":"Benoit Charette","twitter_card":"summary_large_image","twitter_creator":"@canadamotorjobs","twitter_site":"@canadamotorjobs","twitter_misc":{"\u00c9crit par":"Benoit Charette","Estimation du temps de lecture":"2 minutes"},"schema":{"@context":"https:\/\/schema.org","@graph":[{"@type":"Article","@id":"https:\/\/news.canadamotorjobs.com\/fr\/toyota-revient-a-la-charge-contre-les-autos-electriques\/#article","isPartOf":{"@id":"https:\/\/news.canadamotorjobs.com\/fr\/toyota-revient-a-la-charge-contre-les-autos-electriques\/"},"author":{"name":"Benoit Charette","@id":"https:\/\/news.canadamotorjobs.com\/#\/schema\/person\/51793d1f87d44011d7bcc2ed99269a90"},"headline":"Toyota revient \u00e0 la charge contre les autos \u00e9lectriques","datePublished":"2023-02-01T20:19:01+00:00","dateModified":"2023-02-01T20:28:41+00:00","mainEntityOfPage":{"@id":"https:\/\/news.canadamotorjobs.com\/fr\/toyota-revient-a-la-charge-contre-les-autos-electriques\/"},"wordCount":420,"publisher":{"@id":"https:\/\/news.canadamotorjobs.com\/#organization"},"image":{"@id":"https:\/\/news.canadamotorjobs.com\/fr\/toyota-revient-a-la-charge-contre-les-autos-electriques\/#primaryimage"},"thumbnailUrl":"https:\/\/news.canadamotorjobs.com\/wp-content\/uploads\/2023\/02\/268337_RAV4_Electric_b7118c24-23e6-45c2-acc8-4a8c0c6c8356-prv.jpg","articleSection":["Annuel automobile"],"inLanguage":"fr-CA"},{"@type":"WebPage","@id":"https:\/\/news.canadamotorjobs.com\/fr\/toyota-revient-a-la-charge-contre-les-autos-electriques\/","url":"https:\/\/news.canadamotorjobs.com\/fr\/toyota-revient-a-la-charge-contre-les-autos-electriques\/","name":"Toyota revient \u00e0 la charge contre les autos \u00e9lectriques - CanadaMotorJobs.com","isPartOf":{"@id":"https:\/\/news.canadamotorjobs.com\/#website"},"primaryImageOfPage":{"@id":"https:\/\/news.canadamotorjobs.com\/fr\/toyota-revient-a-la-charge-contre-les-autos-electriques\/#primaryimage"},"image":{"@id":"https:\/\/news.canadamotorjobs.com\/fr\/toyota-revient-a-la-charge-contre-les-autos-electriques\/#primaryimage"},"thumbnailUrl":"https:\/\/news.canadamotorjobs.com\/wp-content\/uploads\/2023\/02\/268337_RAV4_Electric_b7118c24-23e6-45c2-acc8-4a8c0c6c8356-prv.jpg","datePublished":"2023-02-01T20:19:01+00:00","dateModified":"2023-02-01T20:28:41+00:00","description":"Toyota revient \u00e0 la charge contre les autos \u00e9lectriques - Benoit Charette - Annuel automobile - CanadaMotorJobs.com.","breadcrumb":{"@id":"https:\/\/news.canadamotorjobs.com\/fr\/toyota-revient-a-la-charge-contre-les-autos-electriques\/#breadcrumb"},"inLanguage":"fr-CA","potentialAction":[{"@type":"ReadAction","target":["https:\/\/news.canadamotorjobs.com\/fr\/toyota-revient-a-la-charge-contre-les-autos-electriques\/"]}]},{"@type":"ImageObject","inLanguage":"fr-CA","@id":"https:\/\/news.canadamotorjobs.com\/fr\/toyota-revient-a-la-charge-contre-les-autos-electriques\/#primaryimage","url":"https:\/\/news.canadamotorjobs.com\/wp-content\/uploads\/2023\/02\/268337_RAV4_Electric_b7118c24-23e6-45c2-acc8-4a8c0c6c8356-prv.jpg","contentUrl":"https:\/\/news.canadamotorjobs.com\/wp-content\/uploads\/2023\/02\/268337_RAV4_Electric_b7118c24-23e6-45c2-acc8-4a8c0c6c8356-prv.jpg","width":640,"height":427},{"@type":"BreadcrumbList","@id":"https:\/\/news.canadamotorjobs.com\/fr\/toyota-revient-a-la-charge-contre-les-autos-electriques\/#breadcrumb","itemListElement":[{"@type":"ListItem","position":1,"name":"Home","item":"https:\/\/news.canadamotorjobs.com\/fr\/blog\/"},{"@type":"ListItem","position":2,"name":"Toyota revient \u00e0 la charge contre les autos \u00e9lectriques"}]},{"@type":"WebSite","@id":"https:\/\/news.canadamotorjobs.com\/#website","url":"https:\/\/news.canadamotorjobs.com\/","name":"CanadaMotorJobs.com","description":"Automotive Jobs","publisher":{"@id":"https:\/\/news.canadamotorjobs.com\/#organization"},"potentialAction":[{"@type":"SearchAction","target":{"@type":"EntryPoint","urlTemplate":"https:\/\/news.canadamotorjobs.com\/?s={search_term_string}"},"query-input":"required name=search_term_string"}],"inLanguage":"fr-CA"},{"@type":"Organization","@id":"https:\/\/news.canadamotorjobs.com\/#organization","name":"Canada Motor Jobs","url":"https:\/\/news.canadamotorjobs.com\/","logo":{"@type":"ImageObject","inLanguage":"fr-CA","@id":"https:\/\/news.canadamotorjobs.com\/#\/schema\/logo\/image\/","url":"https:\/\/news.canadamotorjobs.com\/wp-content\/uploads\/2022\/10\/logo-canada-motor-jobs-1.png","contentUrl":"https:\/\/news.canadamotorjobs.com\/wp-content\/uploads\/2022\/10\/logo-canada-motor-jobs-1.png","width":800,"height":400,"caption":"Canada Motor Jobs"},"image":{"@id":"https:\/\/news.canadamotorjobs.com\/#\/schema\/logo\/image\/"},"sameAs":["https:\/\/www.facebook.com\/canadamotorjobs\/","https:\/\/x.com\/canadamotorjobs","https:\/\/www.instagram.com\/canadamotorjobs\/","https:\/\/www.linkedin.com\/company\/canadamotorjobs"]},{"@type":"Person","@id":"https:\/\/news.canadamotorjobs.com\/#\/schema\/person\/51793d1f87d44011d7bcc2ed99269a90","name":"Benoit Charette","image":{"@type":"ImageObject","inLanguage":"fr-CA","@id":"https:\/\/news.canadamotorjobs.com\/#\/schema\/person\/image\/","url":"https:\/\/secure.gravatar.com\/avatar\/45f3d2eebcccd909668d7ce7ea7267b6?s=96&d=mm&r=g","contentUrl":"https:\/\/secure.gravatar.com\/avatar\/45f3d2eebcccd909668d7ce7ea7267b6?s=96&d=mm&r=g","caption":"Benoit Charette"},"description":"Benoit Charette \/ Propri\u00e9taire et r\u00e9dacteur en chef Benoit Charette pratique le journalisme automobile depuis bient\u00f4t 30 ans. Il a fait ses classes au c\u00f4t\u00e9 de Daniel H\u00e9raud et au Carnet de route de 1992 \u00e0 2001. Il est fondateur, copropri\u00e9taire et r\u00e9dacteur en chef de L\u2019Annuel de l\u2019automobile, qu\u2019il publie depuis 2001. Il a anim\u00e9 les \u00e9missions RPM et RPM+ sur V et les L\u00e9gendes de la route sur Historia. \u00c0 la radio depuis 1986, il reprend l\u2019antenne cette ann\u00e9e sur les ondes de Cogeco et participe pour la deuxi\u00e8me ann\u00e9e \u00e0 l\u2019\u00e9mission Passion Auto sur RDS en plus de mettre en ligne le site Web officiel de L\u2019Annuel de l\u2019automobile sur annuelauto.ca.","sameAs":["https:\/\/annuelauto.ca\/"],"url":"https:\/\/news.canadamotorjobs.com\/fr\/author\/benoit-charette\/"}]}},"_links":{"self":[{"href":"https:\/\/news.canadamotorjobs.com\/fr\/wp-json\/wp\/v2\/posts\/139274"}],"collection":[{"href":"https:\/\/news.canadamotorjobs.com\/fr\/wp-json\/wp\/v2\/posts"}],"about":[{"href":"https:\/\/news.canadamotorjobs.com\/fr\/wp-json\/wp\/v2\/types\/post"}],"author":[{"embeddable":true,"href":"https:\/\/news.canadamotorjobs.com\/fr\/wp-json\/wp\/v2\/users\/8"}],"replies":[{"embeddable":true,"href":"https:\/\/news.canadamotorjobs.com\/fr\/wp-json\/wp\/v2\/comments?post=139274"}],"version-history":[{"count":2,"href":"https:\/\/news.canadamotorjobs.com\/fr\/wp-json\/wp\/v2\/posts\/139274\/revisions"}],"predecessor-version":[{"id":139278,"href":"https:\/\/news.canadamotorjobs.com\/fr\/wp-json\/wp\/v2\/posts\/139274\/revisions\/139278"}],"wp:featuredmedia":[{"embeddable":true,"href":"https:\/\/news.canadamotorjobs.com\/fr\/wp-json\/wp\/v2\/media\/139276"}],"wp:attachment":[{"href":"https:\/\/news.canadamotorjobs.com\/fr\/wp-json\/wp\/v2\/media?parent=139274"}],"wp:term":[{"taxonomy":"category","embeddable":true,"href":"https:\/\/news.canadamotorjobs.com\/fr\/wp-json\/wp\/v2\/categories?post=139274"},{"taxonomy":"post_tag","embeddable":true,"href":"https:\/\/news.canadamotorjobs.com\/fr\/wp-json\/wp\/v2\/tags?post=139274"}],"curies":[{"name":"wp","href":"https:\/\/api.w.org\/{rel}","templated":true}]}}