{"id":139236,"date":"2023-02-01T08:28:13","date_gmt":"2023-02-01T13:28:13","guid":{"rendered":"https:\/\/news.canadamotorjobs.com\/?p=139236"},"modified":"2023-02-01T08:30:18","modified_gmt":"2023-02-01T13:30:18","slug":"lepa-annonce-581-km-dautonomie-pour-le-hyundai-ioniq-6","status":"publish","type":"post","link":"https:\/\/news.canadamotorjobs.com\/fr\/lepa-annonce-581-km-dautonomie-pour-le-hyundai-ioniq-6\/","title":{"rendered":"L\u2019EPA annonce 581\u00a0km d\u2019autonomie pour le Hyundai Ioniq 6"},"content":{"rendered":"<\/p>\n<p>Voil\u00e0 une bonne nouvelle pour ceux qui cherchent une plus grande autonomie dans un V\u00c9. L\u2019EPA am\u00e9ricaine annonce que la version la plus performante de la nouvelle Ioniq 6 fera 581m km. Les versions \u00e0 l&#8217;autonomie la plus courte sont les SEL et Limited AWD, qui peuvent parcourir 435\u00a0km sur une charge.<\/p>\n<h3>Fendre l\u2019air<\/h3>\n<p>\nLa IONIQ 6 a un coefficient de tra\u00een\u00e9e de seulement 0,22, ce qui en fait l&#8217;une des voitures les plus a\u00e9rodynamiques du march\u00e9. Les premiers mod\u00e8les sont attendus au printemps. La version Long-Range SE \u00e0 propulsion est, sans surprise, celle qui offre la plus grande autonomie \u00e0 chaque charge, gr\u00e2ce \u00e0 son groupe motopropulseur \u00e0 moteur unique et \u00e0 sa batterie de 77,4\u00a0kWh. Combin\u00e9 \u00e0 un tr\u00e8s faible coefficient de tra\u00een\u00e9e de 0,22, cela donne \u00e0 la Hyundai IONIQ 6 une autonomie maximale EPA de 581 kilom\u00e8tres, soit presque 100 kilom\u00e8tres de plus que la IONIQ 5.<\/p>\n<h3>Au livrable en version 4RM<\/h3>\n<p>\nEn raison de son moteur \u00e9lectrique suppl\u00e9mentaire qui assure la transmission int\u00e9grale et d&#8217;une augmentation de la puissance de 95 chevaux et du couple de 188\u00a0lb-pi, la SE Long Range 4RM aura une autonomie l\u00e9g\u00e8rement inf\u00e9rieure de 509 kilom\u00e8tres. Bien qu&#8217;ils partagent le m\u00eame groupe motopropulseur que la version Long Range \u00e0 propulsion, le SEL RWD et le Limited RWD doivent se contenter de 491 kilom\u00e8tres en raison de leurs roues plus grandes de 20 pouces (par rapport aux versions standard de 18 pouces). En combinant les roues de 20 pouces avec le groupe motopropulseur \u00e0 deux moteurs dans les versions SEL AWD et Limited AWD, on obtient l&#8217;autonomie officielle la plus faible pour la IONIQ 6 : 435 kilom\u00e8tres.<\/p>\n<h3>Un style qui pla\u00eet<\/h3>\n<p>\nSelon les ing\u00e9nieurs de Hyundai, l&#8217;aileron arri\u00e8re distinctif qui \u00e9quipe chaque IONIQ 6 contribue \u00e0 r\u00e9duire le coefficient de tra\u00een\u00e9e, tout comme les volets de refroidissement actifs et le recouvrement int\u00e9gral du dessous de caisse. Comme la IONIQ 5 et la Kia EV6, la IONIQ 6 b\u00e9n\u00e9ficie de l&#8217;une des rares architectures de batterie de 800 volts actuellement sur le march\u00e9, ce qui signifie qu&#8217;elle peut se charger plus rapidement que la plupart de ses rivales, puisqu&#8217;il ne lui faut que 18 minutes pour passer de 10 \u00e0 80\u00a0% avec un chargeur de niveau 3. Hyundai indique que la IONIQ 6 commencera \u00e0 arriver chez les concessionnaires et les acheteurs en Am\u00e9rique du Nord plus tard ce printemps.<\/p>\n<p>Avec des renseignements de Motor Illustrated<\/p>\n<p>Le texte <a rel=\"nofollow\" href=\"https:\/\/annuelauto.ca\/lepa-annonce-581-km-dautonomie-pour-le-hyundai-ioniq-6\/\">L\u2019EPA annonce 581\u00a0km d\u2019autonomie pour le Hyundai Ioniq 6<\/a> provient de <a rel=\"nofollow\" href=\"https:\/\/annuelauto.ca\">L&#8217;annuel de l&#8217;automobile &#8211; Actualit\u00e9 automobile<\/a><\/p>\n<p><\/p>\n","protected":false},"excerpt":{"rendered":"<p>Voil\u00e0 une bonne nouvelle pour ceux qui cherchent une plus grande autonomie dans un V\u00c9. L\u2019EPA am\u00e9ricaine annonce que la version la plus performante de la nouvelle Ioniq 6 fera 581m km. Les versions \u00e0 l&#8217;autonomie la plus courte sont les SEL et Limited AWD, qui peuvent parcourir 435\u00a0km sur une charge. Fendre l\u2019air La [&hellip;]<\/p>\n","protected":false},"author":8,"featured_media":139238,"comment_status":"close","ping_status":"closed","sticky":false,"template":"","format":"standard","meta":{"_monsterinsights_skip_tracking":false,"_monsterinsights_sitenote_active":false,"_monsterinsights_sitenote_note":"","_monsterinsights_sitenote_category":0,"footnotes":""},"categories":[101],"tags":[],"yoast_head":"<!-- This site is optimized with the Yoast SEO plugin v23.2 - https:\/\/yoast.com\/wordpress\/plugins\/seo\/ -->\n<title>L\u2019EPA annonce 581\u00a0km d\u2019autonomie pour le Hyundai Ioniq 6 - CanadaMotorJobs.com<\/title>\n<meta name=\"description\" content=\"L\u2019EPA annonce 581\u00a0km d\u2019autonomie pour le Hyundai Ioniq 6 - Benoit Charette - Annuel automobile - CanadaMotorJobs.com.\" \/>\n<meta name=\"robots\" content=\"index, follow, max-snippet:-1, max-image-preview:large, max-video-preview:-1\" \/>\n<meta property=\"og:locale\" content=\"fr_CA\" \/>\n<meta property=\"og:type\" content=\"article\" \/>\n<meta property=\"og:title\" content=\"L\u2019EPA annonce 581\u00a0km d\u2019autonomie pour le Hyundai Ioniq 6 - CanadaMotorJobs.com\" \/>\n<meta property=\"og:description\" content=\"L\u2019EPA annonce 581\u00a0km d\u2019autonomie pour le Hyundai Ioniq 6 - Benoit Charette - Annuel automobile - CanadaMotorJobs.com.\" \/>\n<meta property=\"og:url\" content=\"https:\/\/news.canadamotorjobs.com\/fr\/lepa-annonce-581-km-dautonomie-pour-le-hyundai-ioniq-6\/\" \/>\n<meta property=\"og:site_name\" content=\"CanadaMotorJobs.com\" \/>\n<meta property=\"article:publisher\" content=\"https:\/\/www.facebook.com\/canadamotorjobs\/\" \/>\n<meta property=\"article:published_time\" content=\"2023-02-01T13:28:13+00:00\" \/>\n<meta property=\"article:modified_time\" content=\"2023-02-01T13:30:18+00:00\" \/>\n<meta property=\"og:image\" content=\"https:\/\/news.canadamotorjobs.com\/wp-content\/uploads\/2023\/02\/2023-Hyundai-IONIQ-6-02-1-1024x683-1.jpg\" \/>\n\t<meta property=\"og:image:width\" content=\"1024\" \/>\n\t<meta property=\"og:image:height\" content=\"683\" \/>\n\t<meta property=\"og:image:type\" content=\"image\/jpeg\" \/>\n<meta name=\"author\" content=\"Benoit Charette\" \/>\n<meta name=\"twitter:card\" content=\"summary_large_image\" \/>\n<meta name=\"twitter:creator\" content=\"@canadamotorjobs\" \/>\n<meta name=\"twitter:site\" content=\"@canadamotorjobs\" \/>\n<meta name=\"twitter:label1\" content=\"\u00c9crit par\" \/>\n\t<meta name=\"twitter:data1\" content=\"Benoit Charette\" \/>\n\t<meta name=\"twitter:label2\" content=\"Estimation du temps de lecture\" \/>\n\t<meta name=\"twitter:data2\" content=\"2 minutes\" \/>\n<!-- \/ Yoast SEO plugin. -->","yoast_head_json":{"title":"L\u2019EPA annonce 581\u00a0km d\u2019autonomie pour le Hyundai Ioniq 6 - CanadaMotorJobs.com","description":"L\u2019EPA annonce 581\u00a0km d\u2019autonomie pour le Hyundai Ioniq 6 - Benoit Charette - Annuel automobile - CanadaMotorJobs.com.","robots":{"index":"index","follow":"follow","max-snippet":"max-snippet:-1","max-image-preview":"max-image-preview:large","max-video-preview":"max-video-preview:-1"},"og_locale":"fr_CA","og_type":"article","og_title":"L\u2019EPA annonce 581\u00a0km d\u2019autonomie pour le Hyundai Ioniq 6 - CanadaMotorJobs.com","og_description":"L\u2019EPA annonce 581\u00a0km d\u2019autonomie pour le Hyundai Ioniq 6 - Benoit Charette - Annuel automobile - CanadaMotorJobs.com.","og_url":"https:\/\/news.canadamotorjobs.com\/fr\/lepa-annonce-581-km-dautonomie-pour-le-hyundai-ioniq-6\/","og_site_name":"CanadaMotorJobs.com","article_publisher":"https:\/\/www.facebook.com\/canadamotorjobs\/","article_published_time":"2023-02-01T13:28:13+00:00","article_modified_time":"2023-02-01T13:30:18+00:00","og_image":[{"width":1024,"height":683,"url":"https:\/\/news.canadamotorjobs.com\/wp-content\/uploads\/2023\/02\/2023-Hyundai-IONIQ-6-02-1-1024x683-1.jpg","type":"image\/jpeg"}],"author":"Benoit Charette","twitter_card":"summary_large_image","twitter_creator":"@canadamotorjobs","twitter_site":"@canadamotorjobs","twitter_misc":{"\u00c9crit par":"Benoit Charette","Estimation du temps de lecture":"2 minutes"},"schema":{"@context":"https:\/\/schema.org","@graph":[{"@type":"Article","@id":"https:\/\/news.canadamotorjobs.com\/fr\/lepa-annonce-581-km-dautonomie-pour-le-hyundai-ioniq-6\/#article","isPartOf":{"@id":"https:\/\/news.canadamotorjobs.com\/fr\/lepa-annonce-581-km-dautonomie-pour-le-hyundai-ioniq-6\/"},"author":{"name":"Benoit Charette","@id":"https:\/\/news.canadamotorjobs.com\/#\/schema\/person\/51793d1f87d44011d7bcc2ed99269a90"},"headline":"L\u2019EPA annonce 581\u00a0km d\u2019autonomie pour le Hyundai Ioniq 6","datePublished":"2023-02-01T13:28:13+00:00","dateModified":"2023-02-01T13:30:18+00:00","mainEntityOfPage":{"@id":"https:\/\/news.canadamotorjobs.com\/fr\/lepa-annonce-581-km-dautonomie-pour-le-hyundai-ioniq-6\/"},"wordCount":437,"publisher":{"@id":"https:\/\/news.canadamotorjobs.com\/#organization"},"image":{"@id":"https:\/\/news.canadamotorjobs.com\/fr\/lepa-annonce-581-km-dautonomie-pour-le-hyundai-ioniq-6\/#primaryimage"},"thumbnailUrl":"https:\/\/news.canadamotorjobs.com\/wp-content\/uploads\/2023\/02\/2023-Hyundai-IONIQ-6-02-1-1024x683-1.jpg","articleSection":["Annuel automobile"],"inLanguage":"fr-CA"},{"@type":"WebPage","@id":"https:\/\/news.canadamotorjobs.com\/fr\/lepa-annonce-581-km-dautonomie-pour-le-hyundai-ioniq-6\/","url":"https:\/\/news.canadamotorjobs.com\/fr\/lepa-annonce-581-km-dautonomie-pour-le-hyundai-ioniq-6\/","name":"L\u2019EPA annonce 581\u00a0km d\u2019autonomie pour le Hyundai Ioniq 6 - CanadaMotorJobs.com","isPartOf":{"@id":"https:\/\/news.canadamotorjobs.com\/#website"},"primaryImageOfPage":{"@id":"https:\/\/news.canadamotorjobs.com\/fr\/lepa-annonce-581-km-dautonomie-pour-le-hyundai-ioniq-6\/#primaryimage"},"image":{"@id":"https:\/\/news.canadamotorjobs.com\/fr\/lepa-annonce-581-km-dautonomie-pour-le-hyundai-ioniq-6\/#primaryimage"},"thumbnailUrl":"https:\/\/news.canadamotorjobs.com\/wp-content\/uploads\/2023\/02\/2023-Hyundai-IONIQ-6-02-1-1024x683-1.jpg","datePublished":"2023-02-01T13:28:13+00:00","dateModified":"2023-02-01T13:30:18+00:00","description":"L\u2019EPA annonce 581\u00a0km d\u2019autonomie pour le Hyundai Ioniq 6 - Benoit Charette - Annuel automobile - CanadaMotorJobs.com.","breadcrumb":{"@id":"https:\/\/news.canadamotorjobs.com\/fr\/lepa-annonce-581-km-dautonomie-pour-le-hyundai-ioniq-6\/#breadcrumb"},"inLanguage":"fr-CA","potentialAction":[{"@type":"ReadAction","target":["https:\/\/news.canadamotorjobs.com\/fr\/lepa-annonce-581-km-dautonomie-pour-le-hyundai-ioniq-6\/"]}]},{"@type":"ImageObject","inLanguage":"fr-CA","@id":"https:\/\/news.canadamotorjobs.com\/fr\/lepa-annonce-581-km-dautonomie-pour-le-hyundai-ioniq-6\/#primaryimage","url":"https:\/\/news.canadamotorjobs.com\/wp-content\/uploads\/2023\/02\/2023-Hyundai-IONIQ-6-02-1-1024x683-1.jpg","contentUrl":"https:\/\/news.canadamotorjobs.com\/wp-content\/uploads\/2023\/02\/2023-Hyundai-IONIQ-6-02-1-1024x683-1.jpg","width":1024,"height":683},{"@type":"BreadcrumbList","@id":"https:\/\/news.canadamotorjobs.com\/fr\/lepa-annonce-581-km-dautonomie-pour-le-hyundai-ioniq-6\/#breadcrumb","itemListElement":[{"@type":"ListItem","position":1,"name":"Home","item":"https:\/\/news.canadamotorjobs.com\/fr\/blog\/"},{"@type":"ListItem","position":2,"name":"L\u2019EPA annonce 581\u00a0km d\u2019autonomie pour le Hyundai Ioniq 6"}]},{"@type":"WebSite","@id":"https:\/\/news.canadamotorjobs.com\/#website","url":"https:\/\/news.canadamotorjobs.com\/","name":"CanadaMotorJobs.com","description":"Automotive Jobs","publisher":{"@id":"https:\/\/news.canadamotorjobs.com\/#organization"},"potentialAction":[{"@type":"SearchAction","target":{"@type":"EntryPoint","urlTemplate":"https:\/\/news.canadamotorjobs.com\/?s={search_term_string}"},"query-input":"required name=search_term_string"}],"inLanguage":"fr-CA"},{"@type":"Organization","@id":"https:\/\/news.canadamotorjobs.com\/#organization","name":"Canada Motor Jobs","url":"https:\/\/news.canadamotorjobs.com\/","logo":{"@type":"ImageObject","inLanguage":"fr-CA","@id":"https:\/\/news.canadamotorjobs.com\/#\/schema\/logo\/image\/","url":"https:\/\/news.canadamotorjobs.com\/wp-content\/uploads\/2022\/10\/logo-canada-motor-jobs-1.png","contentUrl":"https:\/\/news.canadamotorjobs.com\/wp-content\/uploads\/2022\/10\/logo-canada-motor-jobs-1.png","width":800,"height":400,"caption":"Canada Motor Jobs"},"image":{"@id":"https:\/\/news.canadamotorjobs.com\/#\/schema\/logo\/image\/"},"sameAs":["https:\/\/www.facebook.com\/canadamotorjobs\/","https:\/\/x.com\/canadamotorjobs","https:\/\/www.instagram.com\/canadamotorjobs\/","https:\/\/www.linkedin.com\/company\/canadamotorjobs"]},{"@type":"Person","@id":"https:\/\/news.canadamotorjobs.com\/#\/schema\/person\/51793d1f87d44011d7bcc2ed99269a90","name":"Benoit Charette","image":{"@type":"ImageObject","inLanguage":"fr-CA","@id":"https:\/\/news.canadamotorjobs.com\/#\/schema\/person\/image\/","url":"https:\/\/secure.gravatar.com\/avatar\/45f3d2eebcccd909668d7ce7ea7267b6?s=96&d=mm&r=g","contentUrl":"https:\/\/secure.gravatar.com\/avatar\/45f3d2eebcccd909668d7ce7ea7267b6?s=96&d=mm&r=g","caption":"Benoit Charette"},"description":"Benoit Charette \/ Propri\u00e9taire et r\u00e9dacteur en chef Benoit Charette pratique le journalisme automobile depuis bient\u00f4t 30 ans. Il a fait ses classes au c\u00f4t\u00e9 de Daniel H\u00e9raud et au Carnet de route de 1992 \u00e0 2001. Il est fondateur, copropri\u00e9taire et r\u00e9dacteur en chef de L\u2019Annuel de l\u2019automobile, qu\u2019il publie depuis 2001. Il a anim\u00e9 les \u00e9missions RPM et RPM+ sur V et les L\u00e9gendes de la route sur Historia. \u00c0 la radio depuis 1986, il reprend l\u2019antenne cette ann\u00e9e sur les ondes de Cogeco et participe pour la deuxi\u00e8me ann\u00e9e \u00e0 l\u2019\u00e9mission Passion Auto sur RDS en plus de mettre en ligne le site Web officiel de L\u2019Annuel de l\u2019automobile sur annuelauto.ca.","sameAs":["https:\/\/annuelauto.ca\/"],"url":"https:\/\/news.canadamotorjobs.com\/fr\/author\/benoit-charette\/"}]}},"_links":{"self":[{"href":"https:\/\/news.canadamotorjobs.com\/fr\/wp-json\/wp\/v2\/posts\/139236"}],"collection":[{"href":"https:\/\/news.canadamotorjobs.com\/fr\/wp-json\/wp\/v2\/posts"}],"about":[{"href":"https:\/\/news.canadamotorjobs.com\/fr\/wp-json\/wp\/v2\/types\/post"}],"author":[{"embeddable":true,"href":"https:\/\/news.canadamotorjobs.com\/fr\/wp-json\/wp\/v2\/users\/8"}],"replies":[{"embeddable":true,"href":"https:\/\/news.canadamotorjobs.com\/fr\/wp-json\/wp\/v2\/comments?post=139236"}],"version-history":[{"count":2,"href":"https:\/\/news.canadamotorjobs.com\/fr\/wp-json\/wp\/v2\/posts\/139236\/revisions"}],"predecessor-version":[{"id":139240,"href":"https:\/\/news.canadamotorjobs.com\/fr\/wp-json\/wp\/v2\/posts\/139236\/revisions\/139240"}],"wp:featuredmedia":[{"embeddable":true,"href":"https:\/\/news.canadamotorjobs.com\/fr\/wp-json\/wp\/v2\/media\/139238"}],"wp:attachment":[{"href":"https:\/\/news.canadamotorjobs.com\/fr\/wp-json\/wp\/v2\/media?parent=139236"}],"wp:term":[{"taxonomy":"category","embeddable":true,"href":"https:\/\/news.canadamotorjobs.com\/fr\/wp-json\/wp\/v2\/categories?post=139236"},{"taxonomy":"post_tag","embeddable":true,"href":"https:\/\/news.canadamotorjobs.com\/fr\/wp-json\/wp\/v2\/tags?post=139236"}],"curies":[{"name":"wp","href":"https:\/\/api.w.org\/{rel}","templated":true}]}}