{"id":139189,"date":"2023-01-31T08:15:40","date_gmt":"2023-01-31T13:15:40","guid":{"rendered":"https:\/\/news.canadamotorjobs.com\/?p=139189"},"modified":"2023-01-31T08:17:47","modified_gmt":"2023-01-31T13:17:47","slug":"mazda-rate-une-opportunite-en-or-avec-le-mx-30-phev","status":"publish","type":"post","link":"https:\/\/news.canadamotorjobs.com\/fr\/mazda-rate-une-opportunite-en-or-avec-le-mx-30-phev\/","title":{"rendered":"Mazda rate une opportunit\u00e9 en or avec le MX-30 PHEV"},"content":{"rendered":"<\/p>\n<p>Mazda a transform\u00e9 une extraordinaire opportunit\u00e9 en p\u00e9tard mouill\u00e9 avec le nouveau MX-30 hybride branchable. On reproche \u00e0 la petite compagnie japonaise d\u2019avoir accouch\u00e9 d\u2019une sourie avec sa petite batterie de 35,5 kWh qui donne un maigre 160 km d\u2019autonomie l\u2019\u00e9t\u00e9 lorsqu\u2019il fait beau et \u00e0 peine 100 km l\u2019hiver. Au moment d\u2019annoncer un mod\u00e8le hybride branchable, tout le monde souhaitait tr\u00e8s fort que Mazda conserve la m\u00eame batterie. Nous aurions enfin eu sur le march\u00e9 un hybride branchable avec une autonomie digne de mention. Au lieu de cela, le MX-30 e-Skyactiv R-EV est \u00e9quip\u00e9e d&#8217;une batterie de 17,8 kWh qui va r\u00e9duire l\u2019autonomie de moiti\u00e9. Ce n\u2019est pas mauvais, mais pourquoi les constructeurs automobiles s\u2019obstinent \u00e0 pr\u00e9senter des hybrides rechargeables avec si peu d\u2019autonomie.<\/p>\n<h3>\u00c0 quand les 100\u00a0km et plus d\u2019autonomie<\/h3>\n<p>\nMazda est parti avec une bonne base, un moteur rotatif en g\u00e9n\u00e9rateur beaucoup plus petit et plus l\u00e9ger que les moteurs alternatifs. Mazda a ensuite choisi de faire comme la concurrence en pla\u00e7ant le r\u00e9servoir \u00e0 essence pour le moteur rotatif sous les si\u00e8ges arri\u00e8re. Une bonne partie de la batterie de 35,5\u00a0kWh de la MX-30 est \u00e9galement plac\u00e9e l\u00e0, le composant \u00e9tant plus haut dans cette zone. La question est de savoir pourquoi Mazda a tout utilis\u00e9 pour avoir un r\u00e9servoir de carburant de 50 litres dans une voiture \u00e9lectrique. Un r\u00e9servoir de 20 litres pour du d\u00e9pannage en cas de panne s\u00e8che de la batterie aurait laiss\u00e9 assez d\u2019espace pour garder la batterie de 35,5\u00a0kWh. Consid\u00e9rant<br \/>\nl&#8217;efficacit\u00e9 du moteur rotatif, un petit r\u00e9servoir aurait fait l\u2019affaire. Au final, le moteur rotatif ne fera qu&#8217;offrir un hybride branchable raisonnable alors qu&#8217;il aurait pu offrir l&#8217;un des meilleurs v\u00e9hicules de ce type. J&#8217;essaie toujours de comprendre ce que Mazda a essay\u00e9 d&#8217;accomplir avec cette voiture sur la route. Un autre rendez-vous manqu\u00e9 de Mazda.<\/p>\n<p>Le texte <a rel=\"nofollow\" href=\"https:\/\/annuelauto.ca\/mazda-rate-une-opportunite-en-or-avec-le-mx-30-phev\/\">Mazda rate une opportunit\u00e9 en or avec le MX-30 PHEV<\/a> provient de <a rel=\"nofollow\" href=\"https:\/\/annuelauto.ca\">L&#8217;annuel de l&#8217;automobile &#8211; Actualit\u00e9 automobile<\/a><\/p>\n<p><\/p>\n","protected":false},"excerpt":{"rendered":"<p>Mazda a transform\u00e9 une extraordinaire opportunit\u00e9 en p\u00e9tard mouill\u00e9 avec le nouveau MX-30 hybride branchable. On reproche \u00e0 la petite compagnie japonaise d\u2019avoir accouch\u00e9 d\u2019une sourie avec sa petite batterie de 35,5 kWh qui donne un maigre 160 km d\u2019autonomie l\u2019\u00e9t\u00e9 lorsqu\u2019il fait beau et \u00e0 peine 100 km l\u2019hiver. Au moment d\u2019annoncer un mod\u00e8le [&hellip;]<\/p>\n","protected":false},"author":8,"featured_media":139191,"comment_status":"close","ping_status":"closed","sticky":false,"template":"","format":"standard","meta":{"_monsterinsights_skip_tracking":false,"_monsterinsights_sitenote_active":false,"_monsterinsights_sitenote_note":"","_monsterinsights_sitenote_category":0,"footnotes":""},"categories":[101],"tags":[],"yoast_head":"<!-- This site is optimized with the Yoast SEO plugin v23.2 - https:\/\/yoast.com\/wordpress\/plugins\/seo\/ -->\n<title>Mazda rate une opportunit\u00e9 en or avec le MX-30 PHEV - CanadaMotorJobs.com<\/title>\n<meta name=\"description\" content=\"Mazda rate une opportunit\u00e9 en or avec le MX-30 PHEV - Benoit Charette - Annuel automobile - CanadaMotorJobs.com.\" \/>\n<meta name=\"robots\" content=\"index, follow, max-snippet:-1, max-image-preview:large, max-video-preview:-1\" \/>\n<meta property=\"og:locale\" content=\"fr_CA\" \/>\n<meta property=\"og:type\" content=\"article\" \/>\n<meta property=\"og:title\" content=\"Mazda rate une opportunit\u00e9 en or avec le MX-30 PHEV - CanadaMotorJobs.com\" \/>\n<meta property=\"og:description\" content=\"Mazda rate une opportunit\u00e9 en or avec le MX-30 PHEV - Benoit Charette - Annuel automobile - CanadaMotorJobs.com.\" \/>\n<meta property=\"og:url\" content=\"https:\/\/news.canadamotorjobs.com\/fr\/mazda-rate-une-opportunite-en-or-avec-le-mx-30-phev\/\" \/>\n<meta property=\"og:site_name\" content=\"CanadaMotorJobs.com\" \/>\n<meta property=\"article:publisher\" content=\"https:\/\/www.facebook.com\/canadamotorjobs\/\" \/>\n<meta property=\"article:published_time\" content=\"2023-01-31T13:15:40+00:00\" \/>\n<meta property=\"article:modified_time\" content=\"2023-01-31T13:17:47+00:00\" \/>\n<meta property=\"og:image\" content=\"https:\/\/news.canadamotorjobs.com\/wp-content\/uploads\/2023\/01\/2020-mazda-mx-30.jpg\" \/>\n\t<meta property=\"og:image:width\" content=\"1920\" \/>\n\t<meta property=\"og:image:height\" content=\"1080\" \/>\n\t<meta property=\"og:image:type\" content=\"image\/jpeg\" \/>\n<meta name=\"author\" content=\"Benoit Charette\" \/>\n<meta name=\"twitter:card\" content=\"summary_large_image\" \/>\n<meta name=\"twitter:creator\" content=\"@canadamotorjobs\" \/>\n<meta name=\"twitter:site\" content=\"@canadamotorjobs\" \/>\n<meta name=\"twitter:label1\" content=\"\u00c9crit par\" \/>\n\t<meta name=\"twitter:data1\" content=\"Benoit Charette\" \/>\n\t<meta name=\"twitter:label2\" content=\"Estimation du temps de lecture\" \/>\n\t<meta name=\"twitter:data2\" content=\"2 minutes\" \/>\n<!-- \/ Yoast SEO plugin. -->","yoast_head_json":{"title":"Mazda rate une opportunit\u00e9 en or avec le MX-30 PHEV - CanadaMotorJobs.com","description":"Mazda rate une opportunit\u00e9 en or avec le MX-30 PHEV - Benoit Charette - Annuel automobile - CanadaMotorJobs.com.","robots":{"index":"index","follow":"follow","max-snippet":"max-snippet:-1","max-image-preview":"max-image-preview:large","max-video-preview":"max-video-preview:-1"},"og_locale":"fr_CA","og_type":"article","og_title":"Mazda rate une opportunit\u00e9 en or avec le MX-30 PHEV - CanadaMotorJobs.com","og_description":"Mazda rate une opportunit\u00e9 en or avec le MX-30 PHEV - Benoit Charette - Annuel automobile - CanadaMotorJobs.com.","og_url":"https:\/\/news.canadamotorjobs.com\/fr\/mazda-rate-une-opportunite-en-or-avec-le-mx-30-phev\/","og_site_name":"CanadaMotorJobs.com","article_publisher":"https:\/\/www.facebook.com\/canadamotorjobs\/","article_published_time":"2023-01-31T13:15:40+00:00","article_modified_time":"2023-01-31T13:17:47+00:00","og_image":[{"width":1920,"height":1080,"url":"https:\/\/news.canadamotorjobs.com\/wp-content\/uploads\/2023\/01\/2020-mazda-mx-30.jpg","type":"image\/jpeg"}],"author":"Benoit Charette","twitter_card":"summary_large_image","twitter_creator":"@canadamotorjobs","twitter_site":"@canadamotorjobs","twitter_misc":{"\u00c9crit par":"Benoit Charette","Estimation du temps de lecture":"2 minutes"},"schema":{"@context":"https:\/\/schema.org","@graph":[{"@type":"Article","@id":"https:\/\/news.canadamotorjobs.com\/fr\/mazda-rate-une-opportunite-en-or-avec-le-mx-30-phev\/#article","isPartOf":{"@id":"https:\/\/news.canadamotorjobs.com\/fr\/mazda-rate-une-opportunite-en-or-avec-le-mx-30-phev\/"},"author":{"name":"Benoit Charette","@id":"https:\/\/news.canadamotorjobs.com\/#\/schema\/person\/51793d1f87d44011d7bcc2ed99269a90"},"headline":"Mazda rate une opportunit\u00e9 en or avec le MX-30 PHEV","datePublished":"2023-01-31T13:15:40+00:00","dateModified":"2023-01-31T13:17:47+00:00","mainEntityOfPage":{"@id":"https:\/\/news.canadamotorjobs.com\/fr\/mazda-rate-une-opportunite-en-or-avec-le-mx-30-phev\/"},"wordCount":370,"publisher":{"@id":"https:\/\/news.canadamotorjobs.com\/#organization"},"image":{"@id":"https:\/\/news.canadamotorjobs.com\/fr\/mazda-rate-une-opportunite-en-or-avec-le-mx-30-phev\/#primaryimage"},"thumbnailUrl":"https:\/\/news.canadamotorjobs.com\/wp-content\/uploads\/2023\/01\/2020-mazda-mx-30.jpg","articleSection":["Annuel automobile"],"inLanguage":"fr-CA"},{"@type":"WebPage","@id":"https:\/\/news.canadamotorjobs.com\/fr\/mazda-rate-une-opportunite-en-or-avec-le-mx-30-phev\/","url":"https:\/\/news.canadamotorjobs.com\/fr\/mazda-rate-une-opportunite-en-or-avec-le-mx-30-phev\/","name":"Mazda rate une opportunit\u00e9 en or avec le MX-30 PHEV - CanadaMotorJobs.com","isPartOf":{"@id":"https:\/\/news.canadamotorjobs.com\/#website"},"primaryImageOfPage":{"@id":"https:\/\/news.canadamotorjobs.com\/fr\/mazda-rate-une-opportunite-en-or-avec-le-mx-30-phev\/#primaryimage"},"image":{"@id":"https:\/\/news.canadamotorjobs.com\/fr\/mazda-rate-une-opportunite-en-or-avec-le-mx-30-phev\/#primaryimage"},"thumbnailUrl":"https:\/\/news.canadamotorjobs.com\/wp-content\/uploads\/2023\/01\/2020-mazda-mx-30.jpg","datePublished":"2023-01-31T13:15:40+00:00","dateModified":"2023-01-31T13:17:47+00:00","description":"Mazda rate une opportunit\u00e9 en or avec le MX-30 PHEV - Benoit Charette - Annuel automobile - CanadaMotorJobs.com.","breadcrumb":{"@id":"https:\/\/news.canadamotorjobs.com\/fr\/mazda-rate-une-opportunite-en-or-avec-le-mx-30-phev\/#breadcrumb"},"inLanguage":"fr-CA","potentialAction":[{"@type":"ReadAction","target":["https:\/\/news.canadamotorjobs.com\/fr\/mazda-rate-une-opportunite-en-or-avec-le-mx-30-phev\/"]}]},{"@type":"ImageObject","inLanguage":"fr-CA","@id":"https:\/\/news.canadamotorjobs.com\/fr\/mazda-rate-une-opportunite-en-or-avec-le-mx-30-phev\/#primaryimage","url":"https:\/\/news.canadamotorjobs.com\/wp-content\/uploads\/2023\/01\/2020-mazda-mx-30.jpg","contentUrl":"https:\/\/news.canadamotorjobs.com\/wp-content\/uploads\/2023\/01\/2020-mazda-mx-30.jpg","width":1920,"height":1080},{"@type":"BreadcrumbList","@id":"https:\/\/news.canadamotorjobs.com\/fr\/mazda-rate-une-opportunite-en-or-avec-le-mx-30-phev\/#breadcrumb","itemListElement":[{"@type":"ListItem","position":1,"name":"Home","item":"https:\/\/news.canadamotorjobs.com\/fr\/blog\/"},{"@type":"ListItem","position":2,"name":"Mazda rate une opportunit\u00e9 en or avec le MX-30 PHEV"}]},{"@type":"WebSite","@id":"https:\/\/news.canadamotorjobs.com\/#website","url":"https:\/\/news.canadamotorjobs.com\/","name":"CanadaMotorJobs.com","description":"Automotive Jobs","publisher":{"@id":"https:\/\/news.canadamotorjobs.com\/#organization"},"potentialAction":[{"@type":"SearchAction","target":{"@type":"EntryPoint","urlTemplate":"https:\/\/news.canadamotorjobs.com\/?s={search_term_string}"},"query-input":"required name=search_term_string"}],"inLanguage":"fr-CA"},{"@type":"Organization","@id":"https:\/\/news.canadamotorjobs.com\/#organization","name":"Canada Motor Jobs","url":"https:\/\/news.canadamotorjobs.com\/","logo":{"@type":"ImageObject","inLanguage":"fr-CA","@id":"https:\/\/news.canadamotorjobs.com\/#\/schema\/logo\/image\/","url":"https:\/\/news.canadamotorjobs.com\/wp-content\/uploads\/2022\/10\/logo-canada-motor-jobs-1.png","contentUrl":"https:\/\/news.canadamotorjobs.com\/wp-content\/uploads\/2022\/10\/logo-canada-motor-jobs-1.png","width":800,"height":400,"caption":"Canada Motor Jobs"},"image":{"@id":"https:\/\/news.canadamotorjobs.com\/#\/schema\/logo\/image\/"},"sameAs":["https:\/\/www.facebook.com\/canadamotorjobs\/","https:\/\/x.com\/canadamotorjobs","https:\/\/www.instagram.com\/canadamotorjobs\/","https:\/\/www.linkedin.com\/company\/canadamotorjobs"]},{"@type":"Person","@id":"https:\/\/news.canadamotorjobs.com\/#\/schema\/person\/51793d1f87d44011d7bcc2ed99269a90","name":"Benoit Charette","image":{"@type":"ImageObject","inLanguage":"fr-CA","@id":"https:\/\/news.canadamotorjobs.com\/#\/schema\/person\/image\/","url":"https:\/\/secure.gravatar.com\/avatar\/45f3d2eebcccd909668d7ce7ea7267b6?s=96&d=mm&r=g","contentUrl":"https:\/\/secure.gravatar.com\/avatar\/45f3d2eebcccd909668d7ce7ea7267b6?s=96&d=mm&r=g","caption":"Benoit Charette"},"description":"Benoit Charette \/ Propri\u00e9taire et r\u00e9dacteur en chef Benoit Charette pratique le journalisme automobile depuis bient\u00f4t 30 ans. Il a fait ses classes au c\u00f4t\u00e9 de Daniel H\u00e9raud et au Carnet de route de 1992 \u00e0 2001. Il est fondateur, copropri\u00e9taire et r\u00e9dacteur en chef de L\u2019Annuel de l\u2019automobile, qu\u2019il publie depuis 2001. Il a anim\u00e9 les \u00e9missions RPM et RPM+ sur V et les L\u00e9gendes de la route sur Historia. \u00c0 la radio depuis 1986, il reprend l\u2019antenne cette ann\u00e9e sur les ondes de Cogeco et participe pour la deuxi\u00e8me ann\u00e9e \u00e0 l\u2019\u00e9mission Passion Auto sur RDS en plus de mettre en ligne le site Web officiel de L\u2019Annuel de l\u2019automobile sur annuelauto.ca.","sameAs":["https:\/\/annuelauto.ca\/"],"url":"https:\/\/news.canadamotorjobs.com\/fr\/author\/benoit-charette\/"}]}},"_links":{"self":[{"href":"https:\/\/news.canadamotorjobs.com\/fr\/wp-json\/wp\/v2\/posts\/139189"}],"collection":[{"href":"https:\/\/news.canadamotorjobs.com\/fr\/wp-json\/wp\/v2\/posts"}],"about":[{"href":"https:\/\/news.canadamotorjobs.com\/fr\/wp-json\/wp\/v2\/types\/post"}],"author":[{"embeddable":true,"href":"https:\/\/news.canadamotorjobs.com\/fr\/wp-json\/wp\/v2\/users\/8"}],"replies":[{"embeddable":true,"href":"https:\/\/news.canadamotorjobs.com\/fr\/wp-json\/wp\/v2\/comments?post=139189"}],"version-history":[{"count":2,"href":"https:\/\/news.canadamotorjobs.com\/fr\/wp-json\/wp\/v2\/posts\/139189\/revisions"}],"predecessor-version":[{"id":139193,"href":"https:\/\/news.canadamotorjobs.com\/fr\/wp-json\/wp\/v2\/posts\/139189\/revisions\/139193"}],"wp:featuredmedia":[{"embeddable":true,"href":"https:\/\/news.canadamotorjobs.com\/fr\/wp-json\/wp\/v2\/media\/139191"}],"wp:attachment":[{"href":"https:\/\/news.canadamotorjobs.com\/fr\/wp-json\/wp\/v2\/media?parent=139189"}],"wp:term":[{"taxonomy":"category","embeddable":true,"href":"https:\/\/news.canadamotorjobs.com\/fr\/wp-json\/wp\/v2\/categories?post=139189"},{"taxonomy":"post_tag","embeddable":true,"href":"https:\/\/news.canadamotorjobs.com\/fr\/wp-json\/wp\/v2\/tags?post=139189"}],"curies":[{"name":"wp","href":"https:\/\/api.w.org\/{rel}","templated":true}]}}